{"id":4867,"date":"2024-06-10T22:48:31","date_gmt":"2024-06-10T22:48:31","guid":{"rendered":"https:\/\/cacaunews.com\/?p=4867"},"modified":"2024-06-10T22:48:31","modified_gmt":"2024-06-10T22:48:31","slug":"acm-neto-se-reune-com-jabes-e-valderico-e-confirma-uniao-em-ilheus-vamos-buscar-a-definicao-do-mais-competitivo","status":"publish","type":"post","link":"https:\/\/cacaunews.com\/?p=4867","title":{"rendered":"ACM Neto se re\u00fane com Jabes e Valderico e confirma uni\u00e3o em Ilh\u00e9us: &#8216;Vamos buscar a defini\u00e7\u00e3o do mais competitivo"},"content":{"rendered":"\n<p>Em uma reuni\u00e3o realizada em Salvador nesta segunda-feira (10), o vice-presidente do Uni\u00e3o Brasil, ACM Neto, anunciou um acordo estrat\u00e9gico entre os partidos Uni\u00e3o Brasil e PP para as elei\u00e7\u00f5es municipais de Ilh\u00e9us deste ano. <br><br>O encontro contou com a presen\u00e7a de figuras pol\u00edticas do munic\u00edpio, como o ex-deputado federal e secret\u00e1rio de Governo de Salvador, Cac\u00e1 Le\u00e3o; o ex-prefeito Jabes Ribeiro (PP) e o presidente municipal do Uni\u00e3o Brasil, Valderico J\u00fanior. &#8220;Selamos aqui um pacto de que vamos marchar unidos nas elei\u00e7\u00f5es municipais desse ano,&#8221; declarou ACM Neto.<br><br>O objetivo do acordo \u00e9 unir for\u00e7as para determinar o candidato mais competitivo que possa representar o campo pol\u00edtico dos partidos de oposi\u00e7\u00e3o em Ilh\u00e9us. Neto destacou que a partir de agora ser\u00e1 buscada a defini\u00e7\u00e3o de crit\u00e9rios para a escolha do candidato mais forte. &#8220;Vamos buscar a defini\u00e7\u00e3o de crit\u00e9rios para que aquele que for o mais competitivo possa representar o conjunto do nosso campo pol\u00edtico na cidade de Ilh\u00e9us,&#8221; acrescentou.<br><br>Segundo Neto, al\u00e9m da uni\u00e3o entre os dois partidos, h\u00e1 um esfor\u00e7o para expandir o di\u00e1logo e incluir outras siglas da oposi\u00e7\u00e3o que compartilham a vis\u00e3o de um futuro diferente para Ilh\u00e9us. &#8220;Que sonham com a cidade que tenha um prefeito \u00e0 altura da sua for\u00e7a, da sua hist\u00f3ria,&#8221; concluiu Neto.<\/p>\n","protected":false},"excerpt":{"rendered":"<p>Em uma reuni\u00e3o realizada em Salvador nesta segunda-feira (10), o vice-presidente do Uni\u00e3o Brasil, ACM&#8230;<\/p>\n","protected":false},"author":1,"featured_media":4866,"comment_status":"open","ping_status":"open","sticky":false,"template":"","format":"standard","meta":{"footnotes":""},"categories":[18,11,5],"tags":[37,251,26,1773],"yoast_head":"<!-- This site is optimized with the Yoast SEO plugin v21.7 - https:\/\/yoast.com\/wordpress\/plugins\/seo\/ -->\n<title>ACM Neto se re\u00fane com Jabes e Valderico e confirma uni\u00e3o em Ilh\u00e9us: &#039;Vamos buscar a defini\u00e7\u00e3o do mais competitivo - Cacau News<\/title>\n<meta name=\"robots\" content=\"index, follow, max-snippet:-1, max-image-preview:large, max-video-preview:-1\" \/>\n<link rel=\"canonical\" href=\"https:\/\/cacaunews.com\/?p=4867\" \/>\n<meta property=\"og:locale\" content=\"pt_BR\" \/>\n<meta property=\"og:type\" content=\"article\" \/>\n<meta property=\"og:title\" content=\"ACM Neto se re\u00fane com Jabes e Valderico e confirma uni\u00e3o em Ilh\u00e9us: &#039;Vamos buscar a defini\u00e7\u00e3o do mais competitivo - Cacau News\" \/>\n<meta property=\"og:description\" content=\"Em uma reuni\u00e3o realizada em Salvador nesta segunda-feira (10), o vice-presidente do Uni\u00e3o Brasil, ACM...\" \/>\n<meta property=\"og:url\" content=\"https:\/\/cacaunews.com\/?p=4867\" \/>\n<meta property=\"og:site_name\" content=\"Cacau News\" \/>\n<meta property=\"article:published_time\" content=\"2024-06-10T22:48:31+00:00\" \/>\n<meta name=\"author\" content=\"Reda\u00e7\u00e3o Cacau News\" \/>\n<meta name=\"twitter:card\" content=\"summary_large_image\" \/>\n<meta name=\"twitter:label1\" content=\"Escrito por\" \/>\n\t<meta name=\"twitter:data1\" content=\"Reda\u00e7\u00e3o Cacau News\" \/>\n\t<meta name=\"twitter:label2\" content=\"Est. tempo de leitura\" \/>\n\t<meta name=\"twitter:data2\" content=\"1 minuto\" \/>\n<script type=\"application\/ld+json\" class=\"yoast-schema-graph\">{\"@context\":\"https:\/\/schema.org\",\"@graph\":[{\"@type\":\"Article\",\"@id\":\"https:\/\/cacaunews.com\/?p=4867#article\",\"isPartOf\":{\"@id\":\"https:\/\/cacaunews.com\/?p=4867\"},\"author\":{\"name\":\"Reda\u00e7\u00e3o Cacau News\",\"@id\":\"https:\/\/cacaunews.com\/#\/schema\/person\/ea69703103e606ad347ccd64bd72ef79\"},\"headline\":\"ACM Neto se re\u00fane com Jabes e Valderico e confirma uni\u00e3o em Ilh\u00e9us: &#8216;Vamos buscar a defini\u00e7\u00e3o do mais competitivo\",\"datePublished\":\"2024-06-10T22:48:31+00:00\",\"dateModified\":\"2024-06-10T22:48:31+00:00\",\"mainEntityOfPage\":{\"@id\":\"https:\/\/cacaunews.com\/?p=4867\"},\"wordCount\":266,\"commentCount\":0,\"publisher\":{\"@id\":\"https:\/\/cacaunews.com\/#organization\"},\"keywords\":[\"ilheus\",\"oposi\u00e7\u00e3o\",\"politica\",\"UB\"],\"articleSection\":[\"cidades\",\"Jornalismo\",\"Politica\"],\"inLanguage\":\"pt-BR\",\"potentialAction\":[{\"@type\":\"CommentAction\",\"name\":\"Comment\",\"target\":[\"https:\/\/cacaunews.com\/?p=4867#respond\"]}]},{\"@type\":\"WebPage\",\"@id\":\"https:\/\/cacaunews.com\/?p=4867\",\"url\":\"https:\/\/cacaunews.com\/?p=4867\",\"name\":\"ACM Neto se re\u00fane com Jabes e Valderico e confirma uni\u00e3o em Ilh\u00e9us: 'Vamos buscar a defini\u00e7\u00e3o do mais competitivo - Cacau News\",\"isPartOf\":{\"@id\":\"https:\/\/cacaunews.com\/#website\"},\"datePublished\":\"2024-06-10T22:48:31+00:00\",\"dateModified\":\"2024-06-10T22:48:31+00:00\",\"breadcrumb\":{\"@id\":\"https:\/\/cacaunews.com\/?p=4867#breadcrumb\"},\"inLanguage\":\"pt-BR\",\"potentialAction\":[{\"@type\":\"ReadAction\",\"target\":[\"https:\/\/cacaunews.com\/?p=4867\"]}]},{\"@type\":\"BreadcrumbList\",\"@id\":\"https:\/\/cacaunews.com\/?p=4867#breadcrumb\",\"itemListElement\":[{\"@type\":\"ListItem\",\"position\":1,\"name\":\"In\u00edcio\",\"item\":\"https:\/\/cacaunews.com\/\"},{\"@type\":\"ListItem\",\"position\":2,\"name\":\"ACM Neto se re\u00fane com Jabes e Valderico e confirma uni\u00e3o em Ilh\u00e9us: &#8216;Vamos buscar a defini\u00e7\u00e3o do mais competitivo\"}]},{\"@type\":\"WebSite\",\"@id\":\"https:\/\/cacaunews.com\/#website\",\"url\":\"https:\/\/cacaunews.com\/\",\"name\":\"Cacau News\",\"description\":\"A Informa\u00e7\u00e3o que voc\u00ea precisa!\",\"publisher\":{\"@id\":\"https:\/\/cacaunews.com\/#organization\"},\"potentialAction\":[{\"@type\":\"SearchAction\",\"target\":{\"@type\":\"EntryPoint\",\"urlTemplate\":\"https:\/\/cacaunews.com\/?s={search_term_string}\"},\"query-input\":\"required name=search_term_string\"}],\"inLanguage\":\"pt-BR\"},{\"@type\":\"Organization\",\"@id\":\"https:\/\/cacaunews.com\/#organization\",\"name\":\"Cacau News\",\"url\":\"https:\/\/cacaunews.com\/\",\"logo\":{\"@type\":\"ImageObject\",\"inLanguage\":\"pt-BR\",\"@id\":\"https:\/\/cacaunews.com\/#\/schema\/logo\/image\/\",\"url\":\"https:\/\/cacaunews.com\/wp-content\/uploads\/2025\/01\/cropped-LOGO-NOVA.png\",\"contentUrl\":\"https:\/\/cacaunews.com\/wp-content\/uploads\/2025\/01\/cropped-LOGO-NOVA.png\",\"width\":813,\"height\":813,\"caption\":\"Cacau News\"},\"image\":{\"@id\":\"https:\/\/cacaunews.com\/#\/schema\/logo\/image\/\"},\"sameAs\":[\"https:\/\/www.instagram.com\/cacaunews.online\/\",\"https:\/\/youtube.com\/@cacaunews?si=0VXLnjl08SrWbVG9\"]},{\"@type\":\"Person\",\"@id\":\"https:\/\/cacaunews.com\/#\/schema\/person\/ea69703103e606ad347ccd64bd72ef79\",\"name\":\"Reda\u00e7\u00e3o Cacau News\",\"image\":{\"@type\":\"ImageObject\",\"inLanguage\":\"pt-BR\",\"@id\":\"https:\/\/cacaunews.com\/#\/schema\/person\/image\/\",\"url\":\"https:\/\/secure.gravatar.com\/avatar\/d79227a2a7b6cc42e8d7a8f7c284cd3a?s=96&d=mm&r=g\",\"contentUrl\":\"https:\/\/secure.gravatar.com\/avatar\/d79227a2a7b6cc42e8d7a8f7c284cd3a?s=96&d=mm&r=g\",\"caption\":\"Reda\u00e7\u00e3o Cacau News\"},\"sameAs\":[\"https:\/\/cacaunews.com\"],\"url\":\"https:\/\/cacaunews.com\/?author=1\"}]}<\/script>\n<!-- \/ Yoast SEO plugin. -->","yoast_head_json":{"title":"ACM Neto se re\u00fane com Jabes e Valderico e confirma uni\u00e3o em Ilh\u00e9us: 'Vamos buscar a defini\u00e7\u00e3o do mais competitivo - Cacau News","robots":{"index":"index","follow":"follow","max-snippet":"max-snippet:-1","max-image-preview":"max-image-preview:large","max-video-preview":"max-video-preview:-1"},"canonical":"https:\/\/cacaunews.com\/?p=4867","og_locale":"pt_BR","og_type":"article","og_title":"ACM Neto se re\u00fane com Jabes e Valderico e confirma uni\u00e3o em Ilh\u00e9us: 'Vamos buscar a defini\u00e7\u00e3o do mais competitivo - Cacau News","og_description":"Em uma reuni\u00e3o realizada em Salvador nesta segunda-feira (10), o vice-presidente do Uni\u00e3o Brasil, ACM...","og_url":"https:\/\/cacaunews.com\/?p=4867","og_site_name":"Cacau News","article_published_time":"2024-06-10T22:48:31+00:00","author":"Reda\u00e7\u00e3o Cacau News","twitter_card":"summary_large_image","twitter_misc":{"Escrito por":"Reda\u00e7\u00e3o Cacau News","Est. tempo de leitura":"1 minuto"},"schema":{"@context":"https:\/\/schema.org","@graph":[{"@type":"Article","@id":"https:\/\/cacaunews.com\/?p=4867#article","isPartOf":{"@id":"https:\/\/cacaunews.com\/?p=4867"},"author":{"name":"Reda\u00e7\u00e3o Cacau News","@id":"https:\/\/cacaunews.com\/#\/schema\/person\/ea69703103e606ad347ccd64bd72ef79"},"headline":"ACM Neto se re\u00fane com Jabes e Valderico e confirma uni\u00e3o em Ilh\u00e9us: &#8216;Vamos buscar a defini\u00e7\u00e3o do mais competitivo","datePublished":"2024-06-10T22:48:31+00:00","dateModified":"2024-06-10T22:48:31+00:00","mainEntityOfPage":{"@id":"https:\/\/cacaunews.com\/?p=4867"},"wordCount":266,"commentCount":0,"publisher":{"@id":"https:\/\/cacaunews.com\/#organization"},"keywords":["ilheus","oposi\u00e7\u00e3o","politica","UB"],"articleSection":["cidades","Jornalismo","Politica"],"inLanguage":"pt-BR","potentialAction":[{"@type":"CommentAction","name":"Comment","target":["https:\/\/cacaunews.com\/?p=4867#respond"]}]},{"@type":"WebPage","@id":"https:\/\/cacaunews.com\/?p=4867","url":"https:\/\/cacaunews.com\/?p=4867","name":"ACM Neto se re\u00fane com Jabes e Valderico e confirma uni\u00e3o em Ilh\u00e9us: 'Vamos buscar a defini\u00e7\u00e3o do mais competitivo - Cacau News","isPartOf":{"@id":"https:\/\/cacaunews.com\/#website"},"datePublished":"2024-06-10T22:48:31+00:00","dateModified":"2024-06-10T22:48:31+00:00","breadcrumb":{"@id":"https:\/\/cacaunews.com\/?p=4867#breadcrumb"},"inLanguage":"pt-BR","potentialAction":[{"@type":"ReadAction","target":["https:\/\/cacaunews.com\/?p=4867"]}]},{"@type":"BreadcrumbList","@id":"https:\/\/cacaunews.com\/?p=4867#breadcrumb","itemListElement":[{"@type":"ListItem","position":1,"name":"In\u00edcio","item":"https:\/\/cacaunews.com\/"},{"@type":"ListItem","position":2,"name":"ACM Neto se re\u00fane com Jabes e Valderico e confirma uni\u00e3o em Ilh\u00e9us: &#8216;Vamos buscar a defini\u00e7\u00e3o do mais competitivo"}]},{"@type":"WebSite","@id":"https:\/\/cacaunews.com\/#website","url":"https:\/\/cacaunews.com\/","name":"Cacau News","description":"A Informa\u00e7\u00e3o que voc\u00ea precisa!","publisher":{"@id":"https:\/\/cacaunews.com\/#organization"},"potentialAction":[{"@type":"SearchAction","target":{"@type":"EntryPoint","urlTemplate":"https:\/\/cacaunews.com\/?s={search_term_string}"},"query-input":"required name=search_term_string"}],"inLanguage":"pt-BR"},{"@type":"Organization","@id":"https:\/\/cacaunews.com\/#organization","name":"Cacau News","url":"https:\/\/cacaunews.com\/","logo":{"@type":"ImageObject","inLanguage":"pt-BR","@id":"https:\/\/cacaunews.com\/#\/schema\/logo\/image\/","url":"https:\/\/cacaunews.com\/wp-content\/uploads\/2025\/01\/cropped-LOGO-NOVA.png","contentUrl":"https:\/\/cacaunews.com\/wp-content\/uploads\/2025\/01\/cropped-LOGO-NOVA.png","width":813,"height":813,"caption":"Cacau News"},"image":{"@id":"https:\/\/cacaunews.com\/#\/schema\/logo\/image\/"},"sameAs":["https:\/\/www.instagram.com\/cacaunews.online\/","https:\/\/youtube.com\/@cacaunews?si=0VXLnjl08SrWbVG9"]},{"@type":"Person","@id":"https:\/\/cacaunews.com\/#\/schema\/person\/ea69703103e606ad347ccd64bd72ef79","name":"Reda\u00e7\u00e3o Cacau News","image":{"@type":"ImageObject","inLanguage":"pt-BR","@id":"https:\/\/cacaunews.com\/#\/schema\/person\/image\/","url":"https:\/\/secure.gravatar.com\/avatar\/d79227a2a7b6cc42e8d7a8f7c284cd3a?s=96&d=mm&r=g","contentUrl":"https:\/\/secure.gravatar.com\/avatar\/d79227a2a7b6cc42e8d7a8f7c284cd3a?s=96&d=mm&r=g","caption":"Reda\u00e7\u00e3o Cacau News"},"sameAs":["https:\/\/cacaunews.com"],"url":"https:\/\/cacaunews.com\/?author=1"}]}},"jetpack_sharing_enabled":true,"jetpack_featured_media_url":"https:\/\/cacaunews.com\/wp-content\/uploads\/2024\/06\/IMG-20240610-WA0006.jpg","_links":{"self":[{"href":"https:\/\/cacaunews.com\/index.php?rest_route=\/wp\/v2\/posts\/4867"}],"collection":[{"href":"https:\/\/cacaunews.com\/index.php?rest_route=\/wp\/v2\/posts"}],"about":[{"href":"https:\/\/cacaunews.com\/index.php?rest_route=\/wp\/v2\/types\/post"}],"author":[{"embeddable":true,"href":"https:\/\/cacaunews.com\/index.php?rest_route=\/wp\/v2\/users\/1"}],"replies":[{"embeddable":true,"href":"https:\/\/cacaunews.com\/index.php?rest_route=%2Fwp%2Fv2%2Fcomments&post=4867"}],"version-history":[{"count":0,"href":"https:\/\/cacaunews.com\/index.php?rest_route=\/wp\/v2\/posts\/4867\/revisions"}],"wp:featuredmedia":[{"embeddable":true,"href":"https:\/\/cacaunews.com\/index.php?rest_route=\/wp\/v2\/media\/4866"}],"wp:attachment":[{"href":"https:\/\/cacaunews.com\/index.php?rest_route=%2Fwp%2Fv2%2Fmedia&parent=4867"}],"wp:term":[{"taxonomy":"category","embeddable":true,"href":"https:\/\/cacaunews.com\/index.php?rest_route=%2Fwp%2Fv2%2Fcategories&post=4867"},{"taxonomy":"post_tag","embeddable":true,"href":"https:\/\/cacaunews.com\/index.php?rest_route=%2Fwp%2Fv2%2Ftags&post=4867"}],"curies":[{"name":"wp","href":"https:\/\/api.w.org\/{rel}","templated":true}]}}