{"id":4886,"date":"2024-06-27T17:56:02","date_gmt":"2024-06-27T17:56:02","guid":{"rendered":"https:\/\/cacaunews.com\/?p=4886"},"modified":"2024-06-27T17:56:02","modified_gmt":"2024-06-27T17:56:02","slug":"governo-da-bahia-investira-r-243-milhoes-em-novo-edital-para-apoio-a-festas-feiras-e-festivais-literarios","status":"publish","type":"post","link":"https:\/\/cacaunews.com\/?p=4886","title":{"rendered":"Governo da Bahia investir\u00e1 R$ 24,3 milh\u00f5es em novo edital para apoio a festas, feiras e festivais liter\u00e1rios."},"content":{"rendered":"\n<p>Com um investimento de R$ 24,3 milh\u00f5es, o Governo da Bahia, por meio da Funda\u00e7\u00e3o Pedro Calmon e das secretarias estaduais de Cultura e da Educa\u00e7\u00e3o, torna p\u00fablico o Edital de Festas, Feiras e Festivais Liter\u00e1rios. A iniciativa prev\u00ea a sele\u00e7\u00e3o de propostas para a concess\u00e3o de apoio financeiro para a realiza\u00e7\u00e3o de eventos do g\u00eanero nos 27 Territ\u00f3rios de Identidade da Bahia, conforme a legisla\u00e7\u00e3o e os planos estaduais nas \u00e1reas de Cultura e Educa\u00e7\u00e3o. A iniciativa faz parte do Programa Bahia Liter\u00e1ria e as inscri\u00e7\u00f5es acontecem de 1\u00b0 a 31 de julho, podendo ser realizadas atrav\u00e9s do formul\u00e1rio dispon\u00edvel no site fpc.ba.gov.br.<br><br>O evento de lan\u00e7amento aconteceu na manh\u00e3 desta quinta-feira (27), na Biblioteca Central do Estado da Bahia, em Salvador, com a presen\u00e7a de autoridades e representantes de diversos \u00f3rg\u00e3os, institui\u00e7\u00f5es e da sociedade civil.<\/p>\n\n\n\n<figure class=\"wp-block-image size-large\"><img fetchpriority=\"high\" decoding=\"async\" width=\"1024\" height=\"682\" src=\"https:\/\/cacaunews.com\/wp-content\/uploads\/2024\/06\/img-20240627-wa01628981708857839377194-1024x682.jpg\" alt=\"\" class=\"wp-image-4884\" srcset=\"https:\/\/cacaunews.com\/wp-content\/uploads\/2024\/06\/img-20240627-wa01628981708857839377194-1024x682.jpg 1024w, https:\/\/cacaunews.com\/wp-content\/uploads\/2024\/06\/img-20240627-wa01628981708857839377194-300x200.jpg 300w, https:\/\/cacaunews.com\/wp-content\/uploads\/2024\/06\/img-20240627-wa01628981708857839377194-768x512.jpg 768w, https:\/\/cacaunews.com\/wp-content\/uploads\/2024\/06\/img-20240627-wa01628981708857839377194.jpg 1280w\" sizes=\"(max-width: 1024px) 100vw, 1024px\" \/><\/figure>\n\n\n\n<p><br><br>A secret\u00e1ria da Educa\u00e7\u00e3o do Estado, Rowenna Brito, ressaltou a import\u00e2ncia do edital para o fortalecimento da Educa\u00e7\u00e3o na Bahia. \u201cA escola precisa ser esse lugar onde a gente constr\u00f3i e reconstr\u00f3i a nossa hist\u00f3ria e garante a perman\u00eancia da nossa cultura. Ent\u00e3o, este edital vem para reafirmar o compromisso do Governo do Estado com a literatura, a democratiza\u00e7\u00e3o do livro e da leitura e com os escritores e as escritoras do nosso Estado, pois o livro n\u00e3o \u00e9 um elemento de luxo e n\u00e3o tem que ser. Precisamos fazer desse Estado cada vez mais de leitores e que os professores, estudantes e a sociedade como um todo utilizem esse equipamento como um instrumento de liberta\u00e7\u00e3o do povo\u201d.<br><br>Durante o lan\u00e7amento, o secret\u00e1rio de Cultura, Bruno Monteiro, destacou que o edital vai incentivar uma gera\u00e7\u00e3o de novos leitores.\u00a0 \u201cO Governo da Bahia aposta nessa pol\u00edtica para incentivar, cada vez mais, a popula\u00e7\u00e3o e, especialmente, as novas gera\u00e7\u00f5es a se envolverem com todas as possibilidades que o livro, a leitura e a literatura trazem. Isso se d\u00e1, principalmente, pelo apoio crescente. E, hoje, chegamos aqui ao marco hist\u00f3rico de um investimento de mais de 24 milh\u00f5es de reais, democratizando cada vez mais o acesso, o envolvimento da popula\u00e7\u00e3o na totalidade a esse universo, que mostra o potencial que a educa\u00e7\u00e3o e a cultura t\u00eam de juntas de transformar a sociedade\u201d.<br><br>A meta do edital \u00e9 que 81 propostas sejam selecionadas. Conforme o edital, 50% das vagas ser\u00e3o reservadas para a\u00e7\u00f5es afirmativas ou cotas, sendo 40% para pessoas negras, 5% para pessoas ind\u00edgenas e 5% para pessoas com defici\u00eancias.<br><br>O diretor-geral da Funda\u00e7\u00e3o Pedro Calmon, Vladimir Pinheiro, enfatizou que a Bahia vive um momento de ascens\u00e3o na realiza\u00e7\u00e3o de eventos liter\u00e1rios e o edital \u00e9 mais um compromisso do Governo do Estado com o livro e a leitura. \u201cAno passado, demos um salto significativo com a realiza\u00e7\u00e3o de 36 eventos liter\u00e1rios apoiados pelo governo estadual e estamos ampliando cada vez mais. Hoje, tra\u00e7amos um esbo\u00e7o do que \u00e9 o Bahia Liter\u00e1ria e esse edital \u00e9 um avan\u00e7o, uma entrega que traz consigo o fortalecimento da pol\u00edtica do livro e da leitura e eventos que dialogam com toda uma cadeia produtiva de incentivo \u00e0 produ\u00e7\u00e3o liter\u00e1ria baiana. \u00c9 um compromisso com as nossas escolas e os professores e todo o seu potencial art\u00edstico, a partir de um programa que acredita nessa jun\u00e7\u00e3o da educa\u00e7\u00e3o e da cultura. Nossa expectativa \u00e9 enorme para que os eventos dialoguem com a mem\u00f3ria do povo baiano e a gente fortale\u00e7a esses valores\u201d. <br><br>Podem se inscrever no edital agentes culturais maiores de 18 anos, microempreendedores individuais (MEI), pessoas jur\u00eddicas com e sem fins lucrativos e coletivos\/grupos sem CNJP representados por pessoa f\u00edsica. \u00c9 uma obrigatoriedade a comprova\u00e7\u00e3o de atua\u00e7\u00e3o art\u00edstico, cultural e\/ou educacional no Estado da Bahia por, pelo menos, dois anos. O valor m\u00e1ximo por proposta \u00e9 de at\u00e9 R$ 300 mil.<br><br>A a\u00e7\u00e3o est\u00e1 alinhada ao Plano Estadual do Livro e da Leitura da Bahia (PELL), que visa orientar pol\u00edticas, programas e a\u00e7\u00f5es relacionadas \u00e0 leitura no Estado. A parceria entre as secretarias estaduais de Cultura e Educa\u00e7\u00e3o e a Funda\u00e7\u00e3o Pedro Calmon busca promover a realiza\u00e7\u00e3o das festas, feiras e festivais liter\u00e1rios em todo o Estado, envolvendo diversos atores da cadeia produtiva do livro, entendendo que transformar a Bahia em um Estado de leitores \u00e9 uma das principais diretrizes orientadoras de pol\u00edticas p\u00fablicas nas \u00e1reas de Cultura e Educa\u00e7\u00e3o.<br><br>Qualquer d\u00favida, entrar em contato pelo e-mail: editaldefeiras@fpc.ba.gov.br<br><br><strong>Bahia Liter\u00e1ria<\/strong> &#8211; O Edital de Festas, Feiras e Festivais Liter\u00e1rios faz parte do Programa Bahia Liter\u00e1ria, pol\u00edtica do Governo da Bahia, que visa investir em uma pol\u00edtica cultural e educacional e tem como diretriz a democratiza\u00e7\u00e3o do acesso \u00e0 informa\u00e7\u00e3o e ao conhecimento atrav\u00e9s do incentivo de toda a cadeia produtiva do livro e do fomento ao h\u00e1bito da leitura.<br><br>O Bahia Liter\u00e1ria representa o aprofundamento das pol\u00edticas p\u00fablicas de leitura, e dentre as metas do projeto est\u00e3o a amplia\u00e7\u00e3o do n\u00famero de feiras liter\u00e1rias da Bahia, com a participa\u00e7\u00e3o das comunidades locais para atendendo a uma maior diversidade culturala produ\u00e7\u00e3o liter\u00e1ria e art\u00edstica de escritores e agentes culturais locais. Outro objetivo \u00e9 alcan\u00e7ar um n\u00famero cada vez maior de munic\u00edpios, o que dialoga com a territorializa\u00e7\u00e3o da cultura, assumida como uma pol\u00edtica p\u00fablica na Bahia.<br><br>A expectativa \u00e9 que o Bahia Liter\u00e1ria ir\u00e1 impulsionar ainda mais essas din\u00e2micas, colaborando para o desenvolvimento econ\u00f4mico e social de todo o Estado.<\/p>\n","protected":false},"excerpt":{"rendered":"<p>Com um investimento de R$ 24,3 milh\u00f5es, o Governo da Bahia, por meio da Funda\u00e7\u00e3o&#8230;<\/p>\n","protected":false},"author":1,"featured_media":4885,"comment_status":"open","ping_status":"open","sticky":false,"template":"","format":"standard","meta":{"footnotes":""},"categories":[4,11],"tags":[39,33,40,1527],"yoast_head":"<!-- This site is optimized with the Yoast SEO plugin v21.7 - https:\/\/yoast.com\/wordpress\/plugins\/seo\/ -->\n<title>Governo da Bahia investir\u00e1 R$ 24,3 milh\u00f5es em novo edital para apoio a festas, feiras e festivais liter\u00e1rios. - Cacau News<\/title>\n<meta name=\"robots\" content=\"index, follow, max-snippet:-1, max-image-preview:large, max-video-preview:-1\" \/>\n<link rel=\"canonical\" href=\"https:\/\/cacaunews.com\/?p=4886\" \/>\n<meta property=\"og:locale\" content=\"pt_BR\" \/>\n<meta property=\"og:type\" content=\"article\" \/>\n<meta property=\"og:title\" content=\"Governo da Bahia investir\u00e1 R$ 24,3 milh\u00f5es em novo edital para apoio a festas, feiras e festivais liter\u00e1rios. - Cacau News\" \/>\n<meta property=\"og:description\" content=\"Com um investimento de R$ 24,3 milh\u00f5es, o Governo da Bahia, por meio da Funda\u00e7\u00e3o...\" \/>\n<meta property=\"og:url\" content=\"https:\/\/cacaunews.com\/?p=4886\" \/>\n<meta property=\"og:site_name\" content=\"Cacau News\" \/>\n<meta property=\"article:published_time\" content=\"2024-06-27T17:56:02+00:00\" \/>\n<meta property=\"og:image\" content=\"https:\/\/cacaunews.com\/wp-content\/uploads\/2024\/06\/img-20240627-wa01628981708857839377194-1024x682.jpg\" \/>\n<meta name=\"author\" content=\"Reda\u00e7\u00e3o Cacau News\" \/>\n<meta name=\"twitter:card\" content=\"summary_large_image\" \/>\n<meta name=\"twitter:label1\" content=\"Escrito por\" \/>\n\t<meta name=\"twitter:data1\" content=\"Reda\u00e7\u00e3o Cacau News\" \/>\n\t<meta name=\"twitter:label2\" content=\"Est. tempo de leitura\" \/>\n\t<meta name=\"twitter:data2\" content=\"5 minutos\" \/>\n<script type=\"application\/ld+json\" class=\"yoast-schema-graph\">{\"@context\":\"https:\/\/schema.org\",\"@graph\":[{\"@type\":\"Article\",\"@id\":\"https:\/\/cacaunews.com\/?p=4886#article\",\"isPartOf\":{\"@id\":\"https:\/\/cacaunews.com\/?p=4886\"},\"author\":{\"name\":\"Reda\u00e7\u00e3o Cacau News\",\"@id\":\"https:\/\/cacaunews.com\/#\/schema\/person\/ea69703103e606ad347ccd64bd72ef79\"},\"headline\":\"Governo da Bahia investir\u00e1 R$ 24,3 milh\u00f5es em novo edital para apoio a festas, feiras e festivais liter\u00e1rios.\",\"datePublished\":\"2024-06-27T17:56:02+00:00\",\"dateModified\":\"2024-06-27T17:56:02+00:00\",\"mainEntityOfPage\":{\"@id\":\"https:\/\/cacaunews.com\/?p=4886\"},\"wordCount\":993,\"commentCount\":0,\"publisher\":{\"@id\":\"https:\/\/cacaunews.com\/#organization\"},\"keywords\":[\"bahia\",\"educa\u00e7\u00e3o\",\"governo\",\"investimento\"],\"articleSection\":[\"Internet\",\"Jornalismo\"],\"inLanguage\":\"pt-BR\",\"potentialAction\":[{\"@type\":\"CommentAction\",\"name\":\"Comment\",\"target\":[\"https:\/\/cacaunews.com\/?p=4886#respond\"]}]},{\"@type\":\"WebPage\",\"@id\":\"https:\/\/cacaunews.com\/?p=4886\",\"url\":\"https:\/\/cacaunews.com\/?p=4886\",\"name\":\"Governo da Bahia investir\u00e1 R$ 24,3 milh\u00f5es em novo edital para apoio a festas, feiras e festivais liter\u00e1rios. - Cacau News\",\"isPartOf\":{\"@id\":\"https:\/\/cacaunews.com\/#website\"},\"datePublished\":\"2024-06-27T17:56:02+00:00\",\"dateModified\":\"2024-06-27T17:56:02+00:00\",\"breadcrumb\":{\"@id\":\"https:\/\/cacaunews.com\/?p=4886#breadcrumb\"},\"inLanguage\":\"pt-BR\",\"potentialAction\":[{\"@type\":\"ReadAction\",\"target\":[\"https:\/\/cacaunews.com\/?p=4886\"]}]},{\"@type\":\"BreadcrumbList\",\"@id\":\"https:\/\/cacaunews.com\/?p=4886#breadcrumb\",\"itemListElement\":[{\"@type\":\"ListItem\",\"position\":1,\"name\":\"In\u00edcio\",\"item\":\"https:\/\/cacaunews.com\/\"},{\"@type\":\"ListItem\",\"position\":2,\"name\":\"Governo da Bahia investir\u00e1 R$ 24,3 milh\u00f5es em novo edital para apoio a festas, feiras e festivais liter\u00e1rios.\"}]},{\"@type\":\"WebSite\",\"@id\":\"https:\/\/cacaunews.com\/#website\",\"url\":\"https:\/\/cacaunews.com\/\",\"name\":\"Cacau News\",\"description\":\"A Informa\u00e7\u00e3o que voc\u00ea precisa!\",\"publisher\":{\"@id\":\"https:\/\/cacaunews.com\/#organization\"},\"potentialAction\":[{\"@type\":\"SearchAction\",\"target\":{\"@type\":\"EntryPoint\",\"urlTemplate\":\"https:\/\/cacaunews.com\/?s={search_term_string}\"},\"query-input\":\"required name=search_term_string\"}],\"inLanguage\":\"pt-BR\"},{\"@type\":\"Organization\",\"@id\":\"https:\/\/cacaunews.com\/#organization\",\"name\":\"Cacau News\",\"url\":\"https:\/\/cacaunews.com\/\",\"logo\":{\"@type\":\"ImageObject\",\"inLanguage\":\"pt-BR\",\"@id\":\"https:\/\/cacaunews.com\/#\/schema\/logo\/image\/\",\"url\":\"https:\/\/cacaunews.com\/wp-content\/uploads\/2025\/01\/cropped-LOGO-NOVA.png\",\"contentUrl\":\"https:\/\/cacaunews.com\/wp-content\/uploads\/2025\/01\/cropped-LOGO-NOVA.png\",\"width\":813,\"height\":813,\"caption\":\"Cacau News\"},\"image\":{\"@id\":\"https:\/\/cacaunews.com\/#\/schema\/logo\/image\/\"},\"sameAs\":[\"https:\/\/www.instagram.com\/cacaunews.online\/\",\"https:\/\/youtube.com\/@cacaunews?si=0VXLnjl08SrWbVG9\"]},{\"@type\":\"Person\",\"@id\":\"https:\/\/cacaunews.com\/#\/schema\/person\/ea69703103e606ad347ccd64bd72ef79\",\"name\":\"Reda\u00e7\u00e3o Cacau News\",\"image\":{\"@type\":\"ImageObject\",\"inLanguage\":\"pt-BR\",\"@id\":\"https:\/\/cacaunews.com\/#\/schema\/person\/image\/\",\"url\":\"https:\/\/secure.gravatar.com\/avatar\/d79227a2a7b6cc42e8d7a8f7c284cd3a?s=96&d=mm&r=g\",\"contentUrl\":\"https:\/\/secure.gravatar.com\/avatar\/d79227a2a7b6cc42e8d7a8f7c284cd3a?s=96&d=mm&r=g\",\"caption\":\"Reda\u00e7\u00e3o Cacau News\"},\"sameAs\":[\"https:\/\/cacaunews.com\"],\"url\":\"https:\/\/cacaunews.com\/?author=1\"}]}<\/script>\n<!-- \/ Yoast SEO plugin. -->","yoast_head_json":{"title":"Governo da Bahia investir\u00e1 R$ 24,3 milh\u00f5es em novo edital para apoio a festas, feiras e festivais liter\u00e1rios. - Cacau News","robots":{"index":"index","follow":"follow","max-snippet":"max-snippet:-1","max-image-preview":"max-image-preview:large","max-video-preview":"max-video-preview:-1"},"canonical":"https:\/\/cacaunews.com\/?p=4886","og_locale":"pt_BR","og_type":"article","og_title":"Governo da Bahia investir\u00e1 R$ 24,3 milh\u00f5es em novo edital para apoio a festas, feiras e festivais liter\u00e1rios. - Cacau News","og_description":"Com um investimento de R$ 24,3 milh\u00f5es, o Governo da Bahia, por meio da Funda\u00e7\u00e3o...","og_url":"https:\/\/cacaunews.com\/?p=4886","og_site_name":"Cacau News","article_published_time":"2024-06-27T17:56:02+00:00","og_image":[{"url":"https:\/\/cacaunews.com\/wp-content\/uploads\/2024\/06\/img-20240627-wa01628981708857839377194-1024x682.jpg"}],"author":"Reda\u00e7\u00e3o Cacau News","twitter_card":"summary_large_image","twitter_misc":{"Escrito por":"Reda\u00e7\u00e3o Cacau News","Est. tempo de leitura":"5 minutos"},"schema":{"@context":"https:\/\/schema.org","@graph":[{"@type":"Article","@id":"https:\/\/cacaunews.com\/?p=4886#article","isPartOf":{"@id":"https:\/\/cacaunews.com\/?p=4886"},"author":{"name":"Reda\u00e7\u00e3o Cacau News","@id":"https:\/\/cacaunews.com\/#\/schema\/person\/ea69703103e606ad347ccd64bd72ef79"},"headline":"Governo da Bahia investir\u00e1 R$ 24,3 milh\u00f5es em novo edital para apoio a festas, feiras e festivais liter\u00e1rios.","datePublished":"2024-06-27T17:56:02+00:00","dateModified":"2024-06-27T17:56:02+00:00","mainEntityOfPage":{"@id":"https:\/\/cacaunews.com\/?p=4886"},"wordCount":993,"commentCount":0,"publisher":{"@id":"https:\/\/cacaunews.com\/#organization"},"keywords":["bahia","educa\u00e7\u00e3o","governo","investimento"],"articleSection":["Internet","Jornalismo"],"inLanguage":"pt-BR","potentialAction":[{"@type":"CommentAction","name":"Comment","target":["https:\/\/cacaunews.com\/?p=4886#respond"]}]},{"@type":"WebPage","@id":"https:\/\/cacaunews.com\/?p=4886","url":"https:\/\/cacaunews.com\/?p=4886","name":"Governo da Bahia investir\u00e1 R$ 24,3 milh\u00f5es em novo edital para apoio a festas, feiras e festivais liter\u00e1rios. - Cacau News","isPartOf":{"@id":"https:\/\/cacaunews.com\/#website"},"datePublished":"2024-06-27T17:56:02+00:00","dateModified":"2024-06-27T17:56:02+00:00","breadcrumb":{"@id":"https:\/\/cacaunews.com\/?p=4886#breadcrumb"},"inLanguage":"pt-BR","potentialAction":[{"@type":"ReadAction","target":["https:\/\/cacaunews.com\/?p=4886"]}]},{"@type":"BreadcrumbList","@id":"https:\/\/cacaunews.com\/?p=4886#breadcrumb","itemListElement":[{"@type":"ListItem","position":1,"name":"In\u00edcio","item":"https:\/\/cacaunews.com\/"},{"@type":"ListItem","position":2,"name":"Governo da Bahia investir\u00e1 R$ 24,3 milh\u00f5es em novo edital para apoio a festas, feiras e festivais liter\u00e1rios."}]},{"@type":"WebSite","@id":"https:\/\/cacaunews.com\/#website","url":"https:\/\/cacaunews.com\/","name":"Cacau News","description":"A Informa\u00e7\u00e3o que voc\u00ea precisa!","publisher":{"@id":"https:\/\/cacaunews.com\/#organization"},"potentialAction":[{"@type":"SearchAction","target":{"@type":"EntryPoint","urlTemplate":"https:\/\/cacaunews.com\/?s={search_term_string}"},"query-input":"required name=search_term_string"}],"inLanguage":"pt-BR"},{"@type":"Organization","@id":"https:\/\/cacaunews.com\/#organization","name":"Cacau News","url":"https:\/\/cacaunews.com\/","logo":{"@type":"ImageObject","inLanguage":"pt-BR","@id":"https:\/\/cacaunews.com\/#\/schema\/logo\/image\/","url":"https:\/\/cacaunews.com\/wp-content\/uploads\/2025\/01\/cropped-LOGO-NOVA.png","contentUrl":"https:\/\/cacaunews.com\/wp-content\/uploads\/2025\/01\/cropped-LOGO-NOVA.png","width":813,"height":813,"caption":"Cacau News"},"image":{"@id":"https:\/\/cacaunews.com\/#\/schema\/logo\/image\/"},"sameAs":["https:\/\/www.instagram.com\/cacaunews.online\/","https:\/\/youtube.com\/@cacaunews?si=0VXLnjl08SrWbVG9"]},{"@type":"Person","@id":"https:\/\/cacaunews.com\/#\/schema\/person\/ea69703103e606ad347ccd64bd72ef79","name":"Reda\u00e7\u00e3o Cacau News","image":{"@type":"ImageObject","inLanguage":"pt-BR","@id":"https:\/\/cacaunews.com\/#\/schema\/person\/image\/","url":"https:\/\/secure.gravatar.com\/avatar\/d79227a2a7b6cc42e8d7a8f7c284cd3a?s=96&d=mm&r=g","contentUrl":"https:\/\/secure.gravatar.com\/avatar\/d79227a2a7b6cc42e8d7a8f7c284cd3a?s=96&d=mm&r=g","caption":"Reda\u00e7\u00e3o Cacau News"},"sameAs":["https:\/\/cacaunews.com"],"url":"https:\/\/cacaunews.com\/?author=1"}]}},"jetpack_sharing_enabled":true,"jetpack_featured_media_url":"https:\/\/cacaunews.com\/wp-content\/uploads\/2024\/06\/IMG-20240627-WA0161.jpg","_links":{"self":[{"href":"https:\/\/cacaunews.com\/index.php?rest_route=\/wp\/v2\/posts\/4886"}],"collection":[{"href":"https:\/\/cacaunews.com\/index.php?rest_route=\/wp\/v2\/posts"}],"about":[{"href":"https:\/\/cacaunews.com\/index.php?rest_route=\/wp\/v2\/types\/post"}],"author":[{"embeddable":true,"href":"https:\/\/cacaunews.com\/index.php?rest_route=\/wp\/v2\/users\/1"}],"replies":[{"embeddable":true,"href":"https:\/\/cacaunews.com\/index.php?rest_route=%2Fwp%2Fv2%2Fcomments&post=4886"}],"version-history":[{"count":0,"href":"https:\/\/cacaunews.com\/index.php?rest_route=\/wp\/v2\/posts\/4886\/revisions"}],"wp:featuredmedia":[{"embeddable":true,"href":"https:\/\/cacaunews.com\/index.php?rest_route=\/wp\/v2\/media\/4885"}],"wp:attachment":[{"href":"https:\/\/cacaunews.com\/index.php?rest_route=%2Fwp%2Fv2%2Fmedia&parent=4886"}],"wp:term":[{"taxonomy":"category","embeddable":true,"href":"https:\/\/cacaunews.com\/index.php?rest_route=%2Fwp%2Fv2%2Fcategories&post=4886"},{"taxonomy":"post_tag","embeddable":true,"href":"https:\/\/cacaunews.com\/index.php?rest_route=%2Fwp%2Fv2%2Ftags&post=4886"}],"curies":[{"name":"wp","href":"https:\/\/api.w.org\/{rel}","templated":true}]}}