{"id":4889,"date":"2024-06-27T18:18:44","date_gmt":"2024-06-27T18:18:44","guid":{"rendered":"https:\/\/cacaunews.com\/?p=4889"},"modified":"2024-06-27T18:22:16","modified_gmt":"2024-06-27T18:22:16","slug":"itabuna-lideres-evangelicos-repudiam-conteudo-postado-no-perfil-oficial-do-ita-pedro","status":"publish","type":"post","link":"https:\/\/cacaunews.com\/?p=4889","title":{"rendered":"Itabuna: L\u00edderes evang\u00e9licos repudiam conte\u00fado postado no perfil oficial do Ita Pedro."},"content":{"rendered":"\n<p>Come\u00e7a hoje (27) o festejo junino entitulado Ita Pedro em Itabuna, este realizado pela Prefeitura Municipal da cidade por meio da Funda\u00e7\u00e3o Itabunense de Cultura e Cidadania &#8211; FICC, por\u00e9m um fato chamou a aten\u00e7\u00e3o nas redes sociais, em um v\u00eddeo postado no perfil oficial da festa no Instagram um famoso influenciador digital encena uma mulher evang\u00e9lica que juntamente com sua vizinha estaria se&nbsp;&nbsp;&nbsp;&nbsp;&nbsp;&nbsp;&nbsp;&nbsp;&nbsp;&nbsp;&nbsp;&nbsp;&nbsp;&nbsp;&nbsp;&nbsp;&nbsp;&nbsp;&nbsp;&nbsp; &#8220;desviando&#8221; da doutrina evang\u00e9lica por conta da festa.<\/p>\n\n\n\n<p>Em tom ir\u00f4nico e com uma b\u00edblia na m\u00e3o o famoso diz &#8221; vou ter que desviar, o pastor vai ter que me colocar no banco&#8221;. Nas redes sociais diversos l\u00edderes evang\u00e9licos da cidade se posicionaram contra o v\u00eddeo veiculado e repudiaram tal encena\u00e7\u00e3o que, segundo os l\u00edderes, debocha dos evang\u00e9licos, como se por qualquer motivo os &#8220;crentes&#8221; se desviam.<\/p>\n\n\n\n<figure class=\"wp-block-image size-large\"><img fetchpriority=\"high\" decoding=\"async\" width=\"819\" height=\"1024\" src=\"https:\/\/cacaunews.com\/wp-content\/uploads\/2024\/06\/image_editor_output_image-835355900-17195123671906029678162749391652-819x1024.jpg\" alt=\"\" class=\"wp-image-4887\" srcset=\"https:\/\/cacaunews.com\/wp-content\/uploads\/2024\/06\/image_editor_output_image-835355900-17195123671906029678162749391652-819x1024.jpg 819w, https:\/\/cacaunews.com\/wp-content\/uploads\/2024\/06\/image_editor_output_image-835355900-17195123671906029678162749391652-240x300.jpg 240w, https:\/\/cacaunews.com\/wp-content\/uploads\/2024\/06\/image_editor_output_image-835355900-17195123671906029678162749391652-768x960.jpg 768w, https:\/\/cacaunews.com\/wp-content\/uploads\/2024\/06\/image_editor_output_image-835355900-17195123671906029678162749391652-1229x1536.jpg 1229w, https:\/\/cacaunews.com\/wp-content\/uploads\/2024\/06\/image_editor_output_image-835355900-17195123671906029678162749391652-1024x1280.jpg 1024w, https:\/\/cacaunews.com\/wp-content\/uploads\/2024\/06\/image_editor_output_image-835355900-17195123671906029678162749391652.jpg 1280w\" sizes=\"(max-width: 819px) 100vw, 819px\" \/><\/figure>\n\n\n\n<p>Ap\u00f3s repercuss\u00e3o negativa a postagem foi apagada do Instagram do Ita Pedro, por\u00e9m a comunidade evang\u00e9lica pede ainda retrata\u00e7\u00e3o com um pedido de desculpas por parte da organiza\u00e7\u00e3o.<\/p>\n","protected":false},"excerpt":{"rendered":"<p>Come\u00e7a hoje (27) o festejo junino entitulado Ita Pedro em Itabuna, este realizado pela Prefeitura&#8230;<\/p>\n","protected":false},"author":1,"featured_media":4888,"comment_status":"open","ping_status":"open","sticky":false,"template":"","format":"standard","meta":{"footnotes":""},"categories":[31,4,11],"tags":[576,27,1774,785],"yoast_head":"<!-- This site is optimized with the Yoast SEO plugin v21.7 - https:\/\/yoast.com\/wordpress\/plugins\/seo\/ -->\n<title>Itabuna: L\u00edderes evang\u00e9licos repudiam conte\u00fado postado no perfil oficial do Ita Pedro. - Cacau News<\/title>\n<meta name=\"robots\" content=\"index, follow, max-snippet:-1, max-image-preview:large, max-video-preview:-1\" \/>\n<link rel=\"canonical\" href=\"https:\/\/cacaunews.com\/?p=4889\" \/>\n<meta property=\"og:locale\" content=\"pt_BR\" \/>\n<meta property=\"og:type\" content=\"article\" \/>\n<meta property=\"og:title\" content=\"Itabuna: L\u00edderes evang\u00e9licos repudiam conte\u00fado postado no perfil oficial do Ita Pedro. - Cacau News\" \/>\n<meta property=\"og:description\" content=\"Come\u00e7a hoje (27) o festejo junino entitulado Ita Pedro em Itabuna, este realizado pela Prefeitura...\" \/>\n<meta property=\"og:url\" content=\"https:\/\/cacaunews.com\/?p=4889\" \/>\n<meta property=\"og:site_name\" content=\"Cacau News\" \/>\n<meta property=\"article:published_time\" content=\"2024-06-27T18:18:44+00:00\" \/>\n<meta property=\"article:modified_time\" content=\"2024-06-27T18:22:16+00:00\" \/>\n<meta property=\"og:image\" content=\"https:\/\/cacaunews.com\/wp-content\/uploads\/2024\/06\/IMG-20240627-WA0127.jpg\" \/>\n\t<meta property=\"og:image:width\" content=\"1280\" \/>\n\t<meta property=\"og:image:height\" content=\"1600\" \/>\n\t<meta property=\"og:image:type\" content=\"image\/jpeg\" \/>\n<meta name=\"author\" content=\"Reda\u00e7\u00e3o Cacau News\" \/>\n<meta name=\"twitter:card\" content=\"summary_large_image\" \/>\n<meta name=\"twitter:label1\" content=\"Escrito por\" \/>\n\t<meta name=\"twitter:data1\" content=\"Reda\u00e7\u00e3o Cacau News\" \/>\n\t<meta name=\"twitter:label2\" content=\"Est. tempo de leitura\" \/>\n\t<meta name=\"twitter:data2\" content=\"1 minuto\" \/>\n<script type=\"application\/ld+json\" class=\"yoast-schema-graph\">{\"@context\":\"https:\/\/schema.org\",\"@graph\":[{\"@type\":\"Article\",\"@id\":\"https:\/\/cacaunews.com\/?p=4889#article\",\"isPartOf\":{\"@id\":\"https:\/\/cacaunews.com\/?p=4889\"},\"author\":{\"name\":\"Reda\u00e7\u00e3o Cacau News\",\"@id\":\"https:\/\/cacaunews.com\/#\/schema\/person\/ea69703103e606ad347ccd64bd72ef79\"},\"headline\":\"Itabuna: L\u00edderes evang\u00e9licos repudiam conte\u00fado postado no perfil oficial do Ita Pedro.\",\"datePublished\":\"2024-06-27T18:18:44+00:00\",\"dateModified\":\"2024-06-27T18:22:16+00:00\",\"mainEntityOfPage\":{\"@id\":\"https:\/\/cacaunews.com\/?p=4889\"},\"wordCount\":215,\"commentCount\":0,\"publisher\":{\"@id\":\"https:\/\/cacaunews.com\/#organization\"},\"keywords\":[\"evang\u00e9licos\",\"itabuna\",\"redes sociais\",\"rep\u00fadio\"],\"articleSection\":[\"Cultura\",\"Internet\",\"Jornalismo\"],\"inLanguage\":\"pt-BR\",\"potentialAction\":[{\"@type\":\"CommentAction\",\"name\":\"Comment\",\"target\":[\"https:\/\/cacaunews.com\/?p=4889#respond\"]}]},{\"@type\":\"WebPage\",\"@id\":\"https:\/\/cacaunews.com\/?p=4889\",\"url\":\"https:\/\/cacaunews.com\/?p=4889\",\"name\":\"Itabuna: L\u00edderes evang\u00e9licos repudiam conte\u00fado postado no perfil oficial do Ita Pedro. - Cacau News\",\"isPartOf\":{\"@id\":\"https:\/\/cacaunews.com\/#website\"},\"datePublished\":\"2024-06-27T18:18:44+00:00\",\"dateModified\":\"2024-06-27T18:22:16+00:00\",\"breadcrumb\":{\"@id\":\"https:\/\/cacaunews.com\/?p=4889#breadcrumb\"},\"inLanguage\":\"pt-BR\",\"potentialAction\":[{\"@type\":\"ReadAction\",\"target\":[\"https:\/\/cacaunews.com\/?p=4889\"]}]},{\"@type\":\"BreadcrumbList\",\"@id\":\"https:\/\/cacaunews.com\/?p=4889#breadcrumb\",\"itemListElement\":[{\"@type\":\"ListItem\",\"position\":1,\"name\":\"In\u00edcio\",\"item\":\"https:\/\/cacaunews.com\/\"},{\"@type\":\"ListItem\",\"position\":2,\"name\":\"Itabuna: L\u00edderes evang\u00e9licos repudiam conte\u00fado postado no perfil oficial do Ita Pedro.\"}]},{\"@type\":\"WebSite\",\"@id\":\"https:\/\/cacaunews.com\/#website\",\"url\":\"https:\/\/cacaunews.com\/\",\"name\":\"Cacau News\",\"description\":\"A Informa\u00e7\u00e3o que voc\u00ea precisa!\",\"publisher\":{\"@id\":\"https:\/\/cacaunews.com\/#organization\"},\"potentialAction\":[{\"@type\":\"SearchAction\",\"target\":{\"@type\":\"EntryPoint\",\"urlTemplate\":\"https:\/\/cacaunews.com\/?s={search_term_string}\"},\"query-input\":\"required name=search_term_string\"}],\"inLanguage\":\"pt-BR\"},{\"@type\":\"Organization\",\"@id\":\"https:\/\/cacaunews.com\/#organization\",\"name\":\"Cacau News\",\"url\":\"https:\/\/cacaunews.com\/\",\"logo\":{\"@type\":\"ImageObject\",\"inLanguage\":\"pt-BR\",\"@id\":\"https:\/\/cacaunews.com\/#\/schema\/logo\/image\/\",\"url\":\"https:\/\/cacaunews.com\/wp-content\/uploads\/2025\/01\/cropped-LOGO-NOVA.png\",\"contentUrl\":\"https:\/\/cacaunews.com\/wp-content\/uploads\/2025\/01\/cropped-LOGO-NOVA.png\",\"width\":813,\"height\":813,\"caption\":\"Cacau News\"},\"image\":{\"@id\":\"https:\/\/cacaunews.com\/#\/schema\/logo\/image\/\"},\"sameAs\":[\"https:\/\/www.instagram.com\/cacaunews.online\/\",\"https:\/\/youtube.com\/@cacaunews?si=0VXLnjl08SrWbVG9\"]},{\"@type\":\"Person\",\"@id\":\"https:\/\/cacaunews.com\/#\/schema\/person\/ea69703103e606ad347ccd64bd72ef79\",\"name\":\"Reda\u00e7\u00e3o Cacau News\",\"image\":{\"@type\":\"ImageObject\",\"inLanguage\":\"pt-BR\",\"@id\":\"https:\/\/cacaunews.com\/#\/schema\/person\/image\/\",\"url\":\"https:\/\/secure.gravatar.com\/avatar\/d79227a2a7b6cc42e8d7a8f7c284cd3a?s=96&d=mm&r=g\",\"contentUrl\":\"https:\/\/secure.gravatar.com\/avatar\/d79227a2a7b6cc42e8d7a8f7c284cd3a?s=96&d=mm&r=g\",\"caption\":\"Reda\u00e7\u00e3o Cacau News\"},\"sameAs\":[\"https:\/\/cacaunews.com\"],\"url\":\"https:\/\/cacaunews.com\/?author=1\"}]}<\/script>\n<!-- \/ Yoast SEO plugin. -->","yoast_head_json":{"title":"Itabuna: L\u00edderes evang\u00e9licos repudiam conte\u00fado postado no perfil oficial do Ita Pedro. - Cacau News","robots":{"index":"index","follow":"follow","max-snippet":"max-snippet:-1","max-image-preview":"max-image-preview:large","max-video-preview":"max-video-preview:-1"},"canonical":"https:\/\/cacaunews.com\/?p=4889","og_locale":"pt_BR","og_type":"article","og_title":"Itabuna: L\u00edderes evang\u00e9licos repudiam conte\u00fado postado no perfil oficial do Ita Pedro. - Cacau News","og_description":"Come\u00e7a hoje (27) o festejo junino entitulado Ita Pedro em Itabuna, este realizado pela Prefeitura...","og_url":"https:\/\/cacaunews.com\/?p=4889","og_site_name":"Cacau News","article_published_time":"2024-06-27T18:18:44+00:00","article_modified_time":"2024-06-27T18:22:16+00:00","og_image":[{"width":1280,"height":1600,"url":"https:\/\/cacaunews.com\/wp-content\/uploads\/2024\/06\/IMG-20240627-WA0127.jpg","type":"image\/jpeg"}],"author":"Reda\u00e7\u00e3o Cacau News","twitter_card":"summary_large_image","twitter_misc":{"Escrito por":"Reda\u00e7\u00e3o Cacau News","Est. tempo de leitura":"1 minuto"},"schema":{"@context":"https:\/\/schema.org","@graph":[{"@type":"Article","@id":"https:\/\/cacaunews.com\/?p=4889#article","isPartOf":{"@id":"https:\/\/cacaunews.com\/?p=4889"},"author":{"name":"Reda\u00e7\u00e3o Cacau News","@id":"https:\/\/cacaunews.com\/#\/schema\/person\/ea69703103e606ad347ccd64bd72ef79"},"headline":"Itabuna: L\u00edderes evang\u00e9licos repudiam conte\u00fado postado no perfil oficial do Ita Pedro.","datePublished":"2024-06-27T18:18:44+00:00","dateModified":"2024-06-27T18:22:16+00:00","mainEntityOfPage":{"@id":"https:\/\/cacaunews.com\/?p=4889"},"wordCount":215,"commentCount":0,"publisher":{"@id":"https:\/\/cacaunews.com\/#organization"},"keywords":["evang\u00e9licos","itabuna","redes sociais","rep\u00fadio"],"articleSection":["Cultura","Internet","Jornalismo"],"inLanguage":"pt-BR","potentialAction":[{"@type":"CommentAction","name":"Comment","target":["https:\/\/cacaunews.com\/?p=4889#respond"]}]},{"@type":"WebPage","@id":"https:\/\/cacaunews.com\/?p=4889","url":"https:\/\/cacaunews.com\/?p=4889","name":"Itabuna: L\u00edderes evang\u00e9licos repudiam conte\u00fado postado no perfil oficial do Ita Pedro. - Cacau News","isPartOf":{"@id":"https:\/\/cacaunews.com\/#website"},"datePublished":"2024-06-27T18:18:44+00:00","dateModified":"2024-06-27T18:22:16+00:00","breadcrumb":{"@id":"https:\/\/cacaunews.com\/?p=4889#breadcrumb"},"inLanguage":"pt-BR","potentialAction":[{"@type":"ReadAction","target":["https:\/\/cacaunews.com\/?p=4889"]}]},{"@type":"BreadcrumbList","@id":"https:\/\/cacaunews.com\/?p=4889#breadcrumb","itemListElement":[{"@type":"ListItem","position":1,"name":"In\u00edcio","item":"https:\/\/cacaunews.com\/"},{"@type":"ListItem","position":2,"name":"Itabuna: L\u00edderes evang\u00e9licos repudiam conte\u00fado postado no perfil oficial do Ita Pedro."}]},{"@type":"WebSite","@id":"https:\/\/cacaunews.com\/#website","url":"https:\/\/cacaunews.com\/","name":"Cacau News","description":"A Informa\u00e7\u00e3o que voc\u00ea precisa!","publisher":{"@id":"https:\/\/cacaunews.com\/#organization"},"potentialAction":[{"@type":"SearchAction","target":{"@type":"EntryPoint","urlTemplate":"https:\/\/cacaunews.com\/?s={search_term_string}"},"query-input":"required name=search_term_string"}],"inLanguage":"pt-BR"},{"@type":"Organization","@id":"https:\/\/cacaunews.com\/#organization","name":"Cacau News","url":"https:\/\/cacaunews.com\/","logo":{"@type":"ImageObject","inLanguage":"pt-BR","@id":"https:\/\/cacaunews.com\/#\/schema\/logo\/image\/","url":"https:\/\/cacaunews.com\/wp-content\/uploads\/2025\/01\/cropped-LOGO-NOVA.png","contentUrl":"https:\/\/cacaunews.com\/wp-content\/uploads\/2025\/01\/cropped-LOGO-NOVA.png","width":813,"height":813,"caption":"Cacau News"},"image":{"@id":"https:\/\/cacaunews.com\/#\/schema\/logo\/image\/"},"sameAs":["https:\/\/www.instagram.com\/cacaunews.online\/","https:\/\/youtube.com\/@cacaunews?si=0VXLnjl08SrWbVG9"]},{"@type":"Person","@id":"https:\/\/cacaunews.com\/#\/schema\/person\/ea69703103e606ad347ccd64bd72ef79","name":"Reda\u00e7\u00e3o Cacau News","image":{"@type":"ImageObject","inLanguage":"pt-BR","@id":"https:\/\/cacaunews.com\/#\/schema\/person\/image\/","url":"https:\/\/secure.gravatar.com\/avatar\/d79227a2a7b6cc42e8d7a8f7c284cd3a?s=96&d=mm&r=g","contentUrl":"https:\/\/secure.gravatar.com\/avatar\/d79227a2a7b6cc42e8d7a8f7c284cd3a?s=96&d=mm&r=g","caption":"Reda\u00e7\u00e3o Cacau News"},"sameAs":["https:\/\/cacaunews.com"],"url":"https:\/\/cacaunews.com\/?author=1"}]}},"jetpack_sharing_enabled":true,"jetpack_featured_media_url":"https:\/\/cacaunews.com\/wp-content\/uploads\/2024\/06\/IMG-20240627-WA0127.jpg","_links":{"self":[{"href":"https:\/\/cacaunews.com\/index.php?rest_route=\/wp\/v2\/posts\/4889"}],"collection":[{"href":"https:\/\/cacaunews.com\/index.php?rest_route=\/wp\/v2\/posts"}],"about":[{"href":"https:\/\/cacaunews.com\/index.php?rest_route=\/wp\/v2\/types\/post"}],"author":[{"embeddable":true,"href":"https:\/\/cacaunews.com\/index.php?rest_route=\/wp\/v2\/users\/1"}],"replies":[{"embeddable":true,"href":"https:\/\/cacaunews.com\/index.php?rest_route=%2Fwp%2Fv2%2Fcomments&post=4889"}],"version-history":[{"count":1,"href":"https:\/\/cacaunews.com\/index.php?rest_route=\/wp\/v2\/posts\/4889\/revisions"}],"predecessor-version":[{"id":4890,"href":"https:\/\/cacaunews.com\/index.php?rest_route=\/wp\/v2\/posts\/4889\/revisions\/4890"}],"wp:featuredmedia":[{"embeddable":true,"href":"https:\/\/cacaunews.com\/index.php?rest_route=\/wp\/v2\/media\/4888"}],"wp:attachment":[{"href":"https:\/\/cacaunews.com\/index.php?rest_route=%2Fwp%2Fv2%2Fmedia&parent=4889"}],"wp:term":[{"taxonomy":"category","embeddable":true,"href":"https:\/\/cacaunews.com\/index.php?rest_route=%2Fwp%2Fv2%2Fcategories&post=4889"},{"taxonomy":"post_tag","embeddable":true,"href":"https:\/\/cacaunews.com\/index.php?rest_route=%2Fwp%2Fv2%2Ftags&post=4889"}],"curies":[{"name":"wp","href":"https:\/\/api.w.org\/{rel}","templated":true}]}}