{"id":4895,"date":"2024-07-01T21:02:55","date_gmt":"2024-07-01T21:02:55","guid":{"rendered":"https:\/\/cacaunews.com\/?p=4895"},"modified":"2024-07-01T21:02:55","modified_gmt":"2024-07-01T21:02:55","slug":"lutas-pela-independencia-do-brasil-na-bahia-passam-a-integrar-o-curriculo-escolar-da-educacao-basica","status":"publish","type":"post","link":"https:\/\/cacaunews.com\/?p=4895","title":{"rendered":"Lutas pela Independ\u00eancia do Brasil na Bahia passam a integrar o curr\u00edculo escolar da Educa\u00e7\u00e3o B\u00e1sica."},"content":{"rendered":"\n<p>A resolu\u00e7\u00e3o do Conselho Estadual de Educa\u00e7\u00e3o da Bahia (CEE), n\u00ba 125\/2024, de criar o componente curricular Hist\u00f3ria da Bahia na rede de ensino baiana, foi homologada pela Secretaria da Educa\u00e7\u00e3o do Estado, conforme publica\u00e7\u00e3o no Di\u00e1rio Oficial da \u00faltima quarta-feira (26). A iniciativa de inserir as lutas pela Independ\u00eancia do Brasil ocorridas na Bahia no curr\u00edculo escolar visa uma repara\u00e7\u00e3o hist\u00f3rica \u00e0 data do 2 de julho de 1823, que teve grande import\u00e2ncia para a configura\u00e7\u00e3o da na\u00e7\u00e3o brasileira. A pauta dever\u00e1 ganhar repercuss\u00e3o nacional a partir da solicita\u00e7\u00e3o do governador da Bahia, Jer\u00f4nimo Rodrigues, ao Minist\u00e9rio da Educa\u00e7\u00e3o, para que o assunto fa\u00e7a parte dos livros did\u00e1ticos de todo o pa\u00eds.<br><br>O governador Jer\u00f4nimo considera que a verdadeira hist\u00f3ria do Brasil n\u00e3o pode ser subtra\u00edda dos livros did\u00e1ticos que chegam \u00e0s escolas p\u00fablicas brasileiras. Durante as celebra\u00e7\u00f5es pela Independ\u00eancia do Brasil na Bahia, marcadas pela transfer\u00eancia simb\u00f3lica da sede do governo baiano para o munic\u00edpio de Cachoeira, na ter\u00e7a-feira passada (25), o chefe do executivo estadual anunciou que enviou ao Minist\u00e9rio da Educa\u00e7\u00e3o o pedido relativo \u00e0 inclus\u00e3o dos conte\u00fados hist\u00f3ricos referentes ao \u201c2 de Julho\u201d \u2013 marco hist\u00f3rico da Independ\u00eancia do Brasil na Bahia \u2013 nas publica\u00e7\u00f5es did\u00e1ticas dos ensinos Fundamental e M\u00e9dio que comp\u00f5em a pol\u00edtica do Programa Nacional do Livro Did\u00e1tico (PNLD).<\/p>\n\n\n\n<figure class=\"wp-block-image size-large\"><img fetchpriority=\"high\" decoding=\"async\" width=\"1024\" height=\"682\" src=\"https:\/\/cacaunews.com\/wp-content\/uploads\/2024\/07\/img-20240701-wa04028532208410013572256-1024x682.jpg\" alt=\"\" class=\"wp-image-4893\" srcset=\"https:\/\/cacaunews.com\/wp-content\/uploads\/2024\/07\/img-20240701-wa04028532208410013572256-1024x682.jpg 1024w, https:\/\/cacaunews.com\/wp-content\/uploads\/2024\/07\/img-20240701-wa04028532208410013572256-300x200.jpg 300w, https:\/\/cacaunews.com\/wp-content\/uploads\/2024\/07\/img-20240701-wa04028532208410013572256-768x512.jpg 768w, https:\/\/cacaunews.com\/wp-content\/uploads\/2024\/07\/img-20240701-wa04028532208410013572256-1536x1023.jpg 1536w, https:\/\/cacaunews.com\/wp-content\/uploads\/2024\/07\/img-20240701-wa04028532208410013572256.jpg 1600w\" sizes=\"(max-width: 1024px) 100vw, 1024px\" \/><\/figure>\n\n\n\n<p><br><br>A secret\u00e1ria estadual da Educa\u00e7\u00e3o, Rowenna Brito, destacou a import\u00e2ncia da iniciativa. \u201cEsta \u00e9 uma a\u00e7\u00e3o necess\u00e1ria para que possamos incluir nos editais do Programa Nacional do Livro Did\u00e1tico as lutas pela Independ\u00eancia do Brasil, a partir da \u00f3tica da Bahia. A gente orienta o Minist\u00e9rio da Educa\u00e7\u00e3o nesse sentido para que essa mem\u00f3ria n\u00e3o fique restrita apenas \u00e0 Bahia e para que estudantes do pa\u00eds inteiro passem a conhecer a verdadeira hist\u00f3ria de independ\u00eancia do povo brasileiro.<br><br>A celebra\u00e7\u00e3o da data do 2 de julho de 1823 se configura como um marco hist\u00f3rico de extraordin\u00e1ria import\u00e2ncia para o Brasil, em um processo de luta e batalha do povo baiano. A mobiliza\u00e7\u00e3o em Salvador e em diversas cidades das regi\u00f5es do Rec\u00f4ncavo, do Litoral Sul e do Sert\u00e3o Baiano representou a resist\u00eancia para a emancipa\u00e7\u00e3o da Bahia com rela\u00e7\u00e3o ao dom\u00ednio colonial portugu\u00eas, ocorrida em 1823, durante as lutas pela separa\u00e7\u00e3o pol\u00edtica do pa\u00eds. O processo culminou na data da Independ\u00eancia da Bahia, considerada de grande signific\u00e2ncia na participa\u00e7\u00e3o de movimentos ao envolver representantes do povo negro e escravizado que se identificaram com o sonho de estabelecimento de um pa\u00eds independente do jugo portugu\u00eas e dos grupos que ainda permaneciam atrelados aos ideais n\u00e3o republicanos e escravocratas. <br><br>Para renomados pesquisadores e historiadores brasileiros e internacionais, a Independ\u00eancia do Brasil de Portugal s\u00f3 foi efetivada com as lutas que se iniciaram em Cachoeira, tendo desfecho na \u201cBatalha de Piraj\u00e1\u201d, em Salvador. O governador Jer\u00f4nimo destacou que ser\u00e1 disponibilizada a estrutura administrativa, acad\u00eamica e educacional vinculada ao Governo da Bahia necess\u00e1ria para compor os conte\u00fados, sem \u00f4nus para o Minist\u00e9rio da Educa\u00e7\u00e3o. Al\u00e9m disso, ainda conforme o governador, ser\u00e1 oferecida a organiza\u00e7\u00e3o do arcabou\u00e7o hist\u00f3rico e documental, a fim de subsidiar a estrat\u00e9gia de constru\u00e7\u00e3o dos pr\u00f3ximos editais do PNDL.<\/p>\n","protected":false},"excerpt":{"rendered":"<p>A resolu\u00e7\u00e3o do Conselho Estadual de Educa\u00e7\u00e3o da Bahia (CEE), n\u00ba 125\/2024, de criar o&#8230;<\/p>\n","protected":false},"author":1,"featured_media":4894,"comment_status":"open","ping_status":"open","sticky":false,"template":"","format":"standard","meta":{"footnotes":""},"categories":[4,11],"tags":[39,33,1775,1776],"yoast_head":"<!-- This site is optimized with the Yoast SEO plugin v21.7 - https:\/\/yoast.com\/wordpress\/plugins\/seo\/ -->\n<title>Lutas pela Independ\u00eancia do Brasil na Bahia passam a integrar o curr\u00edculo escolar da Educa\u00e7\u00e3o B\u00e1sica. - Cacau News<\/title>\n<meta name=\"robots\" content=\"index, follow, max-snippet:-1, max-image-preview:large, max-video-preview:-1\" \/>\n<link rel=\"canonical\" href=\"https:\/\/cacaunews.com\/?p=4895\" \/>\n<meta property=\"og:locale\" content=\"pt_BR\" \/>\n<meta property=\"og:type\" content=\"article\" \/>\n<meta property=\"og:title\" content=\"Lutas pela Independ\u00eancia do Brasil na Bahia passam a integrar o curr\u00edculo escolar da Educa\u00e7\u00e3o B\u00e1sica. - Cacau News\" \/>\n<meta property=\"og:description\" content=\"A resolu\u00e7\u00e3o do Conselho Estadual de Educa\u00e7\u00e3o da Bahia (CEE), n\u00ba 125\/2024, de criar o...\" \/>\n<meta property=\"og:url\" content=\"https:\/\/cacaunews.com\/?p=4895\" \/>\n<meta property=\"og:site_name\" content=\"Cacau News\" \/>\n<meta property=\"article:published_time\" content=\"2024-07-01T21:02:55+00:00\" \/>\n<meta property=\"og:image\" content=\"https:\/\/cacaunews.com\/wp-content\/uploads\/2024\/07\/img-20240701-wa04028532208410013572256-1024x682.jpg\" \/>\n<meta name=\"author\" content=\"Reda\u00e7\u00e3o Cacau News\" \/>\n<meta name=\"twitter:card\" content=\"summary_large_image\" \/>\n<meta name=\"twitter:label1\" content=\"Escrito por\" \/>\n\t<meta name=\"twitter:data1\" content=\"Reda\u00e7\u00e3o Cacau News\" \/>\n\t<meta name=\"twitter:label2\" content=\"Est. tempo de leitura\" \/>\n\t<meta name=\"twitter:data2\" content=\"3 minutos\" \/>\n<script type=\"application\/ld+json\" class=\"yoast-schema-graph\">{\"@context\":\"https:\/\/schema.org\",\"@graph\":[{\"@type\":\"Article\",\"@id\":\"https:\/\/cacaunews.com\/?p=4895#article\",\"isPartOf\":{\"@id\":\"https:\/\/cacaunews.com\/?p=4895\"},\"author\":{\"name\":\"Reda\u00e7\u00e3o Cacau News\",\"@id\":\"https:\/\/cacaunews.com\/#\/schema\/person\/ea69703103e606ad347ccd64bd72ef79\"},\"headline\":\"Lutas pela Independ\u00eancia do Brasil na Bahia passam a integrar o curr\u00edculo escolar da Educa\u00e7\u00e3o B\u00e1sica.\",\"datePublished\":\"2024-07-01T21:02:55+00:00\",\"dateModified\":\"2024-07-01T21:02:55+00:00\",\"mainEntityOfPage\":{\"@id\":\"https:\/\/cacaunews.com\/?p=4895\"},\"wordCount\":616,\"commentCount\":0,\"publisher\":{\"@id\":\"https:\/\/cacaunews.com\/#organization\"},\"keywords\":[\"bahia\",\"educa\u00e7\u00e3o\",\"ensino\",\"hist\u00f3ria\"],\"articleSection\":[\"Internet\",\"Jornalismo\"],\"inLanguage\":\"pt-BR\",\"potentialAction\":[{\"@type\":\"CommentAction\",\"name\":\"Comment\",\"target\":[\"https:\/\/cacaunews.com\/?p=4895#respond\"]}]},{\"@type\":\"WebPage\",\"@id\":\"https:\/\/cacaunews.com\/?p=4895\",\"url\":\"https:\/\/cacaunews.com\/?p=4895\",\"name\":\"Lutas pela Independ\u00eancia do Brasil na Bahia passam a integrar o curr\u00edculo escolar da Educa\u00e7\u00e3o B\u00e1sica. - Cacau News\",\"isPartOf\":{\"@id\":\"https:\/\/cacaunews.com\/#website\"},\"datePublished\":\"2024-07-01T21:02:55+00:00\",\"dateModified\":\"2024-07-01T21:02:55+00:00\",\"breadcrumb\":{\"@id\":\"https:\/\/cacaunews.com\/?p=4895#breadcrumb\"},\"inLanguage\":\"pt-BR\",\"potentialAction\":[{\"@type\":\"ReadAction\",\"target\":[\"https:\/\/cacaunews.com\/?p=4895\"]}]},{\"@type\":\"BreadcrumbList\",\"@id\":\"https:\/\/cacaunews.com\/?p=4895#breadcrumb\",\"itemListElement\":[{\"@type\":\"ListItem\",\"position\":1,\"name\":\"In\u00edcio\",\"item\":\"https:\/\/cacaunews.com\/\"},{\"@type\":\"ListItem\",\"position\":2,\"name\":\"Lutas pela Independ\u00eancia do Brasil na Bahia passam a integrar o curr\u00edculo escolar da Educa\u00e7\u00e3o B\u00e1sica.\"}]},{\"@type\":\"WebSite\",\"@id\":\"https:\/\/cacaunews.com\/#website\",\"url\":\"https:\/\/cacaunews.com\/\",\"name\":\"Cacau News\",\"description\":\"A Informa\u00e7\u00e3o que voc\u00ea precisa!\",\"publisher\":{\"@id\":\"https:\/\/cacaunews.com\/#organization\"},\"potentialAction\":[{\"@type\":\"SearchAction\",\"target\":{\"@type\":\"EntryPoint\",\"urlTemplate\":\"https:\/\/cacaunews.com\/?s={search_term_string}\"},\"query-input\":\"required name=search_term_string\"}],\"inLanguage\":\"pt-BR\"},{\"@type\":\"Organization\",\"@id\":\"https:\/\/cacaunews.com\/#organization\",\"name\":\"Cacau News\",\"url\":\"https:\/\/cacaunews.com\/\",\"logo\":{\"@type\":\"ImageObject\",\"inLanguage\":\"pt-BR\",\"@id\":\"https:\/\/cacaunews.com\/#\/schema\/logo\/image\/\",\"url\":\"https:\/\/cacaunews.com\/wp-content\/uploads\/2025\/01\/cropped-LOGO-NOVA.png\",\"contentUrl\":\"https:\/\/cacaunews.com\/wp-content\/uploads\/2025\/01\/cropped-LOGO-NOVA.png\",\"width\":813,\"height\":813,\"caption\":\"Cacau News\"},\"image\":{\"@id\":\"https:\/\/cacaunews.com\/#\/schema\/logo\/image\/\"},\"sameAs\":[\"https:\/\/www.instagram.com\/cacaunews.online\/\",\"https:\/\/youtube.com\/@cacaunews?si=0VXLnjl08SrWbVG9\"]},{\"@type\":\"Person\",\"@id\":\"https:\/\/cacaunews.com\/#\/schema\/person\/ea69703103e606ad347ccd64bd72ef79\",\"name\":\"Reda\u00e7\u00e3o Cacau News\",\"image\":{\"@type\":\"ImageObject\",\"inLanguage\":\"pt-BR\",\"@id\":\"https:\/\/cacaunews.com\/#\/schema\/person\/image\/\",\"url\":\"https:\/\/secure.gravatar.com\/avatar\/d79227a2a7b6cc42e8d7a8f7c284cd3a?s=96&d=mm&r=g\",\"contentUrl\":\"https:\/\/secure.gravatar.com\/avatar\/d79227a2a7b6cc42e8d7a8f7c284cd3a?s=96&d=mm&r=g\",\"caption\":\"Reda\u00e7\u00e3o Cacau News\"},\"sameAs\":[\"https:\/\/cacaunews.com\"],\"url\":\"https:\/\/cacaunews.com\/?author=1\"}]}<\/script>\n<!-- \/ Yoast SEO plugin. -->","yoast_head_json":{"title":"Lutas pela Independ\u00eancia do Brasil na Bahia passam a integrar o curr\u00edculo escolar da Educa\u00e7\u00e3o B\u00e1sica. - Cacau News","robots":{"index":"index","follow":"follow","max-snippet":"max-snippet:-1","max-image-preview":"max-image-preview:large","max-video-preview":"max-video-preview:-1"},"canonical":"https:\/\/cacaunews.com\/?p=4895","og_locale":"pt_BR","og_type":"article","og_title":"Lutas pela Independ\u00eancia do Brasil na Bahia passam a integrar o curr\u00edculo escolar da Educa\u00e7\u00e3o B\u00e1sica. - Cacau News","og_description":"A resolu\u00e7\u00e3o do Conselho Estadual de Educa\u00e7\u00e3o da Bahia (CEE), n\u00ba 125\/2024, de criar o...","og_url":"https:\/\/cacaunews.com\/?p=4895","og_site_name":"Cacau News","article_published_time":"2024-07-01T21:02:55+00:00","og_image":[{"url":"https:\/\/cacaunews.com\/wp-content\/uploads\/2024\/07\/img-20240701-wa04028532208410013572256-1024x682.jpg"}],"author":"Reda\u00e7\u00e3o Cacau News","twitter_card":"summary_large_image","twitter_misc":{"Escrito por":"Reda\u00e7\u00e3o Cacau News","Est. tempo de leitura":"3 minutos"},"schema":{"@context":"https:\/\/schema.org","@graph":[{"@type":"Article","@id":"https:\/\/cacaunews.com\/?p=4895#article","isPartOf":{"@id":"https:\/\/cacaunews.com\/?p=4895"},"author":{"name":"Reda\u00e7\u00e3o Cacau News","@id":"https:\/\/cacaunews.com\/#\/schema\/person\/ea69703103e606ad347ccd64bd72ef79"},"headline":"Lutas pela Independ\u00eancia do Brasil na Bahia passam a integrar o curr\u00edculo escolar da Educa\u00e7\u00e3o B\u00e1sica.","datePublished":"2024-07-01T21:02:55+00:00","dateModified":"2024-07-01T21:02:55+00:00","mainEntityOfPage":{"@id":"https:\/\/cacaunews.com\/?p=4895"},"wordCount":616,"commentCount":0,"publisher":{"@id":"https:\/\/cacaunews.com\/#organization"},"keywords":["bahia","educa\u00e7\u00e3o","ensino","hist\u00f3ria"],"articleSection":["Internet","Jornalismo"],"inLanguage":"pt-BR","potentialAction":[{"@type":"CommentAction","name":"Comment","target":["https:\/\/cacaunews.com\/?p=4895#respond"]}]},{"@type":"WebPage","@id":"https:\/\/cacaunews.com\/?p=4895","url":"https:\/\/cacaunews.com\/?p=4895","name":"Lutas pela Independ\u00eancia do Brasil na Bahia passam a integrar o curr\u00edculo escolar da Educa\u00e7\u00e3o B\u00e1sica. - Cacau News","isPartOf":{"@id":"https:\/\/cacaunews.com\/#website"},"datePublished":"2024-07-01T21:02:55+00:00","dateModified":"2024-07-01T21:02:55+00:00","breadcrumb":{"@id":"https:\/\/cacaunews.com\/?p=4895#breadcrumb"},"inLanguage":"pt-BR","potentialAction":[{"@type":"ReadAction","target":["https:\/\/cacaunews.com\/?p=4895"]}]},{"@type":"BreadcrumbList","@id":"https:\/\/cacaunews.com\/?p=4895#breadcrumb","itemListElement":[{"@type":"ListItem","position":1,"name":"In\u00edcio","item":"https:\/\/cacaunews.com\/"},{"@type":"ListItem","position":2,"name":"Lutas pela Independ\u00eancia do Brasil na Bahia passam a integrar o curr\u00edculo escolar da Educa\u00e7\u00e3o B\u00e1sica."}]},{"@type":"WebSite","@id":"https:\/\/cacaunews.com\/#website","url":"https:\/\/cacaunews.com\/","name":"Cacau News","description":"A Informa\u00e7\u00e3o que voc\u00ea precisa!","publisher":{"@id":"https:\/\/cacaunews.com\/#organization"},"potentialAction":[{"@type":"SearchAction","target":{"@type":"EntryPoint","urlTemplate":"https:\/\/cacaunews.com\/?s={search_term_string}"},"query-input":"required name=search_term_string"}],"inLanguage":"pt-BR"},{"@type":"Organization","@id":"https:\/\/cacaunews.com\/#organization","name":"Cacau News","url":"https:\/\/cacaunews.com\/","logo":{"@type":"ImageObject","inLanguage":"pt-BR","@id":"https:\/\/cacaunews.com\/#\/schema\/logo\/image\/","url":"https:\/\/cacaunews.com\/wp-content\/uploads\/2025\/01\/cropped-LOGO-NOVA.png","contentUrl":"https:\/\/cacaunews.com\/wp-content\/uploads\/2025\/01\/cropped-LOGO-NOVA.png","width":813,"height":813,"caption":"Cacau News"},"image":{"@id":"https:\/\/cacaunews.com\/#\/schema\/logo\/image\/"},"sameAs":["https:\/\/www.instagram.com\/cacaunews.online\/","https:\/\/youtube.com\/@cacaunews?si=0VXLnjl08SrWbVG9"]},{"@type":"Person","@id":"https:\/\/cacaunews.com\/#\/schema\/person\/ea69703103e606ad347ccd64bd72ef79","name":"Reda\u00e7\u00e3o Cacau News","image":{"@type":"ImageObject","inLanguage":"pt-BR","@id":"https:\/\/cacaunews.com\/#\/schema\/person\/image\/","url":"https:\/\/secure.gravatar.com\/avatar\/d79227a2a7b6cc42e8d7a8f7c284cd3a?s=96&d=mm&r=g","contentUrl":"https:\/\/secure.gravatar.com\/avatar\/d79227a2a7b6cc42e8d7a8f7c284cd3a?s=96&d=mm&r=g","caption":"Reda\u00e7\u00e3o Cacau News"},"sameAs":["https:\/\/cacaunews.com"],"url":"https:\/\/cacaunews.com\/?author=1"}]}},"jetpack_sharing_enabled":true,"jetpack_featured_media_url":"https:\/\/cacaunews.com\/wp-content\/uploads\/2024\/07\/IMG-20240701-WA0401.jpg","_links":{"self":[{"href":"https:\/\/cacaunews.com\/index.php?rest_route=\/wp\/v2\/posts\/4895"}],"collection":[{"href":"https:\/\/cacaunews.com\/index.php?rest_route=\/wp\/v2\/posts"}],"about":[{"href":"https:\/\/cacaunews.com\/index.php?rest_route=\/wp\/v2\/types\/post"}],"author":[{"embeddable":true,"href":"https:\/\/cacaunews.com\/index.php?rest_route=\/wp\/v2\/users\/1"}],"replies":[{"embeddable":true,"href":"https:\/\/cacaunews.com\/index.php?rest_route=%2Fwp%2Fv2%2Fcomments&post=4895"}],"version-history":[{"count":0,"href":"https:\/\/cacaunews.com\/index.php?rest_route=\/wp\/v2\/posts\/4895\/revisions"}],"wp:featuredmedia":[{"embeddable":true,"href":"https:\/\/cacaunews.com\/index.php?rest_route=\/wp\/v2\/media\/4894"}],"wp:attachment":[{"href":"https:\/\/cacaunews.com\/index.php?rest_route=%2Fwp%2Fv2%2Fmedia&parent=4895"}],"wp:term":[{"taxonomy":"category","embeddable":true,"href":"https:\/\/cacaunews.com\/index.php?rest_route=%2Fwp%2Fv2%2Fcategories&post=4895"},{"taxonomy":"post_tag","embeddable":true,"href":"https:\/\/cacaunews.com\/index.php?rest_route=%2Fwp%2Fv2%2Ftags&post=4895"}],"curies":[{"name":"wp","href":"https:\/\/api.w.org\/{rel}","templated":true}]}}