{"id":4918,"date":"2024-07-13T15:26:06","date_gmt":"2024-07-13T15:26:06","guid":{"rendered":"https:\/\/cacaunews.com\/?p=4918"},"modified":"2024-07-13T15:26:06","modified_gmt":"2024-07-13T15:26:06","slug":"ilheus-em-carta-publica-jabes-ribeiro-anuncia-desistencia-de-candidatura-saiba-mais","status":"publish","type":"post","link":"https:\/\/cacaunews.com\/?p=4918","title":{"rendered":"Ilh\u00e9us: Em carta p\u00fablica, Jabes Ribeiro anuncia desist\u00eancia de candidatura; saiba mais."},"content":{"rendered":"\n<p>O ex prefeito de Ilh\u00e9us, Jabes Ribeiro (PP), anunciou em carta p\u00fablica que n\u00e3o ser\u00e1 candidato a prefeito da cidade nas elei\u00e7\u00f5es deste ano. Leia na \u00edntegra:<\/p>\n\n\n\n<p>CARTA AOS ILHEENSES<br><br>Ilheenses, companheiros(as) de caminhadas ao longo de mais de quatro d\u00e9cadas, amigas e amigos. Informo que n\u00e3o serei candidato a prefeito de Ilh\u00e9us.<br><br>Nesse per\u00edodo de pr\u00e9-campanha, trabalhei muito para formar uma chapa nas elei\u00e7\u00f5es deste ano que unisse EXPERI\u00caNCIA e JUVENTUDE em prol do futuro de nosso munic\u00edpio. N\u00e3o foi poss\u00edvel.<br><br>Refleti bastante, nos \u00faltimos dias, sobre a decis\u00e3o que tomaria. Ouvi as principais lideran\u00e7as pol\u00edticas dos partidos aliados que me apoiam, analisei a atual conjuntura pol\u00edtica, ouvi minha fam\u00edlia e tomei, certamente, a decis\u00e3o mais adequada para o presente cen\u00e1rio de Ilh\u00e9us. O tempo e os prazos da legisla\u00e7\u00e3o eleitoral exigem decis\u00f5es r\u00e1pidas. As conven\u00e7\u00f5es se aproximam e \u00e9 preciso organizar as campanhas majorit\u00e1rias e proporcionais.<br><br>Os Partidos do governo tendem a se unir no munic\u00edpio, por for\u00e7a da pol\u00edtica estadual. N\u00e3o interessa ao governo um enfrentamento, aqui em Ilh\u00e9us, entre o PT de Wagner, Jer\u00f4nimo e Rui e o PSD de Otto Alencar, afinal isso pode repercutir nas elei\u00e7\u00f5es de 2026.<\/p>\n\n\n\n<p>No campo da oposi\u00e7\u00e3o, a necessidade de juntar as nossas for\u00e7as foi debatida e defendida pelos partidos da \u201cFrente Ampla\u201d, formada por expressivas lideran\u00e7as pol\u00edticas, constitu\u00edda no ano passado, logo ap\u00f3s as \u00faltimas elei\u00e7\u00f5es. Afirmei que seria, e sou, um defensor permanente da unidade. Em nome da lealdade aos compromissos assumidos, retiro a minha pr\u00e9-candidatura a prefeito de Ilh\u00e9us.<br><br>A dire\u00e7\u00e3o do Progressistas municipal solicitou uma reuni\u00e3o com a Frente Ampla, para comunicar oficialmente essa decis\u00e3o e construir a melhor estrat\u00e9gia para as elei\u00e7\u00f5es que se aproximam.<br><br>Confesso que sonhei poder contribuir com a minha experi\u00eancia na organiza\u00e7\u00e3o da cidade para o seu anivers\u00e1rio de 500 anos.<\/p>\n\n\n\n<p>Nesses mais de oito meses de caminhada por todo o nosso munic\u00edpio, me deram muita alegria visitar tantas pessoas queridas, que me receberam com imenso carinho, em especial nos distritos, bairros mais afastados do centro e nos morros de Ilh\u00e9us. Sou muito grato a essa parcela t\u00e3o significativa da popula\u00e7\u00e3o, que sofre a falta dos servi\u00e7os p\u00fablicos essenciais, mas continua na esperan\u00e7a de dias melhores. A inseguran\u00e7a p\u00fablica \u00e9 vis\u00edvel. Em alguns locais, prospera a lei do mais forte. N\u00e3o h\u00e1 um s\u00f3 policial nos dez distritos do interior, que re\u00fanem mais de 15 mil ilheenses.<br><br>Ao longo dos meus mandatos como prefeito, testemunhei momentos de apogeu e imensas dificuldades ap\u00f3s a crise do cacau. Na d\u00e9cada de 80, realizei um governo que teve o apoio da imensa maioria do nosso povo, com o maior investimento j\u00e1 realizado na melhoria da infraestrutura do munic\u00edpio, em uma \u00e9poca que circulava riqueza e a prefeitura tinha recursos para investir. A partir de 1997, a realidade era outra, menos recursos para investimentos e a cidade apresentava bem mais problemas por conta do aumento da popula\u00e7\u00e3o mais necessitada. Mesmo assim, trabalhamos e conseguimos avan\u00e7os significativos em diversas \u00e1reas.<br><br>O meu \u00faltimo mandato, encerrado em 2016, foi o mais dif\u00edcil e exigiu muita responsabilidade no cuidado com as contas p\u00fablicas do munic\u00edpio, para garantir o cumprimento da Lei.<br><br>Trabalhamos muito para conseguir obras estruturantes para a cidade, a exemplo da bela ponte estaiada que liga o Centro ao Pontal e \u00e0 Zona Sul, o Hospital Costa do Cacau, os projetos habitacionais e outras a\u00e7\u00f5es importantes para o desenvolvimento econ\u00f4mico e social de Ilh\u00e9us.<br><br>Mas, sem as medidas de controle dos gastos p\u00fablicos n\u00e3o ter\u00edamos chegado ao final do governo com as contas organizadas e os sal\u00e1rios dos servidores pagos rigorosamente em dia.<br><br>A reforma do C\u00f3digo Tribut\u00e1rio foi essencial para recuperar a capacidade do munic\u00edpio em honrar com seus compromissos. As poss\u00edveis distor\u00e7\u00f5es j\u00e1 deveriam ter sido resolvidas. Gosto de lembrar que os mais pobres da popula\u00e7\u00e3o foram isentos de qualquer pagamento.<br><br>Em todos os mandatos, dediquei uma aten\u00e7\u00e3o especial \u00e0 preserva\u00e7\u00e3o do patrim\u00f4nio hist\u00f3rico e cultural do nosso munic\u00edpio. Quem ama, cuida!<br><br>Fui firme na defesa dos interesses de Ilh\u00e9us, sempre que se fez necess\u00e1rio. A luta contra a divis\u00e3o territorial na d\u00e9cada de 80, a presen\u00e7a nos movimentos municipalistas, atrav\u00e9s da Amurc e outras entidades estaduais e nacionais, a atra\u00e7\u00e3o de equipamentos e investimentos p\u00fablicos e privados, permearam as a\u00e7\u00f5es dos nossos mandatos.<br><br>Agrade\u00e7o a contribui\u00e7\u00e3o e apoio das dire\u00e7\u00f5es estaduais do meu partido, nas pessoas dos dirigentes deputado federal Mario J\u00fanior e Cac\u00e1 Le\u00e3o e dos l\u00edderes do Uni\u00e3o Brasil, ex-prefeito de Salvador e dirigente nacional ACM Neto e o atual prefeito Bruno Reis. Sou grato a todos que participaram dessa caminhada.<br><br>Continuarei na Secretaria Geral do Progressistas da Bahia, participando ativamente da vida partid\u00e1ria e pol\u00edtica de Ilh\u00e9us, cidade que me acolheu ainda bem jovem e me honrou com quatro mandatos de prefeito, al\u00e9m de outras responsabilidades na esfera estadual e federal.<br><br>Enquanto tiver vida e sa\u00fade, estarei trabalhando por ILH\u00c9US.<br><br>Ilh\u00e9us, Julho de 2024.<br><br>JABES RIBEIRO<\/p>\n","protected":false},"excerpt":{"rendered":"<p>O ex prefeito de Ilh\u00e9us, Jabes Ribeiro (PP), anunciou em carta p\u00fablica que n\u00e3o ser\u00e1&#8230;<\/p>\n","protected":false},"author":1,"featured_media":4917,"comment_status":"open","ping_status":"open","sticky":false,"template":"","format":"standard","meta":{"footnotes":""},"categories":[18,11,5],"tags":[1785,37,1784,26],"yoast_head":"<!-- This site is optimized with the Yoast SEO plugin v21.7 - https:\/\/yoast.com\/wordpress\/plugins\/seo\/ -->\n<title>Ilh\u00e9us: Em carta p\u00fablica, Jabes Ribeiro anuncia desist\u00eancia de candidatura; saiba mais. - Cacau News<\/title>\n<meta name=\"robots\" content=\"index, follow, max-snippet:-1, max-image-preview:large, max-video-preview:-1\" \/>\n<link rel=\"canonical\" href=\"https:\/\/cacaunews.com\/?p=4918\" \/>\n<meta property=\"og:locale\" content=\"pt_BR\" \/>\n<meta property=\"og:type\" content=\"article\" \/>\n<meta property=\"og:title\" content=\"Ilh\u00e9us: Em carta p\u00fablica, Jabes Ribeiro anuncia desist\u00eancia de candidatura; saiba mais. - Cacau News\" \/>\n<meta property=\"og:description\" content=\"O ex prefeito de Ilh\u00e9us, Jabes Ribeiro (PP), anunciou em carta p\u00fablica que n\u00e3o ser\u00e1...\" \/>\n<meta property=\"og:url\" content=\"https:\/\/cacaunews.com\/?p=4918\" \/>\n<meta property=\"og:site_name\" content=\"Cacau News\" \/>\n<meta property=\"article:published_time\" content=\"2024-07-13T15:26:06+00:00\" \/>\n<meta name=\"author\" content=\"Reda\u00e7\u00e3o Cacau News\" \/>\n<meta name=\"twitter:card\" content=\"summary_large_image\" \/>\n<meta name=\"twitter:label1\" content=\"Escrito por\" \/>\n\t<meta name=\"twitter:data1\" content=\"Reda\u00e7\u00e3o Cacau News\" \/>\n\t<meta name=\"twitter:label2\" content=\"Est. tempo de leitura\" \/>\n\t<meta name=\"twitter:data2\" content=\"5 minutos\" \/>\n<script type=\"application\/ld+json\" class=\"yoast-schema-graph\">{\"@context\":\"https:\/\/schema.org\",\"@graph\":[{\"@type\":\"Article\",\"@id\":\"https:\/\/cacaunews.com\/?p=4918#article\",\"isPartOf\":{\"@id\":\"https:\/\/cacaunews.com\/?p=4918\"},\"author\":{\"name\":\"Reda\u00e7\u00e3o Cacau News\",\"@id\":\"https:\/\/cacaunews.com\/#\/schema\/person\/ea69703103e606ad347ccd64bd72ef79\"},\"headline\":\"Ilh\u00e9us: Em carta p\u00fablica, Jabes Ribeiro anuncia desist\u00eancia de candidatura; saiba mais.\",\"datePublished\":\"2024-07-13T15:26:06+00:00\",\"dateModified\":\"2024-07-13T15:26:06+00:00\",\"mainEntityOfPage\":{\"@id\":\"https:\/\/cacaunews.com\/?p=4918\"},\"wordCount\":933,\"commentCount\":0,\"publisher\":{\"@id\":\"https:\/\/cacaunews.com\/#organization\"},\"keywords\":[\"desistencia\",\"ilheus\",\"Jabes Ribeiro\",\"politica\"],\"articleSection\":[\"cidades\",\"Jornalismo\",\"Politica\"],\"inLanguage\":\"pt-BR\",\"potentialAction\":[{\"@type\":\"CommentAction\",\"name\":\"Comment\",\"target\":[\"https:\/\/cacaunews.com\/?p=4918#respond\"]}]},{\"@type\":\"WebPage\",\"@id\":\"https:\/\/cacaunews.com\/?p=4918\",\"url\":\"https:\/\/cacaunews.com\/?p=4918\",\"name\":\"Ilh\u00e9us: Em carta p\u00fablica, Jabes Ribeiro anuncia desist\u00eancia de candidatura; saiba mais. - Cacau News\",\"isPartOf\":{\"@id\":\"https:\/\/cacaunews.com\/#website\"},\"datePublished\":\"2024-07-13T15:26:06+00:00\",\"dateModified\":\"2024-07-13T15:26:06+00:00\",\"breadcrumb\":{\"@id\":\"https:\/\/cacaunews.com\/?p=4918#breadcrumb\"},\"inLanguage\":\"pt-BR\",\"potentialAction\":[{\"@type\":\"ReadAction\",\"target\":[\"https:\/\/cacaunews.com\/?p=4918\"]}]},{\"@type\":\"BreadcrumbList\",\"@id\":\"https:\/\/cacaunews.com\/?p=4918#breadcrumb\",\"itemListElement\":[{\"@type\":\"ListItem\",\"position\":1,\"name\":\"In\u00edcio\",\"item\":\"https:\/\/cacaunews.com\/\"},{\"@type\":\"ListItem\",\"position\":2,\"name\":\"Ilh\u00e9us: Em carta p\u00fablica, Jabes Ribeiro anuncia desist\u00eancia de candidatura; saiba mais.\"}]},{\"@type\":\"WebSite\",\"@id\":\"https:\/\/cacaunews.com\/#website\",\"url\":\"https:\/\/cacaunews.com\/\",\"name\":\"Cacau News\",\"description\":\"A Informa\u00e7\u00e3o que voc\u00ea precisa!\",\"publisher\":{\"@id\":\"https:\/\/cacaunews.com\/#organization\"},\"potentialAction\":[{\"@type\":\"SearchAction\",\"target\":{\"@type\":\"EntryPoint\",\"urlTemplate\":\"https:\/\/cacaunews.com\/?s={search_term_string}\"},\"query-input\":\"required name=search_term_string\"}],\"inLanguage\":\"pt-BR\"},{\"@type\":\"Organization\",\"@id\":\"https:\/\/cacaunews.com\/#organization\",\"name\":\"Cacau News\",\"url\":\"https:\/\/cacaunews.com\/\",\"logo\":{\"@type\":\"ImageObject\",\"inLanguage\":\"pt-BR\",\"@id\":\"https:\/\/cacaunews.com\/#\/schema\/logo\/image\/\",\"url\":\"https:\/\/cacaunews.com\/wp-content\/uploads\/2025\/01\/cropped-LOGO-NOVA.png\",\"contentUrl\":\"https:\/\/cacaunews.com\/wp-content\/uploads\/2025\/01\/cropped-LOGO-NOVA.png\",\"width\":813,\"height\":813,\"caption\":\"Cacau News\"},\"image\":{\"@id\":\"https:\/\/cacaunews.com\/#\/schema\/logo\/image\/\"},\"sameAs\":[\"https:\/\/www.instagram.com\/cacaunews.online\/\",\"https:\/\/youtube.com\/@cacaunews?si=0VXLnjl08SrWbVG9\"]},{\"@type\":\"Person\",\"@id\":\"https:\/\/cacaunews.com\/#\/schema\/person\/ea69703103e606ad347ccd64bd72ef79\",\"name\":\"Reda\u00e7\u00e3o Cacau News\",\"image\":{\"@type\":\"ImageObject\",\"inLanguage\":\"pt-BR\",\"@id\":\"https:\/\/cacaunews.com\/#\/schema\/person\/image\/\",\"url\":\"https:\/\/secure.gravatar.com\/avatar\/d79227a2a7b6cc42e8d7a8f7c284cd3a?s=96&d=mm&r=g\",\"contentUrl\":\"https:\/\/secure.gravatar.com\/avatar\/d79227a2a7b6cc42e8d7a8f7c284cd3a?s=96&d=mm&r=g\",\"caption\":\"Reda\u00e7\u00e3o Cacau News\"},\"sameAs\":[\"https:\/\/cacaunews.com\"],\"url\":\"https:\/\/cacaunews.com\/?author=1\"}]}<\/script>\n<!-- \/ Yoast SEO plugin. -->","yoast_head_json":{"title":"Ilh\u00e9us: Em carta p\u00fablica, Jabes Ribeiro anuncia desist\u00eancia de candidatura; saiba mais. - Cacau News","robots":{"index":"index","follow":"follow","max-snippet":"max-snippet:-1","max-image-preview":"max-image-preview:large","max-video-preview":"max-video-preview:-1"},"canonical":"https:\/\/cacaunews.com\/?p=4918","og_locale":"pt_BR","og_type":"article","og_title":"Ilh\u00e9us: Em carta p\u00fablica, Jabes Ribeiro anuncia desist\u00eancia de candidatura; saiba mais. - Cacau News","og_description":"O ex prefeito de Ilh\u00e9us, Jabes Ribeiro (PP), anunciou em carta p\u00fablica que n\u00e3o ser\u00e1...","og_url":"https:\/\/cacaunews.com\/?p=4918","og_site_name":"Cacau News","article_published_time":"2024-07-13T15:26:06+00:00","author":"Reda\u00e7\u00e3o Cacau News","twitter_card":"summary_large_image","twitter_misc":{"Escrito por":"Reda\u00e7\u00e3o Cacau News","Est. tempo de leitura":"5 minutos"},"schema":{"@context":"https:\/\/schema.org","@graph":[{"@type":"Article","@id":"https:\/\/cacaunews.com\/?p=4918#article","isPartOf":{"@id":"https:\/\/cacaunews.com\/?p=4918"},"author":{"name":"Reda\u00e7\u00e3o Cacau News","@id":"https:\/\/cacaunews.com\/#\/schema\/person\/ea69703103e606ad347ccd64bd72ef79"},"headline":"Ilh\u00e9us: Em carta p\u00fablica, Jabes Ribeiro anuncia desist\u00eancia de candidatura; saiba mais.","datePublished":"2024-07-13T15:26:06+00:00","dateModified":"2024-07-13T15:26:06+00:00","mainEntityOfPage":{"@id":"https:\/\/cacaunews.com\/?p=4918"},"wordCount":933,"commentCount":0,"publisher":{"@id":"https:\/\/cacaunews.com\/#organization"},"keywords":["desistencia","ilheus","Jabes Ribeiro","politica"],"articleSection":["cidades","Jornalismo","Politica"],"inLanguage":"pt-BR","potentialAction":[{"@type":"CommentAction","name":"Comment","target":["https:\/\/cacaunews.com\/?p=4918#respond"]}]},{"@type":"WebPage","@id":"https:\/\/cacaunews.com\/?p=4918","url":"https:\/\/cacaunews.com\/?p=4918","name":"Ilh\u00e9us: Em carta p\u00fablica, Jabes Ribeiro anuncia desist\u00eancia de candidatura; saiba mais. - Cacau News","isPartOf":{"@id":"https:\/\/cacaunews.com\/#website"},"datePublished":"2024-07-13T15:26:06+00:00","dateModified":"2024-07-13T15:26:06+00:00","breadcrumb":{"@id":"https:\/\/cacaunews.com\/?p=4918#breadcrumb"},"inLanguage":"pt-BR","potentialAction":[{"@type":"ReadAction","target":["https:\/\/cacaunews.com\/?p=4918"]}]},{"@type":"BreadcrumbList","@id":"https:\/\/cacaunews.com\/?p=4918#breadcrumb","itemListElement":[{"@type":"ListItem","position":1,"name":"In\u00edcio","item":"https:\/\/cacaunews.com\/"},{"@type":"ListItem","position":2,"name":"Ilh\u00e9us: Em carta p\u00fablica, Jabes Ribeiro anuncia desist\u00eancia de candidatura; saiba mais."}]},{"@type":"WebSite","@id":"https:\/\/cacaunews.com\/#website","url":"https:\/\/cacaunews.com\/","name":"Cacau News","description":"A Informa\u00e7\u00e3o que voc\u00ea precisa!","publisher":{"@id":"https:\/\/cacaunews.com\/#organization"},"potentialAction":[{"@type":"SearchAction","target":{"@type":"EntryPoint","urlTemplate":"https:\/\/cacaunews.com\/?s={search_term_string}"},"query-input":"required name=search_term_string"}],"inLanguage":"pt-BR"},{"@type":"Organization","@id":"https:\/\/cacaunews.com\/#organization","name":"Cacau News","url":"https:\/\/cacaunews.com\/","logo":{"@type":"ImageObject","inLanguage":"pt-BR","@id":"https:\/\/cacaunews.com\/#\/schema\/logo\/image\/","url":"https:\/\/cacaunews.com\/wp-content\/uploads\/2025\/01\/cropped-LOGO-NOVA.png","contentUrl":"https:\/\/cacaunews.com\/wp-content\/uploads\/2025\/01\/cropped-LOGO-NOVA.png","width":813,"height":813,"caption":"Cacau News"},"image":{"@id":"https:\/\/cacaunews.com\/#\/schema\/logo\/image\/"},"sameAs":["https:\/\/www.instagram.com\/cacaunews.online\/","https:\/\/youtube.com\/@cacaunews?si=0VXLnjl08SrWbVG9"]},{"@type":"Person","@id":"https:\/\/cacaunews.com\/#\/schema\/person\/ea69703103e606ad347ccd64bd72ef79","name":"Reda\u00e7\u00e3o Cacau News","image":{"@type":"ImageObject","inLanguage":"pt-BR","@id":"https:\/\/cacaunews.com\/#\/schema\/person\/image\/","url":"https:\/\/secure.gravatar.com\/avatar\/d79227a2a7b6cc42e8d7a8f7c284cd3a?s=96&d=mm&r=g","contentUrl":"https:\/\/secure.gravatar.com\/avatar\/d79227a2a7b6cc42e8d7a8f7c284cd3a?s=96&d=mm&r=g","caption":"Reda\u00e7\u00e3o Cacau News"},"sameAs":["https:\/\/cacaunews.com"],"url":"https:\/\/cacaunews.com\/?author=1"}]}},"jetpack_sharing_enabled":true,"jetpack_featured_media_url":"https:\/\/cacaunews.com\/wp-content\/uploads\/2024\/07\/images-2024-07-13T122414.839.jpeg","_links":{"self":[{"href":"https:\/\/cacaunews.com\/index.php?rest_route=\/wp\/v2\/posts\/4918"}],"collection":[{"href":"https:\/\/cacaunews.com\/index.php?rest_route=\/wp\/v2\/posts"}],"about":[{"href":"https:\/\/cacaunews.com\/index.php?rest_route=\/wp\/v2\/types\/post"}],"author":[{"embeddable":true,"href":"https:\/\/cacaunews.com\/index.php?rest_route=\/wp\/v2\/users\/1"}],"replies":[{"embeddable":true,"href":"https:\/\/cacaunews.com\/index.php?rest_route=%2Fwp%2Fv2%2Fcomments&post=4918"}],"version-history":[{"count":0,"href":"https:\/\/cacaunews.com\/index.php?rest_route=\/wp\/v2\/posts\/4918\/revisions"}],"wp:featuredmedia":[{"embeddable":true,"href":"https:\/\/cacaunews.com\/index.php?rest_route=\/wp\/v2\/media\/4917"}],"wp:attachment":[{"href":"https:\/\/cacaunews.com\/index.php?rest_route=%2Fwp%2Fv2%2Fmedia&parent=4918"}],"wp:term":[{"taxonomy":"category","embeddable":true,"href":"https:\/\/cacaunews.com\/index.php?rest_route=%2Fwp%2Fv2%2Fcategories&post=4918"},{"taxonomy":"post_tag","embeddable":true,"href":"https:\/\/cacaunews.com\/index.php?rest_route=%2Fwp%2Fv2%2Ftags&post=4918"}],"curies":[{"name":"wp","href":"https:\/\/api.w.org\/{rel}","templated":true}]}}