{"id":4924,"date":"2024-07-15T15:04:47","date_gmt":"2024-07-15T15:04:47","guid":{"rendered":"https:\/\/cacaunews.com\/?p=4924"},"modified":"2024-07-15T15:04:47","modified_gmt":"2024-07-15T15:04:47","slug":"itabuna-neto-badaro-retira-pre-candidatura-a-prefeito","status":"publish","type":"post","link":"https:\/\/cacaunews.com\/?p=4924","title":{"rendered":"Itabuna: Neto Badar\u00f3 retira pr\u00e9 candidatura a prefeito."},"content":{"rendered":"\n<p>Ap\u00f3s reuni\u00e3o com a Comiss\u00e3o Executiva Municipal do Partido Progressista (PP),\u00a0 Neto Badar\u00f3 retirou a sua pr\u00e9 candidatura a prefeito de Itabuna, a informa\u00e7\u00e3o foi divulgada por meio de nota oficial assinada pelo presidente municipal Roberto Minas A\u00e7o.<\/p>\n\n\n\n<p>A expectativa agora gira em torno para onde ir\u00e1 o apoio da sigla no munic\u00edpio.<\/p>\n\n\n\n<p>Leia nota na \u00edntegra:<\/p>\n\n\n\n<p>A Comiss\u00e3o Executiva Municipal do Progressistas (PP) de Itabuna reuniu-se nesse final de semana para analisar a conjuntura pol\u00edtica e a posi\u00e7\u00e3o do Partido nas elei\u00e7\u00f5es do munic\u00edpio, este ano. O encontro contou com a presen\u00e7a do secret\u00e1rio-geral do PP na Bahia, Jabes Ribeiro, que representou a Executiva Estadual do partido.<br><br>Na oportunidade, o companheiro Neto Badar\u00f3 decidiu retirar a sua pr\u00e9-candidatura \u00e0 prefeito do Munic\u00edpio e liberar o Partido para consultas e um novo posicionamento nas elei\u00e7\u00f5es que se aproximam.<br><br>Considerando o desejo da maioria dos pr\u00e9-candidatos a vereador(a) da nossa legenda, a Executiva Municipal do PP autorizou um di\u00e1logo com o atual prefeito e pr\u00e9-candidato Augusto Castro para discuss\u00e3o em torno dos interesses de Itabuna e a forma de participa\u00e7\u00e3o dos Progressistas na campanha sucess\u00f3ria.<br><br>A dire\u00e7\u00e3o do Progressistas agradece o trabalho desenvolvido pelo companheiro Neto Badar\u00f3.<br><br>Itabuna, 15 de julho de 2024.<\/p>\n\n\n\n<figure class=\"wp-block-image size-large\"><img fetchpriority=\"high\" decoding=\"async\" width=\"720\" height=\"992\" src=\"https:\/\/cacaunews.com\/wp-content\/uploads\/2024\/07\/img-20240715-wa00403788221517973686957.jpg\" alt=\"\" class=\"wp-image-4922\" srcset=\"https:\/\/cacaunews.com\/wp-content\/uploads\/2024\/07\/img-20240715-wa00403788221517973686957.jpg 720w, https:\/\/cacaunews.com\/wp-content\/uploads\/2024\/07\/img-20240715-wa00403788221517973686957-218x300.jpg 218w\" sizes=\"(max-width: 720px) 100vw, 720px\" \/><\/figure>\n","protected":false},"excerpt":{"rendered":"<p>Ap\u00f3s reuni\u00e3o com a Comiss\u00e3o Executiva Municipal do Partido Progressista (PP),\u00a0 Neto Badar\u00f3 retirou a&#8230;<\/p>\n","protected":false},"author":1,"featured_media":4923,"comment_status":"open","ping_status":"open","sticky":false,"template":"","format":"standard","meta":{"footnotes":""},"categories":[18,11,5],"tags":[1785,1244,27,1788],"yoast_head":"<!-- This site is optimized with the Yoast SEO plugin v21.7 - https:\/\/yoast.com\/wordpress\/plugins\/seo\/ -->\n<title>Itabuna: Neto Badar\u00f3 retira pr\u00e9 candidatura a prefeito. - Cacau News<\/title>\n<meta name=\"robots\" content=\"index, follow, max-snippet:-1, max-image-preview:large, max-video-preview:-1\" \/>\n<link rel=\"canonical\" href=\"https:\/\/cacaunews.com\/?p=4924\" \/>\n<meta property=\"og:locale\" content=\"pt_BR\" \/>\n<meta property=\"og:type\" content=\"article\" \/>\n<meta property=\"og:title\" content=\"Itabuna: Neto Badar\u00f3 retira pr\u00e9 candidatura a prefeito. - Cacau News\" \/>\n<meta property=\"og:description\" content=\"Ap\u00f3s reuni\u00e3o com a Comiss\u00e3o Executiva Municipal do Partido Progressista (PP),\u00a0 Neto Badar\u00f3 retirou a...\" \/>\n<meta property=\"og:url\" content=\"https:\/\/cacaunews.com\/?p=4924\" \/>\n<meta property=\"og:site_name\" content=\"Cacau News\" \/>\n<meta property=\"article:published_time\" content=\"2024-07-15T15:04:47+00:00\" \/>\n<meta property=\"og:image\" content=\"https:\/\/cacaunews.com\/wp-content\/uploads\/2024\/07\/img-20240715-wa00403788221517973686957.jpg\" \/>\n<meta name=\"author\" content=\"Reda\u00e7\u00e3o Cacau News\" \/>\n<meta name=\"twitter:card\" content=\"summary_large_image\" \/>\n<meta name=\"twitter:label1\" content=\"Escrito por\" \/>\n\t<meta name=\"twitter:data1\" content=\"Reda\u00e7\u00e3o Cacau News\" \/>\n\t<meta name=\"twitter:label2\" content=\"Est. tempo de leitura\" \/>\n\t<meta name=\"twitter:data2\" content=\"1 minuto\" \/>\n<script type=\"application\/ld+json\" class=\"yoast-schema-graph\">{\"@context\":\"https:\/\/schema.org\",\"@graph\":[{\"@type\":\"Article\",\"@id\":\"https:\/\/cacaunews.com\/?p=4924#article\",\"isPartOf\":{\"@id\":\"https:\/\/cacaunews.com\/?p=4924\"},\"author\":{\"name\":\"Reda\u00e7\u00e3o Cacau News\",\"@id\":\"https:\/\/cacaunews.com\/#\/schema\/person\/ea69703103e606ad347ccd64bd72ef79\"},\"headline\":\"Itabuna: Neto Badar\u00f3 retira pr\u00e9 candidatura a prefeito.\",\"datePublished\":\"2024-07-15T15:04:47+00:00\",\"dateModified\":\"2024-07-15T15:04:47+00:00\",\"mainEntityOfPage\":{\"@id\":\"https:\/\/cacaunews.com\/?p=4924\"},\"wordCount\":231,\"commentCount\":0,\"publisher\":{\"@id\":\"https:\/\/cacaunews.com\/#organization\"},\"keywords\":[\"desistencia\",\"elei\u00e7\u00f5es 2024\",\"itabuna\",\"Neto badar\u00f3\"],\"articleSection\":[\"cidades\",\"Jornalismo\",\"Politica\"],\"inLanguage\":\"pt-BR\",\"potentialAction\":[{\"@type\":\"CommentAction\",\"name\":\"Comment\",\"target\":[\"https:\/\/cacaunews.com\/?p=4924#respond\"]}]},{\"@type\":\"WebPage\",\"@id\":\"https:\/\/cacaunews.com\/?p=4924\",\"url\":\"https:\/\/cacaunews.com\/?p=4924\",\"name\":\"Itabuna: Neto Badar\u00f3 retira pr\u00e9 candidatura a prefeito. - Cacau News\",\"isPartOf\":{\"@id\":\"https:\/\/cacaunews.com\/#website\"},\"datePublished\":\"2024-07-15T15:04:47+00:00\",\"dateModified\":\"2024-07-15T15:04:47+00:00\",\"breadcrumb\":{\"@id\":\"https:\/\/cacaunews.com\/?p=4924#breadcrumb\"},\"inLanguage\":\"pt-BR\",\"potentialAction\":[{\"@type\":\"ReadAction\",\"target\":[\"https:\/\/cacaunews.com\/?p=4924\"]}]},{\"@type\":\"BreadcrumbList\",\"@id\":\"https:\/\/cacaunews.com\/?p=4924#breadcrumb\",\"itemListElement\":[{\"@type\":\"ListItem\",\"position\":1,\"name\":\"In\u00edcio\",\"item\":\"https:\/\/cacaunews.com\/\"},{\"@type\":\"ListItem\",\"position\":2,\"name\":\"Itabuna: Neto Badar\u00f3 retira pr\u00e9 candidatura a prefeito.\"}]},{\"@type\":\"WebSite\",\"@id\":\"https:\/\/cacaunews.com\/#website\",\"url\":\"https:\/\/cacaunews.com\/\",\"name\":\"Cacau News\",\"description\":\"A Informa\u00e7\u00e3o que voc\u00ea precisa!\",\"publisher\":{\"@id\":\"https:\/\/cacaunews.com\/#organization\"},\"potentialAction\":[{\"@type\":\"SearchAction\",\"target\":{\"@type\":\"EntryPoint\",\"urlTemplate\":\"https:\/\/cacaunews.com\/?s={search_term_string}\"},\"query-input\":\"required name=search_term_string\"}],\"inLanguage\":\"pt-BR\"},{\"@type\":\"Organization\",\"@id\":\"https:\/\/cacaunews.com\/#organization\",\"name\":\"Cacau News\",\"url\":\"https:\/\/cacaunews.com\/\",\"logo\":{\"@type\":\"ImageObject\",\"inLanguage\":\"pt-BR\",\"@id\":\"https:\/\/cacaunews.com\/#\/schema\/logo\/image\/\",\"url\":\"https:\/\/cacaunews.com\/wp-content\/uploads\/2025\/01\/cropped-LOGO-NOVA.png\",\"contentUrl\":\"https:\/\/cacaunews.com\/wp-content\/uploads\/2025\/01\/cropped-LOGO-NOVA.png\",\"width\":813,\"height\":813,\"caption\":\"Cacau News\"},\"image\":{\"@id\":\"https:\/\/cacaunews.com\/#\/schema\/logo\/image\/\"},\"sameAs\":[\"https:\/\/www.instagram.com\/cacaunews.online\/\",\"https:\/\/youtube.com\/@cacaunews?si=0VXLnjl08SrWbVG9\"]},{\"@type\":\"Person\",\"@id\":\"https:\/\/cacaunews.com\/#\/schema\/person\/ea69703103e606ad347ccd64bd72ef79\",\"name\":\"Reda\u00e7\u00e3o Cacau News\",\"image\":{\"@type\":\"ImageObject\",\"inLanguage\":\"pt-BR\",\"@id\":\"https:\/\/cacaunews.com\/#\/schema\/person\/image\/\",\"url\":\"https:\/\/secure.gravatar.com\/avatar\/d79227a2a7b6cc42e8d7a8f7c284cd3a?s=96&d=mm&r=g\",\"contentUrl\":\"https:\/\/secure.gravatar.com\/avatar\/d79227a2a7b6cc42e8d7a8f7c284cd3a?s=96&d=mm&r=g\",\"caption\":\"Reda\u00e7\u00e3o Cacau News\"},\"sameAs\":[\"https:\/\/cacaunews.com\"],\"url\":\"https:\/\/cacaunews.com\/?author=1\"}]}<\/script>\n<!-- \/ Yoast SEO plugin. -->","yoast_head_json":{"title":"Itabuna: Neto Badar\u00f3 retira pr\u00e9 candidatura a prefeito. - Cacau News","robots":{"index":"index","follow":"follow","max-snippet":"max-snippet:-1","max-image-preview":"max-image-preview:large","max-video-preview":"max-video-preview:-1"},"canonical":"https:\/\/cacaunews.com\/?p=4924","og_locale":"pt_BR","og_type":"article","og_title":"Itabuna: Neto Badar\u00f3 retira pr\u00e9 candidatura a prefeito. - Cacau News","og_description":"Ap\u00f3s reuni\u00e3o com a Comiss\u00e3o Executiva Municipal do Partido Progressista (PP),\u00a0 Neto Badar\u00f3 retirou a...","og_url":"https:\/\/cacaunews.com\/?p=4924","og_site_name":"Cacau News","article_published_time":"2024-07-15T15:04:47+00:00","og_image":[{"url":"https:\/\/cacaunews.com\/wp-content\/uploads\/2024\/07\/img-20240715-wa00403788221517973686957.jpg"}],"author":"Reda\u00e7\u00e3o Cacau News","twitter_card":"summary_large_image","twitter_misc":{"Escrito por":"Reda\u00e7\u00e3o Cacau News","Est. tempo de leitura":"1 minuto"},"schema":{"@context":"https:\/\/schema.org","@graph":[{"@type":"Article","@id":"https:\/\/cacaunews.com\/?p=4924#article","isPartOf":{"@id":"https:\/\/cacaunews.com\/?p=4924"},"author":{"name":"Reda\u00e7\u00e3o Cacau News","@id":"https:\/\/cacaunews.com\/#\/schema\/person\/ea69703103e606ad347ccd64bd72ef79"},"headline":"Itabuna: Neto Badar\u00f3 retira pr\u00e9 candidatura a prefeito.","datePublished":"2024-07-15T15:04:47+00:00","dateModified":"2024-07-15T15:04:47+00:00","mainEntityOfPage":{"@id":"https:\/\/cacaunews.com\/?p=4924"},"wordCount":231,"commentCount":0,"publisher":{"@id":"https:\/\/cacaunews.com\/#organization"},"keywords":["desistencia","elei\u00e7\u00f5es 2024","itabuna","Neto badar\u00f3"],"articleSection":["cidades","Jornalismo","Politica"],"inLanguage":"pt-BR","potentialAction":[{"@type":"CommentAction","name":"Comment","target":["https:\/\/cacaunews.com\/?p=4924#respond"]}]},{"@type":"WebPage","@id":"https:\/\/cacaunews.com\/?p=4924","url":"https:\/\/cacaunews.com\/?p=4924","name":"Itabuna: Neto Badar\u00f3 retira pr\u00e9 candidatura a prefeito. - Cacau News","isPartOf":{"@id":"https:\/\/cacaunews.com\/#website"},"datePublished":"2024-07-15T15:04:47+00:00","dateModified":"2024-07-15T15:04:47+00:00","breadcrumb":{"@id":"https:\/\/cacaunews.com\/?p=4924#breadcrumb"},"inLanguage":"pt-BR","potentialAction":[{"@type":"ReadAction","target":["https:\/\/cacaunews.com\/?p=4924"]}]},{"@type":"BreadcrumbList","@id":"https:\/\/cacaunews.com\/?p=4924#breadcrumb","itemListElement":[{"@type":"ListItem","position":1,"name":"In\u00edcio","item":"https:\/\/cacaunews.com\/"},{"@type":"ListItem","position":2,"name":"Itabuna: Neto Badar\u00f3 retira pr\u00e9 candidatura a prefeito."}]},{"@type":"WebSite","@id":"https:\/\/cacaunews.com\/#website","url":"https:\/\/cacaunews.com\/","name":"Cacau News","description":"A Informa\u00e7\u00e3o que voc\u00ea precisa!","publisher":{"@id":"https:\/\/cacaunews.com\/#organization"},"potentialAction":[{"@type":"SearchAction","target":{"@type":"EntryPoint","urlTemplate":"https:\/\/cacaunews.com\/?s={search_term_string}"},"query-input":"required name=search_term_string"}],"inLanguage":"pt-BR"},{"@type":"Organization","@id":"https:\/\/cacaunews.com\/#organization","name":"Cacau News","url":"https:\/\/cacaunews.com\/","logo":{"@type":"ImageObject","inLanguage":"pt-BR","@id":"https:\/\/cacaunews.com\/#\/schema\/logo\/image\/","url":"https:\/\/cacaunews.com\/wp-content\/uploads\/2025\/01\/cropped-LOGO-NOVA.png","contentUrl":"https:\/\/cacaunews.com\/wp-content\/uploads\/2025\/01\/cropped-LOGO-NOVA.png","width":813,"height":813,"caption":"Cacau News"},"image":{"@id":"https:\/\/cacaunews.com\/#\/schema\/logo\/image\/"},"sameAs":["https:\/\/www.instagram.com\/cacaunews.online\/","https:\/\/youtube.com\/@cacaunews?si=0VXLnjl08SrWbVG9"]},{"@type":"Person","@id":"https:\/\/cacaunews.com\/#\/schema\/person\/ea69703103e606ad347ccd64bd72ef79","name":"Reda\u00e7\u00e3o Cacau News","image":{"@type":"ImageObject","inLanguage":"pt-BR","@id":"https:\/\/cacaunews.com\/#\/schema\/person\/image\/","url":"https:\/\/secure.gravatar.com\/avatar\/d79227a2a7b6cc42e8d7a8f7c284cd3a?s=96&d=mm&r=g","contentUrl":"https:\/\/secure.gravatar.com\/avatar\/d79227a2a7b6cc42e8d7a8f7c284cd3a?s=96&d=mm&r=g","caption":"Reda\u00e7\u00e3o Cacau News"},"sameAs":["https:\/\/cacaunews.com"],"url":"https:\/\/cacaunews.com\/?author=1"}]}},"jetpack_sharing_enabled":true,"jetpack_featured_media_url":"https:\/\/cacaunews.com\/wp-content\/uploads\/2024\/07\/images-2024-07-15T120618.260.jpeg","_links":{"self":[{"href":"https:\/\/cacaunews.com\/index.php?rest_route=\/wp\/v2\/posts\/4924"}],"collection":[{"href":"https:\/\/cacaunews.com\/index.php?rest_route=\/wp\/v2\/posts"}],"about":[{"href":"https:\/\/cacaunews.com\/index.php?rest_route=\/wp\/v2\/types\/post"}],"author":[{"embeddable":true,"href":"https:\/\/cacaunews.com\/index.php?rest_route=\/wp\/v2\/users\/1"}],"replies":[{"embeddable":true,"href":"https:\/\/cacaunews.com\/index.php?rest_route=%2Fwp%2Fv2%2Fcomments&post=4924"}],"version-history":[{"count":0,"href":"https:\/\/cacaunews.com\/index.php?rest_route=\/wp\/v2\/posts\/4924\/revisions"}],"wp:featuredmedia":[{"embeddable":true,"href":"https:\/\/cacaunews.com\/index.php?rest_route=\/wp\/v2\/media\/4923"}],"wp:attachment":[{"href":"https:\/\/cacaunews.com\/index.php?rest_route=%2Fwp%2Fv2%2Fmedia&parent=4924"}],"wp:term":[{"taxonomy":"category","embeddable":true,"href":"https:\/\/cacaunews.com\/index.php?rest_route=%2Fwp%2Fv2%2Fcategories&post=4924"},{"taxonomy":"post_tag","embeddable":true,"href":"https:\/\/cacaunews.com\/index.php?rest_route=%2Fwp%2Fv2%2Ftags&post=4924"}],"curies":[{"name":"wp","href":"https:\/\/api.w.org\/{rel}","templated":true}]}}