{"id":4979,"date":"2024-07-25T22:20:05","date_gmt":"2024-07-25T22:20:05","guid":{"rendered":"https:\/\/cacaunews.com\/?p=4979"},"modified":"2024-07-25T22:26:25","modified_gmt":"2024-07-25T22:26:25","slug":"itabuna-uniao-brasil-anuncia-data-da-convencao-para-o-dia-03-de-agosto","status":"publish","type":"post","link":"https:\/\/cacaunews.com\/?p=4979","title":{"rendered":"ITABUNA: UNI\u00c3O BRASIL ANUNCIA DATA DA CONVEN\u00c7\u00c3O PARA O DIA 03 DE AGOSTO."},"content":{"rendered":"\n<p>Nessa reta final de pr\u00e9 Campanha, os partidos tem anunciado as datas das suas respectivas conven\u00e7\u00f5es. O Uni\u00e3o Brasil por sua vez, aguardava um posicionamento da executiva Estadual em defini\u00e7\u00e3o da chapa majorit\u00e1ria para fazer o an\u00fancio.<\/p>\n\n\n\n<p>Na tarde de hoje, foi divulgado o edital de convoca\u00e7\u00e3o para a conven\u00e7\u00e3o do Partido Uni\u00e3o Brasil no munic\u00edpio, agendada para o pr\u00f3ximo dia 03 de agosto, o evento ser\u00e1 realizado na C\u00e2mara de Vereadores de Itabuna.<\/p>\n\n\n\n<p>O Presidente Enderson Guinho, ressaltou a import\u00e2ncia dessa convoca\u00e7\u00e3o para os Itabunenses apoiadores, pois ser\u00e3o homologados os nomes dos pr\u00e9 candidatos a vereadores e vereadoras pelo partido e tamb\u00e9m confirmado a coliga\u00e7\u00e3o da Chapa majorit\u00e1ria.<\/p>\n\n\n\n<figure class=\"wp-block-gallery has-nested-images columns-default is-cropped wp-block-gallery-1 is-layout-flex wp-block-gallery-is-layout-flex\">\n<figure class=\"wp-block-image size-large\"><img fetchpriority=\"high\" decoding=\"async\" width=\"693\" height=\"1024\" data-id=\"4982\" src=\"https:\/\/cacaunews.com\/wp-content\/uploads\/2024\/07\/img-20240725-wa0610132888616111178601-693x1024.jpg\" alt=\"\" class=\"wp-image-4982\" srcset=\"https:\/\/cacaunews.com\/wp-content\/uploads\/2024\/07\/img-20240725-wa0610132888616111178601-693x1024.jpg 693w, https:\/\/cacaunews.com\/wp-content\/uploads\/2024\/07\/img-20240725-wa0610132888616111178601-203x300.jpg 203w, https:\/\/cacaunews.com\/wp-content\/uploads\/2024\/07\/img-20240725-wa0610132888616111178601-768x1135.jpg 768w, https:\/\/cacaunews.com\/wp-content\/uploads\/2024\/07\/img-20240725-wa0610132888616111178601.jpg 866w\" sizes=\"(max-width: 693px) 100vw, 693px\" \/><\/figure>\n<\/figure>\n\n\n\n<p><\/p>\n","protected":false},"excerpt":{"rendered":"<p>Nessa reta final de pr\u00e9 Campanha, os partidos tem anunciado as datas das suas respectivas&#8230;<\/p>\n","protected":false},"author":2,"featured_media":4981,"comment_status":"open","ping_status":"open","sticky":false,"template":"","format":"standard","meta":{"footnotes":""},"categories":[1],"tags":[1802,1803,1798,262,1801,26],"yoast_head":"<!-- This site is optimized with the Yoast SEO plugin v21.7 - https:\/\/yoast.com\/wordpress\/plugins\/seo\/ -->\n<title>ITABUNA: UNI\u00c3O BRASIL ANUNCIA DATA DA CONVEN\u00c7\u00c3O PARA O DIA 03 DE AGOSTO. - Cacau News<\/title>\n<meta name=\"robots\" content=\"index, follow, max-snippet:-1, max-image-preview:large, max-video-preview:-1\" \/>\n<link rel=\"canonical\" href=\"https:\/\/cacaunews.com\/?p=4979\" \/>\n<meta property=\"og:locale\" content=\"pt_BR\" \/>\n<meta property=\"og:type\" content=\"article\" \/>\n<meta property=\"og:title\" content=\"ITABUNA: UNI\u00c3O BRASIL ANUNCIA DATA DA CONVEN\u00c7\u00c3O PARA O DIA 03 DE AGOSTO. - Cacau News\" \/>\n<meta property=\"og:description\" content=\"Nessa reta final de pr\u00e9 Campanha, os partidos tem anunciado as datas das suas respectivas...\" \/>\n<meta property=\"og:url\" content=\"https:\/\/cacaunews.com\/?p=4979\" \/>\n<meta property=\"og:site_name\" content=\"Cacau News\" \/>\n<meta property=\"article:published_time\" content=\"2024-07-25T22:20:05+00:00\" \/>\n<meta property=\"article:modified_time\" content=\"2024-07-25T22:26:25+00:00\" \/>\n<meta property=\"og:image\" content=\"https:\/\/cacaunews.com\/wp-content\/uploads\/2024\/07\/FB_IMG_1721946282023.jpg\" \/>\n\t<meta property=\"og:image:width\" content=\"937\" \/>\n\t<meta property=\"og:image:height\" content=\"937\" \/>\n\t<meta property=\"og:image:type\" content=\"image\/jpeg\" \/>\n<meta name=\"author\" content=\"Larissa Ara\u00fajo\" \/>\n<meta name=\"twitter:card\" content=\"summary_large_image\" \/>\n<meta name=\"twitter:label1\" content=\"Escrito por\" \/>\n\t<meta name=\"twitter:data1\" content=\"Larissa Ara\u00fajo\" \/>\n\t<meta name=\"twitter:label2\" content=\"Est. tempo de leitura\" \/>\n\t<meta name=\"twitter:data2\" content=\"1 minuto\" \/>\n<script type=\"application\/ld+json\" class=\"yoast-schema-graph\">{\"@context\":\"https:\/\/schema.org\",\"@graph\":[{\"@type\":\"Article\",\"@id\":\"https:\/\/cacaunews.com\/?p=4979#article\",\"isPartOf\":{\"@id\":\"https:\/\/cacaunews.com\/?p=4979\"},\"author\":{\"name\":\"Larissa Ara\u00fajo\",\"@id\":\"https:\/\/cacaunews.com\/#\/schema\/person\/01842fb65f1988a32292b9001bcc8da1\"},\"headline\":\"ITABUNA: UNI\u00c3O BRASIL ANUNCIA DATA DA CONVEN\u00c7\u00c3O PARA O DIA 03 DE AGOSTO.\",\"datePublished\":\"2024-07-25T22:20:05+00:00\",\"dateModified\":\"2024-07-25T22:26:25+00:00\",\"mainEntityOfPage\":{\"@id\":\"https:\/\/cacaunews.com\/?p=4979\"},\"wordCount\":139,\"commentCount\":0,\"publisher\":{\"@id\":\"https:\/\/cacaunews.com\/#organization\"},\"keywords\":[\"c\u00e2mara municipal\",\"candidato\",\"conven\u00e7\u00e3o\",\"elei\u00e7\u00e3o\",\"partido\",\"politica\"],\"articleSection\":[\"Cacau News TV\"],\"inLanguage\":\"pt-BR\",\"potentialAction\":[{\"@type\":\"CommentAction\",\"name\":\"Comment\",\"target\":[\"https:\/\/cacaunews.com\/?p=4979#respond\"]}]},{\"@type\":\"WebPage\",\"@id\":\"https:\/\/cacaunews.com\/?p=4979\",\"url\":\"https:\/\/cacaunews.com\/?p=4979\",\"name\":\"ITABUNA: UNI\u00c3O BRASIL ANUNCIA DATA DA CONVEN\u00c7\u00c3O PARA O DIA 03 DE AGOSTO. - Cacau News\",\"isPartOf\":{\"@id\":\"https:\/\/cacaunews.com\/#website\"},\"datePublished\":\"2024-07-25T22:20:05+00:00\",\"dateModified\":\"2024-07-25T22:26:25+00:00\",\"breadcrumb\":{\"@id\":\"https:\/\/cacaunews.com\/?p=4979#breadcrumb\"},\"inLanguage\":\"pt-BR\",\"potentialAction\":[{\"@type\":\"ReadAction\",\"target\":[\"https:\/\/cacaunews.com\/?p=4979\"]}]},{\"@type\":\"BreadcrumbList\",\"@id\":\"https:\/\/cacaunews.com\/?p=4979#breadcrumb\",\"itemListElement\":[{\"@type\":\"ListItem\",\"position\":1,\"name\":\"In\u00edcio\",\"item\":\"https:\/\/cacaunews.com\/\"},{\"@type\":\"ListItem\",\"position\":2,\"name\":\"ITABUNA: UNI\u00c3O BRASIL ANUNCIA DATA DA CONVEN\u00c7\u00c3O PARA O DIA 03 DE AGOSTO.\"}]},{\"@type\":\"WebSite\",\"@id\":\"https:\/\/cacaunews.com\/#website\",\"url\":\"https:\/\/cacaunews.com\/\",\"name\":\"Cacau News\",\"description\":\"A Informa\u00e7\u00e3o que voc\u00ea precisa!\",\"publisher\":{\"@id\":\"https:\/\/cacaunews.com\/#organization\"},\"potentialAction\":[{\"@type\":\"SearchAction\",\"target\":{\"@type\":\"EntryPoint\",\"urlTemplate\":\"https:\/\/cacaunews.com\/?s={search_term_string}\"},\"query-input\":\"required name=search_term_string\"}],\"inLanguage\":\"pt-BR\"},{\"@type\":\"Organization\",\"@id\":\"https:\/\/cacaunews.com\/#organization\",\"name\":\"Cacau News\",\"url\":\"https:\/\/cacaunews.com\/\",\"logo\":{\"@type\":\"ImageObject\",\"inLanguage\":\"pt-BR\",\"@id\":\"https:\/\/cacaunews.com\/#\/schema\/logo\/image\/\",\"url\":\"https:\/\/cacaunews.com\/wp-content\/uploads\/2025\/01\/cropped-LOGO-NOVA.png\",\"contentUrl\":\"https:\/\/cacaunews.com\/wp-content\/uploads\/2025\/01\/cropped-LOGO-NOVA.png\",\"width\":813,\"height\":813,\"caption\":\"Cacau News\"},\"image\":{\"@id\":\"https:\/\/cacaunews.com\/#\/schema\/logo\/image\/\"},\"sameAs\":[\"https:\/\/www.instagram.com\/cacaunews.online\/\",\"https:\/\/youtube.com\/@cacaunews?si=0VXLnjl08SrWbVG9\"]},{\"@type\":\"Person\",\"@id\":\"https:\/\/cacaunews.com\/#\/schema\/person\/01842fb65f1988a32292b9001bcc8da1\",\"name\":\"Larissa Ara\u00fajo\",\"image\":{\"@type\":\"ImageObject\",\"inLanguage\":\"pt-BR\",\"@id\":\"https:\/\/cacaunews.com\/#\/schema\/person\/image\/\",\"url\":\"https:\/\/secure.gravatar.com\/avatar\/a0326d150c7b18e3d35f112fc5b57e78?s=96&d=mm&r=g\",\"contentUrl\":\"https:\/\/secure.gravatar.com\/avatar\/a0326d150c7b18e3d35f112fc5b57e78?s=96&d=mm&r=g\",\"caption\":\"Larissa Ara\u00fajo\"},\"sameAs\":[\"http:\/\/www.cacaunews.com\"],\"url\":\"https:\/\/cacaunews.com\/?author=2\"}]}<\/script>\n<!-- \/ Yoast SEO plugin. -->","yoast_head_json":{"title":"ITABUNA: UNI\u00c3O BRASIL ANUNCIA DATA DA CONVEN\u00c7\u00c3O PARA O DIA 03 DE AGOSTO. - Cacau News","robots":{"index":"index","follow":"follow","max-snippet":"max-snippet:-1","max-image-preview":"max-image-preview:large","max-video-preview":"max-video-preview:-1"},"canonical":"https:\/\/cacaunews.com\/?p=4979","og_locale":"pt_BR","og_type":"article","og_title":"ITABUNA: UNI\u00c3O BRASIL ANUNCIA DATA DA CONVEN\u00c7\u00c3O PARA O DIA 03 DE AGOSTO. - Cacau News","og_description":"Nessa reta final de pr\u00e9 Campanha, os partidos tem anunciado as datas das suas respectivas...","og_url":"https:\/\/cacaunews.com\/?p=4979","og_site_name":"Cacau News","article_published_time":"2024-07-25T22:20:05+00:00","article_modified_time":"2024-07-25T22:26:25+00:00","og_image":[{"width":937,"height":937,"url":"https:\/\/cacaunews.com\/wp-content\/uploads\/2024\/07\/FB_IMG_1721946282023.jpg","type":"image\/jpeg"}],"author":"Larissa Ara\u00fajo","twitter_card":"summary_large_image","twitter_misc":{"Escrito por":"Larissa Ara\u00fajo","Est. tempo de leitura":"1 minuto"},"schema":{"@context":"https:\/\/schema.org","@graph":[{"@type":"Article","@id":"https:\/\/cacaunews.com\/?p=4979#article","isPartOf":{"@id":"https:\/\/cacaunews.com\/?p=4979"},"author":{"name":"Larissa Ara\u00fajo","@id":"https:\/\/cacaunews.com\/#\/schema\/person\/01842fb65f1988a32292b9001bcc8da1"},"headline":"ITABUNA: UNI\u00c3O BRASIL ANUNCIA DATA DA CONVEN\u00c7\u00c3O PARA O DIA 03 DE AGOSTO.","datePublished":"2024-07-25T22:20:05+00:00","dateModified":"2024-07-25T22:26:25+00:00","mainEntityOfPage":{"@id":"https:\/\/cacaunews.com\/?p=4979"},"wordCount":139,"commentCount":0,"publisher":{"@id":"https:\/\/cacaunews.com\/#organization"},"keywords":["c\u00e2mara municipal","candidato","conven\u00e7\u00e3o","elei\u00e7\u00e3o","partido","politica"],"articleSection":["Cacau News TV"],"inLanguage":"pt-BR","potentialAction":[{"@type":"CommentAction","name":"Comment","target":["https:\/\/cacaunews.com\/?p=4979#respond"]}]},{"@type":"WebPage","@id":"https:\/\/cacaunews.com\/?p=4979","url":"https:\/\/cacaunews.com\/?p=4979","name":"ITABUNA: UNI\u00c3O BRASIL ANUNCIA DATA DA CONVEN\u00c7\u00c3O PARA O DIA 03 DE AGOSTO. - Cacau News","isPartOf":{"@id":"https:\/\/cacaunews.com\/#website"},"datePublished":"2024-07-25T22:20:05+00:00","dateModified":"2024-07-25T22:26:25+00:00","breadcrumb":{"@id":"https:\/\/cacaunews.com\/?p=4979#breadcrumb"},"inLanguage":"pt-BR","potentialAction":[{"@type":"ReadAction","target":["https:\/\/cacaunews.com\/?p=4979"]}]},{"@type":"BreadcrumbList","@id":"https:\/\/cacaunews.com\/?p=4979#breadcrumb","itemListElement":[{"@type":"ListItem","position":1,"name":"In\u00edcio","item":"https:\/\/cacaunews.com\/"},{"@type":"ListItem","position":2,"name":"ITABUNA: UNI\u00c3O BRASIL ANUNCIA DATA DA CONVEN\u00c7\u00c3O PARA O DIA 03 DE AGOSTO."}]},{"@type":"WebSite","@id":"https:\/\/cacaunews.com\/#website","url":"https:\/\/cacaunews.com\/","name":"Cacau News","description":"A Informa\u00e7\u00e3o que voc\u00ea precisa!","publisher":{"@id":"https:\/\/cacaunews.com\/#organization"},"potentialAction":[{"@type":"SearchAction","target":{"@type":"EntryPoint","urlTemplate":"https:\/\/cacaunews.com\/?s={search_term_string}"},"query-input":"required name=search_term_string"}],"inLanguage":"pt-BR"},{"@type":"Organization","@id":"https:\/\/cacaunews.com\/#organization","name":"Cacau News","url":"https:\/\/cacaunews.com\/","logo":{"@type":"ImageObject","inLanguage":"pt-BR","@id":"https:\/\/cacaunews.com\/#\/schema\/logo\/image\/","url":"https:\/\/cacaunews.com\/wp-content\/uploads\/2025\/01\/cropped-LOGO-NOVA.png","contentUrl":"https:\/\/cacaunews.com\/wp-content\/uploads\/2025\/01\/cropped-LOGO-NOVA.png","width":813,"height":813,"caption":"Cacau News"},"image":{"@id":"https:\/\/cacaunews.com\/#\/schema\/logo\/image\/"},"sameAs":["https:\/\/www.instagram.com\/cacaunews.online\/","https:\/\/youtube.com\/@cacaunews?si=0VXLnjl08SrWbVG9"]},{"@type":"Person","@id":"https:\/\/cacaunews.com\/#\/schema\/person\/01842fb65f1988a32292b9001bcc8da1","name":"Larissa Ara\u00fajo","image":{"@type":"ImageObject","inLanguage":"pt-BR","@id":"https:\/\/cacaunews.com\/#\/schema\/person\/image\/","url":"https:\/\/secure.gravatar.com\/avatar\/a0326d150c7b18e3d35f112fc5b57e78?s=96&d=mm&r=g","contentUrl":"https:\/\/secure.gravatar.com\/avatar\/a0326d150c7b18e3d35f112fc5b57e78?s=96&d=mm&r=g","caption":"Larissa Ara\u00fajo"},"sameAs":["http:\/\/www.cacaunews.com"],"url":"https:\/\/cacaunews.com\/?author=2"}]}},"jetpack_sharing_enabled":true,"jetpack_featured_media_url":"https:\/\/cacaunews.com\/wp-content\/uploads\/2024\/07\/FB_IMG_1721946282023.jpg","_links":{"self":[{"href":"https:\/\/cacaunews.com\/index.php?rest_route=\/wp\/v2\/posts\/4979"}],"collection":[{"href":"https:\/\/cacaunews.com\/index.php?rest_route=\/wp\/v2\/posts"}],"about":[{"href":"https:\/\/cacaunews.com\/index.php?rest_route=\/wp\/v2\/types\/post"}],"author":[{"embeddable":true,"href":"https:\/\/cacaunews.com\/index.php?rest_route=\/wp\/v2\/users\/2"}],"replies":[{"embeddable":true,"href":"https:\/\/cacaunews.com\/index.php?rest_route=%2Fwp%2Fv2%2Fcomments&post=4979"}],"version-history":[{"count":2,"href":"https:\/\/cacaunews.com\/index.php?rest_route=\/wp\/v2\/posts\/4979\/revisions"}],"predecessor-version":[{"id":4983,"href":"https:\/\/cacaunews.com\/index.php?rest_route=\/wp\/v2\/posts\/4979\/revisions\/4983"}],"wp:featuredmedia":[{"embeddable":true,"href":"https:\/\/cacaunews.com\/index.php?rest_route=\/wp\/v2\/media\/4981"}],"wp:attachment":[{"href":"https:\/\/cacaunews.com\/index.php?rest_route=%2Fwp%2Fv2%2Fmedia&parent=4979"}],"wp:term":[{"taxonomy":"category","embeddable":true,"href":"https:\/\/cacaunews.com\/index.php?rest_route=%2Fwp%2Fv2%2Fcategories&post=4979"},{"taxonomy":"post_tag","embeddable":true,"href":"https:\/\/cacaunews.com\/index.php?rest_route=%2Fwp%2Fv2%2Ftags&post=4979"}],"curies":[{"name":"wp","href":"https:\/\/api.w.org\/{rel}","templated":true}]}}