{"id":4988,"date":"2024-07-26T16:25:04","date_gmt":"2024-07-26T16:25:04","guid":{"rendered":"https:\/\/cacaunews.com\/?p=4988"},"modified":"2024-07-26T17:21:29","modified_gmt":"2024-07-26T17:21:29","slug":"sebrae-e-adr-promovem-curso-de-gestao-publica-4-0-para-indicados-de-pre-candidatos-a-prefeito-do-sul-da-bahia","status":"publish","type":"post","link":"https:\/\/cacaunews.com\/?p=4988","title":{"rendered":"Sebrae e ADR promovem curso de Gest\u00e3o P\u00fablica 4.0 para indicados de pr\u00e9-candidatos a prefeito do Sul da Bahia"},"content":{"rendered":"\n<p><em>Capacita\u00e7\u00e3o visa preparar gestores para as transforma\u00e7\u00f5es na gest\u00e3o p\u00fablica municipal<\/em>.<br><br>O Sebrae realizar\u00e1, em parceria com a Ag\u00eancia de Desenvolvimento Regional (ADR) Sul da Bahia, o curso de Gest\u00e3o P\u00fablica 4.0, destinado a pessoas indicadas por pr\u00e9-candidatos a prefeito dos munic\u00edpios que comp\u00f5em o Programa L\u00edder do Sul da Bahia, incluindo Ilh\u00e9us, Itabuna, Itacar\u00e9, Una, Canavieiras e Uru\u00e7uca. O primeiro m\u00f3dulo do curso acontecer\u00e1 <strong>no dia 7 de agosto<\/strong>, a partir das 14h, no audit\u00f3rio do Edf. Premier, em Ilh\u00e9us. Informa\u00e7\u00f5es para participa\u00e7\u00e3o podem ser obtidas por telefone no n\u00famero 7399103-6612.<br><br>A capacita\u00e7\u00e3o tem como objetivo qualificar gestores p\u00fablicos para enfrentarem as transforma\u00e7\u00f5es que afetam a gest\u00e3o municipal, visando a moderniza\u00e7\u00e3o, inova\u00e7\u00e3o e empreendedorismo nas administra\u00e7\u00f5es locais. A gerente regional do Sebrae em Ilh\u00e9us, Claudiana Figueiredo, destaca a import\u00e2ncia da iniciativa: \u201cO curso \u00e9 fundamental para preparar futuros gestores para os desafios contempor\u00e2neos da gest\u00e3o p\u00fablica, promovendo uma administra\u00e7\u00e3o mais eficiente e inovadora\u201d, pontuou.<br><br>O curso \u00e9 voltado para poss\u00edveis membros das equipes de governo dos candidatos \u00e0s elei\u00e7\u00f5es de 2024 e da Governan\u00e7a Sul da Bahia Global. O conte\u00fado program\u00e1tico \u00e9 dividido em sete m\u00f3dulos que inclui introdu\u00e7\u00e3o \u00e0 Gest\u00e3o P\u00fablica 4.0, desenvolvimento end\u00f3geno, governo aberto, gest\u00e3o empreendedora, desenvolvimento sustent\u00e1vel, solu\u00e7\u00f5es Sebrae Bahia para a gest\u00e3o p\u00fablica e um projeto de aplica\u00e7\u00e3o pr\u00e1tica.<br><br>Os demais encontros aconteceram semanalmente nos dias: 07, 08, 14, 15, 21 e 22 de agosto e nos dias 04 e 19 de setembro quando acontecer\u00e1 o encerramento.<br><br><strong>Servi\u00e7o<\/strong>:<br>O que: Curso de Gest\u00e3o P\u00fablica 4.0<br>Quando: In\u00edcio em 07 de agosto, \u00e0s 14h<br>Onde: Audit\u00f3rio do Edf. Premier \u2013 Av. Osvaldo Cruz, n\u00ba 74, Cidade Nova \u2013 Ilh\u00e9us<br>Informa\u00e7\u00f5es: 7399103-6612.<\/p>\n","protected":false},"excerpt":{"rendered":"<p>Capacita\u00e7\u00e3o visa preparar gestores para as transforma\u00e7\u00f5es na gest\u00e3o p\u00fablica municipal. O Sebrae realizar\u00e1, em&#8230;<\/p>\n","protected":false},"author":1,"featured_media":4987,"comment_status":"open","ping_status":"open","sticky":false,"template":"","format":"standard","meta":{"footnotes":""},"categories":[18,4,11],"tags":[22,1244,1804,45],"yoast_head":"<!-- This site is optimized with the Yoast SEO plugin v21.7 - https:\/\/yoast.com\/wordpress\/plugins\/seo\/ -->\n<title>Sebrae e ADR promovem curso de Gest\u00e3o P\u00fablica 4.0 para indicados de pr\u00e9-candidatos a prefeito do Sul da Bahia - Cacau News<\/title>\n<meta name=\"robots\" content=\"index, follow, max-snippet:-1, max-image-preview:large, max-video-preview:-1\" \/>\n<link rel=\"canonical\" href=\"https:\/\/cacaunews.com\/?p=4988\" \/>\n<meta property=\"og:locale\" content=\"pt_BR\" \/>\n<meta property=\"og:type\" content=\"article\" \/>\n<meta property=\"og:title\" content=\"Sebrae e ADR promovem curso de Gest\u00e3o P\u00fablica 4.0 para indicados de pr\u00e9-candidatos a prefeito do Sul da Bahia - Cacau News\" \/>\n<meta property=\"og:description\" content=\"Capacita\u00e7\u00e3o visa preparar gestores para as transforma\u00e7\u00f5es na gest\u00e3o p\u00fablica municipal. O Sebrae realizar\u00e1, em...\" \/>\n<meta property=\"og:url\" content=\"https:\/\/cacaunews.com\/?p=4988\" \/>\n<meta property=\"og:site_name\" content=\"Cacau News\" \/>\n<meta property=\"article:published_time\" content=\"2024-07-26T16:25:04+00:00\" \/>\n<meta property=\"article:modified_time\" content=\"2024-07-26T17:21:29+00:00\" \/>\n<meta property=\"og:image\" content=\"https:\/\/cacaunews.com\/wp-content\/uploads\/2024\/07\/IMG-20240726-WA0328.jpg\" \/>\n\t<meta property=\"og:image:width\" content=\"1080\" \/>\n\t<meta property=\"og:image:height\" content=\"1080\" \/>\n\t<meta property=\"og:image:type\" content=\"image\/jpeg\" \/>\n<meta name=\"author\" content=\"Reda\u00e7\u00e3o Cacau News\" \/>\n<meta name=\"twitter:card\" content=\"summary_large_image\" \/>\n<meta name=\"twitter:label1\" content=\"Escrito por\" \/>\n\t<meta name=\"twitter:data1\" content=\"Reda\u00e7\u00e3o Cacau News\" \/>\n\t<meta name=\"twitter:label2\" content=\"Est. tempo de leitura\" \/>\n\t<meta name=\"twitter:data2\" content=\"2 minutos\" \/>\n<script type=\"application\/ld+json\" class=\"yoast-schema-graph\">{\"@context\":\"https:\/\/schema.org\",\"@graph\":[{\"@type\":\"Article\",\"@id\":\"https:\/\/cacaunews.com\/?p=4988#article\",\"isPartOf\":{\"@id\":\"https:\/\/cacaunews.com\/?p=4988\"},\"author\":{\"name\":\"Reda\u00e7\u00e3o Cacau News\",\"@id\":\"https:\/\/cacaunews.com\/#\/schema\/person\/ea69703103e606ad347ccd64bd72ef79\"},\"headline\":\"Sebrae e ADR promovem curso de Gest\u00e3o P\u00fablica 4.0 para indicados de pr\u00e9-candidatos a prefeito do Sul da Bahia\",\"datePublished\":\"2024-07-26T16:25:04+00:00\",\"dateModified\":\"2024-07-26T17:21:29+00:00\",\"mainEntityOfPage\":{\"@id\":\"https:\/\/cacaunews.com\/?p=4988\"},\"wordCount\":330,\"commentCount\":0,\"publisher\":{\"@id\":\"https:\/\/cacaunews.com\/#organization\"},\"keywords\":[\"capacita\u00e7\u00e3o\",\"elei\u00e7\u00f5es 2024\",\"gest\u00e3o p\u00fablica\",\"sebrae\"],\"articleSection\":[\"cidades\",\"Internet\",\"Jornalismo\"],\"inLanguage\":\"pt-BR\",\"potentialAction\":[{\"@type\":\"CommentAction\",\"name\":\"Comment\",\"target\":[\"https:\/\/cacaunews.com\/?p=4988#respond\"]}]},{\"@type\":\"WebPage\",\"@id\":\"https:\/\/cacaunews.com\/?p=4988\",\"url\":\"https:\/\/cacaunews.com\/?p=4988\",\"name\":\"Sebrae e ADR promovem curso de Gest\u00e3o P\u00fablica 4.0 para indicados de pr\u00e9-candidatos a prefeito do Sul da Bahia - Cacau News\",\"isPartOf\":{\"@id\":\"https:\/\/cacaunews.com\/#website\"},\"datePublished\":\"2024-07-26T16:25:04+00:00\",\"dateModified\":\"2024-07-26T17:21:29+00:00\",\"breadcrumb\":{\"@id\":\"https:\/\/cacaunews.com\/?p=4988#breadcrumb\"},\"inLanguage\":\"pt-BR\",\"potentialAction\":[{\"@type\":\"ReadAction\",\"target\":[\"https:\/\/cacaunews.com\/?p=4988\"]}]},{\"@type\":\"BreadcrumbList\",\"@id\":\"https:\/\/cacaunews.com\/?p=4988#breadcrumb\",\"itemListElement\":[{\"@type\":\"ListItem\",\"position\":1,\"name\":\"In\u00edcio\",\"item\":\"https:\/\/cacaunews.com\/\"},{\"@type\":\"ListItem\",\"position\":2,\"name\":\"Sebrae e ADR promovem curso de Gest\u00e3o P\u00fablica 4.0 para indicados de pr\u00e9-candidatos a prefeito do Sul da Bahia\"}]},{\"@type\":\"WebSite\",\"@id\":\"https:\/\/cacaunews.com\/#website\",\"url\":\"https:\/\/cacaunews.com\/\",\"name\":\"Cacau News\",\"description\":\"A Informa\u00e7\u00e3o que voc\u00ea precisa!\",\"publisher\":{\"@id\":\"https:\/\/cacaunews.com\/#organization\"},\"potentialAction\":[{\"@type\":\"SearchAction\",\"target\":{\"@type\":\"EntryPoint\",\"urlTemplate\":\"https:\/\/cacaunews.com\/?s={search_term_string}\"},\"query-input\":\"required name=search_term_string\"}],\"inLanguage\":\"pt-BR\"},{\"@type\":\"Organization\",\"@id\":\"https:\/\/cacaunews.com\/#organization\",\"name\":\"Cacau News\",\"url\":\"https:\/\/cacaunews.com\/\",\"logo\":{\"@type\":\"ImageObject\",\"inLanguage\":\"pt-BR\",\"@id\":\"https:\/\/cacaunews.com\/#\/schema\/logo\/image\/\",\"url\":\"https:\/\/cacaunews.com\/wp-content\/uploads\/2025\/01\/cropped-LOGO-NOVA.png\",\"contentUrl\":\"https:\/\/cacaunews.com\/wp-content\/uploads\/2025\/01\/cropped-LOGO-NOVA.png\",\"width\":813,\"height\":813,\"caption\":\"Cacau News\"},\"image\":{\"@id\":\"https:\/\/cacaunews.com\/#\/schema\/logo\/image\/\"},\"sameAs\":[\"https:\/\/www.instagram.com\/cacaunews.online\/\",\"https:\/\/youtube.com\/@cacaunews?si=0VXLnjl08SrWbVG9\"]},{\"@type\":\"Person\",\"@id\":\"https:\/\/cacaunews.com\/#\/schema\/person\/ea69703103e606ad347ccd64bd72ef79\",\"name\":\"Reda\u00e7\u00e3o Cacau News\",\"image\":{\"@type\":\"ImageObject\",\"inLanguage\":\"pt-BR\",\"@id\":\"https:\/\/cacaunews.com\/#\/schema\/person\/image\/\",\"url\":\"https:\/\/secure.gravatar.com\/avatar\/d79227a2a7b6cc42e8d7a8f7c284cd3a?s=96&d=mm&r=g\",\"contentUrl\":\"https:\/\/secure.gravatar.com\/avatar\/d79227a2a7b6cc42e8d7a8f7c284cd3a?s=96&d=mm&r=g\",\"caption\":\"Reda\u00e7\u00e3o Cacau News\"},\"sameAs\":[\"https:\/\/cacaunews.com\"],\"url\":\"https:\/\/cacaunews.com\/?author=1\"}]}<\/script>\n<!-- \/ Yoast SEO plugin. -->","yoast_head_json":{"title":"Sebrae e ADR promovem curso de Gest\u00e3o P\u00fablica 4.0 para indicados de pr\u00e9-candidatos a prefeito do Sul da Bahia - Cacau News","robots":{"index":"index","follow":"follow","max-snippet":"max-snippet:-1","max-image-preview":"max-image-preview:large","max-video-preview":"max-video-preview:-1"},"canonical":"https:\/\/cacaunews.com\/?p=4988","og_locale":"pt_BR","og_type":"article","og_title":"Sebrae e ADR promovem curso de Gest\u00e3o P\u00fablica 4.0 para indicados de pr\u00e9-candidatos a prefeito do Sul da Bahia - Cacau News","og_description":"Capacita\u00e7\u00e3o visa preparar gestores para as transforma\u00e7\u00f5es na gest\u00e3o p\u00fablica municipal. O Sebrae realizar\u00e1, em...","og_url":"https:\/\/cacaunews.com\/?p=4988","og_site_name":"Cacau News","article_published_time":"2024-07-26T16:25:04+00:00","article_modified_time":"2024-07-26T17:21:29+00:00","og_image":[{"width":1080,"height":1080,"url":"https:\/\/cacaunews.com\/wp-content\/uploads\/2024\/07\/IMG-20240726-WA0328.jpg","type":"image\/jpeg"}],"author":"Reda\u00e7\u00e3o Cacau News","twitter_card":"summary_large_image","twitter_misc":{"Escrito por":"Reda\u00e7\u00e3o Cacau News","Est. tempo de leitura":"2 minutos"},"schema":{"@context":"https:\/\/schema.org","@graph":[{"@type":"Article","@id":"https:\/\/cacaunews.com\/?p=4988#article","isPartOf":{"@id":"https:\/\/cacaunews.com\/?p=4988"},"author":{"name":"Reda\u00e7\u00e3o Cacau News","@id":"https:\/\/cacaunews.com\/#\/schema\/person\/ea69703103e606ad347ccd64bd72ef79"},"headline":"Sebrae e ADR promovem curso de Gest\u00e3o P\u00fablica 4.0 para indicados de pr\u00e9-candidatos a prefeito do Sul da Bahia","datePublished":"2024-07-26T16:25:04+00:00","dateModified":"2024-07-26T17:21:29+00:00","mainEntityOfPage":{"@id":"https:\/\/cacaunews.com\/?p=4988"},"wordCount":330,"commentCount":0,"publisher":{"@id":"https:\/\/cacaunews.com\/#organization"},"keywords":["capacita\u00e7\u00e3o","elei\u00e7\u00f5es 2024","gest\u00e3o p\u00fablica","sebrae"],"articleSection":["cidades","Internet","Jornalismo"],"inLanguage":"pt-BR","potentialAction":[{"@type":"CommentAction","name":"Comment","target":["https:\/\/cacaunews.com\/?p=4988#respond"]}]},{"@type":"WebPage","@id":"https:\/\/cacaunews.com\/?p=4988","url":"https:\/\/cacaunews.com\/?p=4988","name":"Sebrae e ADR promovem curso de Gest\u00e3o P\u00fablica 4.0 para indicados de pr\u00e9-candidatos a prefeito do Sul da Bahia - Cacau News","isPartOf":{"@id":"https:\/\/cacaunews.com\/#website"},"datePublished":"2024-07-26T16:25:04+00:00","dateModified":"2024-07-26T17:21:29+00:00","breadcrumb":{"@id":"https:\/\/cacaunews.com\/?p=4988#breadcrumb"},"inLanguage":"pt-BR","potentialAction":[{"@type":"ReadAction","target":["https:\/\/cacaunews.com\/?p=4988"]}]},{"@type":"BreadcrumbList","@id":"https:\/\/cacaunews.com\/?p=4988#breadcrumb","itemListElement":[{"@type":"ListItem","position":1,"name":"In\u00edcio","item":"https:\/\/cacaunews.com\/"},{"@type":"ListItem","position":2,"name":"Sebrae e ADR promovem curso de Gest\u00e3o P\u00fablica 4.0 para indicados de pr\u00e9-candidatos a prefeito do Sul da Bahia"}]},{"@type":"WebSite","@id":"https:\/\/cacaunews.com\/#website","url":"https:\/\/cacaunews.com\/","name":"Cacau News","description":"A Informa\u00e7\u00e3o que voc\u00ea precisa!","publisher":{"@id":"https:\/\/cacaunews.com\/#organization"},"potentialAction":[{"@type":"SearchAction","target":{"@type":"EntryPoint","urlTemplate":"https:\/\/cacaunews.com\/?s={search_term_string}"},"query-input":"required name=search_term_string"}],"inLanguage":"pt-BR"},{"@type":"Organization","@id":"https:\/\/cacaunews.com\/#organization","name":"Cacau News","url":"https:\/\/cacaunews.com\/","logo":{"@type":"ImageObject","inLanguage":"pt-BR","@id":"https:\/\/cacaunews.com\/#\/schema\/logo\/image\/","url":"https:\/\/cacaunews.com\/wp-content\/uploads\/2025\/01\/cropped-LOGO-NOVA.png","contentUrl":"https:\/\/cacaunews.com\/wp-content\/uploads\/2025\/01\/cropped-LOGO-NOVA.png","width":813,"height":813,"caption":"Cacau News"},"image":{"@id":"https:\/\/cacaunews.com\/#\/schema\/logo\/image\/"},"sameAs":["https:\/\/www.instagram.com\/cacaunews.online\/","https:\/\/youtube.com\/@cacaunews?si=0VXLnjl08SrWbVG9"]},{"@type":"Person","@id":"https:\/\/cacaunews.com\/#\/schema\/person\/ea69703103e606ad347ccd64bd72ef79","name":"Reda\u00e7\u00e3o Cacau News","image":{"@type":"ImageObject","inLanguage":"pt-BR","@id":"https:\/\/cacaunews.com\/#\/schema\/person\/image\/","url":"https:\/\/secure.gravatar.com\/avatar\/d79227a2a7b6cc42e8d7a8f7c284cd3a?s=96&d=mm&r=g","contentUrl":"https:\/\/secure.gravatar.com\/avatar\/d79227a2a7b6cc42e8d7a8f7c284cd3a?s=96&d=mm&r=g","caption":"Reda\u00e7\u00e3o Cacau News"},"sameAs":["https:\/\/cacaunews.com"],"url":"https:\/\/cacaunews.com\/?author=1"}]}},"jetpack_sharing_enabled":true,"jetpack_featured_media_url":"https:\/\/cacaunews.com\/wp-content\/uploads\/2024\/07\/IMG-20240726-WA0328.jpg","_links":{"self":[{"href":"https:\/\/cacaunews.com\/index.php?rest_route=\/wp\/v2\/posts\/4988"}],"collection":[{"href":"https:\/\/cacaunews.com\/index.php?rest_route=\/wp\/v2\/posts"}],"about":[{"href":"https:\/\/cacaunews.com\/index.php?rest_route=\/wp\/v2\/types\/post"}],"author":[{"embeddable":true,"href":"https:\/\/cacaunews.com\/index.php?rest_route=\/wp\/v2\/users\/1"}],"replies":[{"embeddable":true,"href":"https:\/\/cacaunews.com\/index.php?rest_route=%2Fwp%2Fv2%2Fcomments&post=4988"}],"version-history":[{"count":1,"href":"https:\/\/cacaunews.com\/index.php?rest_route=\/wp\/v2\/posts\/4988\/revisions"}],"predecessor-version":[{"id":4989,"href":"https:\/\/cacaunews.com\/index.php?rest_route=\/wp\/v2\/posts\/4988\/revisions\/4989"}],"wp:featuredmedia":[{"embeddable":true,"href":"https:\/\/cacaunews.com\/index.php?rest_route=\/wp\/v2\/media\/4987"}],"wp:attachment":[{"href":"https:\/\/cacaunews.com\/index.php?rest_route=%2Fwp%2Fv2%2Fmedia&parent=4988"}],"wp:term":[{"taxonomy":"category","embeddable":true,"href":"https:\/\/cacaunews.com\/index.php?rest_route=%2Fwp%2Fv2%2Fcategories&post=4988"},{"taxonomy":"post_tag","embeddable":true,"href":"https:\/\/cacaunews.com\/index.php?rest_route=%2Fwp%2Fv2%2Ftags&post=4988"}],"curies":[{"name":"wp","href":"https:\/\/api.w.org\/{rel}","templated":true}]}}