{"id":4997,"date":"2024-07-27T13:50:51","date_gmt":"2024-07-27T13:50:51","guid":{"rendered":"https:\/\/cacaunews.com\/?p=4997"},"modified":"2024-07-27T13:50:51","modified_gmt":"2024-07-27T13:50:51","slug":"itabuna-em-carta-pre-candidatos-a-vereadores-do-pt-renunciam-candidaturas","status":"publish","type":"post","link":"https:\/\/cacaunews.com\/?p=4997","title":{"rendered":"Itabuna: Em carta, Pr\u00e9-candidatos a vereadores do PT renunciam candidaturas."},"content":{"rendered":"\n<p>Cinco pr\u00e9 candidatos do Partido dos Trabalhadores (PT) renunciaram as suas pr\u00e9 candidaturas ao Legislativo Itabunense, em carta entregue a dire\u00e7\u00e3o do partido os membros descartam a possibilidade de concorrer a vaga na C\u00e2mara Municipal Itabunense.<\/p>\n\n\n\n<p>Com as desist\u00eancias a federa\u00e7\u00e3o PT, PCdoB e PV tem grande baixa e a previs\u00e3o \u00e9 de que existam dificuldades para preencher tais vagas, j\u00e1 que a maioria das vagas na federa\u00e7\u00e3o \u00e9 do pr\u00f3prio Partido dos Trabalhadores, as ren\u00fancias tamb\u00e9m impactam a elei\u00e7\u00e3o de Vereadores na federa\u00e7\u00e3o j\u00e1 que haver\u00e1 um d\u00e9ficit no cociente partid\u00e1rio.<\/p>\n\n\n\n<p>Os pr\u00e9s candidatos desistentes s\u00e3o: Diego de Jesus<strong> <\/strong>Bastos, Fl\u00e1vio Farias Barreto, Ivone Miranda dos Santos, Jorge Alves de Almeida, Jos\u00e9 Raimundo Santana Santos.<\/p>\n\n\n\n<p>Leia a carta na \u00edntegra:<\/p>\n\n\n\n<p>CARTA REN\u00daNCIA DE PR\u00c9-CANDIDATOS A VEREADORES E VEREADORAS<br><br><br>Prezado companheiro JACKSON MOREIRA<br>MD Presidente do Partido dos Trabalhadores <br>Diret\u00f3rio Municipal de Itabuna<br><br><br>Assunto: Ren\u00fancia coletiva dos pr\u00e9-candidatos a vereadores e vereadoras<br><br>Prezado Presidente,<br><br>\u00c0s v\u00e9speras das Conven\u00e7\u00f5es Partid\u00e1rias do Partido dos Trabalhadores e da Federa\u00e7\u00e3o Brasil da Esperan\u00e7a para a escolha dos candidatos e candidatas a vereadores e vereadoras, e prefeito ou prefeita da cidade de Itabuna, Bahia, n\u00f3s, adiante assinados, pr\u00e9-candidatos e pr\u00e9-candidatas inscritos e inscritas para as novas elei\u00e7\u00f5es municipais de 2024, em respeito aos demais companheiros\/companheiras e demais simpatizantes e eleitores\/eleitoras do nosso Partido, subscrevemos o presente documento de ren\u00fancia, manifestando as nossas raz\u00f5es e preocupa\u00e7\u00f5es quanto ao rumo do pleito eleitoral que se aproxima, como segue:<\/p>\n\n\n\n<p><br>CONSIDERANDO que, desde o nascimento do Partido, sempre tivemos candidaturas pr\u00f3prias a prefeito\/prefeita em nosso munic\u00edpio, e que, por duas vezes, elegemos prefeito da cidade, com gest\u00f5es exitosas, onde foram implementados in\u00fameros programas sociais de import\u00e2ncia significativa para o atendimento das necessidades e interesses dos nossos mun\u00edcipes, como exemplo a ESCOLA GRAPIUNA, o Programa VIVA MARIA, o CREAHD, o BANCO DO POVO, a FICC, etc.;<\/p>\n\n\n\n<p><br>CONSIDERANDO que, o Partido dos Trabalhadores sempre esteve \u00e0 frente dos grandes movimentos populares em favor da democracia e dos interesses do povo itabunense, baiano e brasileiro;<\/p>\n\n\n\n<p><br>CONSIDERANDO o descumprimento e a agress\u00e3o \u00e0s regras emanadas pela Resolu\u00e7\u00e3o do Diret\u00f3rio Nacional do Partido dos Trabalhadores, de 29\/08\/2023, e do Regulamento dos Encontros e Pr\u00e9vias Municipais, de 18\/12\/2023, que delineavam, de modo democr\u00e1tico e participativo, os princ\u00edpios e diretrizes \u201cpara a constru\u00e7\u00e3o de uma s\u00f3lida alian\u00e7a popular e democr\u00e1tica que promova a recondu\u00e7\u00e3o do Governo Lula em 2026 e o projeto nacional baseado na amplia\u00e7\u00e3o das liberdades democr\u00e1ticas, dos direitos sociais, do combate \u00e0 desigualdade, da inclus\u00e3o social, do desenvolvimento, da industrializa\u00e7\u00e3o, da defesa do meio ambiente, da soberania nacional e da integra\u00e7\u00e3o regional\u201d. (Vide Resolu\u00e7\u00e3o);<\/p>\n\n\n\n<p><br>CONSIDERANDO a maneira ultrajante como algumas lideran\u00e7as partid\u00e1rias se comportaram durante todo o per\u00edodo de pr\u00e9-escolha dos pr\u00e9-candidatos e pr\u00e9-candidatas do Partido, como abandono de lideran\u00e7as hist\u00f3ricas, ataques aos dirigentes partid\u00e1rios, descompromisso com as inst\u00e2ncias partid\u00e1rias e com o pr\u00f3prio Partido, culminando com a sub-rept\u00edcia n\u00e3o-escolha \u2013 verdadeira execra\u00e7\u00e3o de uma candidatura pr\u00f3pria do Partido ao pleito de prefeito municipal;<\/p>\n\n\n\n<p><br>CONSIDERANDO a lament\u00e1vel escolha do candidato \u00e0 prefeito para seguirmos no pleito eleitoral que se avizinha, por sua postura antidemocr\u00e1tica, que historicamente sempre se postou e se comportou contr\u00e1rio ao pr\u00f3prio Partido dos Trabalhadores, e ainda, por seu descompromisso em atender aos desejos, necessidades e direitos dos cidad\u00e3os e das cidad\u00e3s da nossa cidade; por sua falta de pol\u00edticas p\u00fablicas e de vis\u00e3o administrativa progressista, o que coloca em risco a retomada do crescimento e o futuro de nossa cidade, evidenciados num dos maiores \u00eaxodos urbanos do Brasil;<\/p>\n\n\n\n<p><br>CONSIDERANDO a forma de gest\u00e3o administrativa do candidato escolhido (repita-se, sem o devido respeito ao Regulamento dos Encontros e Pr\u00e9vias Municipais), que n\u00e3o contribui para a conscientiza\u00e7\u00e3o e emancipa\u00e7\u00e3o dos mun\u00edcipes, principalmente levando-se em considera\u00e7\u00e3o os problemas de mobilidade urbana; a defici\u00eancia dos transportes p\u00fablicos; o desprezo hist\u00f3rico pela acessibilidade nos logradouros p\u00fablicos; a car\u00eancia de infraestruturas, como servi\u00e7os deficientes de abastecimento de \u00e1gua, esgoto e remo\u00e7\u00e3o de res\u00edduos s\u00f3lidos, particularmente nas \u00e1reas perif\u00e9ricas; a degrada\u00e7\u00e3o dos espa\u00e7os p\u00fablicos, como o pr\u00e9dio da FICC, o Teatro Z\u00e9lia Lessa, a Casa de Jorge Amado, o pr\u00f3prio Centro Administrativo, a Biblioteca P\u00fablica, etc., que v\u00eam perdendo sua import\u00e2ncia como lugar de vida coletiva e como lugares de import\u00e2ncia cultural, afetiva, simb\u00f3lica, pol\u00edtica e econ\u00f4mica; <\/p>\n\n\n\n<p><br>CONSIDERANDO a rota de colis\u00e3o em rela\u00e7\u00e3o ao-meio ambiente, visto a aus\u00eancia de projeto para a revitaliza\u00e7\u00e3o da bacia do Rio Cachoeira e o corte desenfreado de \u00e1rvores em quase todas as pra\u00e7as da cidade; o descompromisso com \u00e1reas estrat\u00e9gicas como educa\u00e7\u00e3o, sa\u00fade, cultura, esporte e lazer coletivo, juventude, servi\u00e7o e servidor p\u00fablico; falta de pol\u00edticas p\u00fablicas voltadas para gera\u00e7\u00e3o de emprego e renda e o desenvolvimento do com\u00e9rcio e ind\u00fastria locais; al\u00e9m da falta de transpar\u00eancia da pr\u00f3pria gest\u00e3o p\u00fablica;<\/p>\n\n\n\n<p><br>CONSIDERANDO que, as pol\u00edticas p\u00fablicas e a gest\u00e3o administrativa que se delineiam numa poss\u00edvel reelei\u00e7\u00e3o do candidato escolhido \u00e9 de confronto direto com todos os ideais e princ\u00edpios que sempre nortearam as a\u00e7\u00f5es do Partido dos Trabalhadores e dos seus militantes e simpatizantes; <\/p>\n\n\n\n<p><br>Por tudo isso, informamos que, embora estejamos devidamente inscritos como pr\u00e9-candidatos e pr\u00e9-candidatas, RENUNCIAMOS A PARTICIPAR DO PLEITO ELEITORAL PR\u00d3XIMO, enfatizando, entretanto, que continuaremos na TRINCHEIRA DE LUTA, como sempre estivemos, com vistas a promover a disputa pol\u00edtica na sociedade, fortalecer e ampliar a presen\u00e7a f\u00edsica e org\u00e2nica do Partido dos Trabalhadores em todos os cantos e contribuir com a constru\u00e7\u00e3o de uma sociedade cada vez mais justa e igualit\u00e1ria.<\/p>\n\n\n\n<p><br>Itabuna, 27 de julho de 2024.<\/p>\n\n\n\n<p><br>DIEGO DE JESUS BASTOS<br>FL\u00c1VIO FARIAS BARRETO<br>IVONE MIRANDA DOS SANTOS<br>JORGE ALVES DE ALMEIDA<br>JOS\u00c9 RAIMUNDO SANTANA SANTOS<\/p>\n\n\n\n<p><\/p>\n","protected":false},"excerpt":{"rendered":"<p>Cinco pr\u00e9 candidatos do Partido dos Trabalhadores (PT) renunciaram as suas pr\u00e9 candidaturas ao Legislativo&#8230;<\/p>\n","protected":false},"author":1,"featured_media":4996,"comment_status":"open","ping_status":"open","sticky":false,"template":"","format":"standard","meta":{"footnotes":""},"categories":[18,11,5],"tags":[1806,27,295,1805],"yoast_head":"<!-- This site is optimized with the Yoast SEO plugin v21.7 - https:\/\/yoast.com\/wordpress\/plugins\/seo\/ -->\n<title>Itabuna: Em carta, Pr\u00e9-candidatos a vereadores do PT renunciam candidaturas. - Cacau News<\/title>\n<meta name=\"robots\" content=\"index, follow, max-snippet:-1, max-image-preview:large, max-video-preview:-1\" \/>\n<link rel=\"canonical\" href=\"https:\/\/cacaunews.com\/?p=4997\" \/>\n<meta property=\"og:locale\" content=\"pt_BR\" \/>\n<meta property=\"og:type\" content=\"article\" \/>\n<meta property=\"og:title\" content=\"Itabuna: Em carta, Pr\u00e9-candidatos a vereadores do PT renunciam candidaturas. - Cacau News\" \/>\n<meta property=\"og:description\" content=\"Cinco pr\u00e9 candidatos do Partido dos Trabalhadores (PT) renunciaram as suas pr\u00e9 candidaturas ao Legislativo...\" \/>\n<meta property=\"og:url\" content=\"https:\/\/cacaunews.com\/?p=4997\" \/>\n<meta property=\"og:site_name\" content=\"Cacau News\" \/>\n<meta property=\"article:published_time\" content=\"2024-07-27T13:50:51+00:00\" \/>\n<meta name=\"author\" content=\"Reda\u00e7\u00e3o Cacau News\" \/>\n<meta name=\"twitter:card\" content=\"summary_large_image\" \/>\n<meta name=\"twitter:label1\" content=\"Escrito por\" \/>\n\t<meta name=\"twitter:data1\" content=\"Reda\u00e7\u00e3o Cacau News\" \/>\n\t<meta name=\"twitter:label2\" content=\"Est. tempo de leitura\" \/>\n\t<meta name=\"twitter:data2\" content=\"5 minutos\" \/>\n<script type=\"application\/ld+json\" class=\"yoast-schema-graph\">{\"@context\":\"https:\/\/schema.org\",\"@graph\":[{\"@type\":\"Article\",\"@id\":\"https:\/\/cacaunews.com\/?p=4997#article\",\"isPartOf\":{\"@id\":\"https:\/\/cacaunews.com\/?p=4997\"},\"author\":{\"name\":\"Reda\u00e7\u00e3o Cacau News\",\"@id\":\"https:\/\/cacaunews.com\/#\/schema\/person\/ea69703103e606ad347ccd64bd72ef79\"},\"headline\":\"Itabuna: Em carta, Pr\u00e9-candidatos a vereadores do PT renunciam candidaturas.\",\"datePublished\":\"2024-07-27T13:50:51+00:00\",\"dateModified\":\"2024-07-27T13:50:51+00:00\",\"mainEntityOfPage\":{\"@id\":\"https:\/\/cacaunews.com\/?p=4997\"},\"wordCount\":1064,\"commentCount\":0,\"publisher\":{\"@id\":\"https:\/\/cacaunews.com\/#organization\"},\"keywords\":[\"candidatos\",\"itabuna\",\"PT\",\"ren\u00fancias\"],\"articleSection\":[\"cidades\",\"Jornalismo\",\"Politica\"],\"inLanguage\":\"pt-BR\",\"potentialAction\":[{\"@type\":\"CommentAction\",\"name\":\"Comment\",\"target\":[\"https:\/\/cacaunews.com\/?p=4997#respond\"]}]},{\"@type\":\"WebPage\",\"@id\":\"https:\/\/cacaunews.com\/?p=4997\",\"url\":\"https:\/\/cacaunews.com\/?p=4997\",\"name\":\"Itabuna: Em carta, Pr\u00e9-candidatos a vereadores do PT renunciam candidaturas. - Cacau News\",\"isPartOf\":{\"@id\":\"https:\/\/cacaunews.com\/#website\"},\"datePublished\":\"2024-07-27T13:50:51+00:00\",\"dateModified\":\"2024-07-27T13:50:51+00:00\",\"breadcrumb\":{\"@id\":\"https:\/\/cacaunews.com\/?p=4997#breadcrumb\"},\"inLanguage\":\"pt-BR\",\"potentialAction\":[{\"@type\":\"ReadAction\",\"target\":[\"https:\/\/cacaunews.com\/?p=4997\"]}]},{\"@type\":\"BreadcrumbList\",\"@id\":\"https:\/\/cacaunews.com\/?p=4997#breadcrumb\",\"itemListElement\":[{\"@type\":\"ListItem\",\"position\":1,\"name\":\"In\u00edcio\",\"item\":\"https:\/\/cacaunews.com\/\"},{\"@type\":\"ListItem\",\"position\":2,\"name\":\"Itabuna: Em carta, Pr\u00e9-candidatos a vereadores do PT renunciam candidaturas.\"}]},{\"@type\":\"WebSite\",\"@id\":\"https:\/\/cacaunews.com\/#website\",\"url\":\"https:\/\/cacaunews.com\/\",\"name\":\"Cacau News\",\"description\":\"A Informa\u00e7\u00e3o que voc\u00ea precisa!\",\"publisher\":{\"@id\":\"https:\/\/cacaunews.com\/#organization\"},\"potentialAction\":[{\"@type\":\"SearchAction\",\"target\":{\"@type\":\"EntryPoint\",\"urlTemplate\":\"https:\/\/cacaunews.com\/?s={search_term_string}\"},\"query-input\":\"required name=search_term_string\"}],\"inLanguage\":\"pt-BR\"},{\"@type\":\"Organization\",\"@id\":\"https:\/\/cacaunews.com\/#organization\",\"name\":\"Cacau News\",\"url\":\"https:\/\/cacaunews.com\/\",\"logo\":{\"@type\":\"ImageObject\",\"inLanguage\":\"pt-BR\",\"@id\":\"https:\/\/cacaunews.com\/#\/schema\/logo\/image\/\",\"url\":\"https:\/\/cacaunews.com\/wp-content\/uploads\/2025\/01\/cropped-LOGO-NOVA.png\",\"contentUrl\":\"https:\/\/cacaunews.com\/wp-content\/uploads\/2025\/01\/cropped-LOGO-NOVA.png\",\"width\":813,\"height\":813,\"caption\":\"Cacau News\"},\"image\":{\"@id\":\"https:\/\/cacaunews.com\/#\/schema\/logo\/image\/\"},\"sameAs\":[\"https:\/\/www.instagram.com\/cacaunews.online\/\",\"https:\/\/youtube.com\/@cacaunews?si=0VXLnjl08SrWbVG9\"]},{\"@type\":\"Person\",\"@id\":\"https:\/\/cacaunews.com\/#\/schema\/person\/ea69703103e606ad347ccd64bd72ef79\",\"name\":\"Reda\u00e7\u00e3o Cacau News\",\"image\":{\"@type\":\"ImageObject\",\"inLanguage\":\"pt-BR\",\"@id\":\"https:\/\/cacaunews.com\/#\/schema\/person\/image\/\",\"url\":\"https:\/\/secure.gravatar.com\/avatar\/d79227a2a7b6cc42e8d7a8f7c284cd3a?s=96&d=mm&r=g\",\"contentUrl\":\"https:\/\/secure.gravatar.com\/avatar\/d79227a2a7b6cc42e8d7a8f7c284cd3a?s=96&d=mm&r=g\",\"caption\":\"Reda\u00e7\u00e3o Cacau News\"},\"sameAs\":[\"https:\/\/cacaunews.com\"],\"url\":\"https:\/\/cacaunews.com\/?author=1\"}]}<\/script>\n<!-- \/ Yoast SEO plugin. -->","yoast_head_json":{"title":"Itabuna: Em carta, Pr\u00e9-candidatos a vereadores do PT renunciam candidaturas. - Cacau News","robots":{"index":"index","follow":"follow","max-snippet":"max-snippet:-1","max-image-preview":"max-image-preview:large","max-video-preview":"max-video-preview:-1"},"canonical":"https:\/\/cacaunews.com\/?p=4997","og_locale":"pt_BR","og_type":"article","og_title":"Itabuna: Em carta, Pr\u00e9-candidatos a vereadores do PT renunciam candidaturas. - Cacau News","og_description":"Cinco pr\u00e9 candidatos do Partido dos Trabalhadores (PT) renunciaram as suas pr\u00e9 candidaturas ao Legislativo...","og_url":"https:\/\/cacaunews.com\/?p=4997","og_site_name":"Cacau News","article_published_time":"2024-07-27T13:50:51+00:00","author":"Reda\u00e7\u00e3o Cacau News","twitter_card":"summary_large_image","twitter_misc":{"Escrito por":"Reda\u00e7\u00e3o Cacau News","Est. tempo de leitura":"5 minutos"},"schema":{"@context":"https:\/\/schema.org","@graph":[{"@type":"Article","@id":"https:\/\/cacaunews.com\/?p=4997#article","isPartOf":{"@id":"https:\/\/cacaunews.com\/?p=4997"},"author":{"name":"Reda\u00e7\u00e3o Cacau News","@id":"https:\/\/cacaunews.com\/#\/schema\/person\/ea69703103e606ad347ccd64bd72ef79"},"headline":"Itabuna: Em carta, Pr\u00e9-candidatos a vereadores do PT renunciam candidaturas.","datePublished":"2024-07-27T13:50:51+00:00","dateModified":"2024-07-27T13:50:51+00:00","mainEntityOfPage":{"@id":"https:\/\/cacaunews.com\/?p=4997"},"wordCount":1064,"commentCount":0,"publisher":{"@id":"https:\/\/cacaunews.com\/#organization"},"keywords":["candidatos","itabuna","PT","ren\u00fancias"],"articleSection":["cidades","Jornalismo","Politica"],"inLanguage":"pt-BR","potentialAction":[{"@type":"CommentAction","name":"Comment","target":["https:\/\/cacaunews.com\/?p=4997#respond"]}]},{"@type":"WebPage","@id":"https:\/\/cacaunews.com\/?p=4997","url":"https:\/\/cacaunews.com\/?p=4997","name":"Itabuna: Em carta, Pr\u00e9-candidatos a vereadores do PT renunciam candidaturas. - Cacau News","isPartOf":{"@id":"https:\/\/cacaunews.com\/#website"},"datePublished":"2024-07-27T13:50:51+00:00","dateModified":"2024-07-27T13:50:51+00:00","breadcrumb":{"@id":"https:\/\/cacaunews.com\/?p=4997#breadcrumb"},"inLanguage":"pt-BR","potentialAction":[{"@type":"ReadAction","target":["https:\/\/cacaunews.com\/?p=4997"]}]},{"@type":"BreadcrumbList","@id":"https:\/\/cacaunews.com\/?p=4997#breadcrumb","itemListElement":[{"@type":"ListItem","position":1,"name":"In\u00edcio","item":"https:\/\/cacaunews.com\/"},{"@type":"ListItem","position":2,"name":"Itabuna: Em carta, Pr\u00e9-candidatos a vereadores do PT renunciam candidaturas."}]},{"@type":"WebSite","@id":"https:\/\/cacaunews.com\/#website","url":"https:\/\/cacaunews.com\/","name":"Cacau News","description":"A Informa\u00e7\u00e3o que voc\u00ea precisa!","publisher":{"@id":"https:\/\/cacaunews.com\/#organization"},"potentialAction":[{"@type":"SearchAction","target":{"@type":"EntryPoint","urlTemplate":"https:\/\/cacaunews.com\/?s={search_term_string}"},"query-input":"required name=search_term_string"}],"inLanguage":"pt-BR"},{"@type":"Organization","@id":"https:\/\/cacaunews.com\/#organization","name":"Cacau News","url":"https:\/\/cacaunews.com\/","logo":{"@type":"ImageObject","inLanguage":"pt-BR","@id":"https:\/\/cacaunews.com\/#\/schema\/logo\/image\/","url":"https:\/\/cacaunews.com\/wp-content\/uploads\/2025\/01\/cropped-LOGO-NOVA.png","contentUrl":"https:\/\/cacaunews.com\/wp-content\/uploads\/2025\/01\/cropped-LOGO-NOVA.png","width":813,"height":813,"caption":"Cacau News"},"image":{"@id":"https:\/\/cacaunews.com\/#\/schema\/logo\/image\/"},"sameAs":["https:\/\/www.instagram.com\/cacaunews.online\/","https:\/\/youtube.com\/@cacaunews?si=0VXLnjl08SrWbVG9"]},{"@type":"Person","@id":"https:\/\/cacaunews.com\/#\/schema\/person\/ea69703103e606ad347ccd64bd72ef79","name":"Reda\u00e7\u00e3o Cacau News","image":{"@type":"ImageObject","inLanguage":"pt-BR","@id":"https:\/\/cacaunews.com\/#\/schema\/person\/image\/","url":"https:\/\/secure.gravatar.com\/avatar\/d79227a2a7b6cc42e8d7a8f7c284cd3a?s=96&d=mm&r=g","contentUrl":"https:\/\/secure.gravatar.com\/avatar\/d79227a2a7b6cc42e8d7a8f7c284cd3a?s=96&d=mm&r=g","caption":"Reda\u00e7\u00e3o Cacau News"},"sameAs":["https:\/\/cacaunews.com"],"url":"https:\/\/cacaunews.com\/?author=1"}]}},"jetpack_sharing_enabled":true,"jetpack_featured_media_url":"https:\/\/cacaunews.com\/wp-content\/uploads\/2024\/07\/IMG_20240727_105245.jpg","_links":{"self":[{"href":"https:\/\/cacaunews.com\/index.php?rest_route=\/wp\/v2\/posts\/4997"}],"collection":[{"href":"https:\/\/cacaunews.com\/index.php?rest_route=\/wp\/v2\/posts"}],"about":[{"href":"https:\/\/cacaunews.com\/index.php?rest_route=\/wp\/v2\/types\/post"}],"author":[{"embeddable":true,"href":"https:\/\/cacaunews.com\/index.php?rest_route=\/wp\/v2\/users\/1"}],"replies":[{"embeddable":true,"href":"https:\/\/cacaunews.com\/index.php?rest_route=%2Fwp%2Fv2%2Fcomments&post=4997"}],"version-history":[{"count":0,"href":"https:\/\/cacaunews.com\/index.php?rest_route=\/wp\/v2\/posts\/4997\/revisions"}],"wp:featuredmedia":[{"embeddable":true,"href":"https:\/\/cacaunews.com\/index.php?rest_route=\/wp\/v2\/media\/4996"}],"wp:attachment":[{"href":"https:\/\/cacaunews.com\/index.php?rest_route=%2Fwp%2Fv2%2Fmedia&parent=4997"}],"wp:term":[{"taxonomy":"category","embeddable":true,"href":"https:\/\/cacaunews.com\/index.php?rest_route=%2Fwp%2Fv2%2Fcategories&post=4997"},{"taxonomy":"post_tag","embeddable":true,"href":"https:\/\/cacaunews.com\/index.php?rest_route=%2Fwp%2Fv2%2Ftags&post=4997"}],"curies":[{"name":"wp","href":"https:\/\/api.w.org\/{rel}","templated":true}]}}