{"id":5003,"date":"2024-08-04T15:18:44","date_gmt":"2024-08-04T15:18:44","guid":{"rendered":"https:\/\/cacaunews.com\/?p=5003"},"modified":"2024-08-04T15:18:44","modified_gmt":"2024-08-04T15:18:44","slug":"itabuna-solidariedade-oficializa-candidatura-de-fabricio-pancadinha","status":"publish","type":"post","link":"https:\/\/cacaunews.com\/?p=5003","title":{"rendered":"Itabuna: Solidariedade oficializa candidatura de Fabr\u00edcio Pancadinha."},"content":{"rendered":"\n<p>O Solidariedade oficializou, neste s\u00e1bado (03), a candidatura de Fabr\u00edcio Pancadinha \u00e0 Prefeitura de Itabuna, no sul da Bahia. O an\u00fancio aconteceu no Estacionamento da C\u00e2mara de Vereadores, no Centro da Cidade. O advogado Diego Pitanga do Movimento Democr\u00e1tico Brasileiro (MDB), \u00e9 o candidato a vice na chapa.<\/p>\n\n\n\n<p>Fabr\u00edcio Pancadinha concorre \u00e0 elei\u00e7\u00e3o pela primeira vez como prefeito. A coliga\u00e7\u00e3o, intitulada \u201cA vez do Povo\u201d, \u00e9 formada por seis partidos: Solidariedade, Mobiliza, Partido Renova\u00e7\u00e3o Democr\u00e1tica (PRD), Democracia Crist\u00e3 (DC), Uni\u00e3o Brasil e MDB.<\/p>\n\n\n\n<p>Ela tamb\u00e9m lan\u00e7ou candidaturas de 130 vereadores. A conven\u00e7\u00e3o partid\u00e1ria contou com a presen\u00e7a de vice-presidente nacional do Uni\u00e3o Brasil, ACM Neto -, l\u00edderes pol\u00edticos, al\u00e9m de candidatos \u00e0 C\u00e2mara Municipal de Itabuna e apoiadores.<br><br>\u201cEsse \u00e9 o tempo da mudan\u00e7a, tempo de transforma\u00e7\u00e3o e olha a alegria desse povo a\u00ed, com muita paz, com muito amor e acima de tudo querendo uma Itabuna diferente, uma Itabuna que precisa voltar a crescer a cada dia mais. Vamos tirar Itabuna do marasmo para voltar a ser a locomotiva do sul da Bahia\u201d, disse Pancadinha.<\/p>\n\n\n\n<p>Com Informa\u00e7\u00f5es IBahia.<\/p>\n","protected":false},"excerpt":{"rendered":"<p>O Solidariedade oficializou, neste s\u00e1bado (03), a candidatura de Fabr\u00edcio Pancadinha \u00e0 Prefeitura de Itabuna,&#8230;<\/p>\n","protected":false},"author":1,"featured_media":5002,"comment_status":"open","ping_status":"open","sticky":false,"template":"","format":"standard","meta":{"footnotes":""},"categories":[18,11,5],"tags":[1798,1244,27,29],"yoast_head":"<!-- This site is optimized with the Yoast SEO plugin v21.7 - https:\/\/yoast.com\/wordpress\/plugins\/seo\/ -->\n<title>Itabuna: Solidariedade oficializa candidatura de Fabr\u00edcio Pancadinha. - Cacau News<\/title>\n<meta name=\"robots\" content=\"index, follow, max-snippet:-1, max-image-preview:large, max-video-preview:-1\" \/>\n<link rel=\"canonical\" href=\"https:\/\/cacaunews.com\/?p=5003\" \/>\n<meta property=\"og:locale\" content=\"pt_BR\" \/>\n<meta property=\"og:type\" content=\"article\" \/>\n<meta property=\"og:title\" content=\"Itabuna: Solidariedade oficializa candidatura de Fabr\u00edcio Pancadinha. - Cacau News\" \/>\n<meta property=\"og:description\" content=\"O Solidariedade oficializou, neste s\u00e1bado (03), a candidatura de Fabr\u00edcio Pancadinha \u00e0 Prefeitura de Itabuna,...\" \/>\n<meta property=\"og:url\" content=\"https:\/\/cacaunews.com\/?p=5003\" \/>\n<meta property=\"og:site_name\" content=\"Cacau News\" \/>\n<meta property=\"article:published_time\" content=\"2024-08-04T15:18:44+00:00\" \/>\n<meta name=\"author\" content=\"Reda\u00e7\u00e3o Cacau News\" \/>\n<meta name=\"twitter:card\" content=\"summary_large_image\" \/>\n<meta name=\"twitter:label1\" content=\"Escrito por\" \/>\n\t<meta name=\"twitter:data1\" content=\"Reda\u00e7\u00e3o Cacau News\" \/>\n\t<meta name=\"twitter:label2\" content=\"Est. tempo de leitura\" \/>\n\t<meta name=\"twitter:data2\" content=\"1 minuto\" \/>\n<script type=\"application\/ld+json\" class=\"yoast-schema-graph\">{\"@context\":\"https:\/\/schema.org\",\"@graph\":[{\"@type\":\"Article\",\"@id\":\"https:\/\/cacaunews.com\/?p=5003#article\",\"isPartOf\":{\"@id\":\"https:\/\/cacaunews.com\/?p=5003\"},\"author\":{\"name\":\"Reda\u00e7\u00e3o Cacau News\",\"@id\":\"https:\/\/cacaunews.com\/#\/schema\/person\/ea69703103e606ad347ccd64bd72ef79\"},\"headline\":\"Itabuna: Solidariedade oficializa candidatura de Fabr\u00edcio Pancadinha.\",\"datePublished\":\"2024-08-04T15:18:44+00:00\",\"dateModified\":\"2024-08-04T15:18:44+00:00\",\"mainEntityOfPage\":{\"@id\":\"https:\/\/cacaunews.com\/?p=5003\"},\"wordCount\":203,\"commentCount\":0,\"publisher\":{\"@id\":\"https:\/\/cacaunews.com\/#organization\"},\"keywords\":[\"conven\u00e7\u00e3o\",\"elei\u00e7\u00f5es 2024\",\"itabuna\",\"pancadinha\"],\"articleSection\":[\"cidades\",\"Jornalismo\",\"Politica\"],\"inLanguage\":\"pt-BR\",\"potentialAction\":[{\"@type\":\"CommentAction\",\"name\":\"Comment\",\"target\":[\"https:\/\/cacaunews.com\/?p=5003#respond\"]}]},{\"@type\":\"WebPage\",\"@id\":\"https:\/\/cacaunews.com\/?p=5003\",\"url\":\"https:\/\/cacaunews.com\/?p=5003\",\"name\":\"Itabuna: Solidariedade oficializa candidatura de Fabr\u00edcio Pancadinha. - Cacau News\",\"isPartOf\":{\"@id\":\"https:\/\/cacaunews.com\/#website\"},\"datePublished\":\"2024-08-04T15:18:44+00:00\",\"dateModified\":\"2024-08-04T15:18:44+00:00\",\"breadcrumb\":{\"@id\":\"https:\/\/cacaunews.com\/?p=5003#breadcrumb\"},\"inLanguage\":\"pt-BR\",\"potentialAction\":[{\"@type\":\"ReadAction\",\"target\":[\"https:\/\/cacaunews.com\/?p=5003\"]}]},{\"@type\":\"BreadcrumbList\",\"@id\":\"https:\/\/cacaunews.com\/?p=5003#breadcrumb\",\"itemListElement\":[{\"@type\":\"ListItem\",\"position\":1,\"name\":\"In\u00edcio\",\"item\":\"https:\/\/cacaunews.com\/\"},{\"@type\":\"ListItem\",\"position\":2,\"name\":\"Itabuna: Solidariedade oficializa candidatura de Fabr\u00edcio Pancadinha.\"}]},{\"@type\":\"WebSite\",\"@id\":\"https:\/\/cacaunews.com\/#website\",\"url\":\"https:\/\/cacaunews.com\/\",\"name\":\"Cacau News\",\"description\":\"A Informa\u00e7\u00e3o que voc\u00ea precisa!\",\"publisher\":{\"@id\":\"https:\/\/cacaunews.com\/#organization\"},\"potentialAction\":[{\"@type\":\"SearchAction\",\"target\":{\"@type\":\"EntryPoint\",\"urlTemplate\":\"https:\/\/cacaunews.com\/?s={search_term_string}\"},\"query-input\":\"required name=search_term_string\"}],\"inLanguage\":\"pt-BR\"},{\"@type\":\"Organization\",\"@id\":\"https:\/\/cacaunews.com\/#organization\",\"name\":\"Cacau News\",\"url\":\"https:\/\/cacaunews.com\/\",\"logo\":{\"@type\":\"ImageObject\",\"inLanguage\":\"pt-BR\",\"@id\":\"https:\/\/cacaunews.com\/#\/schema\/logo\/image\/\",\"url\":\"https:\/\/cacaunews.com\/wp-content\/uploads\/2025\/01\/cropped-LOGO-NOVA.png\",\"contentUrl\":\"https:\/\/cacaunews.com\/wp-content\/uploads\/2025\/01\/cropped-LOGO-NOVA.png\",\"width\":813,\"height\":813,\"caption\":\"Cacau News\"},\"image\":{\"@id\":\"https:\/\/cacaunews.com\/#\/schema\/logo\/image\/\"},\"sameAs\":[\"https:\/\/www.instagram.com\/cacaunews.online\/\",\"https:\/\/youtube.com\/@cacaunews?si=0VXLnjl08SrWbVG9\"]},{\"@type\":\"Person\",\"@id\":\"https:\/\/cacaunews.com\/#\/schema\/person\/ea69703103e606ad347ccd64bd72ef79\",\"name\":\"Reda\u00e7\u00e3o Cacau News\",\"image\":{\"@type\":\"ImageObject\",\"inLanguage\":\"pt-BR\",\"@id\":\"https:\/\/cacaunews.com\/#\/schema\/person\/image\/\",\"url\":\"https:\/\/secure.gravatar.com\/avatar\/d79227a2a7b6cc42e8d7a8f7c284cd3a?s=96&d=mm&r=g\",\"contentUrl\":\"https:\/\/secure.gravatar.com\/avatar\/d79227a2a7b6cc42e8d7a8f7c284cd3a?s=96&d=mm&r=g\",\"caption\":\"Reda\u00e7\u00e3o Cacau News\"},\"sameAs\":[\"https:\/\/cacaunews.com\"],\"url\":\"https:\/\/cacaunews.com\/?author=1\"}]}<\/script>\n<!-- \/ Yoast SEO plugin. -->","yoast_head_json":{"title":"Itabuna: Solidariedade oficializa candidatura de Fabr\u00edcio Pancadinha. - Cacau News","robots":{"index":"index","follow":"follow","max-snippet":"max-snippet:-1","max-image-preview":"max-image-preview:large","max-video-preview":"max-video-preview:-1"},"canonical":"https:\/\/cacaunews.com\/?p=5003","og_locale":"pt_BR","og_type":"article","og_title":"Itabuna: Solidariedade oficializa candidatura de Fabr\u00edcio Pancadinha. - Cacau News","og_description":"O Solidariedade oficializou, neste s\u00e1bado (03), a candidatura de Fabr\u00edcio Pancadinha \u00e0 Prefeitura de Itabuna,...","og_url":"https:\/\/cacaunews.com\/?p=5003","og_site_name":"Cacau News","article_published_time":"2024-08-04T15:18:44+00:00","author":"Reda\u00e7\u00e3o Cacau News","twitter_card":"summary_large_image","twitter_misc":{"Escrito por":"Reda\u00e7\u00e3o Cacau News","Est. tempo de leitura":"1 minuto"},"schema":{"@context":"https:\/\/schema.org","@graph":[{"@type":"Article","@id":"https:\/\/cacaunews.com\/?p=5003#article","isPartOf":{"@id":"https:\/\/cacaunews.com\/?p=5003"},"author":{"name":"Reda\u00e7\u00e3o Cacau News","@id":"https:\/\/cacaunews.com\/#\/schema\/person\/ea69703103e606ad347ccd64bd72ef79"},"headline":"Itabuna: Solidariedade oficializa candidatura de Fabr\u00edcio Pancadinha.","datePublished":"2024-08-04T15:18:44+00:00","dateModified":"2024-08-04T15:18:44+00:00","mainEntityOfPage":{"@id":"https:\/\/cacaunews.com\/?p=5003"},"wordCount":203,"commentCount":0,"publisher":{"@id":"https:\/\/cacaunews.com\/#organization"},"keywords":["conven\u00e7\u00e3o","elei\u00e7\u00f5es 2024","itabuna","pancadinha"],"articleSection":["cidades","Jornalismo","Politica"],"inLanguage":"pt-BR","potentialAction":[{"@type":"CommentAction","name":"Comment","target":["https:\/\/cacaunews.com\/?p=5003#respond"]}]},{"@type":"WebPage","@id":"https:\/\/cacaunews.com\/?p=5003","url":"https:\/\/cacaunews.com\/?p=5003","name":"Itabuna: Solidariedade oficializa candidatura de Fabr\u00edcio Pancadinha. - Cacau News","isPartOf":{"@id":"https:\/\/cacaunews.com\/#website"},"datePublished":"2024-08-04T15:18:44+00:00","dateModified":"2024-08-04T15:18:44+00:00","breadcrumb":{"@id":"https:\/\/cacaunews.com\/?p=5003#breadcrumb"},"inLanguage":"pt-BR","potentialAction":[{"@type":"ReadAction","target":["https:\/\/cacaunews.com\/?p=5003"]}]},{"@type":"BreadcrumbList","@id":"https:\/\/cacaunews.com\/?p=5003#breadcrumb","itemListElement":[{"@type":"ListItem","position":1,"name":"In\u00edcio","item":"https:\/\/cacaunews.com\/"},{"@type":"ListItem","position":2,"name":"Itabuna: Solidariedade oficializa candidatura de Fabr\u00edcio Pancadinha."}]},{"@type":"WebSite","@id":"https:\/\/cacaunews.com\/#website","url":"https:\/\/cacaunews.com\/","name":"Cacau News","description":"A Informa\u00e7\u00e3o que voc\u00ea precisa!","publisher":{"@id":"https:\/\/cacaunews.com\/#organization"},"potentialAction":[{"@type":"SearchAction","target":{"@type":"EntryPoint","urlTemplate":"https:\/\/cacaunews.com\/?s={search_term_string}"},"query-input":"required name=search_term_string"}],"inLanguage":"pt-BR"},{"@type":"Organization","@id":"https:\/\/cacaunews.com\/#organization","name":"Cacau News","url":"https:\/\/cacaunews.com\/","logo":{"@type":"ImageObject","inLanguage":"pt-BR","@id":"https:\/\/cacaunews.com\/#\/schema\/logo\/image\/","url":"https:\/\/cacaunews.com\/wp-content\/uploads\/2025\/01\/cropped-LOGO-NOVA.png","contentUrl":"https:\/\/cacaunews.com\/wp-content\/uploads\/2025\/01\/cropped-LOGO-NOVA.png","width":813,"height":813,"caption":"Cacau News"},"image":{"@id":"https:\/\/cacaunews.com\/#\/schema\/logo\/image\/"},"sameAs":["https:\/\/www.instagram.com\/cacaunews.online\/","https:\/\/youtube.com\/@cacaunews?si=0VXLnjl08SrWbVG9"]},{"@type":"Person","@id":"https:\/\/cacaunews.com\/#\/schema\/person\/ea69703103e606ad347ccd64bd72ef79","name":"Reda\u00e7\u00e3o Cacau News","image":{"@type":"ImageObject","inLanguage":"pt-BR","@id":"https:\/\/cacaunews.com\/#\/schema\/person\/image\/","url":"https:\/\/secure.gravatar.com\/avatar\/d79227a2a7b6cc42e8d7a8f7c284cd3a?s=96&d=mm&r=g","contentUrl":"https:\/\/secure.gravatar.com\/avatar\/d79227a2a7b6cc42e8d7a8f7c284cd3a?s=96&d=mm&r=g","caption":"Reda\u00e7\u00e3o Cacau News"},"sameAs":["https:\/\/cacaunews.com"],"url":"https:\/\/cacaunews.com\/?author=1"}]}},"jetpack_sharing_enabled":true,"jetpack_featured_media_url":"https:\/\/cacaunews.com\/wp-content\/uploads\/2024\/08\/IMG_20240804_121958.jpg","_links":{"self":[{"href":"https:\/\/cacaunews.com\/index.php?rest_route=\/wp\/v2\/posts\/5003"}],"collection":[{"href":"https:\/\/cacaunews.com\/index.php?rest_route=\/wp\/v2\/posts"}],"about":[{"href":"https:\/\/cacaunews.com\/index.php?rest_route=\/wp\/v2\/types\/post"}],"author":[{"embeddable":true,"href":"https:\/\/cacaunews.com\/index.php?rest_route=\/wp\/v2\/users\/1"}],"replies":[{"embeddable":true,"href":"https:\/\/cacaunews.com\/index.php?rest_route=%2Fwp%2Fv2%2Fcomments&post=5003"}],"version-history":[{"count":0,"href":"https:\/\/cacaunews.com\/index.php?rest_route=\/wp\/v2\/posts\/5003\/revisions"}],"wp:featuredmedia":[{"embeddable":true,"href":"https:\/\/cacaunews.com\/index.php?rest_route=\/wp\/v2\/media\/5002"}],"wp:attachment":[{"href":"https:\/\/cacaunews.com\/index.php?rest_route=%2Fwp%2Fv2%2Fmedia&parent=5003"}],"wp:term":[{"taxonomy":"category","embeddable":true,"href":"https:\/\/cacaunews.com\/index.php?rest_route=%2Fwp%2Fv2%2Fcategories&post=5003"},{"taxonomy":"post_tag","embeddable":true,"href":"https:\/\/cacaunews.com\/index.php?rest_route=%2Fwp%2Fv2%2Ftags&post=5003"}],"curies":[{"name":"wp","href":"https:\/\/api.w.org\/{rel}","templated":true}]}}