{"id":5040,"date":"2024-08-27T12:50:35","date_gmt":"2024-08-27T12:50:35","guid":{"rendered":"https:\/\/cacaunews.com\/?p=5040"},"modified":"2024-08-27T12:57:03","modified_gmt":"2024-08-27T12:57:03","slug":"tendas-dos-milagres-de-jorge-amado-e-tema-de-palestra-de-jornalista-itabunense-em-salvador","status":"publish","type":"post","link":"https:\/\/cacaunews.com\/?p=5040","title":{"rendered":"Tendas dos Milagres, de Jorge Amado, \u00e9 tema de palestra de jornalista itabunense em Salvador."},"content":{"rendered":"\n<p class=\"has-text-align-left\"><br>\u00a0\u00a0 \u201cTendas dos Milagres: Identidade, religiosidade e intera\u00e7\u00e3o social na obra de Jorge Amado\u201d \u00e9 o tema da palestra que o jornalista, poeta e escritor itabunense Ederivaldo Benedito-Ben\u00e9 far\u00e1 na manh\u00e3 desta quarta-feira, dia 28, durante a II Flind-Feira Liter\u00e1ria do Col\u00e9gio Estadual Manoel Devoto, em Salvador, O evento, que se estender\u00e1 at\u00e9 sexta-feira, dia 30, reunir\u00e1 estudantes, professores, ex-alunos e representantes da comunidade numa extensa programa\u00e7\u00e3o cultural.<\/p>\n\n\n\n<p><br>\u00a0\u00a0 \u201cLinguagem utilizada para descrever outra linguagem, metalinguagem \u00e9 o ponto onde a linguagem se transforma num objeto para descrever a si mesma. Utilizando os recursos da metalinguagem, construir uma entrevista imagin\u00e1ria com Pedro Archanjo, transportando para a nossa realidade porque o personagem fict\u00edcio de Jorge Amado representa, em \u201cTendas dos Milagres\u201d, a cultura afro-brasileira e as tradi\u00e7\u00f5es da Bahia\u201d, explicou Ben\u00e9. \u201cO romance aborda a identidade, a religiosidade e as intera\u00e7\u00f5es sociais, destacando a riqueza cultural brasileira\u201d, acrescentou.<\/p>\n\n\n\n<p><br>\u00a0\u00a0 &#8220;Desde junho de 1994, ap\u00f3s cursar Hist\u00f3ria, na Universidade Estadual de Santa Cruz, e ainda acad\u00eamico de Direito, venho fazendo uma releitura de Tendas dos Milagres. Aos longo desses vinte anos, reli o livro in\u00fameras vezes e busquei uma entrevista imagin\u00e1ria com o Pedro Archanjo. Ao d\u00e1 vida ao personagem principal do romance, o transportei\u00a0 \u00e0 realidade atual, tracei com ele um di\u00e1logo acerca do conjunto da obras de Jorge Amado, o perfil dos demais personagens e qual seria a sua presen\u00e7a e a sua rea\u00e7\u00e3o frente Brasil que estamos vivendo\u201d, afirmou.<\/p>\n\n\n\n<p><br>\u00a0\u00a0 O trabalho de Ben\u00e9 tem a colabora\u00e7\u00e3o da tamb\u00e9m professora e jornalista Vera Regina Oliveira. Itabunense, radicada em Salvador h\u00e1 quase cinquenta anos em Salvador, \u201cVerinha\u201d \u00e9 graduada e Letras pela Universidade Federal da Bahia, com especializa\u00e7\u00e3o em Leitura. Arquivista e pesquisadora, ela trabalhou no Jornal da Bahia, Tribuna da Bahia, Correio da Bahia, Gazeta da Bahia\/Gazeta Mercantil e Bahia Hoje.<\/p>\n\n\n\n<p><br>\u00a0\u00a0 Conclu\u00eddo em julho de 1969, \u201cTendas dos Milagres\u201d \u2013 uma das mais importantes obras de Jorge Amado \u2013 tem um grande conte\u00fado revolucion\u00e1rio. Considerado um libelo da liberdade, o romance do escritor itabunense mostra a miscigena\u00e7\u00e3o na Bahia, o papel da Imprensa e a luta do povo baiano; a for\u00e7a da popula\u00e7\u00e3o de origem negra, a busca da cidadania e a resist\u00eancia de todos os setores da sociedade local. Tem como ponto chave a manifesta\u00e7\u00e3o cultural: o Candombl\u00e9 \u00e9 muito mais do que uma religi\u00e3o, \u00e9 um instrumento de liberta\u00e7\u00e3o de um povo.<\/p>\n\n\n\n<figure class=\"wp-block-image size-large\"><img fetchpriority=\"high\" decoding=\"async\" width=\"1024\" height=\"824\" src=\"https:\/\/cacaunews.com\/wp-content\/uploads\/2024\/08\/img-20240827-wa01381414437801154744052-1024x824.jpg\" alt=\"\" class=\"wp-image-5038\" srcset=\"https:\/\/cacaunews.com\/wp-content\/uploads\/2024\/08\/img-20240827-wa01381414437801154744052-1024x824.jpg 1024w, https:\/\/cacaunews.com\/wp-content\/uploads\/2024\/08\/img-20240827-wa01381414437801154744052-300x241.jpg 300w, https:\/\/cacaunews.com\/wp-content\/uploads\/2024\/08\/img-20240827-wa01381414437801154744052-768x618.jpg 768w, https:\/\/cacaunews.com\/wp-content\/uploads\/2024\/08\/img-20240827-wa01381414437801154744052-1536x1236.jpg 1536w, https:\/\/cacaunews.com\/wp-content\/uploads\/2024\/08\/img-20240827-wa01381414437801154744052.jpg 1600w\" sizes=\"(max-width: 1024px) 100vw, 1024px\" \/><\/figure>\n\n\n\n<p><br>\u00a0\u00a0 Nascido em Itabuna h\u00e1 65 anos, cinquenta dos quais dedicados ao Jornalismo sulbaiano, Ben\u00e9 tem uma s\u00f3lida forma\u00e7\u00e3o acad\u00eamica e profissional. \u00c9 jornalista, radialista, poeta, memorialista e bacharel em Direito; cursou Filosofia e \u00e9 graduando em Teologia. Como rep\u00f3rter trabalhou nos jornais Correio da Bahia, Tribuna da Bahia, Jornal da Bahia, Not\u00edcias Populares, O Estado de S\u00e3o Paulo, O Globo e A Tarde e nas TVs Cabr\u00e1lia e Santa Cruz. Servidor federal aposentado, ele atuou por tr\u00eas d\u00e9cadas e meia no setor de Comunica\u00e7\u00e3o Social da Ceplac, organismo do Minist\u00e9rio da Agricultura.<\/p>\n\n\n\n<p><br>\u00a0\u00a0 Tradicional estabelecimento de ensino baiano, Manoel Devoto \u00e9 localizado no Rio Vermelho, bairro onde Jorge Amado residiu h\u00e1 d\u00e9cadas. Durante quatro dias, a Feira Liter\u00e1ria do col\u00e9gio desenvolver\u00e1 in\u00fameras atividades, como apresenta\u00e7\u00f5es culturais, oficinas; desfiles e estandes de cord\u00e9is. O evento reunir\u00e1 escritores, poetas, professores, cantores, historiadores e pesquisadores da obra de Jorge Amado.<\/p>\n","protected":false},"excerpt":{"rendered":"<p>\u00a0\u00a0 \u201cTendas dos Milagres: Identidade, religiosidade e intera\u00e7\u00e3o social na obra de Jorge Amado\u201d \u00e9&#8230;<\/p>\n","protected":false},"author":1,"featured_media":5039,"comment_status":"open","ping_status":"open","sticky":false,"template":"","format":"standard","meta":{"footnotes":""},"categories":[18,31,11],"tags":[1815,1814,27,914,1816,266],"yoast_head":"<!-- This site is optimized with the Yoast SEO plugin v21.7 - https:\/\/yoast.com\/wordpress\/plugins\/seo\/ -->\n<title>Tendas dos Milagres, de Jorge Amado, \u00e9 tema de palestra de jornalista itabunense em Salvador. - Cacau News<\/title>\n<meta name=\"robots\" content=\"index, follow, max-snippet:-1, max-image-preview:large, max-video-preview:-1\" \/>\n<link rel=\"canonical\" href=\"https:\/\/cacaunews.com\/?p=5040\" \/>\n<meta property=\"og:locale\" content=\"pt_BR\" \/>\n<meta property=\"og:type\" content=\"article\" \/>\n<meta property=\"og:title\" content=\"Tendas dos Milagres, de Jorge Amado, \u00e9 tema de palestra de jornalista itabunense em Salvador. - Cacau News\" \/>\n<meta property=\"og:description\" content=\"\u00a0\u00a0 \u201cTendas dos Milagres: Identidade, religiosidade e intera\u00e7\u00e3o social na obra de Jorge Amado\u201d \u00e9...\" \/>\n<meta property=\"og:url\" content=\"https:\/\/cacaunews.com\/?p=5040\" \/>\n<meta property=\"og:site_name\" content=\"Cacau News\" \/>\n<meta property=\"article:published_time\" content=\"2024-08-27T12:50:35+00:00\" \/>\n<meta property=\"article:modified_time\" content=\"2024-08-27T12:57:03+00:00\" \/>\n<meta property=\"og:image\" content=\"https:\/\/cacaunews.com\/wp-content\/uploads\/2024\/08\/IMG-20240827-WA0137.jpg\" \/>\n\t<meta property=\"og:image:width\" content=\"1600\" \/>\n\t<meta property=\"og:image:height\" content=\"1385\" \/>\n\t<meta property=\"og:image:type\" content=\"image\/jpeg\" \/>\n<meta name=\"author\" content=\"Reda\u00e7\u00e3o Cacau News\" \/>\n<meta name=\"twitter:card\" content=\"summary_large_image\" \/>\n<meta name=\"twitter:label1\" content=\"Escrito por\" \/>\n\t<meta name=\"twitter:data1\" content=\"Reda\u00e7\u00e3o Cacau News\" \/>\n\t<meta name=\"twitter:label2\" content=\"Est. tempo de leitura\" \/>\n\t<meta name=\"twitter:data2\" content=\"3 minutos\" \/>\n<script type=\"application\/ld+json\" class=\"yoast-schema-graph\">{\"@context\":\"https:\/\/schema.org\",\"@graph\":[{\"@type\":\"Article\",\"@id\":\"https:\/\/cacaunews.com\/?p=5040#article\",\"isPartOf\":{\"@id\":\"https:\/\/cacaunews.com\/?p=5040\"},\"author\":{\"name\":\"Reda\u00e7\u00e3o Cacau News\",\"@id\":\"https:\/\/cacaunews.com\/#\/schema\/person\/ea69703103e606ad347ccd64bd72ef79\"},\"headline\":\"Tendas dos Milagres, de Jorge Amado, \u00e9 tema de palestra de jornalista itabunense em Salvador.\",\"datePublished\":\"2024-08-27T12:50:35+00:00\",\"dateModified\":\"2024-08-27T12:57:03+00:00\",\"mainEntityOfPage\":{\"@id\":\"https:\/\/cacaunews.com\/?p=5040\"},\"wordCount\":582,\"commentCount\":0,\"publisher\":{\"@id\":\"https:\/\/cacaunews.com\/#organization\"},\"keywords\":[\"ben\u00e9\",\"ederivaldo\",\"itabuna\",\"Jorge Amado\",\"literatura\",\"Salvador\"],\"articleSection\":[\"cidades\",\"Cultura\",\"Jornalismo\"],\"inLanguage\":\"pt-BR\",\"potentialAction\":[{\"@type\":\"CommentAction\",\"name\":\"Comment\",\"target\":[\"https:\/\/cacaunews.com\/?p=5040#respond\"]}]},{\"@type\":\"WebPage\",\"@id\":\"https:\/\/cacaunews.com\/?p=5040\",\"url\":\"https:\/\/cacaunews.com\/?p=5040\",\"name\":\"Tendas dos Milagres, de Jorge Amado, \u00e9 tema de palestra de jornalista itabunense em Salvador. - Cacau News\",\"isPartOf\":{\"@id\":\"https:\/\/cacaunews.com\/#website\"},\"datePublished\":\"2024-08-27T12:50:35+00:00\",\"dateModified\":\"2024-08-27T12:57:03+00:00\",\"breadcrumb\":{\"@id\":\"https:\/\/cacaunews.com\/?p=5040#breadcrumb\"},\"inLanguage\":\"pt-BR\",\"potentialAction\":[{\"@type\":\"ReadAction\",\"target\":[\"https:\/\/cacaunews.com\/?p=5040\"]}]},{\"@type\":\"BreadcrumbList\",\"@id\":\"https:\/\/cacaunews.com\/?p=5040#breadcrumb\",\"itemListElement\":[{\"@type\":\"ListItem\",\"position\":1,\"name\":\"In\u00edcio\",\"item\":\"https:\/\/cacaunews.com\/\"},{\"@type\":\"ListItem\",\"position\":2,\"name\":\"Tendas dos Milagres, de Jorge Amado, \u00e9 tema de palestra de jornalista itabunense em Salvador.\"}]},{\"@type\":\"WebSite\",\"@id\":\"https:\/\/cacaunews.com\/#website\",\"url\":\"https:\/\/cacaunews.com\/\",\"name\":\"Cacau News\",\"description\":\"A Informa\u00e7\u00e3o que voc\u00ea precisa!\",\"publisher\":{\"@id\":\"https:\/\/cacaunews.com\/#organization\"},\"potentialAction\":[{\"@type\":\"SearchAction\",\"target\":{\"@type\":\"EntryPoint\",\"urlTemplate\":\"https:\/\/cacaunews.com\/?s={search_term_string}\"},\"query-input\":\"required name=search_term_string\"}],\"inLanguage\":\"pt-BR\"},{\"@type\":\"Organization\",\"@id\":\"https:\/\/cacaunews.com\/#organization\",\"name\":\"Cacau News\",\"url\":\"https:\/\/cacaunews.com\/\",\"logo\":{\"@type\":\"ImageObject\",\"inLanguage\":\"pt-BR\",\"@id\":\"https:\/\/cacaunews.com\/#\/schema\/logo\/image\/\",\"url\":\"https:\/\/cacaunews.com\/wp-content\/uploads\/2025\/01\/cropped-LOGO-NOVA.png\",\"contentUrl\":\"https:\/\/cacaunews.com\/wp-content\/uploads\/2025\/01\/cropped-LOGO-NOVA.png\",\"width\":813,\"height\":813,\"caption\":\"Cacau News\"},\"image\":{\"@id\":\"https:\/\/cacaunews.com\/#\/schema\/logo\/image\/\"},\"sameAs\":[\"https:\/\/www.instagram.com\/cacaunews.online\/\",\"https:\/\/youtube.com\/@cacaunews?si=0VXLnjl08SrWbVG9\"]},{\"@type\":\"Person\",\"@id\":\"https:\/\/cacaunews.com\/#\/schema\/person\/ea69703103e606ad347ccd64bd72ef79\",\"name\":\"Reda\u00e7\u00e3o Cacau News\",\"image\":{\"@type\":\"ImageObject\",\"inLanguage\":\"pt-BR\",\"@id\":\"https:\/\/cacaunews.com\/#\/schema\/person\/image\/\",\"url\":\"https:\/\/secure.gravatar.com\/avatar\/d79227a2a7b6cc42e8d7a8f7c284cd3a?s=96&d=mm&r=g\",\"contentUrl\":\"https:\/\/secure.gravatar.com\/avatar\/d79227a2a7b6cc42e8d7a8f7c284cd3a?s=96&d=mm&r=g\",\"caption\":\"Reda\u00e7\u00e3o Cacau News\"},\"sameAs\":[\"https:\/\/cacaunews.com\"],\"url\":\"https:\/\/cacaunews.com\/?author=1\"}]}<\/script>\n<!-- \/ Yoast SEO plugin. -->","yoast_head_json":{"title":"Tendas dos Milagres, de Jorge Amado, \u00e9 tema de palestra de jornalista itabunense em Salvador. - Cacau News","robots":{"index":"index","follow":"follow","max-snippet":"max-snippet:-1","max-image-preview":"max-image-preview:large","max-video-preview":"max-video-preview:-1"},"canonical":"https:\/\/cacaunews.com\/?p=5040","og_locale":"pt_BR","og_type":"article","og_title":"Tendas dos Milagres, de Jorge Amado, \u00e9 tema de palestra de jornalista itabunense em Salvador. - Cacau News","og_description":"\u00a0\u00a0 \u201cTendas dos Milagres: Identidade, religiosidade e intera\u00e7\u00e3o social na obra de Jorge Amado\u201d \u00e9...","og_url":"https:\/\/cacaunews.com\/?p=5040","og_site_name":"Cacau News","article_published_time":"2024-08-27T12:50:35+00:00","article_modified_time":"2024-08-27T12:57:03+00:00","og_image":[{"width":1600,"height":1385,"url":"https:\/\/cacaunews.com\/wp-content\/uploads\/2024\/08\/IMG-20240827-WA0137.jpg","type":"image\/jpeg"}],"author":"Reda\u00e7\u00e3o Cacau News","twitter_card":"summary_large_image","twitter_misc":{"Escrito por":"Reda\u00e7\u00e3o Cacau News","Est. tempo de leitura":"3 minutos"},"schema":{"@context":"https:\/\/schema.org","@graph":[{"@type":"Article","@id":"https:\/\/cacaunews.com\/?p=5040#article","isPartOf":{"@id":"https:\/\/cacaunews.com\/?p=5040"},"author":{"name":"Reda\u00e7\u00e3o Cacau News","@id":"https:\/\/cacaunews.com\/#\/schema\/person\/ea69703103e606ad347ccd64bd72ef79"},"headline":"Tendas dos Milagres, de Jorge Amado, \u00e9 tema de palestra de jornalista itabunense em Salvador.","datePublished":"2024-08-27T12:50:35+00:00","dateModified":"2024-08-27T12:57:03+00:00","mainEntityOfPage":{"@id":"https:\/\/cacaunews.com\/?p=5040"},"wordCount":582,"commentCount":0,"publisher":{"@id":"https:\/\/cacaunews.com\/#organization"},"keywords":["ben\u00e9","ederivaldo","itabuna","Jorge Amado","literatura","Salvador"],"articleSection":["cidades","Cultura","Jornalismo"],"inLanguage":"pt-BR","potentialAction":[{"@type":"CommentAction","name":"Comment","target":["https:\/\/cacaunews.com\/?p=5040#respond"]}]},{"@type":"WebPage","@id":"https:\/\/cacaunews.com\/?p=5040","url":"https:\/\/cacaunews.com\/?p=5040","name":"Tendas dos Milagres, de Jorge Amado, \u00e9 tema de palestra de jornalista itabunense em Salvador. - Cacau News","isPartOf":{"@id":"https:\/\/cacaunews.com\/#website"},"datePublished":"2024-08-27T12:50:35+00:00","dateModified":"2024-08-27T12:57:03+00:00","breadcrumb":{"@id":"https:\/\/cacaunews.com\/?p=5040#breadcrumb"},"inLanguage":"pt-BR","potentialAction":[{"@type":"ReadAction","target":["https:\/\/cacaunews.com\/?p=5040"]}]},{"@type":"BreadcrumbList","@id":"https:\/\/cacaunews.com\/?p=5040#breadcrumb","itemListElement":[{"@type":"ListItem","position":1,"name":"In\u00edcio","item":"https:\/\/cacaunews.com\/"},{"@type":"ListItem","position":2,"name":"Tendas dos Milagres, de Jorge Amado, \u00e9 tema de palestra de jornalista itabunense em Salvador."}]},{"@type":"WebSite","@id":"https:\/\/cacaunews.com\/#website","url":"https:\/\/cacaunews.com\/","name":"Cacau News","description":"A Informa\u00e7\u00e3o que voc\u00ea precisa!","publisher":{"@id":"https:\/\/cacaunews.com\/#organization"},"potentialAction":[{"@type":"SearchAction","target":{"@type":"EntryPoint","urlTemplate":"https:\/\/cacaunews.com\/?s={search_term_string}"},"query-input":"required name=search_term_string"}],"inLanguage":"pt-BR"},{"@type":"Organization","@id":"https:\/\/cacaunews.com\/#organization","name":"Cacau News","url":"https:\/\/cacaunews.com\/","logo":{"@type":"ImageObject","inLanguage":"pt-BR","@id":"https:\/\/cacaunews.com\/#\/schema\/logo\/image\/","url":"https:\/\/cacaunews.com\/wp-content\/uploads\/2025\/01\/cropped-LOGO-NOVA.png","contentUrl":"https:\/\/cacaunews.com\/wp-content\/uploads\/2025\/01\/cropped-LOGO-NOVA.png","width":813,"height":813,"caption":"Cacau News"},"image":{"@id":"https:\/\/cacaunews.com\/#\/schema\/logo\/image\/"},"sameAs":["https:\/\/www.instagram.com\/cacaunews.online\/","https:\/\/youtube.com\/@cacaunews?si=0VXLnjl08SrWbVG9"]},{"@type":"Person","@id":"https:\/\/cacaunews.com\/#\/schema\/person\/ea69703103e606ad347ccd64bd72ef79","name":"Reda\u00e7\u00e3o Cacau News","image":{"@type":"ImageObject","inLanguage":"pt-BR","@id":"https:\/\/cacaunews.com\/#\/schema\/person\/image\/","url":"https:\/\/secure.gravatar.com\/avatar\/d79227a2a7b6cc42e8d7a8f7c284cd3a?s=96&d=mm&r=g","contentUrl":"https:\/\/secure.gravatar.com\/avatar\/d79227a2a7b6cc42e8d7a8f7c284cd3a?s=96&d=mm&r=g","caption":"Reda\u00e7\u00e3o Cacau News"},"sameAs":["https:\/\/cacaunews.com"],"url":"https:\/\/cacaunews.com\/?author=1"}]}},"jetpack_sharing_enabled":true,"jetpack_featured_media_url":"https:\/\/cacaunews.com\/wp-content\/uploads\/2024\/08\/IMG-20240827-WA0137.jpg","_links":{"self":[{"href":"https:\/\/cacaunews.com\/index.php?rest_route=\/wp\/v2\/posts\/5040"}],"collection":[{"href":"https:\/\/cacaunews.com\/index.php?rest_route=\/wp\/v2\/posts"}],"about":[{"href":"https:\/\/cacaunews.com\/index.php?rest_route=\/wp\/v2\/types\/post"}],"author":[{"embeddable":true,"href":"https:\/\/cacaunews.com\/index.php?rest_route=\/wp\/v2\/users\/1"}],"replies":[{"embeddable":true,"href":"https:\/\/cacaunews.com\/index.php?rest_route=%2Fwp%2Fv2%2Fcomments&post=5040"}],"version-history":[{"count":1,"href":"https:\/\/cacaunews.com\/index.php?rest_route=\/wp\/v2\/posts\/5040\/revisions"}],"predecessor-version":[{"id":5041,"href":"https:\/\/cacaunews.com\/index.php?rest_route=\/wp\/v2\/posts\/5040\/revisions\/5041"}],"wp:featuredmedia":[{"embeddable":true,"href":"https:\/\/cacaunews.com\/index.php?rest_route=\/wp\/v2\/media\/5039"}],"wp:attachment":[{"href":"https:\/\/cacaunews.com\/index.php?rest_route=%2Fwp%2Fv2%2Fmedia&parent=5040"}],"wp:term":[{"taxonomy":"category","embeddable":true,"href":"https:\/\/cacaunews.com\/index.php?rest_route=%2Fwp%2Fv2%2Fcategories&post=5040"},{"taxonomy":"post_tag","embeddable":true,"href":"https:\/\/cacaunews.com\/index.php?rest_route=%2Fwp%2Fv2%2Ftags&post=5040"}],"curies":[{"name":"wp","href":"https:\/\/api.w.org\/{rel}","templated":true}]}}