{"id":5065,"date":"2024-09-06T13:00:40","date_gmt":"2024-09-06T13:00:40","guid":{"rendered":"https:\/\/cacaunews.com\/?p=5065"},"modified":"2024-09-06T13:01:08","modified_gmt":"2024-09-06T13:01:08","slug":"prefeituraveis-do-litoral-sul-da-bahia-se-comprometem-com-o-desenvolvimento-sustentavel","status":"publish","type":"post","link":"https:\/\/cacaunews.com\/?p=5065","title":{"rendered":"Prefeitur\u00e1veis do Litoral Sul da Bahia se comprometem com o desenvolvimento sustent\u00e1vel."},"content":{"rendered":"\n<p><br><em>Concorrentes se reuniram no audit\u00f3rio Paulo Souto, UESC, no \u00faltimo dia 2 de setembro.<\/em><br> <br>No \u00faltimo dia 2 de setembro, candidatas e candidatos ao executivo municipal de todo o Litoral Sul da Bahia, embora advers\u00e1rios nas pr\u00f3ximas elei\u00e7\u00f5es, se reuniram no audit\u00f3rio Paulo Souto, da UESC, para discutir e promover o desenvolvimento sustent\u00e1vel da regi\u00e3o. O II Encontro Litoral Sul Mais Sustent\u00e1vel, organizado pela Ag\u00eancia de Desenvolvimento Regional (ADR) Sul da Bahia, pelo F\u00f3rum Sul da Bahia Global e com o apoio do Sebrae, proporcionou este importante momento de di\u00e1logo e colabora\u00e7\u00e3o.<br><br>Na ocasi\u00e3o, 22 candidatos e candidatas de 15 munic\u00edpios assinaram uma carta-compromisso elaborada por organiza\u00e7\u00f5es da sociedade civil, contendo propostas concretas para o desenvolvimento territorial sustent\u00e1vel. Essas propostas foram definidas com base em indicadores locais e nos Objetivos de Desenvolvimento Sustent\u00e1vel (ODS) da Agenda 2030. Ao firmar o documento, os(as) prefeitur\u00e1veis reafirmaram seu compromisso com o futuro da regi\u00e3o, dando um passo decisivo rumo \u00e0 implementa\u00e7\u00e3o de a\u00e7\u00f5es eficazes que promovam o desenvolvimento econ\u00f4mico, a preserva\u00e7\u00e3o ambiental e o bem-estar da comunidade.<br> <br>A constru\u00e7\u00e3o coletiva do desenvolvimento territorial \u00e9 uma das principais miss\u00f5es do F\u00f3rum Sul da Bahia Global. \u201cEm conjunto com lideran\u00e7as e representantes da iniciativa p\u00fablica, iniciativa privada, sociedade civil organizada e setor de ci\u00eancia, tecnologia e inova\u00e7\u00e3o, criamos o\u00a0 Plano de Desenvolvimento Regional (PDR) e definimos que os eixos priorit\u00e1rios s\u00e3o a educa\u00e7\u00e3o, a infraestrutura, o desenvolvimento econ\u00f4mico, o meio ambiente e paisagem, e a governan\u00e7a\u201d, ressaltou Socorro Mendon\u00e7a, representante do F\u00f3rum e diretora do Instituto Nossa Ilh\u00e9us.<br> <br>Ao abrir o encontro, o reitor da UESC, Alessandro Fernandes, refor\u00e7ou a necessidade de se manter o respeito \u00e0 democracia no per\u00edodo de campanha. \u201cPodemos divergir sobre o pensar e o fazer pol\u00edtica, mas quem se candidata a um cargo p\u00fablico eletivo tem a obriga\u00e7\u00e3o de ser um exemplo para a sociedade. Viver em democracia n\u00e3o \u00e9 viver sem conflitos, mas \u00e9 resolv\u00ea-los de forma harmoniosa\u201d, destacou.<br> <br>A programa\u00e7\u00e3o incluiu duas palestras. A primeira delas foi ministrada por Grazielle Carvalho, professora e doutora em geografia que desenvolveu uma metodologia para promover a gest\u00e3o democr\u00e1tica das cidades. Em seguida, o prefeito em segundo mandato da cidade de Indiaroba, em Sergipe, Adinaldo do Nascimento, apresentou o caso de sucesso de sua gest\u00e3o focada em pol\u00edticas sociais e distribui\u00e7\u00e3o de renda, como o Banco Popular de Indiaroba e o Programa Alimenta Indiaroba.<br> <br>A cerim\u00f4nia de assinaturas contou com representantes das cidades de Barro Preto,\u00a0 Buerarema, Camac\u00e3, Canavieiras, Coaraci, Floresta Azul, Ilh\u00e9us, Itabuna, Itacar\u00e9, Jussari, Mara\u00fa, Pau Brasil, S\u00e3o Jos\u00e9 da Vit\u00f3ria, Ubaitaba e Uru\u00e7uca.<br> <br>Mariana Sales, Secret\u00e1ria Executiva da ADR, destacou o papel fundamental da Ag\u00eancia na promo\u00e7\u00e3o do desenvolvimento sustent\u00e1vel e integrado da regi\u00e3o. \u201cEstaremos \u00e0 disposi\u00e7\u00e3o para receber os candidatos e candidatas que forem eleitos. Temos capacidade para apoiar na constru\u00e7\u00e3o e execu\u00e7\u00e3o de iniciativas que possam responder \u00e0s demandas sociais. Nosso escopo de atua\u00e7\u00e3o inclui o fortalecimento do desenvolvimento sustent\u00e1vel do territ\u00f3rio\u201d, finalizou.<br> <br>Confira abaixo a lista dos candidatos e candidatas que assinaram a carta-compromisso:<br>Barro Preto &#8211; Itamaria<br>Barro Preto &#8211; Jucari da Sa\u00fade<br>Buerarema &#8211; Diego Gonzaga<br>Camac\u00e3 &#8211; Paulo do G\u00e1s<br>Canavieiras &#8211; Diego de Ma\u00e9<br>Coaraci &#8211; Miltinho do Ax\u00e9<br>Floresta Azul &#8211; Daniela Laranjeira<br>Ilh\u00e9us &#8211; Ad\u00e9lia Pinheiro<br>Ilh\u00e9us &#8211; Bento Lima<br>Ilh\u00e9us &#8211; Coronel Resende<br>Ilh\u00e9us &#8211; Valderico J\u00fanior<br>Itabuna &#8211; Augusto Castro<br>Itabuna &#8211; Isaac Nery<br>Itabuna &#8211; Pancadinha<br>Itabuna &#8211; Professora Cleonice Monteiro<br>Itacar\u00e9 &#8211; Nego de Saronga<br>Jussari &#8211; Amaral<br>Mara\u00fa &#8211; Cida F\u00e9lix<br>Pau Brasil &#8211; Robson Ven\u00e2ncio<br>S\u00e3o Jos\u00e9 da Vit\u00f3ria &#8211; Professor Rodson<br>Ubaitaba &#8211; B\u00eada<br>Uru\u00e7uca &#8211; Magnolia Barreto<br><br>Para assistir \u00e0 cerim\u00f4nia completa do II Encontro Litoral Sul Mais Sustent\u00e1vel, acesse <a href=\"https:\/\/www.youtube.com\/watch?v=BSNfWBIlpY8\">https:\/\/www.youtube.com\/watch?v=BSNfWBIlpY8<\/a>.<\/p>\n","protected":false},"excerpt":{"rendered":"<p>Concorrentes se reuniram no audit\u00f3rio Paulo Souto, UESC, no \u00faltimo dia 2 de setembro. No&#8230;<\/p>\n","protected":false},"author":1,"featured_media":5064,"comment_status":"open","ping_status":"open","sticky":false,"template":"","format":"standard","meta":{"footnotes":""},"categories":[18,11,5],"tags":[1806,1822,507,1225,467],"yoast_head":"<!-- This site is optimized with the Yoast SEO plugin v21.7 - https:\/\/yoast.com\/wordpress\/plugins\/seo\/ -->\n<title>Prefeitur\u00e1veis do Litoral Sul da Bahia se comprometem com o desenvolvimento sustent\u00e1vel. - Cacau News<\/title>\n<meta name=\"robots\" content=\"index, follow, max-snippet:-1, max-image-preview:large, max-video-preview:-1\" \/>\n<link rel=\"canonical\" href=\"https:\/\/cacaunews.com\/?p=5065\" \/>\n<meta property=\"og:locale\" content=\"pt_BR\" \/>\n<meta property=\"og:type\" content=\"article\" \/>\n<meta property=\"og:title\" content=\"Prefeitur\u00e1veis do Litoral Sul da Bahia se comprometem com o desenvolvimento sustent\u00e1vel. - Cacau News\" \/>\n<meta property=\"og:description\" content=\"Concorrentes se reuniram no audit\u00f3rio Paulo Souto, UESC, no \u00faltimo dia 2 de setembro. No...\" \/>\n<meta property=\"og:url\" content=\"https:\/\/cacaunews.com\/?p=5065\" \/>\n<meta property=\"og:site_name\" content=\"Cacau News\" \/>\n<meta property=\"article:published_time\" content=\"2024-09-06T13:00:40+00:00\" \/>\n<meta property=\"article:modified_time\" content=\"2024-09-06T13:01:08+00:00\" \/>\n<meta property=\"og:image\" content=\"https:\/\/cacaunews.com\/wp-content\/uploads\/2024\/09\/IMG-20240905-WA0608.jpg\" \/>\n\t<meta property=\"og:image:width\" content=\"1600\" \/>\n\t<meta property=\"og:image:height\" content=\"1066\" \/>\n\t<meta property=\"og:image:type\" content=\"image\/jpeg\" \/>\n<meta name=\"author\" content=\"Reda\u00e7\u00e3o Cacau News\" \/>\n<meta name=\"twitter:card\" content=\"summary_large_image\" \/>\n<meta name=\"twitter:label1\" content=\"Escrito por\" \/>\n\t<meta name=\"twitter:data1\" content=\"Reda\u00e7\u00e3o Cacau News\" \/>\n\t<meta name=\"twitter:label2\" content=\"Est. tempo de leitura\" \/>\n\t<meta name=\"twitter:data2\" content=\"3 minutos\" \/>\n<script type=\"application\/ld+json\" class=\"yoast-schema-graph\">{\"@context\":\"https:\/\/schema.org\",\"@graph\":[{\"@type\":\"Article\",\"@id\":\"https:\/\/cacaunews.com\/?p=5065#article\",\"isPartOf\":{\"@id\":\"https:\/\/cacaunews.com\/?p=5065\"},\"author\":{\"name\":\"Reda\u00e7\u00e3o Cacau News\",\"@id\":\"https:\/\/cacaunews.com\/#\/schema\/person\/ea69703103e606ad347ccd64bd72ef79\"},\"headline\":\"Prefeitur\u00e1veis do Litoral Sul da Bahia se comprometem com o desenvolvimento sustent\u00e1vel.\",\"datePublished\":\"2024-09-06T13:00:40+00:00\",\"dateModified\":\"2024-09-06T13:01:08+00:00\",\"mainEntityOfPage\":{\"@id\":\"https:\/\/cacaunews.com\/?p=5065\"},\"wordCount\":682,\"commentCount\":0,\"publisher\":{\"@id\":\"https:\/\/cacaunews.com\/#organization\"},\"keywords\":[\"candidatos\",\"compromisso\",\"encontro regional\",\"litoral sul\",\"sustentabilidade\"],\"articleSection\":[\"cidades\",\"Jornalismo\",\"Politica\"],\"inLanguage\":\"pt-BR\",\"potentialAction\":[{\"@type\":\"CommentAction\",\"name\":\"Comment\",\"target\":[\"https:\/\/cacaunews.com\/?p=5065#respond\"]}]},{\"@type\":\"WebPage\",\"@id\":\"https:\/\/cacaunews.com\/?p=5065\",\"url\":\"https:\/\/cacaunews.com\/?p=5065\",\"name\":\"Prefeitur\u00e1veis do Litoral Sul da Bahia se comprometem com o desenvolvimento sustent\u00e1vel. - Cacau News\",\"isPartOf\":{\"@id\":\"https:\/\/cacaunews.com\/#website\"},\"datePublished\":\"2024-09-06T13:00:40+00:00\",\"dateModified\":\"2024-09-06T13:01:08+00:00\",\"breadcrumb\":{\"@id\":\"https:\/\/cacaunews.com\/?p=5065#breadcrumb\"},\"inLanguage\":\"pt-BR\",\"potentialAction\":[{\"@type\":\"ReadAction\",\"target\":[\"https:\/\/cacaunews.com\/?p=5065\"]}]},{\"@type\":\"BreadcrumbList\",\"@id\":\"https:\/\/cacaunews.com\/?p=5065#breadcrumb\",\"itemListElement\":[{\"@type\":\"ListItem\",\"position\":1,\"name\":\"In\u00edcio\",\"item\":\"https:\/\/cacaunews.com\/\"},{\"@type\":\"ListItem\",\"position\":2,\"name\":\"Prefeitur\u00e1veis do Litoral Sul da Bahia se comprometem com o desenvolvimento sustent\u00e1vel.\"}]},{\"@type\":\"WebSite\",\"@id\":\"https:\/\/cacaunews.com\/#website\",\"url\":\"https:\/\/cacaunews.com\/\",\"name\":\"Cacau News\",\"description\":\"A Informa\u00e7\u00e3o que voc\u00ea precisa!\",\"publisher\":{\"@id\":\"https:\/\/cacaunews.com\/#organization\"},\"potentialAction\":[{\"@type\":\"SearchAction\",\"target\":{\"@type\":\"EntryPoint\",\"urlTemplate\":\"https:\/\/cacaunews.com\/?s={search_term_string}\"},\"query-input\":\"required name=search_term_string\"}],\"inLanguage\":\"pt-BR\"},{\"@type\":\"Organization\",\"@id\":\"https:\/\/cacaunews.com\/#organization\",\"name\":\"Cacau News\",\"url\":\"https:\/\/cacaunews.com\/\",\"logo\":{\"@type\":\"ImageObject\",\"inLanguage\":\"pt-BR\",\"@id\":\"https:\/\/cacaunews.com\/#\/schema\/logo\/image\/\",\"url\":\"https:\/\/cacaunews.com\/wp-content\/uploads\/2025\/01\/cropped-LOGO-NOVA.png\",\"contentUrl\":\"https:\/\/cacaunews.com\/wp-content\/uploads\/2025\/01\/cropped-LOGO-NOVA.png\",\"width\":813,\"height\":813,\"caption\":\"Cacau News\"},\"image\":{\"@id\":\"https:\/\/cacaunews.com\/#\/schema\/logo\/image\/\"},\"sameAs\":[\"https:\/\/www.instagram.com\/cacaunews.online\/\",\"https:\/\/youtube.com\/@cacaunews?si=0VXLnjl08SrWbVG9\"]},{\"@type\":\"Person\",\"@id\":\"https:\/\/cacaunews.com\/#\/schema\/person\/ea69703103e606ad347ccd64bd72ef79\",\"name\":\"Reda\u00e7\u00e3o Cacau News\",\"image\":{\"@type\":\"ImageObject\",\"inLanguage\":\"pt-BR\",\"@id\":\"https:\/\/cacaunews.com\/#\/schema\/person\/image\/\",\"url\":\"https:\/\/secure.gravatar.com\/avatar\/d79227a2a7b6cc42e8d7a8f7c284cd3a?s=96&d=mm&r=g\",\"contentUrl\":\"https:\/\/secure.gravatar.com\/avatar\/d79227a2a7b6cc42e8d7a8f7c284cd3a?s=96&d=mm&r=g\",\"caption\":\"Reda\u00e7\u00e3o Cacau News\"},\"sameAs\":[\"https:\/\/cacaunews.com\"],\"url\":\"https:\/\/cacaunews.com\/?author=1\"}]}<\/script>\n<!-- \/ Yoast SEO plugin. -->","yoast_head_json":{"title":"Prefeitur\u00e1veis do Litoral Sul da Bahia se comprometem com o desenvolvimento sustent\u00e1vel. - Cacau News","robots":{"index":"index","follow":"follow","max-snippet":"max-snippet:-1","max-image-preview":"max-image-preview:large","max-video-preview":"max-video-preview:-1"},"canonical":"https:\/\/cacaunews.com\/?p=5065","og_locale":"pt_BR","og_type":"article","og_title":"Prefeitur\u00e1veis do Litoral Sul da Bahia se comprometem com o desenvolvimento sustent\u00e1vel. - Cacau News","og_description":"Concorrentes se reuniram no audit\u00f3rio Paulo Souto, UESC, no \u00faltimo dia 2 de setembro. No...","og_url":"https:\/\/cacaunews.com\/?p=5065","og_site_name":"Cacau News","article_published_time":"2024-09-06T13:00:40+00:00","article_modified_time":"2024-09-06T13:01:08+00:00","og_image":[{"width":1600,"height":1066,"url":"https:\/\/cacaunews.com\/wp-content\/uploads\/2024\/09\/IMG-20240905-WA0608.jpg","type":"image\/jpeg"}],"author":"Reda\u00e7\u00e3o Cacau News","twitter_card":"summary_large_image","twitter_misc":{"Escrito por":"Reda\u00e7\u00e3o Cacau News","Est. tempo de leitura":"3 minutos"},"schema":{"@context":"https:\/\/schema.org","@graph":[{"@type":"Article","@id":"https:\/\/cacaunews.com\/?p=5065#article","isPartOf":{"@id":"https:\/\/cacaunews.com\/?p=5065"},"author":{"name":"Reda\u00e7\u00e3o Cacau News","@id":"https:\/\/cacaunews.com\/#\/schema\/person\/ea69703103e606ad347ccd64bd72ef79"},"headline":"Prefeitur\u00e1veis do Litoral Sul da Bahia se comprometem com o desenvolvimento sustent\u00e1vel.","datePublished":"2024-09-06T13:00:40+00:00","dateModified":"2024-09-06T13:01:08+00:00","mainEntityOfPage":{"@id":"https:\/\/cacaunews.com\/?p=5065"},"wordCount":682,"commentCount":0,"publisher":{"@id":"https:\/\/cacaunews.com\/#organization"},"keywords":["candidatos","compromisso","encontro regional","litoral sul","sustentabilidade"],"articleSection":["cidades","Jornalismo","Politica"],"inLanguage":"pt-BR","potentialAction":[{"@type":"CommentAction","name":"Comment","target":["https:\/\/cacaunews.com\/?p=5065#respond"]}]},{"@type":"WebPage","@id":"https:\/\/cacaunews.com\/?p=5065","url":"https:\/\/cacaunews.com\/?p=5065","name":"Prefeitur\u00e1veis do Litoral Sul da Bahia se comprometem com o desenvolvimento sustent\u00e1vel. - Cacau News","isPartOf":{"@id":"https:\/\/cacaunews.com\/#website"},"datePublished":"2024-09-06T13:00:40+00:00","dateModified":"2024-09-06T13:01:08+00:00","breadcrumb":{"@id":"https:\/\/cacaunews.com\/?p=5065#breadcrumb"},"inLanguage":"pt-BR","potentialAction":[{"@type":"ReadAction","target":["https:\/\/cacaunews.com\/?p=5065"]}]},{"@type":"BreadcrumbList","@id":"https:\/\/cacaunews.com\/?p=5065#breadcrumb","itemListElement":[{"@type":"ListItem","position":1,"name":"In\u00edcio","item":"https:\/\/cacaunews.com\/"},{"@type":"ListItem","position":2,"name":"Prefeitur\u00e1veis do Litoral Sul da Bahia se comprometem com o desenvolvimento sustent\u00e1vel."}]},{"@type":"WebSite","@id":"https:\/\/cacaunews.com\/#website","url":"https:\/\/cacaunews.com\/","name":"Cacau News","description":"A Informa\u00e7\u00e3o que voc\u00ea precisa!","publisher":{"@id":"https:\/\/cacaunews.com\/#organization"},"potentialAction":[{"@type":"SearchAction","target":{"@type":"EntryPoint","urlTemplate":"https:\/\/cacaunews.com\/?s={search_term_string}"},"query-input":"required name=search_term_string"}],"inLanguage":"pt-BR"},{"@type":"Organization","@id":"https:\/\/cacaunews.com\/#organization","name":"Cacau News","url":"https:\/\/cacaunews.com\/","logo":{"@type":"ImageObject","inLanguage":"pt-BR","@id":"https:\/\/cacaunews.com\/#\/schema\/logo\/image\/","url":"https:\/\/cacaunews.com\/wp-content\/uploads\/2025\/01\/cropped-LOGO-NOVA.png","contentUrl":"https:\/\/cacaunews.com\/wp-content\/uploads\/2025\/01\/cropped-LOGO-NOVA.png","width":813,"height":813,"caption":"Cacau News"},"image":{"@id":"https:\/\/cacaunews.com\/#\/schema\/logo\/image\/"},"sameAs":["https:\/\/www.instagram.com\/cacaunews.online\/","https:\/\/youtube.com\/@cacaunews?si=0VXLnjl08SrWbVG9"]},{"@type":"Person","@id":"https:\/\/cacaunews.com\/#\/schema\/person\/ea69703103e606ad347ccd64bd72ef79","name":"Reda\u00e7\u00e3o Cacau News","image":{"@type":"ImageObject","inLanguage":"pt-BR","@id":"https:\/\/cacaunews.com\/#\/schema\/person\/image\/","url":"https:\/\/secure.gravatar.com\/avatar\/d79227a2a7b6cc42e8d7a8f7c284cd3a?s=96&d=mm&r=g","contentUrl":"https:\/\/secure.gravatar.com\/avatar\/d79227a2a7b6cc42e8d7a8f7c284cd3a?s=96&d=mm&r=g","caption":"Reda\u00e7\u00e3o Cacau News"},"sameAs":["https:\/\/cacaunews.com"],"url":"https:\/\/cacaunews.com\/?author=1"}]}},"jetpack_sharing_enabled":true,"jetpack_featured_media_url":"https:\/\/cacaunews.com\/wp-content\/uploads\/2024\/09\/IMG-20240905-WA0608.jpg","_links":{"self":[{"href":"https:\/\/cacaunews.com\/index.php?rest_route=\/wp\/v2\/posts\/5065"}],"collection":[{"href":"https:\/\/cacaunews.com\/index.php?rest_route=\/wp\/v2\/posts"}],"about":[{"href":"https:\/\/cacaunews.com\/index.php?rest_route=\/wp\/v2\/types\/post"}],"author":[{"embeddable":true,"href":"https:\/\/cacaunews.com\/index.php?rest_route=\/wp\/v2\/users\/1"}],"replies":[{"embeddable":true,"href":"https:\/\/cacaunews.com\/index.php?rest_route=%2Fwp%2Fv2%2Fcomments&post=5065"}],"version-history":[{"count":1,"href":"https:\/\/cacaunews.com\/index.php?rest_route=\/wp\/v2\/posts\/5065\/revisions"}],"predecessor-version":[{"id":5066,"href":"https:\/\/cacaunews.com\/index.php?rest_route=\/wp\/v2\/posts\/5065\/revisions\/5066"}],"wp:featuredmedia":[{"embeddable":true,"href":"https:\/\/cacaunews.com\/index.php?rest_route=\/wp\/v2\/media\/5064"}],"wp:attachment":[{"href":"https:\/\/cacaunews.com\/index.php?rest_route=%2Fwp%2Fv2%2Fmedia&parent=5065"}],"wp:term":[{"taxonomy":"category","embeddable":true,"href":"https:\/\/cacaunews.com\/index.php?rest_route=%2Fwp%2Fv2%2Fcategories&post=5065"},{"taxonomy":"post_tag","embeddable":true,"href":"https:\/\/cacaunews.com\/index.php?rest_route=%2Fwp%2Fv2%2Ftags&post=5065"}],"curies":[{"name":"wp","href":"https:\/\/api.w.org\/{rel}","templated":true}]}}