{"id":5083,"date":"2024-09-13T18:35:47","date_gmt":"2024-09-13T18:35:47","guid":{"rendered":"https:\/\/cacaunews.com\/?p=5083"},"modified":"2024-09-13T18:35:47","modified_gmt":"2024-09-13T18:35:47","slug":"ministro-marcio-franca-participa-da-abertura-do-xiii-congresso-norte-e-nordeste-das-mpe-em-itabuna","status":"publish","type":"post","link":"https:\/\/cacaunews.com\/?p=5083","title":{"rendered":"Ministro M\u00e1rcio Fran\u00e7a participa da abertura do XIII Congresso Norte e Nordeste das MPE em Itabuna."},"content":{"rendered":"\n<p><br><em>Promovido pelo Sebrae, evento reunir\u00e1 autoridades e empres\u00e1rios para debater oportunidades e desafios das Micro e Pequenas Empresas<\/em>.<br><br><br>Na noite da \u00faltima quinta-feira (12), o XIII Congresso Norte e Nordeste das Micro e Pequenas Empresas e o XVII Encontro Nacional de L\u00edderes das MPEs foram oficialmente abertos em Itabuna, com a participa\u00e7\u00e3o do ministro do Empreendedorismo, da Microempresa e da Empresa de Pequeno Porte, M\u00e1rcio Fran\u00e7a. Promovido pelo Sebrae, o evento visa fortalecer o ambiente de neg\u00f3cios para micro e pequenas empresas, criando oportunidades de desenvolvimento e crescimento no mercado.<\/p>\n\n\n\n<figure class=\"wp-block-image size-large\"><img fetchpriority=\"high\" decoding=\"async\" width=\"1024\" height=\"685\" src=\"https:\/\/cacaunews.com\/wp-content\/uploads\/2024\/09\/img-20240913-wa08074626823582320989570-1024x685.jpg\" alt=\"\" class=\"wp-image-5079\" srcset=\"https:\/\/cacaunews.com\/wp-content\/uploads\/2024\/09\/img-20240913-wa08074626823582320989570-1024x685.jpg 1024w, https:\/\/cacaunews.com\/wp-content\/uploads\/2024\/09\/img-20240913-wa08074626823582320989570-300x201.jpg 300w, https:\/\/cacaunews.com\/wp-content\/uploads\/2024\/09\/img-20240913-wa08074626823582320989570-768x513.jpg 768w, https:\/\/cacaunews.com\/wp-content\/uploads\/2024\/09\/img-20240913-wa08074626823582320989570-1536x1027.jpg 1536w, https:\/\/cacaunews.com\/wp-content\/uploads\/2024\/09\/img-20240913-wa08074626823582320989570.jpg 2000w\" sizes=\"(max-width: 1024px) 100vw, 1024px\" \/><\/figure>\n\n\n\n<p><br><br>O ministro M\u00e1rcio Fran\u00e7a destacou a import\u00e2ncia da regi\u00e3o para o empreendedorismo e as novas iniciativas de apoio aos pequenos neg\u00f3cios. \u201c\u00c9 uma regi\u00e3o que tem uma voca\u00e7\u00e3o para isso. Itabuna sempre foi, tradicionalmente, uma regi\u00e3o de muitos empreendedores. A partir da cria\u00e7\u00e3o do Minist\u00e9rio, criamos linhas de cr\u00e9dito para essas pessoas poderem ter acesso porque eles t\u00eam muita dificuldade com cr\u00e9dito banc\u00e1rio. Ent\u00e3o, o governo est\u00e1 sendo avalista deles para que possam tirar o dinheiro e pagar s\u00f3 daqui a um ano,\u201d ressaltou o ministro.<br><br>O presidente da Confedera\u00e7\u00e3o Nacional das Micro e Pequenas Empresas e Empreendedores Individuais (CONAMPE), Erc\u00edlio Santinoni, tamb\u00e9m participou do evento e refor\u00e7ou a import\u00e2ncia do Congresso. \u201cEste congresso \u00e9 de extrema import\u00e2ncia para o fortalecimento das micro e pequenas empresas em nosso pa\u00eds. Ele representa uma oportunidade \u00fanica de troca de conhecimentos, experi\u00eancias e pr\u00e1ticas que podem transformar a realidade dos pequenos neg\u00f3cios. O evento possibilita que os empres\u00e1rios ampliem suas redes de contato, conhe\u00e7am novas estrat\u00e9gias e se atualizem sobre as mudan\u00e7as no cen\u00e1rio econ\u00f4mico, tribut\u00e1rio e de inova\u00e7\u00e3o\u201d, disse.<br><br><br><br>A gerente do Sebrae em Ilh\u00e9us, Claudiana Figueiredo, enfatizou a relev\u00e2ncia do congresso para os pequenos neg\u00f3cios. \u201cO Congresso tem contribu\u00eddo muito para que as micro e pequenas empresas, especialmente as microempresas, tenham acesso a conte\u00fados relevantes que s\u00e3o capazes de transformar seus neg\u00f3cios na \u00e1rea de gest\u00e3o. Al\u00e9m disso, traz a oportunidade de muitas empresas apresentarem seus produtos para um grande n\u00famero de pessoas que participam do evento\u201d.<br><br>A import\u00e2ncia do evento para a cidade de Itabuna foi destacada pelo presidente da AMPESBA, Agnaldo Joaquim. \u201c\u00c9 importante para Itabuna e tamb\u00e9m para a Bahia ter um evento como esse, um evento que traz networking, que traz muitas informa\u00e7\u00f5es inerentes ao desenvolvimento das micro e pequenas empresas. Isso vai ajudar bastante o Brasil no segmento das micro e pequenas empresas\u201d, destacou.<\/p>\n\n\n\n<figure class=\"wp-block-image size-large\"><img decoding=\"async\" width=\"1024\" height=\"787\" src=\"https:\/\/cacaunews.com\/wp-content\/uploads\/2024\/09\/img-20240913-wa08111037829958861168340-1024x787.jpg\" alt=\"\" class=\"wp-image-5080\" srcset=\"https:\/\/cacaunews.com\/wp-content\/uploads\/2024\/09\/img-20240913-wa08111037829958861168340-1024x787.jpg 1024w, https:\/\/cacaunews.com\/wp-content\/uploads\/2024\/09\/img-20240913-wa08111037829958861168340-300x231.jpg 300w, https:\/\/cacaunews.com\/wp-content\/uploads\/2024\/09\/img-20240913-wa08111037829958861168340-768x591.jpg 768w, https:\/\/cacaunews.com\/wp-content\/uploads\/2024\/09\/img-20240913-wa08111037829958861168340-1536x1181.jpg 1536w, https:\/\/cacaunews.com\/wp-content\/uploads\/2024\/09\/img-20240913-wa08111037829958861168340.jpg 2000w\" sizes=\"(max-width: 1024px) 100vw, 1024px\" \/><\/figure>\n\n\n\n<p><br><br>O congresso reuniu diversas autoridades, incluindo representantes dos Bancos do Nordeste, Caixa Econ\u00f4mica e Banco do Brasil; o secret\u00e1rio do Trabalho, Emprego, Renda e Esporte da Bahia, Davidson Magalh\u00e3es; o secret\u00e1rio nacional do Minist\u00e9rio do Empreendedorismo e da Microempresa, Maur\u00edcio Juvenal; o secret\u00e1rio do Cons\u00f3rcio de Desenvolvimento Sustent\u00e1vel do Litoral Sul, Luciano Veiga; Superintendente de Economia Solid\u00e1ria e Cooperativismo na SETRE, Wenceslau J\u00fanior; o prefeito de Itabuna, Augusto Castro; al\u00e9m de secret\u00e1rios municipais.<br><br>Al\u00e9m das palestras e debates, o evento teve uma Feira do Empreendedor, com exposi\u00e7\u00e3o de produtos de artesanato, cacau e derivados, marcenaria, e apresenta\u00e7\u00f5es culturais, proporcionando um ambiente de intera\u00e7\u00e3o e troca de experi\u00eancias entre os participantes.<\/p>\n\n\n\n<figure class=\"wp-block-image size-large\"><img decoding=\"async\" width=\"1024\" height=\"685\" src=\"https:\/\/cacaunews.com\/wp-content\/uploads\/2024\/09\/img-20240913-wa08136814424063270575199-1024x685.jpg\" alt=\"\" class=\"wp-image-5081\" srcset=\"https:\/\/cacaunews.com\/wp-content\/uploads\/2024\/09\/img-20240913-wa08136814424063270575199-1024x685.jpg 1024w, https:\/\/cacaunews.com\/wp-content\/uploads\/2024\/09\/img-20240913-wa08136814424063270575199-300x201.jpg 300w, https:\/\/cacaunews.com\/wp-content\/uploads\/2024\/09\/img-20240913-wa08136814424063270575199-768x514.jpg 768w, https:\/\/cacaunews.com\/wp-content\/uploads\/2024\/09\/img-20240913-wa08136814424063270575199-1536x1027.jpg 1536w, https:\/\/cacaunews.com\/wp-content\/uploads\/2024\/09\/img-20240913-wa08136814424063270575199.jpg 1600w\" sizes=\"(max-width: 1024px) 100vw, 1024px\" \/><\/figure>\n\n\n\n<p><br><br>O XIII Congresso Norte e Nordeste das Micro e Pequenas Empresas segue at\u00e9 esta sexta-feira (13), com uma programa\u00e7\u00e3o diversificada para empres\u00e1rios e empreendedores interessados em expandir seus conhecimentos e oportunidades de neg\u00f3cios.<\/p>\n","protected":false},"excerpt":{"rendered":"<p>Promovido pelo Sebrae, evento reunir\u00e1 autoridades e empres\u00e1rios para debater oportunidades e desafios das Micro&#8230;<\/p>\n","protected":false},"author":1,"featured_media":5082,"comment_status":"open","ping_status":"open","sticky":false,"template":"","format":"standard","meta":{"footnotes":""},"categories":[18,4,11,5],"tags":[1244,27,1825,1707],"yoast_head":"<!-- This site is optimized with the Yoast SEO plugin v21.7 - https:\/\/yoast.com\/wordpress\/plugins\/seo\/ -->\n<title>Ministro M\u00e1rcio Fran\u00e7a participa da abertura do XIII Congresso Norte e Nordeste das MPE em Itabuna. - Cacau News<\/title>\n<meta name=\"robots\" content=\"index, follow, max-snippet:-1, max-image-preview:large, max-video-preview:-1\" \/>\n<link rel=\"canonical\" href=\"https:\/\/cacaunews.com\/?p=5083\" \/>\n<meta property=\"og:locale\" content=\"pt_BR\" \/>\n<meta property=\"og:type\" content=\"article\" \/>\n<meta property=\"og:title\" content=\"Ministro M\u00e1rcio Fran\u00e7a participa da abertura do XIII Congresso Norte e Nordeste das MPE em Itabuna. - Cacau News\" \/>\n<meta property=\"og:description\" content=\"Promovido pelo Sebrae, evento reunir\u00e1 autoridades e empres\u00e1rios para debater oportunidades e desafios das Micro...\" \/>\n<meta property=\"og:url\" content=\"https:\/\/cacaunews.com\/?p=5083\" \/>\n<meta property=\"og:site_name\" content=\"Cacau News\" \/>\n<meta property=\"article:published_time\" content=\"2024-09-13T18:35:47+00:00\" \/>\n<meta property=\"og:image\" content=\"https:\/\/cacaunews.com\/wp-content\/uploads\/2024\/09\/img-20240913-wa08074626823582320989570-1024x685.jpg\" \/>\n<meta name=\"author\" content=\"Reda\u00e7\u00e3o Cacau News\" \/>\n<meta name=\"twitter:card\" content=\"summary_large_image\" \/>\n<meta name=\"twitter:label1\" content=\"Escrito por\" \/>\n\t<meta name=\"twitter:data1\" content=\"Reda\u00e7\u00e3o Cacau News\" \/>\n\t<meta name=\"twitter:label2\" content=\"Est. tempo de leitura\" \/>\n\t<meta name=\"twitter:data2\" content=\"3 minutos\" \/>\n<script type=\"application\/ld+json\" class=\"yoast-schema-graph\">{\"@context\":\"https:\/\/schema.org\",\"@graph\":[{\"@type\":\"Article\",\"@id\":\"https:\/\/cacaunews.com\/?p=5083#article\",\"isPartOf\":{\"@id\":\"https:\/\/cacaunews.com\/?p=5083\"},\"author\":{\"name\":\"Reda\u00e7\u00e3o Cacau News\",\"@id\":\"https:\/\/cacaunews.com\/#\/schema\/person\/ea69703103e606ad347ccd64bd72ef79\"},\"headline\":\"Ministro M\u00e1rcio Fran\u00e7a participa da abertura do XIII Congresso Norte e Nordeste das MPE em Itabuna.\",\"datePublished\":\"2024-09-13T18:35:47+00:00\",\"dateModified\":\"2024-09-13T18:35:47+00:00\",\"mainEntityOfPage\":{\"@id\":\"https:\/\/cacaunews.com\/?p=5083\"},\"wordCount\":627,\"commentCount\":0,\"publisher\":{\"@id\":\"https:\/\/cacaunews.com\/#organization\"},\"keywords\":[\"elei\u00e7\u00f5es 2024\",\"itabuna\",\"M\u00e1rcio Fran\u00e7a\",\"ministro\"],\"articleSection\":[\"cidades\",\"Internet\",\"Jornalismo\",\"Politica\"],\"inLanguage\":\"pt-BR\",\"potentialAction\":[{\"@type\":\"CommentAction\",\"name\":\"Comment\",\"target\":[\"https:\/\/cacaunews.com\/?p=5083#respond\"]}]},{\"@type\":\"WebPage\",\"@id\":\"https:\/\/cacaunews.com\/?p=5083\",\"url\":\"https:\/\/cacaunews.com\/?p=5083\",\"name\":\"Ministro M\u00e1rcio Fran\u00e7a participa da abertura do XIII Congresso Norte e Nordeste das MPE em Itabuna. - Cacau News\",\"isPartOf\":{\"@id\":\"https:\/\/cacaunews.com\/#website\"},\"datePublished\":\"2024-09-13T18:35:47+00:00\",\"dateModified\":\"2024-09-13T18:35:47+00:00\",\"breadcrumb\":{\"@id\":\"https:\/\/cacaunews.com\/?p=5083#breadcrumb\"},\"inLanguage\":\"pt-BR\",\"potentialAction\":[{\"@type\":\"ReadAction\",\"target\":[\"https:\/\/cacaunews.com\/?p=5083\"]}]},{\"@type\":\"BreadcrumbList\",\"@id\":\"https:\/\/cacaunews.com\/?p=5083#breadcrumb\",\"itemListElement\":[{\"@type\":\"ListItem\",\"position\":1,\"name\":\"In\u00edcio\",\"item\":\"https:\/\/cacaunews.com\/\"},{\"@type\":\"ListItem\",\"position\":2,\"name\":\"Ministro M\u00e1rcio Fran\u00e7a participa da abertura do XIII Congresso Norte e Nordeste das MPE em Itabuna.\"}]},{\"@type\":\"WebSite\",\"@id\":\"https:\/\/cacaunews.com\/#website\",\"url\":\"https:\/\/cacaunews.com\/\",\"name\":\"Cacau News\",\"description\":\"A Informa\u00e7\u00e3o que voc\u00ea precisa!\",\"publisher\":{\"@id\":\"https:\/\/cacaunews.com\/#organization\"},\"potentialAction\":[{\"@type\":\"SearchAction\",\"target\":{\"@type\":\"EntryPoint\",\"urlTemplate\":\"https:\/\/cacaunews.com\/?s={search_term_string}\"},\"query-input\":\"required name=search_term_string\"}],\"inLanguage\":\"pt-BR\"},{\"@type\":\"Organization\",\"@id\":\"https:\/\/cacaunews.com\/#organization\",\"name\":\"Cacau News\",\"url\":\"https:\/\/cacaunews.com\/\",\"logo\":{\"@type\":\"ImageObject\",\"inLanguage\":\"pt-BR\",\"@id\":\"https:\/\/cacaunews.com\/#\/schema\/logo\/image\/\",\"url\":\"https:\/\/cacaunews.com\/wp-content\/uploads\/2025\/01\/cropped-LOGO-NOVA.png\",\"contentUrl\":\"https:\/\/cacaunews.com\/wp-content\/uploads\/2025\/01\/cropped-LOGO-NOVA.png\",\"width\":813,\"height\":813,\"caption\":\"Cacau News\"},\"image\":{\"@id\":\"https:\/\/cacaunews.com\/#\/schema\/logo\/image\/\"},\"sameAs\":[\"https:\/\/www.instagram.com\/cacaunews.online\/\",\"https:\/\/youtube.com\/@cacaunews?si=0VXLnjl08SrWbVG9\"]},{\"@type\":\"Person\",\"@id\":\"https:\/\/cacaunews.com\/#\/schema\/person\/ea69703103e606ad347ccd64bd72ef79\",\"name\":\"Reda\u00e7\u00e3o Cacau News\",\"image\":{\"@type\":\"ImageObject\",\"inLanguage\":\"pt-BR\",\"@id\":\"https:\/\/cacaunews.com\/#\/schema\/person\/image\/\",\"url\":\"https:\/\/secure.gravatar.com\/avatar\/d79227a2a7b6cc42e8d7a8f7c284cd3a?s=96&d=mm&r=g\",\"contentUrl\":\"https:\/\/secure.gravatar.com\/avatar\/d79227a2a7b6cc42e8d7a8f7c284cd3a?s=96&d=mm&r=g\",\"caption\":\"Reda\u00e7\u00e3o Cacau News\"},\"sameAs\":[\"https:\/\/cacaunews.com\"],\"url\":\"https:\/\/cacaunews.com\/?author=1\"}]}<\/script>\n<!-- \/ Yoast SEO plugin. -->","yoast_head_json":{"title":"Ministro M\u00e1rcio Fran\u00e7a participa da abertura do XIII Congresso Norte e Nordeste das MPE em Itabuna. - Cacau News","robots":{"index":"index","follow":"follow","max-snippet":"max-snippet:-1","max-image-preview":"max-image-preview:large","max-video-preview":"max-video-preview:-1"},"canonical":"https:\/\/cacaunews.com\/?p=5083","og_locale":"pt_BR","og_type":"article","og_title":"Ministro M\u00e1rcio Fran\u00e7a participa da abertura do XIII Congresso Norte e Nordeste das MPE em Itabuna. - Cacau News","og_description":"Promovido pelo Sebrae, evento reunir\u00e1 autoridades e empres\u00e1rios para debater oportunidades e desafios das Micro...","og_url":"https:\/\/cacaunews.com\/?p=5083","og_site_name":"Cacau News","article_published_time":"2024-09-13T18:35:47+00:00","og_image":[{"url":"https:\/\/cacaunews.com\/wp-content\/uploads\/2024\/09\/img-20240913-wa08074626823582320989570-1024x685.jpg"}],"author":"Reda\u00e7\u00e3o Cacau News","twitter_card":"summary_large_image","twitter_misc":{"Escrito por":"Reda\u00e7\u00e3o Cacau News","Est. tempo de leitura":"3 minutos"},"schema":{"@context":"https:\/\/schema.org","@graph":[{"@type":"Article","@id":"https:\/\/cacaunews.com\/?p=5083#article","isPartOf":{"@id":"https:\/\/cacaunews.com\/?p=5083"},"author":{"name":"Reda\u00e7\u00e3o Cacau News","@id":"https:\/\/cacaunews.com\/#\/schema\/person\/ea69703103e606ad347ccd64bd72ef79"},"headline":"Ministro M\u00e1rcio Fran\u00e7a participa da abertura do XIII Congresso Norte e Nordeste das MPE em Itabuna.","datePublished":"2024-09-13T18:35:47+00:00","dateModified":"2024-09-13T18:35:47+00:00","mainEntityOfPage":{"@id":"https:\/\/cacaunews.com\/?p=5083"},"wordCount":627,"commentCount":0,"publisher":{"@id":"https:\/\/cacaunews.com\/#organization"},"keywords":["elei\u00e7\u00f5es 2024","itabuna","M\u00e1rcio Fran\u00e7a","ministro"],"articleSection":["cidades","Internet","Jornalismo","Politica"],"inLanguage":"pt-BR","potentialAction":[{"@type":"CommentAction","name":"Comment","target":["https:\/\/cacaunews.com\/?p=5083#respond"]}]},{"@type":"WebPage","@id":"https:\/\/cacaunews.com\/?p=5083","url":"https:\/\/cacaunews.com\/?p=5083","name":"Ministro M\u00e1rcio Fran\u00e7a participa da abertura do XIII Congresso Norte e Nordeste das MPE em Itabuna. - Cacau News","isPartOf":{"@id":"https:\/\/cacaunews.com\/#website"},"datePublished":"2024-09-13T18:35:47+00:00","dateModified":"2024-09-13T18:35:47+00:00","breadcrumb":{"@id":"https:\/\/cacaunews.com\/?p=5083#breadcrumb"},"inLanguage":"pt-BR","potentialAction":[{"@type":"ReadAction","target":["https:\/\/cacaunews.com\/?p=5083"]}]},{"@type":"BreadcrumbList","@id":"https:\/\/cacaunews.com\/?p=5083#breadcrumb","itemListElement":[{"@type":"ListItem","position":1,"name":"In\u00edcio","item":"https:\/\/cacaunews.com\/"},{"@type":"ListItem","position":2,"name":"Ministro M\u00e1rcio Fran\u00e7a participa da abertura do XIII Congresso Norte e Nordeste das MPE em Itabuna."}]},{"@type":"WebSite","@id":"https:\/\/cacaunews.com\/#website","url":"https:\/\/cacaunews.com\/","name":"Cacau News","description":"A Informa\u00e7\u00e3o que voc\u00ea precisa!","publisher":{"@id":"https:\/\/cacaunews.com\/#organization"},"potentialAction":[{"@type":"SearchAction","target":{"@type":"EntryPoint","urlTemplate":"https:\/\/cacaunews.com\/?s={search_term_string}"},"query-input":"required name=search_term_string"}],"inLanguage":"pt-BR"},{"@type":"Organization","@id":"https:\/\/cacaunews.com\/#organization","name":"Cacau News","url":"https:\/\/cacaunews.com\/","logo":{"@type":"ImageObject","inLanguage":"pt-BR","@id":"https:\/\/cacaunews.com\/#\/schema\/logo\/image\/","url":"https:\/\/cacaunews.com\/wp-content\/uploads\/2025\/01\/cropped-LOGO-NOVA.png","contentUrl":"https:\/\/cacaunews.com\/wp-content\/uploads\/2025\/01\/cropped-LOGO-NOVA.png","width":813,"height":813,"caption":"Cacau News"},"image":{"@id":"https:\/\/cacaunews.com\/#\/schema\/logo\/image\/"},"sameAs":["https:\/\/www.instagram.com\/cacaunews.online\/","https:\/\/youtube.com\/@cacaunews?si=0VXLnjl08SrWbVG9"]},{"@type":"Person","@id":"https:\/\/cacaunews.com\/#\/schema\/person\/ea69703103e606ad347ccd64bd72ef79","name":"Reda\u00e7\u00e3o Cacau News","image":{"@type":"ImageObject","inLanguage":"pt-BR","@id":"https:\/\/cacaunews.com\/#\/schema\/person\/image\/","url":"https:\/\/secure.gravatar.com\/avatar\/d79227a2a7b6cc42e8d7a8f7c284cd3a?s=96&d=mm&r=g","contentUrl":"https:\/\/secure.gravatar.com\/avatar\/d79227a2a7b6cc42e8d7a8f7c284cd3a?s=96&d=mm&r=g","caption":"Reda\u00e7\u00e3o Cacau News"},"sameAs":["https:\/\/cacaunews.com"],"url":"https:\/\/cacaunews.com\/?author=1"}]}},"jetpack_sharing_enabled":true,"jetpack_featured_media_url":"https:\/\/cacaunews.com\/wp-content\/uploads\/2024\/09\/IMG-20240913-WA0809-scaled.jpg","_links":{"self":[{"href":"https:\/\/cacaunews.com\/index.php?rest_route=\/wp\/v2\/posts\/5083"}],"collection":[{"href":"https:\/\/cacaunews.com\/index.php?rest_route=\/wp\/v2\/posts"}],"about":[{"href":"https:\/\/cacaunews.com\/index.php?rest_route=\/wp\/v2\/types\/post"}],"author":[{"embeddable":true,"href":"https:\/\/cacaunews.com\/index.php?rest_route=\/wp\/v2\/users\/1"}],"replies":[{"embeddable":true,"href":"https:\/\/cacaunews.com\/index.php?rest_route=%2Fwp%2Fv2%2Fcomments&post=5083"}],"version-history":[{"count":0,"href":"https:\/\/cacaunews.com\/index.php?rest_route=\/wp\/v2\/posts\/5083\/revisions"}],"wp:featuredmedia":[{"embeddable":true,"href":"https:\/\/cacaunews.com\/index.php?rest_route=\/wp\/v2\/media\/5082"}],"wp:attachment":[{"href":"https:\/\/cacaunews.com\/index.php?rest_route=%2Fwp%2Fv2%2Fmedia&parent=5083"}],"wp:term":[{"taxonomy":"category","embeddable":true,"href":"https:\/\/cacaunews.com\/index.php?rest_route=%2Fwp%2Fv2%2Fcategories&post=5083"},{"taxonomy":"post_tag","embeddable":true,"href":"https:\/\/cacaunews.com\/index.php?rest_route=%2Fwp%2Fv2%2Ftags&post=5083"}],"curies":[{"name":"wp","href":"https:\/\/api.w.org\/{rel}","templated":true}]}}