{"id":5148,"date":"2024-11-03T18:33:39","date_gmt":"2024-11-03T18:33:39","guid":{"rendered":"https:\/\/cacaunews.com\/?p=5148"},"modified":"2024-11-03T18:33:39","modified_gmt":"2024-11-03T18:33:39","slug":"de-olho-no-ensino-superior-estudantes-da-rede-estadual-participam-do-primeiro-dia-de-provas-do-enem-2024","status":"publish","type":"post","link":"https:\/\/cacaunews.com\/?p=5148","title":{"rendered":"De olho no Ensino Superior, estudantes da rede estadual participam do primeiro dia de provas do Enem 2024"},"content":{"rendered":"\n<p>Mais de 113 mil estudantes da rede estadual de ensino participaram, neste domingo (3), em toda a Bahia, do primeiro dia do Exame Nacional do Ensino M\u00e9dio (Enem) &#8211; principal porta de acesso ao Ensino Superior no pa\u00eds. Al\u00e9m de escrever a reda\u00e7\u00e3o, cujo tema foi \u201cDesafios para a valoriza\u00e7\u00e3o da heran\u00e7a6 africana no Brasil\u201d, eles responderam \u00e0s quest\u00f5es das \u00e1reas de conhecimento de Linguagens, C\u00f3digos e suas Tecnologias e Ci\u00eancias Humanas e suas Tecnologias. Este ano, a Bahia \u00e9 o terceiro Estado com mais inscritos no pa\u00eds (376.352 candidatos), o que representa um aumento de 38% em rela\u00e7\u00e3o a 2023. O segundo e \u00faltimo dia de provas ser\u00e1 no pr\u00f3ximo domingo (10). <\/p>\n\n\n\n<figure class=\"wp-block-image size-large\"><img fetchpriority=\"high\" decoding=\"async\" width=\"1024\" height=\"683\" src=\"https:\/\/cacaunews.com\/wp-content\/uploads\/2024\/11\/img-20241103-wa01133814851100507715209-1024x683.jpg\" alt=\"\" class=\"wp-image-5145\" srcset=\"https:\/\/cacaunews.com\/wp-content\/uploads\/2024\/11\/img-20241103-wa01133814851100507715209-1024x683.jpg 1024w, https:\/\/cacaunews.com\/wp-content\/uploads\/2024\/11\/img-20241103-wa01133814851100507715209-300x200.jpg 300w, https:\/\/cacaunews.com\/wp-content\/uploads\/2024\/11\/img-20241103-wa01133814851100507715209-768x512.jpg 768w, https:\/\/cacaunews.com\/wp-content\/uploads\/2024\/11\/img-20241103-wa01133814851100507715209-1536x1024.jpg 1536w, https:\/\/cacaunews.com\/wp-content\/uploads\/2024\/11\/img-20241103-wa01133814851100507715209.jpg 1999w\" sizes=\"(max-width: 1024px) 100vw, 1024px\" \/><\/figure>\n\n\n\n<p><br><br>A secret\u00e1ria estadual da Educa\u00e7\u00e3o, Rowenna Brito, que recepcionou os estudantes no Col\u00e9gio Estadual da Bahia \u2013 Central, em Salvador, ressaltou o apoio do Estado aos estudantes que ingressam no Ensino Superior. \u201cA gente est\u00e1 fazendo uma grande mobiliza\u00e7\u00e3o para o estudante acessar a universidade. Quando eles j\u00e1 est\u00e3o l\u00e1, a gente tem o Mais Futuro e o Partiu Est\u00e1gio, que s\u00e3o programas de garantia de acesso e perman\u00eancia. Existem diversos investimentos que o Governo do Estado faz nas universidades estaduais, a exemplo de contrata\u00e7\u00e3o de professores e melhoria da estrutura f\u00edsica. Al\u00e9m do engajamento na Educa\u00e7\u00e3o B\u00e1sica, tem tamb\u00e9m essa garantia para o estudante no Ensino Superior. Uma a\u00e7\u00e3o para a gente pensar a Educa\u00e7\u00e3o em uma grande rede\u201d. <br><br>O estudante Thiago Silva, 19, 3\u00ba ano, do Col\u00e9gio Estadual M\u00e1rio Augusto Teixeira de Freitas do Col\u00e9gio Estadual, em Salvador, falou da sua expectativa de ingressar no curso de Medicina. \u201cEsta \u00e9 a segunda vez que fa\u00e7o o exame e estou confiante em fazer boas provas, conquistar uma boa nota para realizar o sonho de ser m\u00e9dico\u201d.<br><br>A professora Virna Queiroz, do Col\u00e9gio Estadual Ant\u00f4nio Batista, de Candiba, comentou sobre o tema da reda\u00e7\u00e3o deste ano. \u201cOs alunos tiveram a oportunidade de explorar diversas perspectivas, como as contribui\u00e7\u00f5es africanas para a cultura, economia e sociedade brasileiras. Al\u00e9m disso, puderam abordar a import\u00e2ncia do reconhecimento cultural e art\u00edstico, uma vez que muitas express\u00f5es culturais de origem africana, como a capoeira, o samba, o candombl\u00e9 e a culin\u00e1ria, s\u00e3o, frequentemente, vistas com preconceito ou superficialidade. Alguns pontos que enriquecem a discuss\u00e3o incluem o combate ao racismo estrutural; a representatividade na m\u00eddia e nas artes; a ressignifica\u00e7\u00e3o; e a apropria\u00e7\u00e3o cultural\u201d. A partir das 20h, a educadora realizar\u00e1 uma live na p\u00e1gina do Instagram da Secretaria de Educa\u00e7\u00e3o do Estado da Bahia (@educacaobah), onde abordar\u00e1 o tema da reda\u00e7\u00e3o.<br><br>A estudante Fabiana Souza, 24, que concluiu os estudos em 2019, no Col\u00e9gio Estadual Cidade de Curitiba, em Salvador, revelou seus planos para estudar Psicologia em uma universidade p\u00fablica. \u201cAtualmente, estudo em uma faculdade particular e pago mensalidade. Atrav\u00e9s do Enem, pretendo conseguir uma vaga em uma institui\u00e7\u00e3o p\u00fablica ou uma bolsa integral em uma particular, por meio do Prouni\u201d. <br><br><strong>T\u00f4 com Voc\u00ea no Enem em toda a Bahia<\/strong> &#8211; Com a a\u00e7\u00e3o \u201cT\u00f4 com voc\u00ea no Enem\u201d, o Governo do Estado, atrav\u00e9s da Secretaria da Educa\u00e7\u00e3o do Estado (SEC), apoiou os estudantes da rede estadual com a entrega de um kit contendo caneta esferogr\u00e1fica preta transparente, \u00e1gua e lanche. Al\u00e9m disso, por meio da articula\u00e7\u00e3o com a Secretaria de Desenvolvimento Urbano (Sedur), em Salvador e Lauro de Freitas, todos os inscritos no Enem podem utilizar o metr\u00f4, de forma gratuita, nos dois dias de provas. <br><br>J\u00e1 no interior do Estado, em uma a\u00e7\u00e3o articulada entre a SEC e as prefeituras municipais, foram disponibilizados \u00f4nibus gratuitos para que os candidatos cheguem aos seus respectivos locais de provas antes do hor\u00e1rio marcado para o fechamento dos port\u00f5es (13h). Os estudantes tamb\u00e9m receberam o kit com \u00e1gua e lanche, que contribuem para o bem-estar durante a realiza\u00e7\u00e3o do exame.<br><br>A equipe t\u00e9cnica da SEC esteve em tr\u00eas esta\u00e7\u00f5es de metr\u00f4 de Salvador e em 63 unidades escolares, na capital e no interior, para desejar boa prova, transmitir energias positivas e entregar os kits. Entre os locais visitados est\u00e3o o Col\u00e9gio Estadual Democr\u00e1tico Ruy Barbosa (Teixeira de Freitas), Col\u00e9gio Estadual Luiz Viana (Salvador) e Col\u00e9gio Estadual C\u00e9lia Andrade (Feira de Santana). <br><br>A chefe de gabinete da SEC, Luciana Silva, acompanhou a chegada dos estudantes no Col\u00e9gio Estadual Professor R\u00f4mulo Almeida. \u201cEstamos aqui, nesta escola, que \u00e9 muito importante para n\u00f3s da SEC, para promover uma a\u00e7\u00e3o de acolhimento aos estudantes que ir\u00e3o realizar o Enem. Nossa equipe est\u00e1 oferecendo total apoio, distribuindo kits e transmitindo toda a nossa energia positiva aos alunos\u201d, disse.<\/p>\n\n\n\n<p>Fotos: Luiz Carrera\/ ASCOM SEC.<\/p>\n","protected":false},"excerpt":{"rendered":"<p>Mais de 113 mil estudantes da rede estadual de ensino participaram, neste domingo (3), em&#8230;<\/p>\n","protected":false},"author":1,"featured_media":5147,"comment_status":"open","ping_status":"open","sticky":false,"template":"","format":"standard","meta":{"footnotes":""},"categories":[18,4,11],"tags":[208,39,33,776],"yoast_head":"<!-- This site is optimized with the Yoast SEO plugin v21.7 - https:\/\/yoast.com\/wordpress\/plugins\/seo\/ -->\n<title>De olho no Ensino Superior, estudantes da rede estadual participam do primeiro dia de provas do Enem 2024 - Cacau News<\/title>\n<meta name=\"robots\" content=\"index, follow, max-snippet:-1, max-image-preview:large, max-video-preview:-1\" \/>\n<link rel=\"canonical\" href=\"https:\/\/cacaunews.com\/?p=5148\" \/>\n<meta property=\"og:locale\" content=\"pt_BR\" \/>\n<meta property=\"og:type\" content=\"article\" \/>\n<meta property=\"og:title\" content=\"De olho no Ensino Superior, estudantes da rede estadual participam do primeiro dia de provas do Enem 2024 - Cacau News\" \/>\n<meta property=\"og:description\" content=\"Mais de 113 mil estudantes da rede estadual de ensino participaram, neste domingo (3), em...\" \/>\n<meta property=\"og:url\" content=\"https:\/\/cacaunews.com\/?p=5148\" \/>\n<meta property=\"og:site_name\" content=\"Cacau News\" \/>\n<meta property=\"article:published_time\" content=\"2024-11-03T18:33:39+00:00\" \/>\n<meta property=\"og:image\" content=\"https:\/\/cacaunews.com\/wp-content\/uploads\/2024\/11\/img-20241103-wa01133814851100507715209-1024x683.jpg\" \/>\n<meta name=\"author\" content=\"Reda\u00e7\u00e3o Cacau News\" \/>\n<meta name=\"twitter:card\" content=\"summary_large_image\" \/>\n<meta name=\"twitter:label1\" content=\"Escrito por\" \/>\n\t<meta name=\"twitter:data1\" content=\"Reda\u00e7\u00e3o Cacau News\" \/>\n\t<meta name=\"twitter:label2\" content=\"Est. tempo de leitura\" \/>\n\t<meta name=\"twitter:data2\" content=\"4 minutos\" \/>\n<script type=\"application\/ld+json\" class=\"yoast-schema-graph\">{\"@context\":\"https:\/\/schema.org\",\"@graph\":[{\"@type\":\"Article\",\"@id\":\"https:\/\/cacaunews.com\/?p=5148#article\",\"isPartOf\":{\"@id\":\"https:\/\/cacaunews.com\/?p=5148\"},\"author\":{\"name\":\"Reda\u00e7\u00e3o Cacau News\",\"@id\":\"https:\/\/cacaunews.com\/#\/schema\/person\/ea69703103e606ad347ccd64bd72ef79\"},\"headline\":\"De olho no Ensino Superior, estudantes da rede estadual participam do primeiro dia de provas do Enem 2024\",\"datePublished\":\"2024-11-03T18:33:39+00:00\",\"dateModified\":\"2024-11-03T18:33:39+00:00\",\"mainEntityOfPage\":{\"@id\":\"https:\/\/cacaunews.com\/?p=5148\"},\"wordCount\":836,\"commentCount\":0,\"publisher\":{\"@id\":\"https:\/\/cacaunews.com\/#organization\"},\"keywords\":[\"apoio\",\"bahia\",\"educa\u00e7\u00e3o\",\"Enem\"],\"articleSection\":[\"cidades\",\"Internet\",\"Jornalismo\"],\"inLanguage\":\"pt-BR\",\"potentialAction\":[{\"@type\":\"CommentAction\",\"name\":\"Comment\",\"target\":[\"https:\/\/cacaunews.com\/?p=5148#respond\"]}]},{\"@type\":\"WebPage\",\"@id\":\"https:\/\/cacaunews.com\/?p=5148\",\"url\":\"https:\/\/cacaunews.com\/?p=5148\",\"name\":\"De olho no Ensino Superior, estudantes da rede estadual participam do primeiro dia de provas do Enem 2024 - Cacau News\",\"isPartOf\":{\"@id\":\"https:\/\/cacaunews.com\/#website\"},\"datePublished\":\"2024-11-03T18:33:39+00:00\",\"dateModified\":\"2024-11-03T18:33:39+00:00\",\"breadcrumb\":{\"@id\":\"https:\/\/cacaunews.com\/?p=5148#breadcrumb\"},\"inLanguage\":\"pt-BR\",\"potentialAction\":[{\"@type\":\"ReadAction\",\"target\":[\"https:\/\/cacaunews.com\/?p=5148\"]}]},{\"@type\":\"BreadcrumbList\",\"@id\":\"https:\/\/cacaunews.com\/?p=5148#breadcrumb\",\"itemListElement\":[{\"@type\":\"ListItem\",\"position\":1,\"name\":\"In\u00edcio\",\"item\":\"https:\/\/cacaunews.com\/\"},{\"@type\":\"ListItem\",\"position\":2,\"name\":\"De olho no Ensino Superior, estudantes da rede estadual participam do primeiro dia de provas do Enem 2024\"}]},{\"@type\":\"WebSite\",\"@id\":\"https:\/\/cacaunews.com\/#website\",\"url\":\"https:\/\/cacaunews.com\/\",\"name\":\"Cacau News\",\"description\":\"A Informa\u00e7\u00e3o que voc\u00ea precisa!\",\"publisher\":{\"@id\":\"https:\/\/cacaunews.com\/#organization\"},\"potentialAction\":[{\"@type\":\"SearchAction\",\"target\":{\"@type\":\"EntryPoint\",\"urlTemplate\":\"https:\/\/cacaunews.com\/?s={search_term_string}\"},\"query-input\":\"required name=search_term_string\"}],\"inLanguage\":\"pt-BR\"},{\"@type\":\"Organization\",\"@id\":\"https:\/\/cacaunews.com\/#organization\",\"name\":\"Cacau News\",\"url\":\"https:\/\/cacaunews.com\/\",\"logo\":{\"@type\":\"ImageObject\",\"inLanguage\":\"pt-BR\",\"@id\":\"https:\/\/cacaunews.com\/#\/schema\/logo\/image\/\",\"url\":\"https:\/\/cacaunews.com\/wp-content\/uploads\/2025\/01\/cropped-LOGO-NOVA.png\",\"contentUrl\":\"https:\/\/cacaunews.com\/wp-content\/uploads\/2025\/01\/cropped-LOGO-NOVA.png\",\"width\":813,\"height\":813,\"caption\":\"Cacau News\"},\"image\":{\"@id\":\"https:\/\/cacaunews.com\/#\/schema\/logo\/image\/\"},\"sameAs\":[\"https:\/\/www.instagram.com\/cacaunews.online\/\",\"https:\/\/youtube.com\/@cacaunews?si=0VXLnjl08SrWbVG9\"]},{\"@type\":\"Person\",\"@id\":\"https:\/\/cacaunews.com\/#\/schema\/person\/ea69703103e606ad347ccd64bd72ef79\",\"name\":\"Reda\u00e7\u00e3o Cacau News\",\"image\":{\"@type\":\"ImageObject\",\"inLanguage\":\"pt-BR\",\"@id\":\"https:\/\/cacaunews.com\/#\/schema\/person\/image\/\",\"url\":\"https:\/\/secure.gravatar.com\/avatar\/d79227a2a7b6cc42e8d7a8f7c284cd3a?s=96&d=mm&r=g\",\"contentUrl\":\"https:\/\/secure.gravatar.com\/avatar\/d79227a2a7b6cc42e8d7a8f7c284cd3a?s=96&d=mm&r=g\",\"caption\":\"Reda\u00e7\u00e3o Cacau News\"},\"sameAs\":[\"https:\/\/cacaunews.com\"],\"url\":\"https:\/\/cacaunews.com\/?author=1\"}]}<\/script>\n<!-- \/ Yoast SEO plugin. -->","yoast_head_json":{"title":"De olho no Ensino Superior, estudantes da rede estadual participam do primeiro dia de provas do Enem 2024 - Cacau News","robots":{"index":"index","follow":"follow","max-snippet":"max-snippet:-1","max-image-preview":"max-image-preview:large","max-video-preview":"max-video-preview:-1"},"canonical":"https:\/\/cacaunews.com\/?p=5148","og_locale":"pt_BR","og_type":"article","og_title":"De olho no Ensino Superior, estudantes da rede estadual participam do primeiro dia de provas do Enem 2024 - Cacau News","og_description":"Mais de 113 mil estudantes da rede estadual de ensino participaram, neste domingo (3), em...","og_url":"https:\/\/cacaunews.com\/?p=5148","og_site_name":"Cacau News","article_published_time":"2024-11-03T18:33:39+00:00","og_image":[{"url":"https:\/\/cacaunews.com\/wp-content\/uploads\/2024\/11\/img-20241103-wa01133814851100507715209-1024x683.jpg"}],"author":"Reda\u00e7\u00e3o Cacau News","twitter_card":"summary_large_image","twitter_misc":{"Escrito por":"Reda\u00e7\u00e3o Cacau News","Est. tempo de leitura":"4 minutos"},"schema":{"@context":"https:\/\/schema.org","@graph":[{"@type":"Article","@id":"https:\/\/cacaunews.com\/?p=5148#article","isPartOf":{"@id":"https:\/\/cacaunews.com\/?p=5148"},"author":{"name":"Reda\u00e7\u00e3o Cacau News","@id":"https:\/\/cacaunews.com\/#\/schema\/person\/ea69703103e606ad347ccd64bd72ef79"},"headline":"De olho no Ensino Superior, estudantes da rede estadual participam do primeiro dia de provas do Enem 2024","datePublished":"2024-11-03T18:33:39+00:00","dateModified":"2024-11-03T18:33:39+00:00","mainEntityOfPage":{"@id":"https:\/\/cacaunews.com\/?p=5148"},"wordCount":836,"commentCount":0,"publisher":{"@id":"https:\/\/cacaunews.com\/#organization"},"keywords":["apoio","bahia","educa\u00e7\u00e3o","Enem"],"articleSection":["cidades","Internet","Jornalismo"],"inLanguage":"pt-BR","potentialAction":[{"@type":"CommentAction","name":"Comment","target":["https:\/\/cacaunews.com\/?p=5148#respond"]}]},{"@type":"WebPage","@id":"https:\/\/cacaunews.com\/?p=5148","url":"https:\/\/cacaunews.com\/?p=5148","name":"De olho no Ensino Superior, estudantes da rede estadual participam do primeiro dia de provas do Enem 2024 - Cacau News","isPartOf":{"@id":"https:\/\/cacaunews.com\/#website"},"datePublished":"2024-11-03T18:33:39+00:00","dateModified":"2024-11-03T18:33:39+00:00","breadcrumb":{"@id":"https:\/\/cacaunews.com\/?p=5148#breadcrumb"},"inLanguage":"pt-BR","potentialAction":[{"@type":"ReadAction","target":["https:\/\/cacaunews.com\/?p=5148"]}]},{"@type":"BreadcrumbList","@id":"https:\/\/cacaunews.com\/?p=5148#breadcrumb","itemListElement":[{"@type":"ListItem","position":1,"name":"In\u00edcio","item":"https:\/\/cacaunews.com\/"},{"@type":"ListItem","position":2,"name":"De olho no Ensino Superior, estudantes da rede estadual participam do primeiro dia de provas do Enem 2024"}]},{"@type":"WebSite","@id":"https:\/\/cacaunews.com\/#website","url":"https:\/\/cacaunews.com\/","name":"Cacau News","description":"A Informa\u00e7\u00e3o que voc\u00ea precisa!","publisher":{"@id":"https:\/\/cacaunews.com\/#organization"},"potentialAction":[{"@type":"SearchAction","target":{"@type":"EntryPoint","urlTemplate":"https:\/\/cacaunews.com\/?s={search_term_string}"},"query-input":"required name=search_term_string"}],"inLanguage":"pt-BR"},{"@type":"Organization","@id":"https:\/\/cacaunews.com\/#organization","name":"Cacau News","url":"https:\/\/cacaunews.com\/","logo":{"@type":"ImageObject","inLanguage":"pt-BR","@id":"https:\/\/cacaunews.com\/#\/schema\/logo\/image\/","url":"https:\/\/cacaunews.com\/wp-content\/uploads\/2025\/01\/cropped-LOGO-NOVA.png","contentUrl":"https:\/\/cacaunews.com\/wp-content\/uploads\/2025\/01\/cropped-LOGO-NOVA.png","width":813,"height":813,"caption":"Cacau News"},"image":{"@id":"https:\/\/cacaunews.com\/#\/schema\/logo\/image\/"},"sameAs":["https:\/\/www.instagram.com\/cacaunews.online\/","https:\/\/youtube.com\/@cacaunews?si=0VXLnjl08SrWbVG9"]},{"@type":"Person","@id":"https:\/\/cacaunews.com\/#\/schema\/person\/ea69703103e606ad347ccd64bd72ef79","name":"Reda\u00e7\u00e3o Cacau News","image":{"@type":"ImageObject","inLanguage":"pt-BR","@id":"https:\/\/cacaunews.com\/#\/schema\/person\/image\/","url":"https:\/\/secure.gravatar.com\/avatar\/d79227a2a7b6cc42e8d7a8f7c284cd3a?s=96&d=mm&r=g","contentUrl":"https:\/\/secure.gravatar.com\/avatar\/d79227a2a7b6cc42e8d7a8f7c284cd3a?s=96&d=mm&r=g","caption":"Reda\u00e7\u00e3o Cacau News"},"sameAs":["https:\/\/cacaunews.com"],"url":"https:\/\/cacaunews.com\/?author=1"}]}},"jetpack_sharing_enabled":true,"jetpack_featured_media_url":"https:\/\/cacaunews.com\/wp-content\/uploads\/2024\/11\/IMG-20241103-WA0114-1-scaled.jpg","_links":{"self":[{"href":"https:\/\/cacaunews.com\/index.php?rest_route=\/wp\/v2\/posts\/5148"}],"collection":[{"href":"https:\/\/cacaunews.com\/index.php?rest_route=\/wp\/v2\/posts"}],"about":[{"href":"https:\/\/cacaunews.com\/index.php?rest_route=\/wp\/v2\/types\/post"}],"author":[{"embeddable":true,"href":"https:\/\/cacaunews.com\/index.php?rest_route=\/wp\/v2\/users\/1"}],"replies":[{"embeddable":true,"href":"https:\/\/cacaunews.com\/index.php?rest_route=%2Fwp%2Fv2%2Fcomments&post=5148"}],"version-history":[{"count":0,"href":"https:\/\/cacaunews.com\/index.php?rest_route=\/wp\/v2\/posts\/5148\/revisions"}],"wp:featuredmedia":[{"embeddable":true,"href":"https:\/\/cacaunews.com\/index.php?rest_route=\/wp\/v2\/media\/5147"}],"wp:attachment":[{"href":"https:\/\/cacaunews.com\/index.php?rest_route=%2Fwp%2Fv2%2Fmedia&parent=5148"}],"wp:term":[{"taxonomy":"category","embeddable":true,"href":"https:\/\/cacaunews.com\/index.php?rest_route=%2Fwp%2Fv2%2Fcategories&post=5148"},{"taxonomy":"post_tag","embeddable":true,"href":"https:\/\/cacaunews.com\/index.php?rest_route=%2Fwp%2Fv2%2Ftags&post=5148"}],"curies":[{"name":"wp","href":"https:\/\/api.w.org\/{rel}","templated":true}]}}