{"id":5177,"date":"2024-11-25T13:00:07","date_gmt":"2024-11-25T13:00:07","guid":{"rendered":"https:\/\/cacaunews.com\/?p=5177"},"modified":"2024-11-25T13:06:28","modified_gmt":"2024-11-25T13:06:28","slug":"presidente-da-camara-de-vereadores-de-ilheus-sofre-acidente-na-ba-262","status":"publish","type":"post","link":"https:\/\/cacaunews.com\/?p=5177","title":{"rendered":"Presidente da C\u00e2mara de Vereadores de Ilh\u00e9us sofre acidente na BA-262."},"content":{"rendered":"\n<p>No \u00faltimo domingo (24), o vereador e presidente da C\u00e2mara de Vereadores de Ilh\u00e9us, Paulo Carqueja (PSD), foi um dos envolvidos em um acidente automobilistico que aconteceu na BA 262, trecho que liga os munic\u00edpios de Itaju\u00edpe a Coaraci.<\/p>\n\n\n\n<figure class=\"wp-block-image size-large\"><img fetchpriority=\"high\" decoding=\"async\" width=\"739\" height=\"415\" src=\"https:\/\/cacaunews.com\/wp-content\/uploads\/2024\/11\/images-2024-11-25t1008164579238587518477266.jpg\" alt=\"\" class=\"wp-image-5176\" srcset=\"https:\/\/cacaunews.com\/wp-content\/uploads\/2024\/11\/images-2024-11-25t1008164579238587518477266.jpg 739w, https:\/\/cacaunews.com\/wp-content\/uploads\/2024\/11\/images-2024-11-25t1008164579238587518477266-300x168.jpg 300w\" sizes=\"(max-width: 739px) 100vw, 739px\" \/><\/figure>\n\n\n\n<p>Segundo informa\u00e7\u00f5es o ve\u00edculo onde Carqueja estava caiu em uma ribanceira ap\u00f3s o motorista perder o controle, a suspeita de \u00f3leo na pista.<\/p>\n\n\n\n<p>O acidente ocorreu ap\u00f3s o pol\u00edtico cumprir agenda em Inema, distrito de Ilh\u00e9us. Al\u00e9m do edil estavam no carro o ex vereador Valmir Freitas e F\u00e1bio Oliveira, este condutor do ve\u00edculo. Felizmente todos os ocupantes do ve\u00edculo sa\u00edram sem apenas com ferimentos leves.<\/p>\n","protected":false},"excerpt":{"rendered":"<p>No \u00faltimo domingo (24), o vereador e presidente da C\u00e2mara de Vereadores de Ilh\u00e9us, Paulo&#8230;<\/p>\n","protected":false},"author":1,"featured_media":5175,"comment_status":"open","ping_status":"open","sticky":false,"template":"","format":"standard","meta":{"footnotes":""},"categories":[18,11,5],"tags":[72,1847,37,1846],"yoast_head":"<!-- This site is optimized with the Yoast SEO plugin v21.7 - https:\/\/yoast.com\/wordpress\/plugins\/seo\/ -->\n<title>Presidente da C\u00e2mara de Vereadores de Ilh\u00e9us sofre acidente na BA-262. - Cacau News<\/title>\n<meta name=\"robots\" content=\"index, follow, max-snippet:-1, max-image-preview:large, max-video-preview:-1\" \/>\n<link rel=\"canonical\" href=\"https:\/\/cacaunews.com\/?p=5177\" \/>\n<meta property=\"og:locale\" content=\"pt_BR\" \/>\n<meta property=\"og:type\" content=\"article\" \/>\n<meta property=\"og:title\" content=\"Presidente da C\u00e2mara de Vereadores de Ilh\u00e9us sofre acidente na BA-262. - Cacau News\" \/>\n<meta property=\"og:description\" content=\"No \u00faltimo domingo (24), o vereador e presidente da C\u00e2mara de Vereadores de Ilh\u00e9us, Paulo...\" \/>\n<meta property=\"og:url\" content=\"https:\/\/cacaunews.com\/?p=5177\" \/>\n<meta property=\"og:site_name\" content=\"Cacau News\" \/>\n<meta property=\"article:published_time\" content=\"2024-11-25T13:00:07+00:00\" \/>\n<meta property=\"article:modified_time\" content=\"2024-11-25T13:06:28+00:00\" \/>\n<meta property=\"og:image\" content=\"https:\/\/cacaunews.com\/wp-content\/uploads\/2024\/11\/IMG_20241125_100702.jpg\" \/>\n\t<meta property=\"og:image:width\" content=\"677\" \/>\n\t<meta property=\"og:image:height\" content=\"573\" \/>\n\t<meta property=\"og:image:type\" content=\"image\/jpeg\" \/>\n<meta name=\"author\" content=\"Reda\u00e7\u00e3o Cacau News\" \/>\n<meta name=\"twitter:card\" content=\"summary_large_image\" \/>\n<meta name=\"twitter:label1\" content=\"Escrito por\" \/>\n\t<meta name=\"twitter:data1\" content=\"Reda\u00e7\u00e3o Cacau News\" \/>\n\t<meta name=\"twitter:label2\" content=\"Est. tempo de leitura\" \/>\n\t<meta name=\"twitter:data2\" content=\"1 minuto\" \/>\n<script type=\"application\/ld+json\" class=\"yoast-schema-graph\">{\"@context\":\"https:\/\/schema.org\",\"@graph\":[{\"@type\":\"Article\",\"@id\":\"https:\/\/cacaunews.com\/?p=5177#article\",\"isPartOf\":{\"@id\":\"https:\/\/cacaunews.com\/?p=5177\"},\"author\":{\"name\":\"Reda\u00e7\u00e3o Cacau News\",\"@id\":\"https:\/\/cacaunews.com\/#\/schema\/person\/ea69703103e606ad347ccd64bd72ef79\"},\"headline\":\"Presidente da C\u00e2mara de Vereadores de Ilh\u00e9us sofre acidente na BA-262.\",\"datePublished\":\"2024-11-25T13:00:07+00:00\",\"dateModified\":\"2024-11-25T13:06:28+00:00\",\"mainEntityOfPage\":{\"@id\":\"https:\/\/cacaunews.com\/?p=5177\"},\"wordCount\":131,\"commentCount\":0,\"publisher\":{\"@id\":\"https:\/\/cacaunews.com\/#organization\"},\"keywords\":[\"acidente\",\"BA 262\",\"ilheus\",\"Paulo Carqueja\"],\"articleSection\":[\"cidades\",\"Jornalismo\",\"Politica\"],\"inLanguage\":\"pt-BR\",\"potentialAction\":[{\"@type\":\"CommentAction\",\"name\":\"Comment\",\"target\":[\"https:\/\/cacaunews.com\/?p=5177#respond\"]}]},{\"@type\":\"WebPage\",\"@id\":\"https:\/\/cacaunews.com\/?p=5177\",\"url\":\"https:\/\/cacaunews.com\/?p=5177\",\"name\":\"Presidente da C\u00e2mara de Vereadores de Ilh\u00e9us sofre acidente na BA-262. - Cacau News\",\"isPartOf\":{\"@id\":\"https:\/\/cacaunews.com\/#website\"},\"datePublished\":\"2024-11-25T13:00:07+00:00\",\"dateModified\":\"2024-11-25T13:06:28+00:00\",\"breadcrumb\":{\"@id\":\"https:\/\/cacaunews.com\/?p=5177#breadcrumb\"},\"inLanguage\":\"pt-BR\",\"potentialAction\":[{\"@type\":\"ReadAction\",\"target\":[\"https:\/\/cacaunews.com\/?p=5177\"]}]},{\"@type\":\"BreadcrumbList\",\"@id\":\"https:\/\/cacaunews.com\/?p=5177#breadcrumb\",\"itemListElement\":[{\"@type\":\"ListItem\",\"position\":1,\"name\":\"In\u00edcio\",\"item\":\"https:\/\/cacaunews.com\/\"},{\"@type\":\"ListItem\",\"position\":2,\"name\":\"Presidente da C\u00e2mara de Vereadores de Ilh\u00e9us sofre acidente na BA-262.\"}]},{\"@type\":\"WebSite\",\"@id\":\"https:\/\/cacaunews.com\/#website\",\"url\":\"https:\/\/cacaunews.com\/\",\"name\":\"Cacau News\",\"description\":\"A Informa\u00e7\u00e3o que voc\u00ea precisa!\",\"publisher\":{\"@id\":\"https:\/\/cacaunews.com\/#organization\"},\"potentialAction\":[{\"@type\":\"SearchAction\",\"target\":{\"@type\":\"EntryPoint\",\"urlTemplate\":\"https:\/\/cacaunews.com\/?s={search_term_string}\"},\"query-input\":\"required name=search_term_string\"}],\"inLanguage\":\"pt-BR\"},{\"@type\":\"Organization\",\"@id\":\"https:\/\/cacaunews.com\/#organization\",\"name\":\"Cacau News\",\"url\":\"https:\/\/cacaunews.com\/\",\"logo\":{\"@type\":\"ImageObject\",\"inLanguage\":\"pt-BR\",\"@id\":\"https:\/\/cacaunews.com\/#\/schema\/logo\/image\/\",\"url\":\"https:\/\/cacaunews.com\/wp-content\/uploads\/2025\/01\/cropped-LOGO-NOVA.png\",\"contentUrl\":\"https:\/\/cacaunews.com\/wp-content\/uploads\/2025\/01\/cropped-LOGO-NOVA.png\",\"width\":813,\"height\":813,\"caption\":\"Cacau News\"},\"image\":{\"@id\":\"https:\/\/cacaunews.com\/#\/schema\/logo\/image\/\"},\"sameAs\":[\"https:\/\/www.instagram.com\/cacaunews.online\/\",\"https:\/\/youtube.com\/@cacaunews?si=0VXLnjl08SrWbVG9\"]},{\"@type\":\"Person\",\"@id\":\"https:\/\/cacaunews.com\/#\/schema\/person\/ea69703103e606ad347ccd64bd72ef79\",\"name\":\"Reda\u00e7\u00e3o Cacau News\",\"image\":{\"@type\":\"ImageObject\",\"inLanguage\":\"pt-BR\",\"@id\":\"https:\/\/cacaunews.com\/#\/schema\/person\/image\/\",\"url\":\"https:\/\/secure.gravatar.com\/avatar\/d79227a2a7b6cc42e8d7a8f7c284cd3a?s=96&d=mm&r=g\",\"contentUrl\":\"https:\/\/secure.gravatar.com\/avatar\/d79227a2a7b6cc42e8d7a8f7c284cd3a?s=96&d=mm&r=g\",\"caption\":\"Reda\u00e7\u00e3o Cacau News\"},\"sameAs\":[\"https:\/\/cacaunews.com\"],\"url\":\"https:\/\/cacaunews.com\/?author=1\"}]}<\/script>\n<!-- \/ Yoast SEO plugin. -->","yoast_head_json":{"title":"Presidente da C\u00e2mara de Vereadores de Ilh\u00e9us sofre acidente na BA-262. - Cacau News","robots":{"index":"index","follow":"follow","max-snippet":"max-snippet:-1","max-image-preview":"max-image-preview:large","max-video-preview":"max-video-preview:-1"},"canonical":"https:\/\/cacaunews.com\/?p=5177","og_locale":"pt_BR","og_type":"article","og_title":"Presidente da C\u00e2mara de Vereadores de Ilh\u00e9us sofre acidente na BA-262. - Cacau News","og_description":"No \u00faltimo domingo (24), o vereador e presidente da C\u00e2mara de Vereadores de Ilh\u00e9us, Paulo...","og_url":"https:\/\/cacaunews.com\/?p=5177","og_site_name":"Cacau News","article_published_time":"2024-11-25T13:00:07+00:00","article_modified_time":"2024-11-25T13:06:28+00:00","og_image":[{"width":677,"height":573,"url":"https:\/\/cacaunews.com\/wp-content\/uploads\/2024\/11\/IMG_20241125_100702.jpg","type":"image\/jpeg"}],"author":"Reda\u00e7\u00e3o Cacau News","twitter_card":"summary_large_image","twitter_misc":{"Escrito por":"Reda\u00e7\u00e3o Cacau News","Est. tempo de leitura":"1 minuto"},"schema":{"@context":"https:\/\/schema.org","@graph":[{"@type":"Article","@id":"https:\/\/cacaunews.com\/?p=5177#article","isPartOf":{"@id":"https:\/\/cacaunews.com\/?p=5177"},"author":{"name":"Reda\u00e7\u00e3o Cacau News","@id":"https:\/\/cacaunews.com\/#\/schema\/person\/ea69703103e606ad347ccd64bd72ef79"},"headline":"Presidente da C\u00e2mara de Vereadores de Ilh\u00e9us sofre acidente na BA-262.","datePublished":"2024-11-25T13:00:07+00:00","dateModified":"2024-11-25T13:06:28+00:00","mainEntityOfPage":{"@id":"https:\/\/cacaunews.com\/?p=5177"},"wordCount":131,"commentCount":0,"publisher":{"@id":"https:\/\/cacaunews.com\/#organization"},"keywords":["acidente","BA 262","ilheus","Paulo Carqueja"],"articleSection":["cidades","Jornalismo","Politica"],"inLanguage":"pt-BR","potentialAction":[{"@type":"CommentAction","name":"Comment","target":["https:\/\/cacaunews.com\/?p=5177#respond"]}]},{"@type":"WebPage","@id":"https:\/\/cacaunews.com\/?p=5177","url":"https:\/\/cacaunews.com\/?p=5177","name":"Presidente da C\u00e2mara de Vereadores de Ilh\u00e9us sofre acidente na BA-262. - Cacau News","isPartOf":{"@id":"https:\/\/cacaunews.com\/#website"},"datePublished":"2024-11-25T13:00:07+00:00","dateModified":"2024-11-25T13:06:28+00:00","breadcrumb":{"@id":"https:\/\/cacaunews.com\/?p=5177#breadcrumb"},"inLanguage":"pt-BR","potentialAction":[{"@type":"ReadAction","target":["https:\/\/cacaunews.com\/?p=5177"]}]},{"@type":"BreadcrumbList","@id":"https:\/\/cacaunews.com\/?p=5177#breadcrumb","itemListElement":[{"@type":"ListItem","position":1,"name":"In\u00edcio","item":"https:\/\/cacaunews.com\/"},{"@type":"ListItem","position":2,"name":"Presidente da C\u00e2mara de Vereadores de Ilh\u00e9us sofre acidente na BA-262."}]},{"@type":"WebSite","@id":"https:\/\/cacaunews.com\/#website","url":"https:\/\/cacaunews.com\/","name":"Cacau News","description":"A Informa\u00e7\u00e3o que voc\u00ea precisa!","publisher":{"@id":"https:\/\/cacaunews.com\/#organization"},"potentialAction":[{"@type":"SearchAction","target":{"@type":"EntryPoint","urlTemplate":"https:\/\/cacaunews.com\/?s={search_term_string}"},"query-input":"required name=search_term_string"}],"inLanguage":"pt-BR"},{"@type":"Organization","@id":"https:\/\/cacaunews.com\/#organization","name":"Cacau News","url":"https:\/\/cacaunews.com\/","logo":{"@type":"ImageObject","inLanguage":"pt-BR","@id":"https:\/\/cacaunews.com\/#\/schema\/logo\/image\/","url":"https:\/\/cacaunews.com\/wp-content\/uploads\/2025\/01\/cropped-LOGO-NOVA.png","contentUrl":"https:\/\/cacaunews.com\/wp-content\/uploads\/2025\/01\/cropped-LOGO-NOVA.png","width":813,"height":813,"caption":"Cacau News"},"image":{"@id":"https:\/\/cacaunews.com\/#\/schema\/logo\/image\/"},"sameAs":["https:\/\/www.instagram.com\/cacaunews.online\/","https:\/\/youtube.com\/@cacaunews?si=0VXLnjl08SrWbVG9"]},{"@type":"Person","@id":"https:\/\/cacaunews.com\/#\/schema\/person\/ea69703103e606ad347ccd64bd72ef79","name":"Reda\u00e7\u00e3o Cacau News","image":{"@type":"ImageObject","inLanguage":"pt-BR","@id":"https:\/\/cacaunews.com\/#\/schema\/person\/image\/","url":"https:\/\/secure.gravatar.com\/avatar\/d79227a2a7b6cc42e8d7a8f7c284cd3a?s=96&d=mm&r=g","contentUrl":"https:\/\/secure.gravatar.com\/avatar\/d79227a2a7b6cc42e8d7a8f7c284cd3a?s=96&d=mm&r=g","caption":"Reda\u00e7\u00e3o Cacau News"},"sameAs":["https:\/\/cacaunews.com"],"url":"https:\/\/cacaunews.com\/?author=1"}]}},"jetpack_sharing_enabled":true,"jetpack_featured_media_url":"https:\/\/cacaunews.com\/wp-content\/uploads\/2024\/11\/IMG_20241125_100702.jpg","_links":{"self":[{"href":"https:\/\/cacaunews.com\/index.php?rest_route=\/wp\/v2\/posts\/5177"}],"collection":[{"href":"https:\/\/cacaunews.com\/index.php?rest_route=\/wp\/v2\/posts"}],"about":[{"href":"https:\/\/cacaunews.com\/index.php?rest_route=\/wp\/v2\/types\/post"}],"author":[{"embeddable":true,"href":"https:\/\/cacaunews.com\/index.php?rest_route=\/wp\/v2\/users\/1"}],"replies":[{"embeddable":true,"href":"https:\/\/cacaunews.com\/index.php?rest_route=%2Fwp%2Fv2%2Fcomments&post=5177"}],"version-history":[{"count":1,"href":"https:\/\/cacaunews.com\/index.php?rest_route=\/wp\/v2\/posts\/5177\/revisions"}],"predecessor-version":[{"id":5178,"href":"https:\/\/cacaunews.com\/index.php?rest_route=\/wp\/v2\/posts\/5177\/revisions\/5178"}],"wp:featuredmedia":[{"embeddable":true,"href":"https:\/\/cacaunews.com\/index.php?rest_route=\/wp\/v2\/media\/5175"}],"wp:attachment":[{"href":"https:\/\/cacaunews.com\/index.php?rest_route=%2Fwp%2Fv2%2Fmedia&parent=5177"}],"wp:term":[{"taxonomy":"category","embeddable":true,"href":"https:\/\/cacaunews.com\/index.php?rest_route=%2Fwp%2Fv2%2Fcategories&post=5177"},{"taxonomy":"post_tag","embeddable":true,"href":"https:\/\/cacaunews.com\/index.php?rest_route=%2Fwp%2Fv2%2Ftags&post=5177"}],"curies":[{"name":"wp","href":"https:\/\/api.w.org\/{rel}","templated":true}]}}