{"id":5199,"date":"2024-11-28T23:50:10","date_gmt":"2024-11-28T23:50:10","guid":{"rendered":"https:\/\/cacaunews.com\/?p=5199"},"modified":"2024-11-28T23:50:31","modified_gmt":"2024-11-28T23:50:31","slug":"salvador-prefeitura-define-acoes-emergenciais-e-preventivas-para-mitigar-os-efeitos-das-chuvas","status":"publish","type":"post","link":"https:\/\/cacaunews.com\/?p=5199","title":{"rendered":"Salvador: Prefeitura define a\u00e7\u00f5es emergenciais e preventivas para mitigar os efeitos das chuvas."},"content":{"rendered":"\n<p>O prefeito Bruno Reis, junto a secret\u00e1rios e gestores de \u00f3rg\u00e3os municipais pertencentes ao Sistema de Prote\u00e7\u00e3o e Defesa Civil de Salvador, realizou nesta quinta-feira (28) uma reuni\u00e3o para definir a\u00e7\u00f5es emergenciais e novas medidas preventivas que ser\u00e3o realizadas na cidade para mitigar os efeitos das chuvas.<br><br>Entre as interven\u00e7\u00f5es que ser\u00e3o tomadas de imediato est\u00e3o a constru\u00e7\u00e3o de uma conten\u00e7\u00e3o de encosta na Rua Amargosa, localizada entre Pernambu\u00e9s e Saramandaia, e de mais duas outras na regi\u00e3o. Al\u00e9m disso, a Prefeitura vai dar in\u00edcio \u00e0 segunda etapa das obras de drenagem no bairro a primeira est\u00e1 em andamento na Rua Santo Ant\u00f4nio de P\u00e1dua e j\u00e1 foi capaz de impedir que alagamentos ocorressem nos \u00faltimos dias.<br><br>Um levantamento tamb\u00e9m est\u00e1 sendo feito para identificar quais outras \u00e1reas da cidade ser\u00e3o contempladas com as interven\u00e7\u00f5es, assim como quantas fam\u00edlias atingidas por alagamentos e deslizamentos ser\u00e3o amparadas com aux\u00edlios emergenciais.<\/p>\n\n\n\n<p>&#8220;Neste momento, o mais importante \u00e9 o apoio \u00e0s fam\u00edlias, \u00e0quelas que est\u00e3o nas nossas unidades de acolhimento, que agora v\u00e3o para o aluguel social. As que sofreram com alagamentos v\u00e3o receber aux\u00edlio emergencial para readquirir todos os seus pertences. Esse \u00e9 um benef\u00edcio que n\u00f3s criamos l\u00e1 atr\u00e1s, que podemos indenizar com at\u00e9 tr\u00eas sal\u00e1rios m\u00ednimos. Nossa equipe continua nas ruas dando toda a assist\u00eancia&#8221;, frisou Bruno Reis.<br><br>Na ocasi\u00e3o, foi apresentado um balan\u00e7o das ocorr\u00eancias provocadas pelos temporais que atingiram a cidade desde o \u00faltimo final de semana. Em algumas localidades da capital baiana como San Martin, por exemplo, o acumulado de chuvas chegou a 464,6 mm, isto \u00e9, mais do que quatro vezes o volume do previsto para o m\u00eas (108,2 mm). Al\u00e9m disso, em cinco dias, a Codesal recebeu mais de 600 solicita\u00e7\u00f5es de urg\u00eancia e emerg\u00eancia pelo 199.<\/p>\n\n\n\n<p>Salvador foi acometida em novembro pelo maior volume de chuvas nos \u00faltimos 61 anos. &#8220;Sabemos que h\u00e1 problemas, temos diversos projetos para serem elaborados nesse momento, diversas obras em execu\u00e7\u00e3o e vamos seguir investindo mais recursos para que nossa cidade seja cada vez mais segura, para que possamos ter uma cidade mais tranquila para quem vive aqui&#8221;, completou o prefeito.<br><br>Na \u00faltima d\u00e9cada, a gest\u00e3o municipal investiu na prote\u00e7\u00e3o de encostas em 541 \u00e1reas de risco. Tamb\u00e9m foram feitas mais de 3 mil escadarias drenantes e urbaniza\u00e7\u00e3o de canais, como os das ruas Doralice D\u00f3rea (Val\u00e9ria), Rosalvo Silva e 5 de Agosto (ambas na regi\u00e3o de Pau da Lima), Baixa da Paraca\u00edna e Santa Rita (ambas em S\u00e3o Marcos).<\/p>\n\n\n\n<p><strong>Protocolos<\/strong> &#8211; Segundo o diretor geral da Codesal, Sosthenes Mac\u00eado, o \u00f3rg\u00e3o definiu pela manh\u00e3 protocolos de investidas de campo, distribuindo equipes de vistorias das situa\u00e7\u00f5es de emerg\u00eancia.<br><br>Al\u00e9m disso, h\u00e1 grupos designados para vistorias de situa\u00e7\u00f5es ordin\u00e1rias que oferecem algum tipo de risco, mas n\u00e3o s\u00e3o emergenciais, outros que far\u00e3o inspe\u00e7\u00f5es geot\u00e9cnicas nos 14 pontos da cidade com Sistema de Alerta e Alarme, e em Saramandaia pela propor\u00e7\u00e3o das chuvas que atingiram o bairro na quarta (27).<br><br>A Codesal tem equipes compostas por engenheiros civil, ambiental, eletricista, agrimensor, agr\u00f4nomo, de seguran\u00e7a, al\u00e9m de ge\u00f3logos, meteorologistas, arquitetos, urbanistas, estat\u00edsticos, que fazem todas essas an\u00e1lises de forma transversal.<br><br>&#8220;Desconhe\u00e7o qualquer outra estrutura de Defesa Civil, em qualquer local do Brasil, seja municipal ou estadual, que tenha uma equipe multidisciplinar com tantas \u00e1reas de atua\u00e7\u00e3o para construir os resultados que a gente precisa, para garantir resili\u00eancia e seguran\u00e7a na nossa cidade&#8221;, disse Mac\u00e9do.<\/p>\n","protected":false},"excerpt":{"rendered":"<p>O prefeito Bruno Reis, junto a secret\u00e1rios e gestores de \u00f3rg\u00e3os municipais pertencentes ao Sistema&#8230;<\/p>\n","protected":false},"author":1,"featured_media":5198,"comment_status":"open","ping_status":"open","sticky":false,"template":"","format":"standard","meta":{"footnotes":""},"categories":[18,4,11],"tags":[189,1737,1857,266],"yoast_head":"<!-- This site is optimized with the Yoast SEO plugin v21.7 - https:\/\/yoast.com\/wordpress\/plugins\/seo\/ -->\n<title>Salvador: Prefeitura define a\u00e7\u00f5es emergenciais e preventivas para mitigar os efeitos das chuvas. - Cacau News<\/title>\n<meta name=\"robots\" content=\"index, follow, max-snippet:-1, max-image-preview:large, max-video-preview:-1\" \/>\n<link rel=\"canonical\" href=\"https:\/\/cacaunews.com\/?p=5199\" \/>\n<meta property=\"og:locale\" content=\"pt_BR\" \/>\n<meta property=\"og:type\" content=\"article\" \/>\n<meta property=\"og:title\" content=\"Salvador: Prefeitura define a\u00e7\u00f5es emergenciais e preventivas para mitigar os efeitos das chuvas. - Cacau News\" \/>\n<meta property=\"og:description\" content=\"O prefeito Bruno Reis, junto a secret\u00e1rios e gestores de \u00f3rg\u00e3os municipais pertencentes ao Sistema...\" \/>\n<meta property=\"og:url\" content=\"https:\/\/cacaunews.com\/?p=5199\" \/>\n<meta property=\"og:site_name\" content=\"Cacau News\" \/>\n<meta property=\"article:published_time\" content=\"2024-11-28T23:50:10+00:00\" \/>\n<meta property=\"article:modified_time\" content=\"2024-11-28T23:50:31+00:00\" \/>\n<meta property=\"og:image\" content=\"https:\/\/cacaunews.com\/wp-content\/uploads\/2024\/11\/prefeito-define-acoes-emergenciais-e-preventivas-para-mitigar-os-efeitos-das-chuvas-em-salvador759238998.jpg\" \/>\n\t<meta property=\"og:image:width\" content=\"1280\" \/>\n\t<meta property=\"og:image:height\" content=\"893\" \/>\n\t<meta property=\"og:image:type\" content=\"image\/jpeg\" \/>\n<meta name=\"author\" content=\"Reda\u00e7\u00e3o Cacau News\" \/>\n<meta name=\"twitter:card\" content=\"summary_large_image\" \/>\n<meta name=\"twitter:label1\" content=\"Escrito por\" \/>\n\t<meta name=\"twitter:data1\" content=\"Reda\u00e7\u00e3o Cacau News\" \/>\n\t<meta name=\"twitter:label2\" content=\"Est. tempo de leitura\" \/>\n\t<meta name=\"twitter:data2\" content=\"3 minutos\" \/>\n<script type=\"application\/ld+json\" class=\"yoast-schema-graph\">{\"@context\":\"https:\/\/schema.org\",\"@graph\":[{\"@type\":\"Article\",\"@id\":\"https:\/\/cacaunews.com\/?p=5199#article\",\"isPartOf\":{\"@id\":\"https:\/\/cacaunews.com\/?p=5199\"},\"author\":{\"name\":\"Reda\u00e7\u00e3o Cacau News\",\"@id\":\"https:\/\/cacaunews.com\/#\/schema\/person\/ea69703103e606ad347ccd64bd72ef79\"},\"headline\":\"Salvador: Prefeitura define a\u00e7\u00f5es emergenciais e preventivas para mitigar os efeitos das chuvas.\",\"datePublished\":\"2024-11-28T23:50:10+00:00\",\"dateModified\":\"2024-11-28T23:50:31+00:00\",\"mainEntityOfPage\":{\"@id\":\"https:\/\/cacaunews.com\/?p=5199\"},\"wordCount\":639,\"commentCount\":0,\"publisher\":{\"@id\":\"https:\/\/cacaunews.com\/#organization\"},\"keywords\":[\"a\u00e7\u00f5es\",\"fortes chuvas\",\"mitiga\u00e7\u00e3o\",\"Salvador\"],\"articleSection\":[\"cidades\",\"Internet\",\"Jornalismo\"],\"inLanguage\":\"pt-BR\",\"potentialAction\":[{\"@type\":\"CommentAction\",\"name\":\"Comment\",\"target\":[\"https:\/\/cacaunews.com\/?p=5199#respond\"]}]},{\"@type\":\"WebPage\",\"@id\":\"https:\/\/cacaunews.com\/?p=5199\",\"url\":\"https:\/\/cacaunews.com\/?p=5199\",\"name\":\"Salvador: Prefeitura define a\u00e7\u00f5es emergenciais e preventivas para mitigar os efeitos das chuvas. - Cacau News\",\"isPartOf\":{\"@id\":\"https:\/\/cacaunews.com\/#website\"},\"datePublished\":\"2024-11-28T23:50:10+00:00\",\"dateModified\":\"2024-11-28T23:50:31+00:00\",\"breadcrumb\":{\"@id\":\"https:\/\/cacaunews.com\/?p=5199#breadcrumb\"},\"inLanguage\":\"pt-BR\",\"potentialAction\":[{\"@type\":\"ReadAction\",\"target\":[\"https:\/\/cacaunews.com\/?p=5199\"]}]},{\"@type\":\"BreadcrumbList\",\"@id\":\"https:\/\/cacaunews.com\/?p=5199#breadcrumb\",\"itemListElement\":[{\"@type\":\"ListItem\",\"position\":1,\"name\":\"In\u00edcio\",\"item\":\"https:\/\/cacaunews.com\/\"},{\"@type\":\"ListItem\",\"position\":2,\"name\":\"Salvador: Prefeitura define a\u00e7\u00f5es emergenciais e preventivas para mitigar os efeitos das chuvas.\"}]},{\"@type\":\"WebSite\",\"@id\":\"https:\/\/cacaunews.com\/#website\",\"url\":\"https:\/\/cacaunews.com\/\",\"name\":\"Cacau News\",\"description\":\"A Informa\u00e7\u00e3o que voc\u00ea precisa!\",\"publisher\":{\"@id\":\"https:\/\/cacaunews.com\/#organization\"},\"potentialAction\":[{\"@type\":\"SearchAction\",\"target\":{\"@type\":\"EntryPoint\",\"urlTemplate\":\"https:\/\/cacaunews.com\/?s={search_term_string}\"},\"query-input\":\"required name=search_term_string\"}],\"inLanguage\":\"pt-BR\"},{\"@type\":\"Organization\",\"@id\":\"https:\/\/cacaunews.com\/#organization\",\"name\":\"Cacau News\",\"url\":\"https:\/\/cacaunews.com\/\",\"logo\":{\"@type\":\"ImageObject\",\"inLanguage\":\"pt-BR\",\"@id\":\"https:\/\/cacaunews.com\/#\/schema\/logo\/image\/\",\"url\":\"https:\/\/cacaunews.com\/wp-content\/uploads\/2025\/01\/cropped-LOGO-NOVA.png\",\"contentUrl\":\"https:\/\/cacaunews.com\/wp-content\/uploads\/2025\/01\/cropped-LOGO-NOVA.png\",\"width\":813,\"height\":813,\"caption\":\"Cacau News\"},\"image\":{\"@id\":\"https:\/\/cacaunews.com\/#\/schema\/logo\/image\/\"},\"sameAs\":[\"https:\/\/www.instagram.com\/cacaunews.online\/\",\"https:\/\/youtube.com\/@cacaunews?si=0VXLnjl08SrWbVG9\"]},{\"@type\":\"Person\",\"@id\":\"https:\/\/cacaunews.com\/#\/schema\/person\/ea69703103e606ad347ccd64bd72ef79\",\"name\":\"Reda\u00e7\u00e3o Cacau News\",\"image\":{\"@type\":\"ImageObject\",\"inLanguage\":\"pt-BR\",\"@id\":\"https:\/\/cacaunews.com\/#\/schema\/person\/image\/\",\"url\":\"https:\/\/secure.gravatar.com\/avatar\/d79227a2a7b6cc42e8d7a8f7c284cd3a?s=96&d=mm&r=g\",\"contentUrl\":\"https:\/\/secure.gravatar.com\/avatar\/d79227a2a7b6cc42e8d7a8f7c284cd3a?s=96&d=mm&r=g\",\"caption\":\"Reda\u00e7\u00e3o Cacau News\"},\"sameAs\":[\"https:\/\/cacaunews.com\"],\"url\":\"https:\/\/cacaunews.com\/?author=1\"}]}<\/script>\n<!-- \/ Yoast SEO plugin. -->","yoast_head_json":{"title":"Salvador: Prefeitura define a\u00e7\u00f5es emergenciais e preventivas para mitigar os efeitos das chuvas. - Cacau News","robots":{"index":"index","follow":"follow","max-snippet":"max-snippet:-1","max-image-preview":"max-image-preview:large","max-video-preview":"max-video-preview:-1"},"canonical":"https:\/\/cacaunews.com\/?p=5199","og_locale":"pt_BR","og_type":"article","og_title":"Salvador: Prefeitura define a\u00e7\u00f5es emergenciais e preventivas para mitigar os efeitos das chuvas. - Cacau News","og_description":"O prefeito Bruno Reis, junto a secret\u00e1rios e gestores de \u00f3rg\u00e3os municipais pertencentes ao Sistema...","og_url":"https:\/\/cacaunews.com\/?p=5199","og_site_name":"Cacau News","article_published_time":"2024-11-28T23:50:10+00:00","article_modified_time":"2024-11-28T23:50:31+00:00","og_image":[{"width":1280,"height":893,"url":"https:\/\/cacaunews.com\/wp-content\/uploads\/2024\/11\/prefeito-define-acoes-emergenciais-e-preventivas-para-mitigar-os-efeitos-das-chuvas-em-salvador759238998.jpg","type":"image\/jpeg"}],"author":"Reda\u00e7\u00e3o Cacau News","twitter_card":"summary_large_image","twitter_misc":{"Escrito por":"Reda\u00e7\u00e3o Cacau News","Est. tempo de leitura":"3 minutos"},"schema":{"@context":"https:\/\/schema.org","@graph":[{"@type":"Article","@id":"https:\/\/cacaunews.com\/?p=5199#article","isPartOf":{"@id":"https:\/\/cacaunews.com\/?p=5199"},"author":{"name":"Reda\u00e7\u00e3o Cacau News","@id":"https:\/\/cacaunews.com\/#\/schema\/person\/ea69703103e606ad347ccd64bd72ef79"},"headline":"Salvador: Prefeitura define a\u00e7\u00f5es emergenciais e preventivas para mitigar os efeitos das chuvas.","datePublished":"2024-11-28T23:50:10+00:00","dateModified":"2024-11-28T23:50:31+00:00","mainEntityOfPage":{"@id":"https:\/\/cacaunews.com\/?p=5199"},"wordCount":639,"commentCount":0,"publisher":{"@id":"https:\/\/cacaunews.com\/#organization"},"keywords":["a\u00e7\u00f5es","fortes chuvas","mitiga\u00e7\u00e3o","Salvador"],"articleSection":["cidades","Internet","Jornalismo"],"inLanguage":"pt-BR","potentialAction":[{"@type":"CommentAction","name":"Comment","target":["https:\/\/cacaunews.com\/?p=5199#respond"]}]},{"@type":"WebPage","@id":"https:\/\/cacaunews.com\/?p=5199","url":"https:\/\/cacaunews.com\/?p=5199","name":"Salvador: Prefeitura define a\u00e7\u00f5es emergenciais e preventivas para mitigar os efeitos das chuvas. - Cacau News","isPartOf":{"@id":"https:\/\/cacaunews.com\/#website"},"datePublished":"2024-11-28T23:50:10+00:00","dateModified":"2024-11-28T23:50:31+00:00","breadcrumb":{"@id":"https:\/\/cacaunews.com\/?p=5199#breadcrumb"},"inLanguage":"pt-BR","potentialAction":[{"@type":"ReadAction","target":["https:\/\/cacaunews.com\/?p=5199"]}]},{"@type":"BreadcrumbList","@id":"https:\/\/cacaunews.com\/?p=5199#breadcrumb","itemListElement":[{"@type":"ListItem","position":1,"name":"In\u00edcio","item":"https:\/\/cacaunews.com\/"},{"@type":"ListItem","position":2,"name":"Salvador: Prefeitura define a\u00e7\u00f5es emergenciais e preventivas para mitigar os efeitos das chuvas."}]},{"@type":"WebSite","@id":"https:\/\/cacaunews.com\/#website","url":"https:\/\/cacaunews.com\/","name":"Cacau News","description":"A Informa\u00e7\u00e3o que voc\u00ea precisa!","publisher":{"@id":"https:\/\/cacaunews.com\/#organization"},"potentialAction":[{"@type":"SearchAction","target":{"@type":"EntryPoint","urlTemplate":"https:\/\/cacaunews.com\/?s={search_term_string}"},"query-input":"required name=search_term_string"}],"inLanguage":"pt-BR"},{"@type":"Organization","@id":"https:\/\/cacaunews.com\/#organization","name":"Cacau News","url":"https:\/\/cacaunews.com\/","logo":{"@type":"ImageObject","inLanguage":"pt-BR","@id":"https:\/\/cacaunews.com\/#\/schema\/logo\/image\/","url":"https:\/\/cacaunews.com\/wp-content\/uploads\/2025\/01\/cropped-LOGO-NOVA.png","contentUrl":"https:\/\/cacaunews.com\/wp-content\/uploads\/2025\/01\/cropped-LOGO-NOVA.png","width":813,"height":813,"caption":"Cacau News"},"image":{"@id":"https:\/\/cacaunews.com\/#\/schema\/logo\/image\/"},"sameAs":["https:\/\/www.instagram.com\/cacaunews.online\/","https:\/\/youtube.com\/@cacaunews?si=0VXLnjl08SrWbVG9"]},{"@type":"Person","@id":"https:\/\/cacaunews.com\/#\/schema\/person\/ea69703103e606ad347ccd64bd72ef79","name":"Reda\u00e7\u00e3o Cacau News","image":{"@type":"ImageObject","inLanguage":"pt-BR","@id":"https:\/\/cacaunews.com\/#\/schema\/person\/image\/","url":"https:\/\/secure.gravatar.com\/avatar\/d79227a2a7b6cc42e8d7a8f7c284cd3a?s=96&d=mm&r=g","contentUrl":"https:\/\/secure.gravatar.com\/avatar\/d79227a2a7b6cc42e8d7a8f7c284cd3a?s=96&d=mm&r=g","caption":"Reda\u00e7\u00e3o Cacau News"},"sameAs":["https:\/\/cacaunews.com"],"url":"https:\/\/cacaunews.com\/?author=1"}]}},"jetpack_sharing_enabled":true,"jetpack_featured_media_url":"https:\/\/cacaunews.com\/wp-content\/uploads\/2024\/11\/prefeito-define-acoes-emergenciais-e-preventivas-para-mitigar-os-efeitos-das-chuvas-em-salvador759238998.jpg","_links":{"self":[{"href":"https:\/\/cacaunews.com\/index.php?rest_route=\/wp\/v2\/posts\/5199"}],"collection":[{"href":"https:\/\/cacaunews.com\/index.php?rest_route=\/wp\/v2\/posts"}],"about":[{"href":"https:\/\/cacaunews.com\/index.php?rest_route=\/wp\/v2\/types\/post"}],"author":[{"embeddable":true,"href":"https:\/\/cacaunews.com\/index.php?rest_route=\/wp\/v2\/users\/1"}],"replies":[{"embeddable":true,"href":"https:\/\/cacaunews.com\/index.php?rest_route=%2Fwp%2Fv2%2Fcomments&post=5199"}],"version-history":[{"count":1,"href":"https:\/\/cacaunews.com\/index.php?rest_route=\/wp\/v2\/posts\/5199\/revisions"}],"predecessor-version":[{"id":5200,"href":"https:\/\/cacaunews.com\/index.php?rest_route=\/wp\/v2\/posts\/5199\/revisions\/5200"}],"wp:featuredmedia":[{"embeddable":true,"href":"https:\/\/cacaunews.com\/index.php?rest_route=\/wp\/v2\/media\/5198"}],"wp:attachment":[{"href":"https:\/\/cacaunews.com\/index.php?rest_route=%2Fwp%2Fv2%2Fmedia&parent=5199"}],"wp:term":[{"taxonomy":"category","embeddable":true,"href":"https:\/\/cacaunews.com\/index.php?rest_route=%2Fwp%2Fv2%2Fcategories&post=5199"},{"taxonomy":"post_tag","embeddable":true,"href":"https:\/\/cacaunews.com\/index.php?rest_route=%2Fwp%2Fv2%2Ftags&post=5199"}],"curies":[{"name":"wp","href":"https:\/\/api.w.org\/{rel}","templated":true}]}}