{"id":5211,"date":"2024-11-29T19:30:15","date_gmt":"2024-11-29T19:30:15","guid":{"rendered":"https:\/\/cacaunews.com\/?p=5211"},"modified":"2024-11-29T19:30:15","modified_gmt":"2024-11-29T19:30:15","slug":"sebrae-em-parceria-com-a-uesc-e-a-amurc-realiza-seminario-para-prefeitos-focado-em-gestao-sustentavel","status":"publish","type":"post","link":"https:\/\/cacaunews.com\/?p=5211","title":{"rendered":"Sebrae, em parceria com a Uesc e a Amurc, realiza semin\u00e1rio para prefeitos focado em gest\u00e3o sustent\u00e1vel."},"content":{"rendered":"\n<p><em>Semin\u00e1rio promete discutir estrat\u00e9gias pr\u00e1ticas e inovadoras para promover a sustentabilidade e o desenvolvimento das cidades.<\/em><br><br>Nos dias 9 e 10 de dezembro, no audit\u00f3rio do Hotel Praia do Sol, em Ilh\u00e9us, acontece o Semin\u00e1rio Gest\u00e3o e Desenvolvimento das Cidades, um evento voltado para prefeitos e prefeitas que foram eleitos ou reeleitos no \u00faltimo pleito. Realizado pelo Sebrae em parceria com a Associa\u00e7\u00e3o dos Munic\u00edpios do Sul, Extremo Sul e Sudoeste da Bahia (Amurc) e a Universidade Estadual de Santa Cruz (Uesc), o semin\u00e1rio promete discutir estrat\u00e9gias pr\u00e1ticas e inovadoras para promover a sustentabilidade e o desenvolvimento das cidades.<br><br>A iniciativa pretende reunir gestores p\u00fablicos, especialistas e lideran\u00e7as regionais para abordar temas como pr\u00e1ticas inovadoras de gest\u00e3o, desenvolvimento urbano e solu\u00e7\u00f5es sustent\u00e1veis. As inscri\u00e7\u00f5es podem ser feitas pela internet <a href=\"https:\/\/forms.gle\/hbsbr5Fj1aaaa3Ty5\">https:\/\/forms.gle\/hbsbr5Fj1aaaa3Ty5<\/a>. O p\u00fablico-alvo s\u00e3o prefeitos (as) e mais um acompanhante por munic\u00edpio.<br><br>A a\u00e7\u00e3o \u00e9 resultado do esfor\u00e7o para capacitar os gestores e fortalecer a integra\u00e7\u00e3o entre munic\u00edpios. \u201cEsse \u00e9 um momento crucial para refletirmos sobre os desafios das cidades e construirmos solu\u00e7\u00f5es que garantam qualidade de vida e sustentabilidade\u201d, destacou a gestora de projetos do Sebrae, Erica Leal.<br><br>Al\u00e9m de fomentar a troca de experi\u00eancias, o semin\u00e1rio oferece uma oportunidade \u00fanica para os gestores municipais ampliarem o repert\u00f3rio de estrat\u00e9gias de gest\u00e3o e se conectarem com profissionais e organiza\u00e7\u00f5es que atuam diretamente no desenvolvimento regional.<br><br><strong>Servi\u00e7o<\/strong><br><br><strong>O qu\u00ea:<\/strong> Semin\u00e1rio Gest\u00e3o e Desenvolvimento das Cidades<br><br><strong>Quando:<\/strong> 09 e 10 de dezembro<br><br><strong>Onde:<\/strong> Hotel Praia do Sol, em Ilh\u00e9us<br><br><strong>Inscri\u00e7\u00f5es gratuitas:<\/strong> <a href=\"https:\/\/forms.gle\/hbsbr5Fj1aaaa3Ty5\">https:\/\/forms.gle\/hbsbr5Fj1aaaa3Ty5<\/a><\/p>\n","protected":false},"excerpt":{"rendered":"<p>Semin\u00e1rio promete discutir estrat\u00e9gias pr\u00e1ticas e inovadoras para promover a sustentabilidade e o desenvolvimento das&#8230;<\/p>\n","protected":false},"author":1,"featured_media":5210,"comment_status":"open","ping_status":"open","sticky":false,"template":"","format":"standard","meta":{"footnotes":""},"categories":[18,4,11],"tags":[1861,1804,45,495],"yoast_head":"<!-- This site is optimized with the Yoast SEO plugin v21.7 - https:\/\/yoast.com\/wordpress\/plugins\/seo\/ -->\n<title>Sebrae, em parceria com a Uesc e a Amurc, realiza semin\u00e1rio para prefeitos focado em gest\u00e3o sustent\u00e1vel. - Cacau News<\/title>\n<meta name=\"robots\" content=\"index, follow, max-snippet:-1, max-image-preview:large, max-video-preview:-1\" \/>\n<link rel=\"canonical\" href=\"https:\/\/cacaunews.com\/?p=5211\" \/>\n<meta property=\"og:locale\" content=\"pt_BR\" \/>\n<meta property=\"og:type\" content=\"article\" \/>\n<meta property=\"og:title\" content=\"Sebrae, em parceria com a Uesc e a Amurc, realiza semin\u00e1rio para prefeitos focado em gest\u00e3o sustent\u00e1vel. - Cacau News\" \/>\n<meta property=\"og:description\" content=\"Semin\u00e1rio promete discutir estrat\u00e9gias pr\u00e1ticas e inovadoras para promover a sustentabilidade e o desenvolvimento das...\" \/>\n<meta property=\"og:url\" content=\"https:\/\/cacaunews.com\/?p=5211\" \/>\n<meta property=\"og:site_name\" content=\"Cacau News\" \/>\n<meta property=\"article:published_time\" content=\"2024-11-29T19:30:15+00:00\" \/>\n<meta property=\"og:image\" content=\"https:\/\/cacaunews.com\/wp-content\/uploads\/2024\/11\/IMG-20241129-WA0048.jpg\" \/>\n\t<meta property=\"og:image:width\" content=\"1600\" \/>\n\t<meta property=\"og:image:height\" content=\"1600\" \/>\n\t<meta property=\"og:image:type\" content=\"image\/jpeg\" \/>\n<meta name=\"author\" content=\"Reda\u00e7\u00e3o Cacau News\" \/>\n<meta name=\"twitter:card\" content=\"summary_large_image\" \/>\n<meta name=\"twitter:label1\" content=\"Escrito por\" \/>\n\t<meta name=\"twitter:data1\" content=\"Reda\u00e7\u00e3o Cacau News\" \/>\n\t<meta name=\"twitter:label2\" content=\"Est. tempo de leitura\" \/>\n\t<meta name=\"twitter:data2\" content=\"1 minuto\" \/>\n<script type=\"application\/ld+json\" class=\"yoast-schema-graph\">{\"@context\":\"https:\/\/schema.org\",\"@graph\":[{\"@type\":\"Article\",\"@id\":\"https:\/\/cacaunews.com\/?p=5211#article\",\"isPartOf\":{\"@id\":\"https:\/\/cacaunews.com\/?p=5211\"},\"author\":{\"name\":\"Reda\u00e7\u00e3o Cacau News\",\"@id\":\"https:\/\/cacaunews.com\/#\/schema\/person\/ea69703103e606ad347ccd64bd72ef79\"},\"headline\":\"Sebrae, em parceria com a Uesc e a Amurc, realiza semin\u00e1rio para prefeitos focado em gest\u00e3o sustent\u00e1vel.\",\"datePublished\":\"2024-11-29T19:30:15+00:00\",\"dateModified\":\"2024-11-29T19:30:15+00:00\",\"mainEntityOfPage\":{\"@id\":\"https:\/\/cacaunews.com\/?p=5211\"},\"wordCount\":315,\"commentCount\":0,\"publisher\":{\"@id\":\"https:\/\/cacaunews.com\/#organization\"},\"keywords\":[\"gest\u00e3o ambiental\",\"gest\u00e3o p\u00fablica\",\"sebrae\",\"semin\u00e1rio\"],\"articleSection\":[\"cidades\",\"Internet\",\"Jornalismo\"],\"inLanguage\":\"pt-BR\",\"potentialAction\":[{\"@type\":\"CommentAction\",\"name\":\"Comment\",\"target\":[\"https:\/\/cacaunews.com\/?p=5211#respond\"]}]},{\"@type\":\"WebPage\",\"@id\":\"https:\/\/cacaunews.com\/?p=5211\",\"url\":\"https:\/\/cacaunews.com\/?p=5211\",\"name\":\"Sebrae, em parceria com a Uesc e a Amurc, realiza semin\u00e1rio para prefeitos focado em gest\u00e3o sustent\u00e1vel. - Cacau News\",\"isPartOf\":{\"@id\":\"https:\/\/cacaunews.com\/#website\"},\"datePublished\":\"2024-11-29T19:30:15+00:00\",\"dateModified\":\"2024-11-29T19:30:15+00:00\",\"breadcrumb\":{\"@id\":\"https:\/\/cacaunews.com\/?p=5211#breadcrumb\"},\"inLanguage\":\"pt-BR\",\"potentialAction\":[{\"@type\":\"ReadAction\",\"target\":[\"https:\/\/cacaunews.com\/?p=5211\"]}]},{\"@type\":\"BreadcrumbList\",\"@id\":\"https:\/\/cacaunews.com\/?p=5211#breadcrumb\",\"itemListElement\":[{\"@type\":\"ListItem\",\"position\":1,\"name\":\"In\u00edcio\",\"item\":\"https:\/\/cacaunews.com\/\"},{\"@type\":\"ListItem\",\"position\":2,\"name\":\"Sebrae, em parceria com a Uesc e a Amurc, realiza semin\u00e1rio para prefeitos focado em gest\u00e3o sustent\u00e1vel.\"}]},{\"@type\":\"WebSite\",\"@id\":\"https:\/\/cacaunews.com\/#website\",\"url\":\"https:\/\/cacaunews.com\/\",\"name\":\"Cacau News\",\"description\":\"A Informa\u00e7\u00e3o que voc\u00ea precisa!\",\"publisher\":{\"@id\":\"https:\/\/cacaunews.com\/#organization\"},\"potentialAction\":[{\"@type\":\"SearchAction\",\"target\":{\"@type\":\"EntryPoint\",\"urlTemplate\":\"https:\/\/cacaunews.com\/?s={search_term_string}\"},\"query-input\":\"required name=search_term_string\"}],\"inLanguage\":\"pt-BR\"},{\"@type\":\"Organization\",\"@id\":\"https:\/\/cacaunews.com\/#organization\",\"name\":\"Cacau News\",\"url\":\"https:\/\/cacaunews.com\/\",\"logo\":{\"@type\":\"ImageObject\",\"inLanguage\":\"pt-BR\",\"@id\":\"https:\/\/cacaunews.com\/#\/schema\/logo\/image\/\",\"url\":\"https:\/\/cacaunews.com\/wp-content\/uploads\/2025\/01\/cropped-LOGO-NOVA.png\",\"contentUrl\":\"https:\/\/cacaunews.com\/wp-content\/uploads\/2025\/01\/cropped-LOGO-NOVA.png\",\"width\":813,\"height\":813,\"caption\":\"Cacau News\"},\"image\":{\"@id\":\"https:\/\/cacaunews.com\/#\/schema\/logo\/image\/\"},\"sameAs\":[\"https:\/\/www.instagram.com\/cacaunews.online\/\",\"https:\/\/youtube.com\/@cacaunews?si=0VXLnjl08SrWbVG9\"]},{\"@type\":\"Person\",\"@id\":\"https:\/\/cacaunews.com\/#\/schema\/person\/ea69703103e606ad347ccd64bd72ef79\",\"name\":\"Reda\u00e7\u00e3o Cacau News\",\"image\":{\"@type\":\"ImageObject\",\"inLanguage\":\"pt-BR\",\"@id\":\"https:\/\/cacaunews.com\/#\/schema\/person\/image\/\",\"url\":\"https:\/\/secure.gravatar.com\/avatar\/d79227a2a7b6cc42e8d7a8f7c284cd3a?s=96&d=mm&r=g\",\"contentUrl\":\"https:\/\/secure.gravatar.com\/avatar\/d79227a2a7b6cc42e8d7a8f7c284cd3a?s=96&d=mm&r=g\",\"caption\":\"Reda\u00e7\u00e3o Cacau News\"},\"sameAs\":[\"https:\/\/cacaunews.com\"],\"url\":\"https:\/\/cacaunews.com\/?author=1\"}]}<\/script>\n<!-- \/ Yoast SEO plugin. -->","yoast_head_json":{"title":"Sebrae, em parceria com a Uesc e a Amurc, realiza semin\u00e1rio para prefeitos focado em gest\u00e3o sustent\u00e1vel. - Cacau News","robots":{"index":"index","follow":"follow","max-snippet":"max-snippet:-1","max-image-preview":"max-image-preview:large","max-video-preview":"max-video-preview:-1"},"canonical":"https:\/\/cacaunews.com\/?p=5211","og_locale":"pt_BR","og_type":"article","og_title":"Sebrae, em parceria com a Uesc e a Amurc, realiza semin\u00e1rio para prefeitos focado em gest\u00e3o sustent\u00e1vel. - Cacau News","og_description":"Semin\u00e1rio promete discutir estrat\u00e9gias pr\u00e1ticas e inovadoras para promover a sustentabilidade e o desenvolvimento das...","og_url":"https:\/\/cacaunews.com\/?p=5211","og_site_name":"Cacau News","article_published_time":"2024-11-29T19:30:15+00:00","og_image":[{"width":1600,"height":1600,"url":"https:\/\/cacaunews.com\/wp-content\/uploads\/2024\/11\/IMG-20241129-WA0048.jpg","type":"image\/jpeg"}],"author":"Reda\u00e7\u00e3o Cacau News","twitter_card":"summary_large_image","twitter_misc":{"Escrito por":"Reda\u00e7\u00e3o Cacau News","Est. tempo de leitura":"1 minuto"},"schema":{"@context":"https:\/\/schema.org","@graph":[{"@type":"Article","@id":"https:\/\/cacaunews.com\/?p=5211#article","isPartOf":{"@id":"https:\/\/cacaunews.com\/?p=5211"},"author":{"name":"Reda\u00e7\u00e3o Cacau News","@id":"https:\/\/cacaunews.com\/#\/schema\/person\/ea69703103e606ad347ccd64bd72ef79"},"headline":"Sebrae, em parceria com a Uesc e a Amurc, realiza semin\u00e1rio para prefeitos focado em gest\u00e3o sustent\u00e1vel.","datePublished":"2024-11-29T19:30:15+00:00","dateModified":"2024-11-29T19:30:15+00:00","mainEntityOfPage":{"@id":"https:\/\/cacaunews.com\/?p=5211"},"wordCount":315,"commentCount":0,"publisher":{"@id":"https:\/\/cacaunews.com\/#organization"},"keywords":["gest\u00e3o ambiental","gest\u00e3o p\u00fablica","sebrae","semin\u00e1rio"],"articleSection":["cidades","Internet","Jornalismo"],"inLanguage":"pt-BR","potentialAction":[{"@type":"CommentAction","name":"Comment","target":["https:\/\/cacaunews.com\/?p=5211#respond"]}]},{"@type":"WebPage","@id":"https:\/\/cacaunews.com\/?p=5211","url":"https:\/\/cacaunews.com\/?p=5211","name":"Sebrae, em parceria com a Uesc e a Amurc, realiza semin\u00e1rio para prefeitos focado em gest\u00e3o sustent\u00e1vel. - Cacau News","isPartOf":{"@id":"https:\/\/cacaunews.com\/#website"},"datePublished":"2024-11-29T19:30:15+00:00","dateModified":"2024-11-29T19:30:15+00:00","breadcrumb":{"@id":"https:\/\/cacaunews.com\/?p=5211#breadcrumb"},"inLanguage":"pt-BR","potentialAction":[{"@type":"ReadAction","target":["https:\/\/cacaunews.com\/?p=5211"]}]},{"@type":"BreadcrumbList","@id":"https:\/\/cacaunews.com\/?p=5211#breadcrumb","itemListElement":[{"@type":"ListItem","position":1,"name":"In\u00edcio","item":"https:\/\/cacaunews.com\/"},{"@type":"ListItem","position":2,"name":"Sebrae, em parceria com a Uesc e a Amurc, realiza semin\u00e1rio para prefeitos focado em gest\u00e3o sustent\u00e1vel."}]},{"@type":"WebSite","@id":"https:\/\/cacaunews.com\/#website","url":"https:\/\/cacaunews.com\/","name":"Cacau News","description":"A Informa\u00e7\u00e3o que voc\u00ea precisa!","publisher":{"@id":"https:\/\/cacaunews.com\/#organization"},"potentialAction":[{"@type":"SearchAction","target":{"@type":"EntryPoint","urlTemplate":"https:\/\/cacaunews.com\/?s={search_term_string}"},"query-input":"required name=search_term_string"}],"inLanguage":"pt-BR"},{"@type":"Organization","@id":"https:\/\/cacaunews.com\/#organization","name":"Cacau News","url":"https:\/\/cacaunews.com\/","logo":{"@type":"ImageObject","inLanguage":"pt-BR","@id":"https:\/\/cacaunews.com\/#\/schema\/logo\/image\/","url":"https:\/\/cacaunews.com\/wp-content\/uploads\/2025\/01\/cropped-LOGO-NOVA.png","contentUrl":"https:\/\/cacaunews.com\/wp-content\/uploads\/2025\/01\/cropped-LOGO-NOVA.png","width":813,"height":813,"caption":"Cacau News"},"image":{"@id":"https:\/\/cacaunews.com\/#\/schema\/logo\/image\/"},"sameAs":["https:\/\/www.instagram.com\/cacaunews.online\/","https:\/\/youtube.com\/@cacaunews?si=0VXLnjl08SrWbVG9"]},{"@type":"Person","@id":"https:\/\/cacaunews.com\/#\/schema\/person\/ea69703103e606ad347ccd64bd72ef79","name":"Reda\u00e7\u00e3o Cacau News","image":{"@type":"ImageObject","inLanguage":"pt-BR","@id":"https:\/\/cacaunews.com\/#\/schema\/person\/image\/","url":"https:\/\/secure.gravatar.com\/avatar\/d79227a2a7b6cc42e8d7a8f7c284cd3a?s=96&d=mm&r=g","contentUrl":"https:\/\/secure.gravatar.com\/avatar\/d79227a2a7b6cc42e8d7a8f7c284cd3a?s=96&d=mm&r=g","caption":"Reda\u00e7\u00e3o Cacau News"},"sameAs":["https:\/\/cacaunews.com"],"url":"https:\/\/cacaunews.com\/?author=1"}]}},"jetpack_sharing_enabled":true,"jetpack_featured_media_url":"https:\/\/cacaunews.com\/wp-content\/uploads\/2024\/11\/IMG-20241129-WA0048.jpg","_links":{"self":[{"href":"https:\/\/cacaunews.com\/index.php?rest_route=\/wp\/v2\/posts\/5211"}],"collection":[{"href":"https:\/\/cacaunews.com\/index.php?rest_route=\/wp\/v2\/posts"}],"about":[{"href":"https:\/\/cacaunews.com\/index.php?rest_route=\/wp\/v2\/types\/post"}],"author":[{"embeddable":true,"href":"https:\/\/cacaunews.com\/index.php?rest_route=\/wp\/v2\/users\/1"}],"replies":[{"embeddable":true,"href":"https:\/\/cacaunews.com\/index.php?rest_route=%2Fwp%2Fv2%2Fcomments&post=5211"}],"version-history":[{"count":0,"href":"https:\/\/cacaunews.com\/index.php?rest_route=\/wp\/v2\/posts\/5211\/revisions"}],"wp:featuredmedia":[{"embeddable":true,"href":"https:\/\/cacaunews.com\/index.php?rest_route=\/wp\/v2\/media\/5210"}],"wp:attachment":[{"href":"https:\/\/cacaunews.com\/index.php?rest_route=%2Fwp%2Fv2%2Fmedia&parent=5211"}],"wp:term":[{"taxonomy":"category","embeddable":true,"href":"https:\/\/cacaunews.com\/index.php?rest_route=%2Fwp%2Fv2%2Fcategories&post=5211"},{"taxonomy":"post_tag","embeddable":true,"href":"https:\/\/cacaunews.com\/index.php?rest_route=%2Fwp%2Fv2%2Ftags&post=5211"}],"curies":[{"name":"wp","href":"https:\/\/api.w.org\/{rel}","templated":true}]}}