{"id":5234,"date":"2024-12-02T17:15:00","date_gmt":"2024-12-02T17:15:00","guid":{"rendered":"https:\/\/cacaunews.com\/?p=5234"},"modified":"2024-12-02T17:25:36","modified_gmt":"2024-12-02T17:25:36","slug":"itabuna-marcone-amaral-deixa-a-presidencia-da-fasi","status":"publish","type":"post","link":"https:\/\/cacaunews.com\/?p=5234","title":{"rendered":"Itabuna: Marcone Amaral deixa a presid\u00eancia da FASI."},"content":{"rendered":"\n<p>Publicada no Di\u00e1rio Oficial do Munic\u00edpio de Itabuna de hoje (02), a exonera\u00e7\u00e3o de Marcone Amaral (PSD) da presid\u00eancia da Funda\u00e7\u00e3o de Assist\u00eancia a Sa\u00fade de Itabuna &#8211; FASI, esta que \u00e9 respons\u00e1vel pela administra\u00e7\u00e3o do Hospital de Base.<\/p>\n\n\n\n<p>No decreto a informa\u00e7\u00e3o \u00e9 de que a exonera\u00e7\u00e3o do ex gestor de Itaju\u00edpe aconteceu a pedido, e a expectativa \u00e9 de que o mesmo assuma a uma cadeira na Assembl\u00e9ia Legislativa da Bahia no pr\u00f3ximo ano, j\u00e1 que \u00e9 suplente do PSD. Com a sa\u00edda do deputado, Eures Ribeiro (PSD), para assumir a prefeitura de Bom Jesus da Lapa, Marcone depender\u00e1 da decis\u00e3o do governador Jer\u00f4nimo Rodrigues em deixar a primeira suplente Jusmari Oliveira (PSD) na SEDUR do Estado.<\/p>\n\n\n\n<figure class=\"wp-block-image size-large\"><img fetchpriority=\"high\" decoding=\"async\" width=\"857\" height=\"1024\" src=\"https:\/\/cacaunews.com\/wp-content\/uploads\/2024\/12\/img_20241202_1414395714357144117750288-857x1024.jpg\" alt=\"\" class=\"wp-image-5231\" srcset=\"https:\/\/cacaunews.com\/wp-content\/uploads\/2024\/12\/img_20241202_1414395714357144117750288-857x1024.jpg 857w, https:\/\/cacaunews.com\/wp-content\/uploads\/2024\/12\/img_20241202_1414395714357144117750288-251x300.jpg 251w, https:\/\/cacaunews.com\/wp-content\/uploads\/2024\/12\/img_20241202_1414395714357144117750288-768x918.jpg 768w, https:\/\/cacaunews.com\/wp-content\/uploads\/2024\/12\/img_20241202_1414395714357144117750288-1024x1224.jpg 1024w, https:\/\/cacaunews.com\/wp-content\/uploads\/2024\/12\/img_20241202_1414395714357144117750288.jpg 1080w\" sizes=\"(max-width: 857px) 100vw, 857px\" \/><figcaption class=\"wp-element-caption\">Foto: Redes Sociais<\/figcaption><\/figure>\n\n\n\n<p>Tamb\u00e9m na edi\u00e7\u00e3o de hoje (02), foi nomeado o novo presidente da FASI, trata-se do m\u00e9dico Jo\u00e3o Omar Galv\u00e3o G\u00f3es (foto acima), este j\u00e1 integra a equipe do Hospital e \u00e9 coordenador do Pronto Socorro.<\/p>\n\n\n\n<p><strong>O Blog Cacau News deseja um bom trabalho ao Dr. Jo\u00e3o Omar.<\/strong><\/p>\n\n\n\n<figure class=\"wp-block-image size-large\"><img decoding=\"async\" width=\"700\" height=\"1024\" src=\"https:\/\/cacaunews.com\/wp-content\/uploads\/2024\/12\/img_20241202_1353013854511600177220505-700x1024.jpg\" alt=\"\" class=\"wp-image-5232\" srcset=\"https:\/\/cacaunews.com\/wp-content\/uploads\/2024\/12\/img_20241202_1353013854511600177220505-700x1024.jpg 700w, https:\/\/cacaunews.com\/wp-content\/uploads\/2024\/12\/img_20241202_1353013854511600177220505-205x300.jpg 205w, https:\/\/cacaunews.com\/wp-content\/uploads\/2024\/12\/img_20241202_1353013854511600177220505-768x1124.jpg 768w, https:\/\/cacaunews.com\/wp-content\/uploads\/2024\/12\/img_20241202_1353013854511600177220505-1050x1536.jpg 1050w, https:\/\/cacaunews.com\/wp-content\/uploads\/2024\/12\/img_20241202_1353013854511600177220505-1024x1498.jpg 1024w, https:\/\/cacaunews.com\/wp-content\/uploads\/2024\/12\/img_20241202_1353013854511600177220505.jpg 1080w\" sizes=\"(max-width: 700px) 100vw, 700px\" \/><\/figure>\n\n\n\n<figure class=\"wp-block-image\"><img decoding=\"async\" width=\"704\" height=\"1024\" src=\"https:\/\/cacaunews.com\/wp-content\/uploads\/2024\/12\/img_20241202_135434565900678998909463-704x1024.jpg\" alt=\"\" class=\"wp-image-5233\" srcset=\"https:\/\/cacaunews.com\/wp-content\/uploads\/2024\/12\/img_20241202_135434565900678998909463-704x1024.jpg 704w, https:\/\/cacaunews.com\/wp-content\/uploads\/2024\/12\/img_20241202_135434565900678998909463-206x300.jpg 206w, https:\/\/cacaunews.com\/wp-content\/uploads\/2024\/12\/img_20241202_135434565900678998909463-768x1117.jpg 768w, https:\/\/cacaunews.com\/wp-content\/uploads\/2024\/12\/img_20241202_135434565900678998909463-1056x1536.jpg 1056w, https:\/\/cacaunews.com\/wp-content\/uploads\/2024\/12\/img_20241202_135434565900678998909463-1024x1490.jpg 1024w, https:\/\/cacaunews.com\/wp-content\/uploads\/2024\/12\/img_20241202_135434565900678998909463.jpg 1080w\" sizes=\"(max-width: 704px) 100vw, 704px\" \/><\/figure>\n","protected":false},"excerpt":{"rendered":"<p>Publicada no Di\u00e1rio Oficial do Munic\u00edpio de Itabuna de hoje (02), a exonera\u00e7\u00e3o de Marcone&#8230;<\/p>\n","protected":false},"author":1,"featured_media":5230,"comment_status":"open","ping_status":"open","sticky":false,"template":"","format":"standard","meta":{"footnotes":""},"categories":[18,11,5],"tags":[1176,27,1871,1870],"yoast_head":"<!-- This site is optimized with the Yoast SEO plugin v21.7 - https:\/\/yoast.com\/wordpress\/plugins\/seo\/ -->\n<title>Itabuna: Marcone Amaral deixa a presid\u00eancia da FASI. - Cacau News<\/title>\n<meta name=\"robots\" content=\"index, follow, max-snippet:-1, max-image-preview:large, max-video-preview:-1\" \/>\n<link rel=\"canonical\" href=\"https:\/\/cacaunews.com\/?p=5234\" \/>\n<meta property=\"og:locale\" content=\"pt_BR\" \/>\n<meta property=\"og:type\" content=\"article\" \/>\n<meta property=\"og:title\" content=\"Itabuna: Marcone Amaral deixa a presid\u00eancia da FASI. - Cacau News\" \/>\n<meta property=\"og:description\" content=\"Publicada no Di\u00e1rio Oficial do Munic\u00edpio de Itabuna de hoje (02), a exonera\u00e7\u00e3o de Marcone...\" \/>\n<meta property=\"og:url\" content=\"https:\/\/cacaunews.com\/?p=5234\" \/>\n<meta property=\"og:site_name\" content=\"Cacau News\" \/>\n<meta property=\"article:published_time\" content=\"2024-12-02T17:15:00+00:00\" \/>\n<meta property=\"article:modified_time\" content=\"2024-12-02T17:25:36+00:00\" \/>\n<meta property=\"og:image\" content=\"https:\/\/cacaunews.com\/wp-content\/uploads\/2024\/12\/marcone-amaral-pode-assumir-mandado-de-deputado-estadual-cd588.jpg\" \/>\n\t<meta property=\"og:image:width\" content=\"720\" \/>\n\t<meta property=\"og:image:height\" content=\"690\" \/>\n\t<meta property=\"og:image:type\" content=\"image\/jpeg\" \/>\n<meta name=\"author\" content=\"Reda\u00e7\u00e3o Cacau News\" \/>\n<meta name=\"twitter:card\" content=\"summary_large_image\" \/>\n<meta name=\"twitter:label1\" content=\"Escrito por\" \/>\n\t<meta name=\"twitter:data1\" content=\"Reda\u00e7\u00e3o Cacau News\" \/>\n\t<meta name=\"twitter:label2\" content=\"Est. tempo de leitura\" \/>\n\t<meta name=\"twitter:data2\" content=\"1 minuto\" \/>\n<script type=\"application\/ld+json\" class=\"yoast-schema-graph\">{\"@context\":\"https:\/\/schema.org\",\"@graph\":[{\"@type\":\"Article\",\"@id\":\"https:\/\/cacaunews.com\/?p=5234#article\",\"isPartOf\":{\"@id\":\"https:\/\/cacaunews.com\/?p=5234\"},\"author\":{\"name\":\"Reda\u00e7\u00e3o Cacau News\",\"@id\":\"https:\/\/cacaunews.com\/#\/schema\/person\/ea69703103e606ad347ccd64bd72ef79\"},\"headline\":\"Itabuna: Marcone Amaral deixa a presid\u00eancia da FASI.\",\"datePublished\":\"2024-12-02T17:15:00+00:00\",\"dateModified\":\"2024-12-02T17:25:36+00:00\",\"mainEntityOfPage\":{\"@id\":\"https:\/\/cacaunews.com\/?p=5234\"},\"wordCount\":195,\"commentCount\":0,\"publisher\":{\"@id\":\"https:\/\/cacaunews.com\/#organization\"},\"keywords\":[\"FASI\",\"itabuna\",\"Jo\u00e3o omar\",\"Marcone\"],\"articleSection\":[\"cidades\",\"Jornalismo\",\"Politica\"],\"inLanguage\":\"pt-BR\",\"potentialAction\":[{\"@type\":\"CommentAction\",\"name\":\"Comment\",\"target\":[\"https:\/\/cacaunews.com\/?p=5234#respond\"]}]},{\"@type\":\"WebPage\",\"@id\":\"https:\/\/cacaunews.com\/?p=5234\",\"url\":\"https:\/\/cacaunews.com\/?p=5234\",\"name\":\"Itabuna: Marcone Amaral deixa a presid\u00eancia da FASI. - Cacau News\",\"isPartOf\":{\"@id\":\"https:\/\/cacaunews.com\/#website\"},\"datePublished\":\"2024-12-02T17:15:00+00:00\",\"dateModified\":\"2024-12-02T17:25:36+00:00\",\"breadcrumb\":{\"@id\":\"https:\/\/cacaunews.com\/?p=5234#breadcrumb\"},\"inLanguage\":\"pt-BR\",\"potentialAction\":[{\"@type\":\"ReadAction\",\"target\":[\"https:\/\/cacaunews.com\/?p=5234\"]}]},{\"@type\":\"BreadcrumbList\",\"@id\":\"https:\/\/cacaunews.com\/?p=5234#breadcrumb\",\"itemListElement\":[{\"@type\":\"ListItem\",\"position\":1,\"name\":\"In\u00edcio\",\"item\":\"https:\/\/cacaunews.com\/\"},{\"@type\":\"ListItem\",\"position\":2,\"name\":\"Itabuna: Marcone Amaral deixa a presid\u00eancia da FASI.\"}]},{\"@type\":\"WebSite\",\"@id\":\"https:\/\/cacaunews.com\/#website\",\"url\":\"https:\/\/cacaunews.com\/\",\"name\":\"Cacau News\",\"description\":\"A Informa\u00e7\u00e3o que voc\u00ea precisa!\",\"publisher\":{\"@id\":\"https:\/\/cacaunews.com\/#organization\"},\"potentialAction\":[{\"@type\":\"SearchAction\",\"target\":{\"@type\":\"EntryPoint\",\"urlTemplate\":\"https:\/\/cacaunews.com\/?s={search_term_string}\"},\"query-input\":\"required name=search_term_string\"}],\"inLanguage\":\"pt-BR\"},{\"@type\":\"Organization\",\"@id\":\"https:\/\/cacaunews.com\/#organization\",\"name\":\"Cacau News\",\"url\":\"https:\/\/cacaunews.com\/\",\"logo\":{\"@type\":\"ImageObject\",\"inLanguage\":\"pt-BR\",\"@id\":\"https:\/\/cacaunews.com\/#\/schema\/logo\/image\/\",\"url\":\"https:\/\/cacaunews.com\/wp-content\/uploads\/2025\/01\/cropped-LOGO-NOVA.png\",\"contentUrl\":\"https:\/\/cacaunews.com\/wp-content\/uploads\/2025\/01\/cropped-LOGO-NOVA.png\",\"width\":813,\"height\":813,\"caption\":\"Cacau News\"},\"image\":{\"@id\":\"https:\/\/cacaunews.com\/#\/schema\/logo\/image\/\"},\"sameAs\":[\"https:\/\/www.instagram.com\/cacaunews.online\/\",\"https:\/\/youtube.com\/@cacaunews?si=0VXLnjl08SrWbVG9\"]},{\"@type\":\"Person\",\"@id\":\"https:\/\/cacaunews.com\/#\/schema\/person\/ea69703103e606ad347ccd64bd72ef79\",\"name\":\"Reda\u00e7\u00e3o Cacau News\",\"image\":{\"@type\":\"ImageObject\",\"inLanguage\":\"pt-BR\",\"@id\":\"https:\/\/cacaunews.com\/#\/schema\/person\/image\/\",\"url\":\"https:\/\/secure.gravatar.com\/avatar\/d79227a2a7b6cc42e8d7a8f7c284cd3a?s=96&d=mm&r=g\",\"contentUrl\":\"https:\/\/secure.gravatar.com\/avatar\/d79227a2a7b6cc42e8d7a8f7c284cd3a?s=96&d=mm&r=g\",\"caption\":\"Reda\u00e7\u00e3o Cacau News\"},\"sameAs\":[\"https:\/\/cacaunews.com\"],\"url\":\"https:\/\/cacaunews.com\/?author=1\"}]}<\/script>\n<!-- \/ Yoast SEO plugin. -->","yoast_head_json":{"title":"Itabuna: Marcone Amaral deixa a presid\u00eancia da FASI. - Cacau News","robots":{"index":"index","follow":"follow","max-snippet":"max-snippet:-1","max-image-preview":"max-image-preview:large","max-video-preview":"max-video-preview:-1"},"canonical":"https:\/\/cacaunews.com\/?p=5234","og_locale":"pt_BR","og_type":"article","og_title":"Itabuna: Marcone Amaral deixa a presid\u00eancia da FASI. - Cacau News","og_description":"Publicada no Di\u00e1rio Oficial do Munic\u00edpio de Itabuna de hoje (02), a exonera\u00e7\u00e3o de Marcone...","og_url":"https:\/\/cacaunews.com\/?p=5234","og_site_name":"Cacau News","article_published_time":"2024-12-02T17:15:00+00:00","article_modified_time":"2024-12-02T17:25:36+00:00","og_image":[{"width":720,"height":690,"url":"https:\/\/cacaunews.com\/wp-content\/uploads\/2024\/12\/marcone-amaral-pode-assumir-mandado-de-deputado-estadual-cd588.jpg","type":"image\/jpeg"}],"author":"Reda\u00e7\u00e3o Cacau News","twitter_card":"summary_large_image","twitter_misc":{"Escrito por":"Reda\u00e7\u00e3o Cacau News","Est. tempo de leitura":"1 minuto"},"schema":{"@context":"https:\/\/schema.org","@graph":[{"@type":"Article","@id":"https:\/\/cacaunews.com\/?p=5234#article","isPartOf":{"@id":"https:\/\/cacaunews.com\/?p=5234"},"author":{"name":"Reda\u00e7\u00e3o Cacau News","@id":"https:\/\/cacaunews.com\/#\/schema\/person\/ea69703103e606ad347ccd64bd72ef79"},"headline":"Itabuna: Marcone Amaral deixa a presid\u00eancia da FASI.","datePublished":"2024-12-02T17:15:00+00:00","dateModified":"2024-12-02T17:25:36+00:00","mainEntityOfPage":{"@id":"https:\/\/cacaunews.com\/?p=5234"},"wordCount":195,"commentCount":0,"publisher":{"@id":"https:\/\/cacaunews.com\/#organization"},"keywords":["FASI","itabuna","Jo\u00e3o omar","Marcone"],"articleSection":["cidades","Jornalismo","Politica"],"inLanguage":"pt-BR","potentialAction":[{"@type":"CommentAction","name":"Comment","target":["https:\/\/cacaunews.com\/?p=5234#respond"]}]},{"@type":"WebPage","@id":"https:\/\/cacaunews.com\/?p=5234","url":"https:\/\/cacaunews.com\/?p=5234","name":"Itabuna: Marcone Amaral deixa a presid\u00eancia da FASI. - Cacau News","isPartOf":{"@id":"https:\/\/cacaunews.com\/#website"},"datePublished":"2024-12-02T17:15:00+00:00","dateModified":"2024-12-02T17:25:36+00:00","breadcrumb":{"@id":"https:\/\/cacaunews.com\/?p=5234#breadcrumb"},"inLanguage":"pt-BR","potentialAction":[{"@type":"ReadAction","target":["https:\/\/cacaunews.com\/?p=5234"]}]},{"@type":"BreadcrumbList","@id":"https:\/\/cacaunews.com\/?p=5234#breadcrumb","itemListElement":[{"@type":"ListItem","position":1,"name":"In\u00edcio","item":"https:\/\/cacaunews.com\/"},{"@type":"ListItem","position":2,"name":"Itabuna: Marcone Amaral deixa a presid\u00eancia da FASI."}]},{"@type":"WebSite","@id":"https:\/\/cacaunews.com\/#website","url":"https:\/\/cacaunews.com\/","name":"Cacau News","description":"A Informa\u00e7\u00e3o que voc\u00ea precisa!","publisher":{"@id":"https:\/\/cacaunews.com\/#organization"},"potentialAction":[{"@type":"SearchAction","target":{"@type":"EntryPoint","urlTemplate":"https:\/\/cacaunews.com\/?s={search_term_string}"},"query-input":"required name=search_term_string"}],"inLanguage":"pt-BR"},{"@type":"Organization","@id":"https:\/\/cacaunews.com\/#organization","name":"Cacau News","url":"https:\/\/cacaunews.com\/","logo":{"@type":"ImageObject","inLanguage":"pt-BR","@id":"https:\/\/cacaunews.com\/#\/schema\/logo\/image\/","url":"https:\/\/cacaunews.com\/wp-content\/uploads\/2025\/01\/cropped-LOGO-NOVA.png","contentUrl":"https:\/\/cacaunews.com\/wp-content\/uploads\/2025\/01\/cropped-LOGO-NOVA.png","width":813,"height":813,"caption":"Cacau News"},"image":{"@id":"https:\/\/cacaunews.com\/#\/schema\/logo\/image\/"},"sameAs":["https:\/\/www.instagram.com\/cacaunews.online\/","https:\/\/youtube.com\/@cacaunews?si=0VXLnjl08SrWbVG9"]},{"@type":"Person","@id":"https:\/\/cacaunews.com\/#\/schema\/person\/ea69703103e606ad347ccd64bd72ef79","name":"Reda\u00e7\u00e3o Cacau News","image":{"@type":"ImageObject","inLanguage":"pt-BR","@id":"https:\/\/cacaunews.com\/#\/schema\/person\/image\/","url":"https:\/\/secure.gravatar.com\/avatar\/d79227a2a7b6cc42e8d7a8f7c284cd3a?s=96&d=mm&r=g","contentUrl":"https:\/\/secure.gravatar.com\/avatar\/d79227a2a7b6cc42e8d7a8f7c284cd3a?s=96&d=mm&r=g","caption":"Reda\u00e7\u00e3o Cacau News"},"sameAs":["https:\/\/cacaunews.com"],"url":"https:\/\/cacaunews.com\/?author=1"}]}},"jetpack_sharing_enabled":true,"jetpack_featured_media_url":"https:\/\/cacaunews.com\/wp-content\/uploads\/2024\/12\/marcone-amaral-pode-assumir-mandado-de-deputado-estadual-cd588.jpg","_links":{"self":[{"href":"https:\/\/cacaunews.com\/index.php?rest_route=\/wp\/v2\/posts\/5234"}],"collection":[{"href":"https:\/\/cacaunews.com\/index.php?rest_route=\/wp\/v2\/posts"}],"about":[{"href":"https:\/\/cacaunews.com\/index.php?rest_route=\/wp\/v2\/types\/post"}],"author":[{"embeddable":true,"href":"https:\/\/cacaunews.com\/index.php?rest_route=\/wp\/v2\/users\/1"}],"replies":[{"embeddable":true,"href":"https:\/\/cacaunews.com\/index.php?rest_route=%2Fwp%2Fv2%2Fcomments&post=5234"}],"version-history":[{"count":2,"href":"https:\/\/cacaunews.com\/index.php?rest_route=\/wp\/v2\/posts\/5234\/revisions"}],"predecessor-version":[{"id":5236,"href":"https:\/\/cacaunews.com\/index.php?rest_route=\/wp\/v2\/posts\/5234\/revisions\/5236"}],"wp:featuredmedia":[{"embeddable":true,"href":"https:\/\/cacaunews.com\/index.php?rest_route=\/wp\/v2\/media\/5230"}],"wp:attachment":[{"href":"https:\/\/cacaunews.com\/index.php?rest_route=%2Fwp%2Fv2%2Fmedia&parent=5234"}],"wp:term":[{"taxonomy":"category","embeddable":true,"href":"https:\/\/cacaunews.com\/index.php?rest_route=%2Fwp%2Fv2%2Fcategories&post=5234"},{"taxonomy":"post_tag","embeddable":true,"href":"https:\/\/cacaunews.com\/index.php?rest_route=%2Fwp%2Fv2%2Ftags&post=5234"}],"curies":[{"name":"wp","href":"https:\/\/api.w.org\/{rel}","templated":true}]}}