{"id":524,"date":"2023-01-03T14:32:20","date_gmt":"2023-01-03T14:32:20","guid":{"rendered":"https:\/\/cacaunews.com\/?p=524"},"modified":"2023-01-03T14:32:36","modified_gmt":"2023-01-03T14:32:36","slug":"ilheus-vereador-abraao-e-empossado-como-novo-presidente-da-camara-de-vereadores","status":"publish","type":"post","link":"https:\/\/cacaunews.com\/?p=524","title":{"rendered":"Ilh\u00e9us: Vereador Abra\u00e3o \u00e9 empossado como novo presidente da C\u00e2mara de Vereadores."},"content":{"rendered":"\n<p>Aconteceu na tarde desta segunda (03), no Plen\u00e1rio Gilberto Fialho, da C\u00e2mara de Vereadores a posse da nova mesa diretora da Casa de Leis que dirigir\u00e1 a citada no bi\u00eanio 2023\/2024.<\/p>\n\n\n\n<p> O novo presidente \u00e9 o vereador Abra\u00e3o (PDT) que tem uma grande bagagem na Casa, ap\u00f3s ser Assessor Parlamentar por dois mandatos o edil chegou a C\u00e2mara e por grande maioria foi eleito presidente. <\/p>\n\n\n\n<p>Em seu discurso, o novo presidente, elogiou o seu antecessor vereador Jeberson Moraes (PSD) e disse que ir\u00e1 continuar o trabalho democr\u00e1tico que o mesmo j\u00e1 vinha realizando a frente do Legislativo. Jeberson por sua vez disse que &#8220;o vereador Abra\u00e3o foi escolhido com o cora\u00e7\u00e3o e que tem certeza de que ser\u00e1 melhor do que ele na presid\u00eancia da Casa&#8221;.<\/p>\n\n\n\n<figure class=\"wp-block-image size-large\"><img fetchpriority=\"high\" decoding=\"async\" width=\"1024\" height=\"768\" src=\"https:\/\/cacaunews.com\/wp-content\/uploads\/2023\/01\/IMG-20230102-WA0220-1024x768.jpg\" alt=\"\" class=\"wp-image-522\" srcset=\"https:\/\/cacaunews.com\/wp-content\/uploads\/2023\/01\/IMG-20230102-WA0220-1024x768.jpg 1024w, https:\/\/cacaunews.com\/wp-content\/uploads\/2023\/01\/IMG-20230102-WA0220-300x225.jpg 300w, https:\/\/cacaunews.com\/wp-content\/uploads\/2023\/01\/IMG-20230102-WA0220-768x576.jpg 768w, https:\/\/cacaunews.com\/wp-content\/uploads\/2023\/01\/IMG-20230102-WA0220-1536x1152.jpg 1536w, https:\/\/cacaunews.com\/wp-content\/uploads\/2023\/01\/IMG-20230102-WA0220.jpg 1600w\" sizes=\"(max-width: 1024px) 100vw, 1024px\" \/><\/figure>\n\n\n\n<p>Foram empossados tamb\u00e9m o vereador Ivo Evangelista (Republicanos) como vice presidente, o vereador C\u00e9sar Porto (PSB) como primeiro secret\u00e1rio e o vereador Fabr\u00edcio Nascimento (PSB) como segundo secret\u00e1rio.<\/p>\n\n\n\n<p><\/p>\n","protected":false},"excerpt":{"rendered":"<p>Aconteceu na tarde desta segunda (03), no Plen\u00e1rio Gilberto Fialho, da C\u00e2mara de Vereadores a&#8230;<\/p>\n","protected":false},"author":1,"featured_media":523,"comment_status":"open","ping_status":"open","sticky":false,"template":"","format":"standard","meta":{"footnotes":""},"categories":[18,5],"tags":[145,37,144],"yoast_head":"<!-- This site is optimized with the Yoast SEO plugin v21.7 - https:\/\/yoast.com\/wordpress\/plugins\/seo\/ -->\n<title>Ilh\u00e9us: Vereador Abra\u00e3o \u00e9 empossado como novo presidente da C\u00e2mara de Vereadores. - Cacau News<\/title>\n<meta name=\"robots\" content=\"index, follow, max-snippet:-1, max-image-preview:large, max-video-preview:-1\" \/>\n<link rel=\"canonical\" href=\"https:\/\/cacaunews.com\/?p=524\" \/>\n<meta property=\"og:locale\" content=\"pt_BR\" \/>\n<meta property=\"og:type\" content=\"article\" \/>\n<meta property=\"og:title\" content=\"Ilh\u00e9us: Vereador Abra\u00e3o \u00e9 empossado como novo presidente da C\u00e2mara de Vereadores. - Cacau News\" \/>\n<meta property=\"og:description\" content=\"Aconteceu na tarde desta segunda (03), no Plen\u00e1rio Gilberto Fialho, da C\u00e2mara de Vereadores a...\" \/>\n<meta property=\"og:url\" content=\"https:\/\/cacaunews.com\/?p=524\" \/>\n<meta property=\"og:site_name\" content=\"Cacau News\" \/>\n<meta property=\"article:published_time\" content=\"2023-01-03T14:32:20+00:00\" \/>\n<meta property=\"article:modified_time\" content=\"2023-01-03T14:32:36+00:00\" \/>\n<meta property=\"og:image\" content=\"https:\/\/cacaunews.com\/wp-content\/uploads\/2023\/01\/IMG-20230102-WA0218.jpg\" \/>\n\t<meta property=\"og:image:width\" content=\"644\" \/>\n\t<meta property=\"og:image:height\" content=\"529\" \/>\n\t<meta property=\"og:image:type\" content=\"image\/jpeg\" \/>\n<meta name=\"author\" content=\"Reda\u00e7\u00e3o Cacau News\" \/>\n<meta name=\"twitter:card\" content=\"summary_large_image\" \/>\n<meta name=\"twitter:label1\" content=\"Escrito por\" \/>\n\t<meta name=\"twitter:data1\" content=\"Reda\u00e7\u00e3o Cacau News\" \/>\n\t<meta name=\"twitter:label2\" content=\"Est. tempo de leitura\" \/>\n\t<meta name=\"twitter:data2\" content=\"1 minuto\" \/>\n<script type=\"application\/ld+json\" class=\"yoast-schema-graph\">{\"@context\":\"https:\/\/schema.org\",\"@graph\":[{\"@type\":\"Article\",\"@id\":\"https:\/\/cacaunews.com\/?p=524#article\",\"isPartOf\":{\"@id\":\"https:\/\/cacaunews.com\/?p=524\"},\"author\":{\"name\":\"Reda\u00e7\u00e3o Cacau News\",\"@id\":\"https:\/\/cacaunews.com\/#\/schema\/person\/ea69703103e606ad347ccd64bd72ef79\"},\"headline\":\"Ilh\u00e9us: Vereador Abra\u00e3o \u00e9 empossado como novo presidente da C\u00e2mara de Vereadores.\",\"datePublished\":\"2023-01-03T14:32:20+00:00\",\"dateModified\":\"2023-01-03T14:32:36+00:00\",\"mainEntityOfPage\":{\"@id\":\"https:\/\/cacaunews.com\/?p=524\"},\"wordCount\":180,\"commentCount\":0,\"publisher\":{\"@id\":\"https:\/\/cacaunews.com\/#organization\"},\"keywords\":[\"abra\u00e3o\",\"ilheus\",\"posse\"],\"articleSection\":[\"cidades\",\"Politica\"],\"inLanguage\":\"pt-BR\",\"potentialAction\":[{\"@type\":\"CommentAction\",\"name\":\"Comment\",\"target\":[\"https:\/\/cacaunews.com\/?p=524#respond\"]}]},{\"@type\":\"WebPage\",\"@id\":\"https:\/\/cacaunews.com\/?p=524\",\"url\":\"https:\/\/cacaunews.com\/?p=524\",\"name\":\"Ilh\u00e9us: Vereador Abra\u00e3o \u00e9 empossado como novo presidente da C\u00e2mara de Vereadores. - Cacau News\",\"isPartOf\":{\"@id\":\"https:\/\/cacaunews.com\/#website\"},\"datePublished\":\"2023-01-03T14:32:20+00:00\",\"dateModified\":\"2023-01-03T14:32:36+00:00\",\"breadcrumb\":{\"@id\":\"https:\/\/cacaunews.com\/?p=524#breadcrumb\"},\"inLanguage\":\"pt-BR\",\"potentialAction\":[{\"@type\":\"ReadAction\",\"target\":[\"https:\/\/cacaunews.com\/?p=524\"]}]},{\"@type\":\"BreadcrumbList\",\"@id\":\"https:\/\/cacaunews.com\/?p=524#breadcrumb\",\"itemListElement\":[{\"@type\":\"ListItem\",\"position\":1,\"name\":\"In\u00edcio\",\"item\":\"https:\/\/cacaunews.com\/\"},{\"@type\":\"ListItem\",\"position\":2,\"name\":\"Ilh\u00e9us: Vereador Abra\u00e3o \u00e9 empossado como novo presidente da C\u00e2mara de Vereadores.\"}]},{\"@type\":\"WebSite\",\"@id\":\"https:\/\/cacaunews.com\/#website\",\"url\":\"https:\/\/cacaunews.com\/\",\"name\":\"Cacau News\",\"description\":\"A Informa\u00e7\u00e3o que voc\u00ea precisa!\",\"publisher\":{\"@id\":\"https:\/\/cacaunews.com\/#organization\"},\"potentialAction\":[{\"@type\":\"SearchAction\",\"target\":{\"@type\":\"EntryPoint\",\"urlTemplate\":\"https:\/\/cacaunews.com\/?s={search_term_string}\"},\"query-input\":\"required name=search_term_string\"}],\"inLanguage\":\"pt-BR\"},{\"@type\":\"Organization\",\"@id\":\"https:\/\/cacaunews.com\/#organization\",\"name\":\"Cacau News\",\"url\":\"https:\/\/cacaunews.com\/\",\"logo\":{\"@type\":\"ImageObject\",\"inLanguage\":\"pt-BR\",\"@id\":\"https:\/\/cacaunews.com\/#\/schema\/logo\/image\/\",\"url\":\"https:\/\/cacaunews.com\/wp-content\/uploads\/2025\/01\/cropped-LOGO-NOVA.png\",\"contentUrl\":\"https:\/\/cacaunews.com\/wp-content\/uploads\/2025\/01\/cropped-LOGO-NOVA.png\",\"width\":813,\"height\":813,\"caption\":\"Cacau News\"},\"image\":{\"@id\":\"https:\/\/cacaunews.com\/#\/schema\/logo\/image\/\"},\"sameAs\":[\"https:\/\/www.instagram.com\/cacaunews.online\/\",\"https:\/\/youtube.com\/@cacaunews?si=0VXLnjl08SrWbVG9\"]},{\"@type\":\"Person\",\"@id\":\"https:\/\/cacaunews.com\/#\/schema\/person\/ea69703103e606ad347ccd64bd72ef79\",\"name\":\"Reda\u00e7\u00e3o Cacau News\",\"image\":{\"@type\":\"ImageObject\",\"inLanguage\":\"pt-BR\",\"@id\":\"https:\/\/cacaunews.com\/#\/schema\/person\/image\/\",\"url\":\"https:\/\/secure.gravatar.com\/avatar\/d79227a2a7b6cc42e8d7a8f7c284cd3a?s=96&d=mm&r=g\",\"contentUrl\":\"https:\/\/secure.gravatar.com\/avatar\/d79227a2a7b6cc42e8d7a8f7c284cd3a?s=96&d=mm&r=g\",\"caption\":\"Reda\u00e7\u00e3o Cacau News\"},\"sameAs\":[\"https:\/\/cacaunews.com\"],\"url\":\"https:\/\/cacaunews.com\/?author=1\"}]}<\/script>\n<!-- \/ Yoast SEO plugin. -->","yoast_head_json":{"title":"Ilh\u00e9us: Vereador Abra\u00e3o \u00e9 empossado como novo presidente da C\u00e2mara de Vereadores. - Cacau News","robots":{"index":"index","follow":"follow","max-snippet":"max-snippet:-1","max-image-preview":"max-image-preview:large","max-video-preview":"max-video-preview:-1"},"canonical":"https:\/\/cacaunews.com\/?p=524","og_locale":"pt_BR","og_type":"article","og_title":"Ilh\u00e9us: Vereador Abra\u00e3o \u00e9 empossado como novo presidente da C\u00e2mara de Vereadores. - Cacau News","og_description":"Aconteceu na tarde desta segunda (03), no Plen\u00e1rio Gilberto Fialho, da C\u00e2mara de Vereadores a...","og_url":"https:\/\/cacaunews.com\/?p=524","og_site_name":"Cacau News","article_published_time":"2023-01-03T14:32:20+00:00","article_modified_time":"2023-01-03T14:32:36+00:00","og_image":[{"width":644,"height":529,"url":"https:\/\/cacaunews.com\/wp-content\/uploads\/2023\/01\/IMG-20230102-WA0218.jpg","type":"image\/jpeg"}],"author":"Reda\u00e7\u00e3o Cacau News","twitter_card":"summary_large_image","twitter_misc":{"Escrito por":"Reda\u00e7\u00e3o Cacau News","Est. tempo de leitura":"1 minuto"},"schema":{"@context":"https:\/\/schema.org","@graph":[{"@type":"Article","@id":"https:\/\/cacaunews.com\/?p=524#article","isPartOf":{"@id":"https:\/\/cacaunews.com\/?p=524"},"author":{"name":"Reda\u00e7\u00e3o Cacau News","@id":"https:\/\/cacaunews.com\/#\/schema\/person\/ea69703103e606ad347ccd64bd72ef79"},"headline":"Ilh\u00e9us: Vereador Abra\u00e3o \u00e9 empossado como novo presidente da C\u00e2mara de Vereadores.","datePublished":"2023-01-03T14:32:20+00:00","dateModified":"2023-01-03T14:32:36+00:00","mainEntityOfPage":{"@id":"https:\/\/cacaunews.com\/?p=524"},"wordCount":180,"commentCount":0,"publisher":{"@id":"https:\/\/cacaunews.com\/#organization"},"keywords":["abra\u00e3o","ilheus","posse"],"articleSection":["cidades","Politica"],"inLanguage":"pt-BR","potentialAction":[{"@type":"CommentAction","name":"Comment","target":["https:\/\/cacaunews.com\/?p=524#respond"]}]},{"@type":"WebPage","@id":"https:\/\/cacaunews.com\/?p=524","url":"https:\/\/cacaunews.com\/?p=524","name":"Ilh\u00e9us: Vereador Abra\u00e3o \u00e9 empossado como novo presidente da C\u00e2mara de Vereadores. - Cacau News","isPartOf":{"@id":"https:\/\/cacaunews.com\/#website"},"datePublished":"2023-01-03T14:32:20+00:00","dateModified":"2023-01-03T14:32:36+00:00","breadcrumb":{"@id":"https:\/\/cacaunews.com\/?p=524#breadcrumb"},"inLanguage":"pt-BR","potentialAction":[{"@type":"ReadAction","target":["https:\/\/cacaunews.com\/?p=524"]}]},{"@type":"BreadcrumbList","@id":"https:\/\/cacaunews.com\/?p=524#breadcrumb","itemListElement":[{"@type":"ListItem","position":1,"name":"In\u00edcio","item":"https:\/\/cacaunews.com\/"},{"@type":"ListItem","position":2,"name":"Ilh\u00e9us: Vereador Abra\u00e3o \u00e9 empossado como novo presidente da C\u00e2mara de Vereadores."}]},{"@type":"WebSite","@id":"https:\/\/cacaunews.com\/#website","url":"https:\/\/cacaunews.com\/","name":"Cacau News","description":"A Informa\u00e7\u00e3o que voc\u00ea precisa!","publisher":{"@id":"https:\/\/cacaunews.com\/#organization"},"potentialAction":[{"@type":"SearchAction","target":{"@type":"EntryPoint","urlTemplate":"https:\/\/cacaunews.com\/?s={search_term_string}"},"query-input":"required name=search_term_string"}],"inLanguage":"pt-BR"},{"@type":"Organization","@id":"https:\/\/cacaunews.com\/#organization","name":"Cacau News","url":"https:\/\/cacaunews.com\/","logo":{"@type":"ImageObject","inLanguage":"pt-BR","@id":"https:\/\/cacaunews.com\/#\/schema\/logo\/image\/","url":"https:\/\/cacaunews.com\/wp-content\/uploads\/2025\/01\/cropped-LOGO-NOVA.png","contentUrl":"https:\/\/cacaunews.com\/wp-content\/uploads\/2025\/01\/cropped-LOGO-NOVA.png","width":813,"height":813,"caption":"Cacau News"},"image":{"@id":"https:\/\/cacaunews.com\/#\/schema\/logo\/image\/"},"sameAs":["https:\/\/www.instagram.com\/cacaunews.online\/","https:\/\/youtube.com\/@cacaunews?si=0VXLnjl08SrWbVG9"]},{"@type":"Person","@id":"https:\/\/cacaunews.com\/#\/schema\/person\/ea69703103e606ad347ccd64bd72ef79","name":"Reda\u00e7\u00e3o Cacau News","image":{"@type":"ImageObject","inLanguage":"pt-BR","@id":"https:\/\/cacaunews.com\/#\/schema\/person\/image\/","url":"https:\/\/secure.gravatar.com\/avatar\/d79227a2a7b6cc42e8d7a8f7c284cd3a?s=96&d=mm&r=g","contentUrl":"https:\/\/secure.gravatar.com\/avatar\/d79227a2a7b6cc42e8d7a8f7c284cd3a?s=96&d=mm&r=g","caption":"Reda\u00e7\u00e3o Cacau News"},"sameAs":["https:\/\/cacaunews.com"],"url":"https:\/\/cacaunews.com\/?author=1"}]}},"jetpack_sharing_enabled":true,"jetpack_featured_media_url":"https:\/\/cacaunews.com\/wp-content\/uploads\/2023\/01\/IMG-20230102-WA0218.jpg","_links":{"self":[{"href":"https:\/\/cacaunews.com\/index.php?rest_route=\/wp\/v2\/posts\/524"}],"collection":[{"href":"https:\/\/cacaunews.com\/index.php?rest_route=\/wp\/v2\/posts"}],"about":[{"href":"https:\/\/cacaunews.com\/index.php?rest_route=\/wp\/v2\/types\/post"}],"author":[{"embeddable":true,"href":"https:\/\/cacaunews.com\/index.php?rest_route=\/wp\/v2\/users\/1"}],"replies":[{"embeddable":true,"href":"https:\/\/cacaunews.com\/index.php?rest_route=%2Fwp%2Fv2%2Fcomments&post=524"}],"version-history":[{"count":1,"href":"https:\/\/cacaunews.com\/index.php?rest_route=\/wp\/v2\/posts\/524\/revisions"}],"predecessor-version":[{"id":525,"href":"https:\/\/cacaunews.com\/index.php?rest_route=\/wp\/v2\/posts\/524\/revisions\/525"}],"wp:featuredmedia":[{"embeddable":true,"href":"https:\/\/cacaunews.com\/index.php?rest_route=\/wp\/v2\/media\/523"}],"wp:attachment":[{"href":"https:\/\/cacaunews.com\/index.php?rest_route=%2Fwp%2Fv2%2Fmedia&parent=524"}],"wp:term":[{"taxonomy":"category","embeddable":true,"href":"https:\/\/cacaunews.com\/index.php?rest_route=%2Fwp%2Fv2%2Fcategories&post=524"},{"taxonomy":"post_tag","embeddable":true,"href":"https:\/\/cacaunews.com\/index.php?rest_route=%2Fwp%2Fv2%2Ftags&post=524"}],"curies":[{"name":"wp","href":"https:\/\/api.w.org\/{rel}","templated":true}]}}