{"id":5275,"date":"2024-12-05T17:00:21","date_gmt":"2024-12-05T17:00:21","guid":{"rendered":"https:\/\/cacaunews.com\/?p=5275"},"modified":"2024-12-05T17:00:21","modified_gmt":"2024-12-05T17:00:21","slug":"comunidade-academica-comemora-33-anos-de-estadualizacao-da-uesc","status":"publish","type":"post","link":"https:\/\/cacaunews.com\/?p=5275","title":{"rendered":"Comunidade Acad\u00eamica comemora 33 anos de estadualiza\u00e7\u00e3o da UESC."},"content":{"rendered":"\n<p><em>Apresenta\u00e7\u00f5es culturais e sess\u00e3o do Consu, marcou a data<\/em>.<br><\/p>\n\n\n\n<p>Na manh\u00e3 desta quinta-feira, 5 de dezembro de 2024, a Universidade Estadual de Santa Cruz (Uesc) comemorou os 33 anos de sua estadualiza\u00e7\u00e3o com uma programa\u00e7\u00e3o especial no campus. A celebra\u00e7\u00e3o foi marcada por uma sess\u00e3o solene do Conselho Universit\u00e1rio (Consu) e apresenta\u00e7\u00f5es culturais com o coral da Universidade e a Orquestra de C\u00e2mara da Congrega\u00e7\u00e3o Crist\u00e3 do Brasil. que destacaram a import\u00e2ncia hist\u00f3rica e acad\u00eamica da institui\u00e7\u00e3o.<\/p>\n\n\n\n<figure class=\"wp-block-image size-large\"><img fetchpriority=\"high\" decoding=\"async\" width=\"870\" height=\"435\" src=\"https:\/\/cacaunews.com\/wp-content\/uploads\/2024\/12\/33anos7390969460428899179.jpg\" alt=\"\" class=\"wp-image-5274\" srcset=\"https:\/\/cacaunews.com\/wp-content\/uploads\/2024\/12\/33anos7390969460428899179.jpg 870w, https:\/\/cacaunews.com\/wp-content\/uploads\/2024\/12\/33anos7390969460428899179-300x150.jpg 300w, https:\/\/cacaunews.com\/wp-content\/uploads\/2024\/12\/33anos7390969460428899179-768x384.jpg 768w\" sizes=\"(max-width: 870px) 100vw, 870px\" \/><\/figure>\n\n\n\n<p><br>A sess\u00e3o foi presidida pelo a reitor da Uesc, Professor Alessandro Fernandes que tamb\u00e9m preside o Conselho Universit\u00e1rio. Para compor a mesa, al\u00e9m do reitor do vice-reitor Maur\u00edcio Moreau, a reitora da Uesc no per\u00edodo 2012 A 2019, profa. dra. Ad\u00e9lia maria Pinheiro, o presidente da associa\u00e7\u00e3o dos munic\u00edpios da regi\u00e3o cacaueira (Amurc) e prefeito de Coaraci, Jadson Albano, presidente da Associa\u00e7\u00e3o dos Docentes da Uesc (Adusc), professor Marcelo Lins, presidente da associa\u00e7\u00e3o dos funcion\u00e1rios da Uesc, Afusc, Marciene Lima e o coordenador geral do DCE, Jhonatan Mendes, que destacaram a import\u00e2ncia hist\u00f3rica e acad\u00eamica da institui\u00e7\u00e3o.<br><br>Desde sua estadualiza\u00e7\u00e3o em 1991, atrav\u00e9s da Lei 6.344, a Uesc consolidou-se como uma refer\u00eancia em ensino, pesquisa e extens\u00e3o, contribuindo significativamente para o desenvolvimento socioecon\u00f4mico e cultural da regi\u00e3o cacaueira e do estado da Bahia. Atualmente, a universidade oferece 39 cursos de gradua\u00e7\u00e3o e 50 programas de p\u00f3s-gradua\u00e7\u00e3o, incluindo especializa\u00e7\u00f5es, mestrados e doutorados, al\u00e9m de manter forte presen\u00e7a em pesquisa cient\u00edfica e inova\u00e7\u00e3o tecnol\u00f3gica.<br><br>Durante a solenidade, foram destacados os avan\u00e7os institucionais e a colabora\u00e7\u00e3o entre docentes, t\u00e9cnicos e estudantes que t\u00eam impulsionado a UESC ao longo de mais de tr\u00eas d\u00e9cadas. O reitor Alessandro Fernandes enfatizou o papel transformador da Universidade na forma\u00e7\u00e3o de cidad\u00e3os conscientes e na formula\u00e7\u00e3o de pol\u00edticas p\u00fablicas regionais. \u201cEsse marco hist\u00f3rico reafirma o compromisso da Uesc com a educa\u00e7\u00e3o p\u00fablica de qualidade, essencial para o progresso sustent\u00e1vel da regi\u00e3o.\u201d, concluiu o reitor.<\/p>\n\n\n\n<p>Texto: Ascom\/UESC.<\/p>\n","protected":false},"excerpt":{"rendered":"<p>Apresenta\u00e7\u00f5es culturais e sess\u00e3o do Consu, marcou a data. Na manh\u00e3 desta quinta-feira, 5 de&#8230;<\/p>\n","protected":false},"author":1,"featured_media":5273,"comment_status":"open","ping_status":"open","sticky":false,"template":"","format":"standard","meta":{"footnotes":""},"categories":[4,11],"tags":[1883,39,424,33,352],"yoast_head":"<!-- This site is optimized with the Yoast SEO plugin v21.7 - https:\/\/yoast.com\/wordpress\/plugins\/seo\/ -->\n<title>Comunidade Acad\u00eamica comemora 33 anos de estadualiza\u00e7\u00e3o da UESC. - Cacau News<\/title>\n<meta name=\"robots\" content=\"index, follow, max-snippet:-1, max-image-preview:large, max-video-preview:-1\" \/>\n<link rel=\"canonical\" href=\"https:\/\/cacaunews.com\/?p=5275\" \/>\n<meta property=\"og:locale\" content=\"pt_BR\" \/>\n<meta property=\"og:type\" content=\"article\" \/>\n<meta property=\"og:title\" content=\"Comunidade Acad\u00eamica comemora 33 anos de estadualiza\u00e7\u00e3o da UESC. - Cacau News\" \/>\n<meta property=\"og:description\" content=\"Apresenta\u00e7\u00f5es culturais e sess\u00e3o do Consu, marcou a data. Na manh\u00e3 desta quinta-feira, 5 de...\" \/>\n<meta property=\"og:url\" content=\"https:\/\/cacaunews.com\/?p=5275\" \/>\n<meta property=\"og:site_name\" content=\"Cacau News\" \/>\n<meta property=\"article:published_time\" content=\"2024-12-05T17:00:21+00:00\" \/>\n<meta property=\"og:image\" content=\"https:\/\/cacaunews.com\/wp-content\/uploads\/2024\/12\/33anos7390969460428899179.jpg\" \/>\n<meta name=\"author\" content=\"Reda\u00e7\u00e3o Cacau News\" \/>\n<meta name=\"twitter:card\" content=\"summary_large_image\" \/>\n<meta name=\"twitter:label1\" content=\"Escrito por\" \/>\n\t<meta name=\"twitter:data1\" content=\"Reda\u00e7\u00e3o Cacau News\" \/>\n\t<meta name=\"twitter:label2\" content=\"Est. tempo de leitura\" \/>\n\t<meta name=\"twitter:data2\" content=\"2 minutos\" \/>\n<script type=\"application\/ld+json\" class=\"yoast-schema-graph\">{\"@context\":\"https:\/\/schema.org\",\"@graph\":[{\"@type\":\"Article\",\"@id\":\"https:\/\/cacaunews.com\/?p=5275#article\",\"isPartOf\":{\"@id\":\"https:\/\/cacaunews.com\/?p=5275\"},\"author\":{\"name\":\"Reda\u00e7\u00e3o Cacau News\",\"@id\":\"https:\/\/cacaunews.com\/#\/schema\/person\/ea69703103e606ad347ccd64bd72ef79\"},\"headline\":\"Comunidade Acad\u00eamica comemora 33 anos de estadualiza\u00e7\u00e3o da UESC.\",\"datePublished\":\"2024-12-05T17:00:21+00:00\",\"dateModified\":\"2024-12-05T17:00:21+00:00\",\"mainEntityOfPage\":{\"@id\":\"https:\/\/cacaunews.com\/?p=5275\"},\"wordCount\":379,\"commentCount\":0,\"publisher\":{\"@id\":\"https:\/\/cacaunews.com\/#organization\"},\"keywords\":[\"33 anos\",\"bahia\",\"comemorac\u00e3o\",\"educa\u00e7\u00e3o\",\"UESC\"],\"articleSection\":[\"Internet\",\"Jornalismo\"],\"inLanguage\":\"pt-BR\",\"potentialAction\":[{\"@type\":\"CommentAction\",\"name\":\"Comment\",\"target\":[\"https:\/\/cacaunews.com\/?p=5275#respond\"]}]},{\"@type\":\"WebPage\",\"@id\":\"https:\/\/cacaunews.com\/?p=5275\",\"url\":\"https:\/\/cacaunews.com\/?p=5275\",\"name\":\"Comunidade Acad\u00eamica comemora 33 anos de estadualiza\u00e7\u00e3o da UESC. - Cacau News\",\"isPartOf\":{\"@id\":\"https:\/\/cacaunews.com\/#website\"},\"datePublished\":\"2024-12-05T17:00:21+00:00\",\"dateModified\":\"2024-12-05T17:00:21+00:00\",\"breadcrumb\":{\"@id\":\"https:\/\/cacaunews.com\/?p=5275#breadcrumb\"},\"inLanguage\":\"pt-BR\",\"potentialAction\":[{\"@type\":\"ReadAction\",\"target\":[\"https:\/\/cacaunews.com\/?p=5275\"]}]},{\"@type\":\"BreadcrumbList\",\"@id\":\"https:\/\/cacaunews.com\/?p=5275#breadcrumb\",\"itemListElement\":[{\"@type\":\"ListItem\",\"position\":1,\"name\":\"In\u00edcio\",\"item\":\"https:\/\/cacaunews.com\/\"},{\"@type\":\"ListItem\",\"position\":2,\"name\":\"Comunidade Acad\u00eamica comemora 33 anos de estadualiza\u00e7\u00e3o da UESC.\"}]},{\"@type\":\"WebSite\",\"@id\":\"https:\/\/cacaunews.com\/#website\",\"url\":\"https:\/\/cacaunews.com\/\",\"name\":\"Cacau News\",\"description\":\"A Informa\u00e7\u00e3o que voc\u00ea precisa!\",\"publisher\":{\"@id\":\"https:\/\/cacaunews.com\/#organization\"},\"potentialAction\":[{\"@type\":\"SearchAction\",\"target\":{\"@type\":\"EntryPoint\",\"urlTemplate\":\"https:\/\/cacaunews.com\/?s={search_term_string}\"},\"query-input\":\"required name=search_term_string\"}],\"inLanguage\":\"pt-BR\"},{\"@type\":\"Organization\",\"@id\":\"https:\/\/cacaunews.com\/#organization\",\"name\":\"Cacau News\",\"url\":\"https:\/\/cacaunews.com\/\",\"logo\":{\"@type\":\"ImageObject\",\"inLanguage\":\"pt-BR\",\"@id\":\"https:\/\/cacaunews.com\/#\/schema\/logo\/image\/\",\"url\":\"https:\/\/cacaunews.com\/wp-content\/uploads\/2025\/01\/cropped-LOGO-NOVA.png\",\"contentUrl\":\"https:\/\/cacaunews.com\/wp-content\/uploads\/2025\/01\/cropped-LOGO-NOVA.png\",\"width\":813,\"height\":813,\"caption\":\"Cacau News\"},\"image\":{\"@id\":\"https:\/\/cacaunews.com\/#\/schema\/logo\/image\/\"},\"sameAs\":[\"https:\/\/www.instagram.com\/cacaunews.online\/\",\"https:\/\/youtube.com\/@cacaunews?si=0VXLnjl08SrWbVG9\"]},{\"@type\":\"Person\",\"@id\":\"https:\/\/cacaunews.com\/#\/schema\/person\/ea69703103e606ad347ccd64bd72ef79\",\"name\":\"Reda\u00e7\u00e3o Cacau News\",\"image\":{\"@type\":\"ImageObject\",\"inLanguage\":\"pt-BR\",\"@id\":\"https:\/\/cacaunews.com\/#\/schema\/person\/image\/\",\"url\":\"https:\/\/secure.gravatar.com\/avatar\/d79227a2a7b6cc42e8d7a8f7c284cd3a?s=96&d=mm&r=g\",\"contentUrl\":\"https:\/\/secure.gravatar.com\/avatar\/d79227a2a7b6cc42e8d7a8f7c284cd3a?s=96&d=mm&r=g\",\"caption\":\"Reda\u00e7\u00e3o Cacau News\"},\"sameAs\":[\"https:\/\/cacaunews.com\"],\"url\":\"https:\/\/cacaunews.com\/?author=1\"}]}<\/script>\n<!-- \/ Yoast SEO plugin. -->","yoast_head_json":{"title":"Comunidade Acad\u00eamica comemora 33 anos de estadualiza\u00e7\u00e3o da UESC. - Cacau News","robots":{"index":"index","follow":"follow","max-snippet":"max-snippet:-1","max-image-preview":"max-image-preview:large","max-video-preview":"max-video-preview:-1"},"canonical":"https:\/\/cacaunews.com\/?p=5275","og_locale":"pt_BR","og_type":"article","og_title":"Comunidade Acad\u00eamica comemora 33 anos de estadualiza\u00e7\u00e3o da UESC. - Cacau News","og_description":"Apresenta\u00e7\u00f5es culturais e sess\u00e3o do Consu, marcou a data. Na manh\u00e3 desta quinta-feira, 5 de...","og_url":"https:\/\/cacaunews.com\/?p=5275","og_site_name":"Cacau News","article_published_time":"2024-12-05T17:00:21+00:00","og_image":[{"url":"https:\/\/cacaunews.com\/wp-content\/uploads\/2024\/12\/33anos7390969460428899179.jpg"}],"author":"Reda\u00e7\u00e3o Cacau News","twitter_card":"summary_large_image","twitter_misc":{"Escrito por":"Reda\u00e7\u00e3o Cacau News","Est. tempo de leitura":"2 minutos"},"schema":{"@context":"https:\/\/schema.org","@graph":[{"@type":"Article","@id":"https:\/\/cacaunews.com\/?p=5275#article","isPartOf":{"@id":"https:\/\/cacaunews.com\/?p=5275"},"author":{"name":"Reda\u00e7\u00e3o Cacau News","@id":"https:\/\/cacaunews.com\/#\/schema\/person\/ea69703103e606ad347ccd64bd72ef79"},"headline":"Comunidade Acad\u00eamica comemora 33 anos de estadualiza\u00e7\u00e3o da UESC.","datePublished":"2024-12-05T17:00:21+00:00","dateModified":"2024-12-05T17:00:21+00:00","mainEntityOfPage":{"@id":"https:\/\/cacaunews.com\/?p=5275"},"wordCount":379,"commentCount":0,"publisher":{"@id":"https:\/\/cacaunews.com\/#organization"},"keywords":["33 anos","bahia","comemorac\u00e3o","educa\u00e7\u00e3o","UESC"],"articleSection":["Internet","Jornalismo"],"inLanguage":"pt-BR","potentialAction":[{"@type":"CommentAction","name":"Comment","target":["https:\/\/cacaunews.com\/?p=5275#respond"]}]},{"@type":"WebPage","@id":"https:\/\/cacaunews.com\/?p=5275","url":"https:\/\/cacaunews.com\/?p=5275","name":"Comunidade Acad\u00eamica comemora 33 anos de estadualiza\u00e7\u00e3o da UESC. - Cacau News","isPartOf":{"@id":"https:\/\/cacaunews.com\/#website"},"datePublished":"2024-12-05T17:00:21+00:00","dateModified":"2024-12-05T17:00:21+00:00","breadcrumb":{"@id":"https:\/\/cacaunews.com\/?p=5275#breadcrumb"},"inLanguage":"pt-BR","potentialAction":[{"@type":"ReadAction","target":["https:\/\/cacaunews.com\/?p=5275"]}]},{"@type":"BreadcrumbList","@id":"https:\/\/cacaunews.com\/?p=5275#breadcrumb","itemListElement":[{"@type":"ListItem","position":1,"name":"In\u00edcio","item":"https:\/\/cacaunews.com\/"},{"@type":"ListItem","position":2,"name":"Comunidade Acad\u00eamica comemora 33 anos de estadualiza\u00e7\u00e3o da UESC."}]},{"@type":"WebSite","@id":"https:\/\/cacaunews.com\/#website","url":"https:\/\/cacaunews.com\/","name":"Cacau News","description":"A Informa\u00e7\u00e3o que voc\u00ea precisa!","publisher":{"@id":"https:\/\/cacaunews.com\/#organization"},"potentialAction":[{"@type":"SearchAction","target":{"@type":"EntryPoint","urlTemplate":"https:\/\/cacaunews.com\/?s={search_term_string}"},"query-input":"required name=search_term_string"}],"inLanguage":"pt-BR"},{"@type":"Organization","@id":"https:\/\/cacaunews.com\/#organization","name":"Cacau News","url":"https:\/\/cacaunews.com\/","logo":{"@type":"ImageObject","inLanguage":"pt-BR","@id":"https:\/\/cacaunews.com\/#\/schema\/logo\/image\/","url":"https:\/\/cacaunews.com\/wp-content\/uploads\/2025\/01\/cropped-LOGO-NOVA.png","contentUrl":"https:\/\/cacaunews.com\/wp-content\/uploads\/2025\/01\/cropped-LOGO-NOVA.png","width":813,"height":813,"caption":"Cacau News"},"image":{"@id":"https:\/\/cacaunews.com\/#\/schema\/logo\/image\/"},"sameAs":["https:\/\/www.instagram.com\/cacaunews.online\/","https:\/\/youtube.com\/@cacaunews?si=0VXLnjl08SrWbVG9"]},{"@type":"Person","@id":"https:\/\/cacaunews.com\/#\/schema\/person\/ea69703103e606ad347ccd64bd72ef79","name":"Reda\u00e7\u00e3o Cacau News","image":{"@type":"ImageObject","inLanguage":"pt-BR","@id":"https:\/\/cacaunews.com\/#\/schema\/person\/image\/","url":"https:\/\/secure.gravatar.com\/avatar\/d79227a2a7b6cc42e8d7a8f7c284cd3a?s=96&d=mm&r=g","contentUrl":"https:\/\/secure.gravatar.com\/avatar\/d79227a2a7b6cc42e8d7a8f7c284cd3a?s=96&d=mm&r=g","caption":"Reda\u00e7\u00e3o Cacau News"},"sameAs":["https:\/\/cacaunews.com"],"url":"https:\/\/cacaunews.com\/?author=1"}]}},"jetpack_sharing_enabled":true,"jetpack_featured_media_url":"https:\/\/cacaunews.com\/wp-content\/uploads\/2024\/12\/051224AniversC3A1rio33anosUescFoto-JC3BAliaBarreto2830729.jpg","_links":{"self":[{"href":"https:\/\/cacaunews.com\/index.php?rest_route=\/wp\/v2\/posts\/5275"}],"collection":[{"href":"https:\/\/cacaunews.com\/index.php?rest_route=\/wp\/v2\/posts"}],"about":[{"href":"https:\/\/cacaunews.com\/index.php?rest_route=\/wp\/v2\/types\/post"}],"author":[{"embeddable":true,"href":"https:\/\/cacaunews.com\/index.php?rest_route=\/wp\/v2\/users\/1"}],"replies":[{"embeddable":true,"href":"https:\/\/cacaunews.com\/index.php?rest_route=%2Fwp%2Fv2%2Fcomments&post=5275"}],"version-history":[{"count":0,"href":"https:\/\/cacaunews.com\/index.php?rest_route=\/wp\/v2\/posts\/5275\/revisions"}],"wp:featuredmedia":[{"embeddable":true,"href":"https:\/\/cacaunews.com\/index.php?rest_route=\/wp\/v2\/media\/5273"}],"wp:attachment":[{"href":"https:\/\/cacaunews.com\/index.php?rest_route=%2Fwp%2Fv2%2Fmedia&parent=5275"}],"wp:term":[{"taxonomy":"category","embeddable":true,"href":"https:\/\/cacaunews.com\/index.php?rest_route=%2Fwp%2Fv2%2Fcategories&post=5275"},{"taxonomy":"post_tag","embeddable":true,"href":"https:\/\/cacaunews.com\/index.php?rest_route=%2Fwp%2Fv2%2Ftags&post=5275"}],"curies":[{"name":"wp","href":"https:\/\/api.w.org\/{rel}","templated":true}]}}