{"id":5283,"date":"2024-12-09T12:00:31","date_gmt":"2024-12-09T12:00:31","guid":{"rendered":"https:\/\/cacaunews.com\/?p=5283"},"modified":"2024-12-09T12:55:48","modified_gmt":"2024-12-09T12:55:48","slug":"crianca-de-2-anos-morre-apos-cair-de-moto-na-zona-rural-de-itanhem-extremo-sul-baiano","status":"publish","type":"post","link":"https:\/\/cacaunews.com\/?p=5283","title":{"rendered":"Crian\u00e7a de 2 anos morre ap\u00f3s cair de moto na zona rural de Itanh\u00e9m, extremo sul baiano."},"content":{"rendered":"\n<p>Uma crian\u00e7a de dois anos identificada como Reynan Neves Santana, morreu ap\u00f3s cair da motocicleta que estava sendo pilotada pela m\u00e3e, na manh\u00e3 deste s\u00e1bado (7), na zona rural do munic\u00edpio de Itanh\u00e9m, no sul da Bahia.<br><br>De acordo com informa\u00e7\u00f5es inicias, a m\u00e3e da crian\u00e7a, que n\u00e3o teve a identidade divulgada, teria se desequilibrado da motocicleta. Ela tamb\u00e9m caiu no acidente. Segundo o g1 Bahia, o estado de sa\u00fade da v\u00edtima n\u00e3o foi detalhado.<\/p>\n\n\n\n<p>O caso est\u00e1 com a 1\u00aa Delegacia Territorial (DT- Teixeira de Freitas), onde o acidente foi registrado. N\u00e3o h\u00e1 informa\u00e7\u00f5es sobre vel\u00f3rio e sepultamento da crian\u00e7a.<\/p>\n\n\n\n<p>Com Informa\u00e7\u00f5es BN.<\/p>\n","protected":false},"excerpt":{"rendered":"<p>Uma crian\u00e7a de dois anos identificada como Reynan Neves Santana, morreu ap\u00f3s cair da motocicleta&#8230;<\/p>\n","protected":false},"author":1,"featured_media":5282,"comment_status":"open","ping_status":"open","sticky":false,"template":"","format":"standard","meta":{"footnotes":""},"categories":[18,4,11],"tags":[72,39,80,1886],"yoast_head":"<!-- This site is optimized with the Yoast SEO plugin v21.7 - https:\/\/yoast.com\/wordpress\/plugins\/seo\/ -->\n<title>Crian\u00e7a de 2 anos morre ap\u00f3s cair de moto na zona rural de Itanh\u00e9m, extremo sul baiano. - Cacau News<\/title>\n<meta name=\"robots\" content=\"index, follow, max-snippet:-1, max-image-preview:large, max-video-preview:-1\" \/>\n<link rel=\"canonical\" href=\"https:\/\/cacaunews.com\/?p=5283\" \/>\n<meta property=\"og:locale\" content=\"pt_BR\" \/>\n<meta property=\"og:type\" content=\"article\" \/>\n<meta property=\"og:title\" content=\"Crian\u00e7a de 2 anos morre ap\u00f3s cair de moto na zona rural de Itanh\u00e9m, extremo sul baiano. - Cacau News\" \/>\n<meta property=\"og:description\" content=\"Uma crian\u00e7a de dois anos identificada como Reynan Neves Santana, morreu ap\u00f3s cair da motocicleta...\" \/>\n<meta property=\"og:url\" content=\"https:\/\/cacaunews.com\/?p=5283\" \/>\n<meta property=\"og:site_name\" content=\"Cacau News\" \/>\n<meta property=\"article:published_time\" content=\"2024-12-09T12:00:31+00:00\" \/>\n<meta property=\"article:modified_time\" content=\"2024-12-09T12:55:48+00:00\" \/>\n<meta property=\"og:image\" content=\"https:\/\/cacaunews.com\/wp-content\/uploads\/2024\/12\/IMAGEM_NOTICIA_9281529.jpeg\" \/>\n\t<meta property=\"og:image:width\" content=\"1080\" \/>\n\t<meta property=\"og:image:height\" content=\"567\" \/>\n\t<meta property=\"og:image:type\" content=\"image\/jpeg\" \/>\n<meta name=\"author\" content=\"Reda\u00e7\u00e3o Cacau News\" \/>\n<meta name=\"twitter:card\" content=\"summary_large_image\" \/>\n<meta name=\"twitter:label1\" content=\"Escrito por\" \/>\n\t<meta name=\"twitter:data1\" content=\"Reda\u00e7\u00e3o Cacau News\" \/>\n\t<meta name=\"twitter:label2\" content=\"Est. tempo de leitura\" \/>\n\t<meta name=\"twitter:data2\" content=\"1 minuto\" \/>\n<script type=\"application\/ld+json\" class=\"yoast-schema-graph\">{\"@context\":\"https:\/\/schema.org\",\"@graph\":[{\"@type\":\"Article\",\"@id\":\"https:\/\/cacaunews.com\/?p=5283#article\",\"isPartOf\":{\"@id\":\"https:\/\/cacaunews.com\/?p=5283\"},\"author\":{\"name\":\"Reda\u00e7\u00e3o Cacau News\",\"@id\":\"https:\/\/cacaunews.com\/#\/schema\/person\/ea69703103e606ad347ccd64bd72ef79\"},\"headline\":\"Crian\u00e7a de 2 anos morre ap\u00f3s cair de moto na zona rural de Itanh\u00e9m, extremo sul baiano.\",\"datePublished\":\"2024-12-09T12:00:31+00:00\",\"dateModified\":\"2024-12-09T12:55:48+00:00\",\"mainEntityOfPage\":{\"@id\":\"https:\/\/cacaunews.com\/?p=5283\"},\"wordCount\":140,\"commentCount\":0,\"publisher\":{\"@id\":\"https:\/\/cacaunews.com\/#organization\"},\"keywords\":[\"acidente\",\"bahia\",\"crian\u00e7a\",\"itanh\u00e9m\"],\"articleSection\":[\"cidades\",\"Internet\",\"Jornalismo\"],\"inLanguage\":\"pt-BR\",\"potentialAction\":[{\"@type\":\"CommentAction\",\"name\":\"Comment\",\"target\":[\"https:\/\/cacaunews.com\/?p=5283#respond\"]}]},{\"@type\":\"WebPage\",\"@id\":\"https:\/\/cacaunews.com\/?p=5283\",\"url\":\"https:\/\/cacaunews.com\/?p=5283\",\"name\":\"Crian\u00e7a de 2 anos morre ap\u00f3s cair de moto na zona rural de Itanh\u00e9m, extremo sul baiano. - Cacau News\",\"isPartOf\":{\"@id\":\"https:\/\/cacaunews.com\/#website\"},\"datePublished\":\"2024-12-09T12:00:31+00:00\",\"dateModified\":\"2024-12-09T12:55:48+00:00\",\"breadcrumb\":{\"@id\":\"https:\/\/cacaunews.com\/?p=5283#breadcrumb\"},\"inLanguage\":\"pt-BR\",\"potentialAction\":[{\"@type\":\"ReadAction\",\"target\":[\"https:\/\/cacaunews.com\/?p=5283\"]}]},{\"@type\":\"BreadcrumbList\",\"@id\":\"https:\/\/cacaunews.com\/?p=5283#breadcrumb\",\"itemListElement\":[{\"@type\":\"ListItem\",\"position\":1,\"name\":\"In\u00edcio\",\"item\":\"https:\/\/cacaunews.com\/\"},{\"@type\":\"ListItem\",\"position\":2,\"name\":\"Crian\u00e7a de 2 anos morre ap\u00f3s cair de moto na zona rural de Itanh\u00e9m, extremo sul baiano.\"}]},{\"@type\":\"WebSite\",\"@id\":\"https:\/\/cacaunews.com\/#website\",\"url\":\"https:\/\/cacaunews.com\/\",\"name\":\"Cacau News\",\"description\":\"A Informa\u00e7\u00e3o que voc\u00ea precisa!\",\"publisher\":{\"@id\":\"https:\/\/cacaunews.com\/#organization\"},\"potentialAction\":[{\"@type\":\"SearchAction\",\"target\":{\"@type\":\"EntryPoint\",\"urlTemplate\":\"https:\/\/cacaunews.com\/?s={search_term_string}\"},\"query-input\":\"required name=search_term_string\"}],\"inLanguage\":\"pt-BR\"},{\"@type\":\"Organization\",\"@id\":\"https:\/\/cacaunews.com\/#organization\",\"name\":\"Cacau News\",\"url\":\"https:\/\/cacaunews.com\/\",\"logo\":{\"@type\":\"ImageObject\",\"inLanguage\":\"pt-BR\",\"@id\":\"https:\/\/cacaunews.com\/#\/schema\/logo\/image\/\",\"url\":\"https:\/\/cacaunews.com\/wp-content\/uploads\/2025\/01\/cropped-LOGO-NOVA.png\",\"contentUrl\":\"https:\/\/cacaunews.com\/wp-content\/uploads\/2025\/01\/cropped-LOGO-NOVA.png\",\"width\":813,\"height\":813,\"caption\":\"Cacau News\"},\"image\":{\"@id\":\"https:\/\/cacaunews.com\/#\/schema\/logo\/image\/\"},\"sameAs\":[\"https:\/\/www.instagram.com\/cacaunews.online\/\",\"https:\/\/youtube.com\/@cacaunews?si=0VXLnjl08SrWbVG9\"]},{\"@type\":\"Person\",\"@id\":\"https:\/\/cacaunews.com\/#\/schema\/person\/ea69703103e606ad347ccd64bd72ef79\",\"name\":\"Reda\u00e7\u00e3o Cacau News\",\"image\":{\"@type\":\"ImageObject\",\"inLanguage\":\"pt-BR\",\"@id\":\"https:\/\/cacaunews.com\/#\/schema\/person\/image\/\",\"url\":\"https:\/\/secure.gravatar.com\/avatar\/d79227a2a7b6cc42e8d7a8f7c284cd3a?s=96&d=mm&r=g\",\"contentUrl\":\"https:\/\/secure.gravatar.com\/avatar\/d79227a2a7b6cc42e8d7a8f7c284cd3a?s=96&d=mm&r=g\",\"caption\":\"Reda\u00e7\u00e3o Cacau News\"},\"sameAs\":[\"https:\/\/cacaunews.com\"],\"url\":\"https:\/\/cacaunews.com\/?author=1\"}]}<\/script>\n<!-- \/ Yoast SEO plugin. -->","yoast_head_json":{"title":"Crian\u00e7a de 2 anos morre ap\u00f3s cair de moto na zona rural de Itanh\u00e9m, extremo sul baiano. - Cacau News","robots":{"index":"index","follow":"follow","max-snippet":"max-snippet:-1","max-image-preview":"max-image-preview:large","max-video-preview":"max-video-preview:-1"},"canonical":"https:\/\/cacaunews.com\/?p=5283","og_locale":"pt_BR","og_type":"article","og_title":"Crian\u00e7a de 2 anos morre ap\u00f3s cair de moto na zona rural de Itanh\u00e9m, extremo sul baiano. - Cacau News","og_description":"Uma crian\u00e7a de dois anos identificada como Reynan Neves Santana, morreu ap\u00f3s cair da motocicleta...","og_url":"https:\/\/cacaunews.com\/?p=5283","og_site_name":"Cacau News","article_published_time":"2024-12-09T12:00:31+00:00","article_modified_time":"2024-12-09T12:55:48+00:00","og_image":[{"width":1080,"height":567,"url":"https:\/\/cacaunews.com\/wp-content\/uploads\/2024\/12\/IMAGEM_NOTICIA_9281529.jpeg","type":"image\/jpeg"}],"author":"Reda\u00e7\u00e3o Cacau News","twitter_card":"summary_large_image","twitter_misc":{"Escrito por":"Reda\u00e7\u00e3o Cacau News","Est. tempo de leitura":"1 minuto"},"schema":{"@context":"https:\/\/schema.org","@graph":[{"@type":"Article","@id":"https:\/\/cacaunews.com\/?p=5283#article","isPartOf":{"@id":"https:\/\/cacaunews.com\/?p=5283"},"author":{"name":"Reda\u00e7\u00e3o Cacau News","@id":"https:\/\/cacaunews.com\/#\/schema\/person\/ea69703103e606ad347ccd64bd72ef79"},"headline":"Crian\u00e7a de 2 anos morre ap\u00f3s cair de moto na zona rural de Itanh\u00e9m, extremo sul baiano.","datePublished":"2024-12-09T12:00:31+00:00","dateModified":"2024-12-09T12:55:48+00:00","mainEntityOfPage":{"@id":"https:\/\/cacaunews.com\/?p=5283"},"wordCount":140,"commentCount":0,"publisher":{"@id":"https:\/\/cacaunews.com\/#organization"},"keywords":["acidente","bahia","crian\u00e7a","itanh\u00e9m"],"articleSection":["cidades","Internet","Jornalismo"],"inLanguage":"pt-BR","potentialAction":[{"@type":"CommentAction","name":"Comment","target":["https:\/\/cacaunews.com\/?p=5283#respond"]}]},{"@type":"WebPage","@id":"https:\/\/cacaunews.com\/?p=5283","url":"https:\/\/cacaunews.com\/?p=5283","name":"Crian\u00e7a de 2 anos morre ap\u00f3s cair de moto na zona rural de Itanh\u00e9m, extremo sul baiano. - Cacau News","isPartOf":{"@id":"https:\/\/cacaunews.com\/#website"},"datePublished":"2024-12-09T12:00:31+00:00","dateModified":"2024-12-09T12:55:48+00:00","breadcrumb":{"@id":"https:\/\/cacaunews.com\/?p=5283#breadcrumb"},"inLanguage":"pt-BR","potentialAction":[{"@type":"ReadAction","target":["https:\/\/cacaunews.com\/?p=5283"]}]},{"@type":"BreadcrumbList","@id":"https:\/\/cacaunews.com\/?p=5283#breadcrumb","itemListElement":[{"@type":"ListItem","position":1,"name":"In\u00edcio","item":"https:\/\/cacaunews.com\/"},{"@type":"ListItem","position":2,"name":"Crian\u00e7a de 2 anos morre ap\u00f3s cair de moto na zona rural de Itanh\u00e9m, extremo sul baiano."}]},{"@type":"WebSite","@id":"https:\/\/cacaunews.com\/#website","url":"https:\/\/cacaunews.com\/","name":"Cacau News","description":"A Informa\u00e7\u00e3o que voc\u00ea precisa!","publisher":{"@id":"https:\/\/cacaunews.com\/#organization"},"potentialAction":[{"@type":"SearchAction","target":{"@type":"EntryPoint","urlTemplate":"https:\/\/cacaunews.com\/?s={search_term_string}"},"query-input":"required name=search_term_string"}],"inLanguage":"pt-BR"},{"@type":"Organization","@id":"https:\/\/cacaunews.com\/#organization","name":"Cacau News","url":"https:\/\/cacaunews.com\/","logo":{"@type":"ImageObject","inLanguage":"pt-BR","@id":"https:\/\/cacaunews.com\/#\/schema\/logo\/image\/","url":"https:\/\/cacaunews.com\/wp-content\/uploads\/2025\/01\/cropped-LOGO-NOVA.png","contentUrl":"https:\/\/cacaunews.com\/wp-content\/uploads\/2025\/01\/cropped-LOGO-NOVA.png","width":813,"height":813,"caption":"Cacau News"},"image":{"@id":"https:\/\/cacaunews.com\/#\/schema\/logo\/image\/"},"sameAs":["https:\/\/www.instagram.com\/cacaunews.online\/","https:\/\/youtube.com\/@cacaunews?si=0VXLnjl08SrWbVG9"]},{"@type":"Person","@id":"https:\/\/cacaunews.com\/#\/schema\/person\/ea69703103e606ad347ccd64bd72ef79","name":"Reda\u00e7\u00e3o Cacau News","image":{"@type":"ImageObject","inLanguage":"pt-BR","@id":"https:\/\/cacaunews.com\/#\/schema\/person\/image\/","url":"https:\/\/secure.gravatar.com\/avatar\/d79227a2a7b6cc42e8d7a8f7c284cd3a?s=96&d=mm&r=g","contentUrl":"https:\/\/secure.gravatar.com\/avatar\/d79227a2a7b6cc42e8d7a8f7c284cd3a?s=96&d=mm&r=g","caption":"Reda\u00e7\u00e3o Cacau News"},"sameAs":["https:\/\/cacaunews.com"],"url":"https:\/\/cacaunews.com\/?author=1"}]}},"jetpack_sharing_enabled":true,"jetpack_featured_media_url":"https:\/\/cacaunews.com\/wp-content\/uploads\/2024\/12\/IMAGEM_NOTICIA_9281529.jpeg","_links":{"self":[{"href":"https:\/\/cacaunews.com\/index.php?rest_route=\/wp\/v2\/posts\/5283"}],"collection":[{"href":"https:\/\/cacaunews.com\/index.php?rest_route=\/wp\/v2\/posts"}],"about":[{"href":"https:\/\/cacaunews.com\/index.php?rest_route=\/wp\/v2\/types\/post"}],"author":[{"embeddable":true,"href":"https:\/\/cacaunews.com\/index.php?rest_route=\/wp\/v2\/users\/1"}],"replies":[{"embeddable":true,"href":"https:\/\/cacaunews.com\/index.php?rest_route=%2Fwp%2Fv2%2Fcomments&post=5283"}],"version-history":[{"count":1,"href":"https:\/\/cacaunews.com\/index.php?rest_route=\/wp\/v2\/posts\/5283\/revisions"}],"predecessor-version":[{"id":5284,"href":"https:\/\/cacaunews.com\/index.php?rest_route=\/wp\/v2\/posts\/5283\/revisions\/5284"}],"wp:featuredmedia":[{"embeddable":true,"href":"https:\/\/cacaunews.com\/index.php?rest_route=\/wp\/v2\/media\/5282"}],"wp:attachment":[{"href":"https:\/\/cacaunews.com\/index.php?rest_route=%2Fwp%2Fv2%2Fmedia&parent=5283"}],"wp:term":[{"taxonomy":"category","embeddable":true,"href":"https:\/\/cacaunews.com\/index.php?rest_route=%2Fwp%2Fv2%2Fcategories&post=5283"},{"taxonomy":"post_tag","embeddable":true,"href":"https:\/\/cacaunews.com\/index.php?rest_route=%2Fwp%2Fv2%2Ftags&post=5283"}],"curies":[{"name":"wp","href":"https:\/\/api.w.org\/{rel}","templated":true}]}}