{"id":5299,"date":"2024-12-10T12:00:55","date_gmt":"2024-12-10T12:00:55","guid":{"rendered":"https:\/\/cacaunews.com\/?p=5299"},"modified":"2024-12-10T14:10:16","modified_gmt":"2024-12-10T14:10:16","slug":"amurc-celebra-40-anos-de-fortalecimento-da-gestao-municipal-nos-municipios","status":"publish","type":"post","link":"https:\/\/cacaunews.com\/?p=5299","title":{"rendered":"AMURC celebra 40 anos de fortalecimento da gest\u00e3o p\u00fablica nos munic\u00edpios."},"content":{"rendered":"\n<p>A Associa\u00e7\u00e3o dos Munic\u00edpios do Sul, Extremo Sul e Sudoeste da Bahia (Amurc) comemorou, nesta semana, seus 40 anos de atua\u00e7\u00e3o como uma das poucas institui\u00e7\u00f5es do Brasil que une prefeituras em prol do fortalecimento da gest\u00e3o p\u00fablica. Ao longo dessas quatro d\u00e9cadas, a Amurc consolidou-se como um pilar de apoio aos gestores municipais, beneficiando diretamente 2,5 milh\u00f5es de baianos que vivem sob a abrang\u00eancia da associa\u00e7\u00e3o.<br \/><br \/>A celebra\u00e7\u00e3o ocorreu durante o evento de Gest\u00e3o e Desenvolvimento, realizado em parceria com o Sebrae e a Universidade Estadual de Santa Cruz (Uesc). O encontro reuniu prefeitos, secret\u00e1rios e lideran\u00e7as regionais, destacando o papel da Amurc na capacita\u00e7\u00e3o e suporte t\u00e9cnico para a melhoria dos servi\u00e7os p\u00fablicos.<\/p>\n\n\n\n<p>O presidente da Amurc, Jadson Albano, destacou a relev\u00e2ncia do trabalho realizado. \u201cEstamos celebrando n\u00e3o apenas a hist\u00f3ria da Amurc, mas a vida de cada gestor que se dedica de cora\u00e7\u00e3o a oferecer melhores servi\u00e7os para o seu povo. Este \u00e9 o prop\u00f3sito que nos une. Deus aben\u00e7oe cada prefeito e a continuidade deste trabalho que tanto transforma a nossa regi\u00e3o.\u201d<br \/><br \/>A parceria com o Sebrae foi um ponto alto da comemora\u00e7\u00e3o, sendo lembrada como fundamental para o desenvolvimento de projetos e capacita\u00e7\u00f5es que fortalecem as secretarias municipais. \u201cEsse suporte t\u00e9cnico \u00e9 indispens\u00e1vel para que as prefeituras possam atender \u00e0s demandas crescentes da popula\u00e7\u00e3o com efici\u00eancia e inova\u00e7\u00e3o\u201d, afirmou um dos prefeitos presentes.<\/p>\n\n\n\n<p>Com a miss\u00e3o de promover a uni\u00e3o entre os munic\u00edpios e capacitar gestores, a Amurc celebra n\u00e3o apenas seu passado de realiza\u00e7\u00f5es, mas tamb\u00e9m sua vis\u00e3o para o futuro. \u201cVida longa \u00e0 Amurc, que continua sendo sin\u00f4nimo de progresso e esperan\u00e7a para a nossa regi\u00e3o\u201d, concluiu o presidente em entrevista exclusiva ao jornalista Anderson Silva.<\/p>\n\n\n\n<p>Com Informa\u00e7\u00f5es Boca News; Rep. Anderson Silva<\/p>\n","protected":false},"excerpt":{"rendered":"<p>A Associa\u00e7\u00e3o dos Munic\u00edpios do Sul, Extremo Sul e Sudoeste da Bahia (Amurc) comemorou, nesta&#8230;<\/p>\n","protected":false},"author":1,"featured_media":5298,"comment_status":"open","ping_status":"open","sticky":false,"template":"","format":"standard","meta":{"footnotes":""},"categories":[18,4,11],"tags":[458,238,1894,513],"yoast_head":"<!-- This site is optimized with the Yoast SEO plugin v21.7 - https:\/\/yoast.com\/wordpress\/plugins\/seo\/ -->\n<title>AMURC celebra 40 anos de fortalecimento da gest\u00e3o p\u00fablica nos munic\u00edpios. - Cacau News<\/title>\n<meta name=\"robots\" content=\"index, follow, max-snippet:-1, max-image-preview:large, max-video-preview:-1\" \/>\n<link rel=\"canonical\" href=\"https:\/\/cacaunews.com\/?p=5299\" \/>\n<meta property=\"og:locale\" content=\"pt_BR\" \/>\n<meta property=\"og:type\" content=\"article\" \/>\n<meta property=\"og:title\" content=\"AMURC celebra 40 anos de fortalecimento da gest\u00e3o p\u00fablica nos munic\u00edpios. - Cacau News\" \/>\n<meta property=\"og:description\" content=\"A Associa\u00e7\u00e3o dos Munic\u00edpios do Sul, Extremo Sul e Sudoeste da Bahia (Amurc) comemorou, nesta...\" \/>\n<meta property=\"og:url\" content=\"https:\/\/cacaunews.com\/?p=5299\" \/>\n<meta property=\"og:site_name\" content=\"Cacau News\" \/>\n<meta property=\"article:published_time\" content=\"2024-12-10T12:00:55+00:00\" \/>\n<meta property=\"article:modified_time\" content=\"2024-12-10T14:10:16+00:00\" \/>\n<meta property=\"og:image\" content=\"https:\/\/cacaunews.com\/wp-content\/uploads\/2024\/12\/image_editor_output_image-174848044-1733832866892.jpg\" \/>\n\t<meta property=\"og:image:width\" content=\"1080\" \/>\n\t<meta property=\"og:image:height\" content=\"822\" \/>\n\t<meta property=\"og:image:type\" content=\"image\/jpeg\" \/>\n<meta name=\"author\" content=\"Reda\u00e7\u00e3o Cacau News\" \/>\n<meta name=\"twitter:card\" content=\"summary_large_image\" \/>\n<meta name=\"twitter:label1\" content=\"Escrito por\" \/>\n\t<meta name=\"twitter:data1\" content=\"Reda\u00e7\u00e3o Cacau News\" \/>\n\t<meta name=\"twitter:label2\" content=\"Est. tempo de leitura\" \/>\n\t<meta name=\"twitter:data2\" content=\"2 minutos\" \/>\n<script type=\"application\/ld+json\" class=\"yoast-schema-graph\">{\"@context\":\"https:\/\/schema.org\",\"@graph\":[{\"@type\":\"Article\",\"@id\":\"https:\/\/cacaunews.com\/?p=5299#article\",\"isPartOf\":{\"@id\":\"https:\/\/cacaunews.com\/?p=5299\"},\"author\":{\"name\":\"Reda\u00e7\u00e3o Cacau News\",\"@id\":\"https:\/\/cacaunews.com\/#\/schema\/person\/ea69703103e606ad347ccd64bd72ef79\"},\"headline\":\"AMURC celebra 40 anos de fortalecimento da gest\u00e3o p\u00fablica nos munic\u00edpios.\",\"datePublished\":\"2024-12-10T12:00:55+00:00\",\"dateModified\":\"2024-12-10T14:10:16+00:00\",\"mainEntityOfPage\":{\"@id\":\"https:\/\/cacaunews.com\/?p=5299\"},\"wordCount\":342,\"commentCount\":0,\"publisher\":{\"@id\":\"https:\/\/cacaunews.com\/#organization\"},\"keywords\":[\"40 anos\",\"AMURC\",\"celebra\u00e7\u00e3o\",\"gest\u00e3o\"],\"articleSection\":[\"cidades\",\"Internet\",\"Jornalismo\"],\"inLanguage\":\"pt-BR\",\"potentialAction\":[{\"@type\":\"CommentAction\",\"name\":\"Comment\",\"target\":[\"https:\/\/cacaunews.com\/?p=5299#respond\"]}]},{\"@type\":\"WebPage\",\"@id\":\"https:\/\/cacaunews.com\/?p=5299\",\"url\":\"https:\/\/cacaunews.com\/?p=5299\",\"name\":\"AMURC celebra 40 anos de fortalecimento da gest\u00e3o p\u00fablica nos munic\u00edpios. - Cacau News\",\"isPartOf\":{\"@id\":\"https:\/\/cacaunews.com\/#website\"},\"datePublished\":\"2024-12-10T12:00:55+00:00\",\"dateModified\":\"2024-12-10T14:10:16+00:00\",\"breadcrumb\":{\"@id\":\"https:\/\/cacaunews.com\/?p=5299#breadcrumb\"},\"inLanguage\":\"pt-BR\",\"potentialAction\":[{\"@type\":\"ReadAction\",\"target\":[\"https:\/\/cacaunews.com\/?p=5299\"]}]},{\"@type\":\"BreadcrumbList\",\"@id\":\"https:\/\/cacaunews.com\/?p=5299#breadcrumb\",\"itemListElement\":[{\"@type\":\"ListItem\",\"position\":1,\"name\":\"In\u00edcio\",\"item\":\"https:\/\/cacaunews.com\/\"},{\"@type\":\"ListItem\",\"position\":2,\"name\":\"AMURC celebra 40 anos de fortalecimento da gest\u00e3o p\u00fablica nos munic\u00edpios.\"}]},{\"@type\":\"WebSite\",\"@id\":\"https:\/\/cacaunews.com\/#website\",\"url\":\"https:\/\/cacaunews.com\/\",\"name\":\"Cacau News\",\"description\":\"A Informa\u00e7\u00e3o que voc\u00ea precisa!\",\"publisher\":{\"@id\":\"https:\/\/cacaunews.com\/#organization\"},\"potentialAction\":[{\"@type\":\"SearchAction\",\"target\":{\"@type\":\"EntryPoint\",\"urlTemplate\":\"https:\/\/cacaunews.com\/?s={search_term_string}\"},\"query-input\":\"required name=search_term_string\"}],\"inLanguage\":\"pt-BR\"},{\"@type\":\"Organization\",\"@id\":\"https:\/\/cacaunews.com\/#organization\",\"name\":\"Cacau News\",\"url\":\"https:\/\/cacaunews.com\/\",\"logo\":{\"@type\":\"ImageObject\",\"inLanguage\":\"pt-BR\",\"@id\":\"https:\/\/cacaunews.com\/#\/schema\/logo\/image\/\",\"url\":\"https:\/\/cacaunews.com\/wp-content\/uploads\/2025\/01\/cropped-LOGO-NOVA.png\",\"contentUrl\":\"https:\/\/cacaunews.com\/wp-content\/uploads\/2025\/01\/cropped-LOGO-NOVA.png\",\"width\":813,\"height\":813,\"caption\":\"Cacau News\"},\"image\":{\"@id\":\"https:\/\/cacaunews.com\/#\/schema\/logo\/image\/\"},\"sameAs\":[\"https:\/\/www.instagram.com\/cacaunews.online\/\",\"https:\/\/youtube.com\/@cacaunews?si=0VXLnjl08SrWbVG9\"]},{\"@type\":\"Person\",\"@id\":\"https:\/\/cacaunews.com\/#\/schema\/person\/ea69703103e606ad347ccd64bd72ef79\",\"name\":\"Reda\u00e7\u00e3o Cacau News\",\"image\":{\"@type\":\"ImageObject\",\"inLanguage\":\"pt-BR\",\"@id\":\"https:\/\/cacaunews.com\/#\/schema\/person\/image\/\",\"url\":\"https:\/\/secure.gravatar.com\/avatar\/d79227a2a7b6cc42e8d7a8f7c284cd3a?s=96&d=mm&r=g\",\"contentUrl\":\"https:\/\/secure.gravatar.com\/avatar\/d79227a2a7b6cc42e8d7a8f7c284cd3a?s=96&d=mm&r=g\",\"caption\":\"Reda\u00e7\u00e3o Cacau News\"},\"sameAs\":[\"https:\/\/cacaunews.com\"],\"url\":\"https:\/\/cacaunews.com\/?author=1\"}]}<\/script>\n<!-- \/ Yoast SEO plugin. -->","yoast_head_json":{"title":"AMURC celebra 40 anos de fortalecimento da gest\u00e3o p\u00fablica nos munic\u00edpios. - Cacau News","robots":{"index":"index","follow":"follow","max-snippet":"max-snippet:-1","max-image-preview":"max-image-preview:large","max-video-preview":"max-video-preview:-1"},"canonical":"https:\/\/cacaunews.com\/?p=5299","og_locale":"pt_BR","og_type":"article","og_title":"AMURC celebra 40 anos de fortalecimento da gest\u00e3o p\u00fablica nos munic\u00edpios. - Cacau News","og_description":"A Associa\u00e7\u00e3o dos Munic\u00edpios do Sul, Extremo Sul e Sudoeste da Bahia (Amurc) comemorou, nesta...","og_url":"https:\/\/cacaunews.com\/?p=5299","og_site_name":"Cacau News","article_published_time":"2024-12-10T12:00:55+00:00","article_modified_time":"2024-12-10T14:10:16+00:00","og_image":[{"width":1080,"height":822,"url":"https:\/\/cacaunews.com\/wp-content\/uploads\/2024\/12\/image_editor_output_image-174848044-1733832866892.jpg","type":"image\/jpeg"}],"author":"Reda\u00e7\u00e3o Cacau News","twitter_card":"summary_large_image","twitter_misc":{"Escrito por":"Reda\u00e7\u00e3o Cacau News","Est. tempo de leitura":"2 minutos"},"schema":{"@context":"https:\/\/schema.org","@graph":[{"@type":"Article","@id":"https:\/\/cacaunews.com\/?p=5299#article","isPartOf":{"@id":"https:\/\/cacaunews.com\/?p=5299"},"author":{"name":"Reda\u00e7\u00e3o Cacau News","@id":"https:\/\/cacaunews.com\/#\/schema\/person\/ea69703103e606ad347ccd64bd72ef79"},"headline":"AMURC celebra 40 anos de fortalecimento da gest\u00e3o p\u00fablica nos munic\u00edpios.","datePublished":"2024-12-10T12:00:55+00:00","dateModified":"2024-12-10T14:10:16+00:00","mainEntityOfPage":{"@id":"https:\/\/cacaunews.com\/?p=5299"},"wordCount":342,"commentCount":0,"publisher":{"@id":"https:\/\/cacaunews.com\/#organization"},"keywords":["40 anos","AMURC","celebra\u00e7\u00e3o","gest\u00e3o"],"articleSection":["cidades","Internet","Jornalismo"],"inLanguage":"pt-BR","potentialAction":[{"@type":"CommentAction","name":"Comment","target":["https:\/\/cacaunews.com\/?p=5299#respond"]}]},{"@type":"WebPage","@id":"https:\/\/cacaunews.com\/?p=5299","url":"https:\/\/cacaunews.com\/?p=5299","name":"AMURC celebra 40 anos de fortalecimento da gest\u00e3o p\u00fablica nos munic\u00edpios. - Cacau News","isPartOf":{"@id":"https:\/\/cacaunews.com\/#website"},"datePublished":"2024-12-10T12:00:55+00:00","dateModified":"2024-12-10T14:10:16+00:00","breadcrumb":{"@id":"https:\/\/cacaunews.com\/?p=5299#breadcrumb"},"inLanguage":"pt-BR","potentialAction":[{"@type":"ReadAction","target":["https:\/\/cacaunews.com\/?p=5299"]}]},{"@type":"BreadcrumbList","@id":"https:\/\/cacaunews.com\/?p=5299#breadcrumb","itemListElement":[{"@type":"ListItem","position":1,"name":"In\u00edcio","item":"https:\/\/cacaunews.com\/"},{"@type":"ListItem","position":2,"name":"AMURC celebra 40 anos de fortalecimento da gest\u00e3o p\u00fablica nos munic\u00edpios."}]},{"@type":"WebSite","@id":"https:\/\/cacaunews.com\/#website","url":"https:\/\/cacaunews.com\/","name":"Cacau News","description":"A Informa\u00e7\u00e3o que voc\u00ea precisa!","publisher":{"@id":"https:\/\/cacaunews.com\/#organization"},"potentialAction":[{"@type":"SearchAction","target":{"@type":"EntryPoint","urlTemplate":"https:\/\/cacaunews.com\/?s={search_term_string}"},"query-input":"required name=search_term_string"}],"inLanguage":"pt-BR"},{"@type":"Organization","@id":"https:\/\/cacaunews.com\/#organization","name":"Cacau News","url":"https:\/\/cacaunews.com\/","logo":{"@type":"ImageObject","inLanguage":"pt-BR","@id":"https:\/\/cacaunews.com\/#\/schema\/logo\/image\/","url":"https:\/\/cacaunews.com\/wp-content\/uploads\/2025\/01\/cropped-LOGO-NOVA.png","contentUrl":"https:\/\/cacaunews.com\/wp-content\/uploads\/2025\/01\/cropped-LOGO-NOVA.png","width":813,"height":813,"caption":"Cacau News"},"image":{"@id":"https:\/\/cacaunews.com\/#\/schema\/logo\/image\/"},"sameAs":["https:\/\/www.instagram.com\/cacaunews.online\/","https:\/\/youtube.com\/@cacaunews?si=0VXLnjl08SrWbVG9"]},{"@type":"Person","@id":"https:\/\/cacaunews.com\/#\/schema\/person\/ea69703103e606ad347ccd64bd72ef79","name":"Reda\u00e7\u00e3o Cacau News","image":{"@type":"ImageObject","inLanguage":"pt-BR","@id":"https:\/\/cacaunews.com\/#\/schema\/person\/image\/","url":"https:\/\/secure.gravatar.com\/avatar\/d79227a2a7b6cc42e8d7a8f7c284cd3a?s=96&d=mm&r=g","contentUrl":"https:\/\/secure.gravatar.com\/avatar\/d79227a2a7b6cc42e8d7a8f7c284cd3a?s=96&d=mm&r=g","caption":"Reda\u00e7\u00e3o Cacau News"},"sameAs":["https:\/\/cacaunews.com"],"url":"https:\/\/cacaunews.com\/?author=1"}]}},"jetpack_sharing_enabled":true,"jetpack_featured_media_url":"https:\/\/cacaunews.com\/wp-content\/uploads\/2024\/12\/image_editor_output_image-174848044-1733832866892.jpg","_links":{"self":[{"href":"https:\/\/cacaunews.com\/index.php?rest_route=\/wp\/v2\/posts\/5299"}],"collection":[{"href":"https:\/\/cacaunews.com\/index.php?rest_route=\/wp\/v2\/posts"}],"about":[{"href":"https:\/\/cacaunews.com\/index.php?rest_route=\/wp\/v2\/types\/post"}],"author":[{"embeddable":true,"href":"https:\/\/cacaunews.com\/index.php?rest_route=\/wp\/v2\/users\/1"}],"replies":[{"embeddable":true,"href":"https:\/\/cacaunews.com\/index.php?rest_route=%2Fwp%2Fv2%2Fcomments&post=5299"}],"version-history":[{"count":3,"href":"https:\/\/cacaunews.com\/index.php?rest_route=\/wp\/v2\/posts\/5299\/revisions"}],"predecessor-version":[{"id":5311,"href":"https:\/\/cacaunews.com\/index.php?rest_route=\/wp\/v2\/posts\/5299\/revisions\/5311"}],"wp:featuredmedia":[{"embeddable":true,"href":"https:\/\/cacaunews.com\/index.php?rest_route=\/wp\/v2\/media\/5298"}],"wp:attachment":[{"href":"https:\/\/cacaunews.com\/index.php?rest_route=%2Fwp%2Fv2%2Fmedia&parent=5299"}],"wp:term":[{"taxonomy":"category","embeddable":true,"href":"https:\/\/cacaunews.com\/index.php?rest_route=%2Fwp%2Fv2%2Fcategories&post=5299"},{"taxonomy":"post_tag","embeddable":true,"href":"https:\/\/cacaunews.com\/index.php?rest_route=%2Fwp%2Fv2%2Ftags&post=5299"}],"curies":[{"name":"wp","href":"https:\/\/api.w.org\/{rel}","templated":true}]}}