{"id":5333,"date":"2024-12-11T21:40:39","date_gmt":"2024-12-11T21:40:39","guid":{"rendered":"https:\/\/cacaunews.com\/?p=5333"},"modified":"2024-12-11T21:39:59","modified_gmt":"2024-12-11T21:39:59","slug":"seminario-marca-os-40-anos-da-amurc-com-troca-de-experiencias-entre-prefeitos-eleitos-e-reeleitos","status":"publish","type":"post","link":"https:\/\/cacaunews.com\/?p=5333","title":{"rendered":"Semin\u00e1rio marca os 40 anos da AMURC com troca de experi\u00eancias entre prefeitos eleitos e reeleitos."},"content":{"rendered":"\n<p>O Semin\u00e1rio Gest\u00e3o e Desenvolvimento das Cidades encerrou nesta ter\u00e7a-feira, 10, no audit\u00f3rio Praia do Sol, em Ilh\u00e9us, com a grande participa\u00e7\u00e3o de prefeitos eleitos e reeleitos dos munic\u00edpios de atua\u00e7\u00e3o da AMURC, bem como a presen\u00e7a de representantes institucionais p\u00fablicas e privadas. Os dois dias de evento foram marcados pela celebra\u00e7\u00e3o dos 40 anos de funda\u00e7\u00e3o da AMURC e uma grande intera\u00e7\u00e3o entre os gestores p\u00fablicos.<br><br>A necessidade de inova\u00e7\u00e3o tecnol\u00f3gica, alinhada a efici\u00eancia t\u00e9cnica e humaniza\u00e7\u00e3o da Gest\u00e3o P\u00fablica foram temas evidenciados e bastante debatidos por especialistas da AMURC, SEBRAE, UESC, UPB, Tribunal de Contas do Estado (TCE) e Tribunal de Contas dos Munic\u00edpios (TCM). <\/p>\n\n\n\n<figure class=\"wp-block-image size-large\"><img fetchpriority=\"high\" decoding=\"async\" width=\"1024\" height=\"576\" src=\"https:\/\/cacaunews.com\/wp-content\/uploads\/2024\/12\/img-20241211-wa01558859727369885030249-1024x576.jpg\" alt=\"\" class=\"wp-image-5330\" srcset=\"https:\/\/cacaunews.com\/wp-content\/uploads\/2024\/12\/img-20241211-wa01558859727369885030249-1024x576.jpg 1024w, https:\/\/cacaunews.com\/wp-content\/uploads\/2024\/12\/img-20241211-wa01558859727369885030249-300x169.jpg 300w, https:\/\/cacaunews.com\/wp-content\/uploads\/2024\/12\/img-20241211-wa01558859727369885030249-768x432.jpg 768w, https:\/\/cacaunews.com\/wp-content\/uploads\/2024\/12\/img-20241211-wa01558859727369885030249-1536x864.jpg 1536w, https:\/\/cacaunews.com\/wp-content\/uploads\/2024\/12\/img-20241211-wa01558859727369885030249.jpg 1600w\" sizes=\"(max-width: 1024px) 100vw, 1024px\" \/><\/figure>\n\n\n\n<p><br><br>O evento foi uma realiza\u00e7\u00e3o da AMURC &#8211; Associa\u00e7\u00e3o dos Munic\u00edpios do Sul, Extremo Sul e Sudoeste Baiano, SEBRAE &#8211; Servi\u00e7o Brasileiro de Apoio \u00e0s Micro e Pequenas Empresas &#8211; e UESC &#8211; Universidade Estadual de Santa Cruz, com o apoio do IMAP \u2013 Instituto Municipal de Administra\u00e7\u00e3o P\u00fablica e UPB &#8211; Uni\u00e3o dos Munic\u00edpios da Bahia.<br><br>No primeiro dia do Semin\u00e1rio, o secret\u00e1rio de Administra\u00e7\u00e3o e Finan\u00e7as da cidade de Amargosa, Joanildo Borges de Jesus, destacou a inova\u00e7\u00e3o tecnol\u00f3gica implementada na atual gest\u00e3o, falou dos diversos desafios enfrentados a exemplo da estrutura burocr\u00e1tica, resist\u00eancia a mudan\u00e7as, falta de integra\u00e7\u00e3o tecnol\u00f3gica, limita\u00e7\u00e3o or\u00e7ament\u00e1ria, contrapondo a necessidade de uma cultura desruptiva.<br><br>J\u00e1 as experi\u00eancias exitosas dos munic\u00edpios de Jequi\u00e9 levaram o p\u00fablico a refletir sobre a necessidade de implementar uma Gest\u00e3o P\u00fablica eficiente, com uma maior capacidade para a capta\u00e7\u00e3o de recursos e investimento em pol\u00edticas p\u00fablicas. Durante a sua fala, o prefeito Zenildo Brand\u00e3o, \u201cZ\u00e9 Coca\u201d, destacou o papel da AMURC para o fortalecimento da Gest\u00e3o P\u00fablica Municipal, fundamental para a constru\u00e7\u00e3o das pol\u00edticas p\u00fablicas.<br><br>No dia seguinte, a secret\u00e1ria executiva da AMURC, Rita Souza apresentou os projetos, parcerias e as a\u00e7\u00f5es desenvolvidas pela Associa\u00e7\u00e3o nos \u00faltimos dois anos do atual presidente Jadson Albano. Dentre as a\u00e7\u00f5es, destacou-se a Sala Lil\u00e1s \u2013 Suporte de Ouvidoria para o atendimento \u00e0s mulheres v\u00edtimas de viol\u00eancia, que est\u00e1 em funcionamento na sede da entidade.<\/p>\n\n\n\n<figure class=\"wp-block-gallery has-nested-images columns-default is-cropped wp-block-gallery-1 is-layout-flex wp-block-gallery-is-layout-flex\">\n<figure class=\"wp-block-image size-large\"><img decoding=\"async\" width=\"1024\" height=\"576\" data-id=\"5331\" src=\"https:\/\/cacaunews.com\/wp-content\/uploads\/2024\/12\/img-20241211-wa01566826791156068100494-1024x576.jpg\" alt=\"\" class=\"wp-image-5331\" srcset=\"https:\/\/cacaunews.com\/wp-content\/uploads\/2024\/12\/img-20241211-wa01566826791156068100494-1024x576.jpg 1024w, https:\/\/cacaunews.com\/wp-content\/uploads\/2024\/12\/img-20241211-wa01566826791156068100494-300x169.jpg 300w, https:\/\/cacaunews.com\/wp-content\/uploads\/2024\/12\/img-20241211-wa01566826791156068100494-768x432.jpg 768w, https:\/\/cacaunews.com\/wp-content\/uploads\/2024\/12\/img-20241211-wa01566826791156068100494-1536x864.jpg 1536w, https:\/\/cacaunews.com\/wp-content\/uploads\/2024\/12\/img-20241211-wa01566826791156068100494.jpg 1600w\" sizes=\"(max-width: 1024px) 100vw, 1024px\" \/><\/figure>\n\n\n\n<figure class=\"wp-block-image size-large\"><img decoding=\"async\" width=\"1024\" height=\"576\" data-id=\"5332\" src=\"https:\/\/cacaunews.com\/wp-content\/uploads\/2024\/12\/img-20241211-wa01573709454605840687785-1024x576.jpg\" alt=\"\" class=\"wp-image-5332\" srcset=\"https:\/\/cacaunews.com\/wp-content\/uploads\/2024\/12\/img-20241211-wa01573709454605840687785-1024x576.jpg 1024w, https:\/\/cacaunews.com\/wp-content\/uploads\/2024\/12\/img-20241211-wa01573709454605840687785-300x169.jpg 300w, https:\/\/cacaunews.com\/wp-content\/uploads\/2024\/12\/img-20241211-wa01573709454605840687785-768x432.jpg 768w, https:\/\/cacaunews.com\/wp-content\/uploads\/2024\/12\/img-20241211-wa01573709454605840687785-1536x864.jpg 1536w, https:\/\/cacaunews.com\/wp-content\/uploads\/2024\/12\/img-20241211-wa01573709454605840687785.jpg 1600w\" sizes=\"(max-width: 1024px) 100vw, 1024px\" \/><\/figure>\n<\/figure>\n\n\n\n<p>\u201cA AMURC est\u00e1 saindo maior nesse nosso bi\u00eanio. Eu, como presidente estou muito em paz porque a minha equipe \u00e9 extraordin\u00e1ria. \u00c9 isso que eu sonhava. Um momento em que o prefeito pudesse descansar um pouco, que n\u00e3o fosse sobrecarregado de informa\u00e7\u00f5es, mas que ele tivesse um networking com os colegas prefeitos. Eles est\u00e3o felizes. O evento foi extraordin\u00e1rio\u201d, destacou Jadson. <br><br>J\u00e1 o Reitor da UESC, Alessandro Fernandes falou sobre o tema \u201cAs Universidades, a Ci\u00eancia e as Cidades Sustent\u00e1veis: as parcerias para a inova\u00e7\u00e3o\u201d, ressaltando a import\u00e2ncia do Programa Agir \u2013 Apoio Gerencial e Institucional \u00e0s Prefeituras, desenvolvido conjuntamente com a Amurc para a promo\u00e7\u00e3o de uma Gest\u00e3o P\u00fablica eficiente.<br><br>A gerente regional do Sebrae no Sul da Bahia, Claudiana Figueiredo, destacou o objetivo do evento como \u201cum espa\u00e7o de aprendizado, troca de experi\u00eancias e constru\u00e7\u00e3o de parcerias. Nosso compromisso \u00e9 contribuir para uma Gest\u00e3o P\u00fablica mais eficiente e inovadora, que impacte diretamente na qualidade de vida da popula\u00e7\u00e3o e no desenvolvimento das cidades\u201d, disse.<\/p>\n\n\n\n<p><\/p>\n","protected":false},"excerpt":{"rendered":"<p>O Semin\u00e1rio Gest\u00e3o e Desenvolvimento das Cidades encerrou nesta ter\u00e7a-feira, 10, no audit\u00f3rio Praia do&#8230;<\/p>\n","protected":false},"author":1,"featured_media":5329,"comment_status":"open","ping_status":"open","sticky":false,"template":"","format":"standard","meta":{"footnotes":""},"categories":[18,4,11],"tags":[458,238,424,495],"yoast_head":"<!-- This site is optimized with the Yoast SEO plugin v21.7 - https:\/\/yoast.com\/wordpress\/plugins\/seo\/ -->\n<title>Semin\u00e1rio marca os 40 anos da AMURC com troca de experi\u00eancias entre prefeitos eleitos e reeleitos. - Cacau News<\/title>\n<meta name=\"robots\" content=\"index, follow, max-snippet:-1, max-image-preview:large, max-video-preview:-1\" \/>\n<link rel=\"canonical\" href=\"https:\/\/cacaunews.com\/?p=5333\" \/>\n<meta property=\"og:locale\" content=\"pt_BR\" \/>\n<meta property=\"og:type\" content=\"article\" \/>\n<meta property=\"og:title\" content=\"Semin\u00e1rio marca os 40 anos da AMURC com troca de experi\u00eancias entre prefeitos eleitos e reeleitos. - Cacau News\" \/>\n<meta property=\"og:description\" content=\"O Semin\u00e1rio Gest\u00e3o e Desenvolvimento das Cidades encerrou nesta ter\u00e7a-feira, 10, no audit\u00f3rio Praia do...\" \/>\n<meta property=\"og:url\" content=\"https:\/\/cacaunews.com\/?p=5333\" \/>\n<meta property=\"og:site_name\" content=\"Cacau News\" \/>\n<meta property=\"article:published_time\" content=\"2024-12-11T21:40:39+00:00\" \/>\n<meta property=\"article:modified_time\" content=\"2024-12-11T21:39:59+00:00\" \/>\n<meta property=\"og:image\" content=\"https:\/\/cacaunews.com\/wp-content\/uploads\/2024\/12\/IMG-20241211-WA0154.jpg\" \/>\n\t<meta property=\"og:image:width\" content=\"1600\" \/>\n\t<meta property=\"og:image:height\" content=\"900\" \/>\n\t<meta property=\"og:image:type\" content=\"image\/jpeg\" \/>\n<meta name=\"author\" content=\"Reda\u00e7\u00e3o Cacau News\" \/>\n<meta name=\"twitter:card\" content=\"summary_large_image\" \/>\n<meta name=\"twitter:label1\" content=\"Escrito por\" \/>\n\t<meta name=\"twitter:data1\" content=\"Reda\u00e7\u00e3o Cacau News\" \/>\n\t<meta name=\"twitter:label2\" content=\"Est. tempo de leitura\" \/>\n\t<meta name=\"twitter:data2\" content=\"3 minutos\" \/>\n<script type=\"application\/ld+json\" class=\"yoast-schema-graph\">{\"@context\":\"https:\/\/schema.org\",\"@graph\":[{\"@type\":\"Article\",\"@id\":\"https:\/\/cacaunews.com\/?p=5333#article\",\"isPartOf\":{\"@id\":\"https:\/\/cacaunews.com\/?p=5333\"},\"author\":{\"name\":\"Reda\u00e7\u00e3o Cacau News\",\"@id\":\"https:\/\/cacaunews.com\/#\/schema\/person\/ea69703103e606ad347ccd64bd72ef79\"},\"headline\":\"Semin\u00e1rio marca os 40 anos da AMURC com troca de experi\u00eancias entre prefeitos eleitos e reeleitos.\",\"datePublished\":\"2024-12-11T21:40:39+00:00\",\"dateModified\":\"2024-12-11T21:39:59+00:00\",\"mainEntityOfPage\":{\"@id\":\"https:\/\/cacaunews.com\/?p=5333\"},\"wordCount\":598,\"commentCount\":0,\"publisher\":{\"@id\":\"https:\/\/cacaunews.com\/#organization\"},\"keywords\":[\"40 anos\",\"AMURC\",\"comemorac\u00e3o\",\"semin\u00e1rio\"],\"articleSection\":[\"cidades\",\"Internet\",\"Jornalismo\"],\"inLanguage\":\"pt-BR\",\"potentialAction\":[{\"@type\":\"CommentAction\",\"name\":\"Comment\",\"target\":[\"https:\/\/cacaunews.com\/?p=5333#respond\"]}]},{\"@type\":\"WebPage\",\"@id\":\"https:\/\/cacaunews.com\/?p=5333\",\"url\":\"https:\/\/cacaunews.com\/?p=5333\",\"name\":\"Semin\u00e1rio marca os 40 anos da AMURC com troca de experi\u00eancias entre prefeitos eleitos e reeleitos. - Cacau News\",\"isPartOf\":{\"@id\":\"https:\/\/cacaunews.com\/#website\"},\"datePublished\":\"2024-12-11T21:40:39+00:00\",\"dateModified\":\"2024-12-11T21:39:59+00:00\",\"breadcrumb\":{\"@id\":\"https:\/\/cacaunews.com\/?p=5333#breadcrumb\"},\"inLanguage\":\"pt-BR\",\"potentialAction\":[{\"@type\":\"ReadAction\",\"target\":[\"https:\/\/cacaunews.com\/?p=5333\"]}]},{\"@type\":\"BreadcrumbList\",\"@id\":\"https:\/\/cacaunews.com\/?p=5333#breadcrumb\",\"itemListElement\":[{\"@type\":\"ListItem\",\"position\":1,\"name\":\"In\u00edcio\",\"item\":\"https:\/\/cacaunews.com\/\"},{\"@type\":\"ListItem\",\"position\":2,\"name\":\"Semin\u00e1rio marca os 40 anos da AMURC com troca de experi\u00eancias entre prefeitos eleitos e reeleitos.\"}]},{\"@type\":\"WebSite\",\"@id\":\"https:\/\/cacaunews.com\/#website\",\"url\":\"https:\/\/cacaunews.com\/\",\"name\":\"Cacau News\",\"description\":\"A Informa\u00e7\u00e3o que voc\u00ea precisa!\",\"publisher\":{\"@id\":\"https:\/\/cacaunews.com\/#organization\"},\"potentialAction\":[{\"@type\":\"SearchAction\",\"target\":{\"@type\":\"EntryPoint\",\"urlTemplate\":\"https:\/\/cacaunews.com\/?s={search_term_string}\"},\"query-input\":\"required name=search_term_string\"}],\"inLanguage\":\"pt-BR\"},{\"@type\":\"Organization\",\"@id\":\"https:\/\/cacaunews.com\/#organization\",\"name\":\"Cacau News\",\"url\":\"https:\/\/cacaunews.com\/\",\"logo\":{\"@type\":\"ImageObject\",\"inLanguage\":\"pt-BR\",\"@id\":\"https:\/\/cacaunews.com\/#\/schema\/logo\/image\/\",\"url\":\"https:\/\/cacaunews.com\/wp-content\/uploads\/2025\/01\/cropped-LOGO-NOVA.png\",\"contentUrl\":\"https:\/\/cacaunews.com\/wp-content\/uploads\/2025\/01\/cropped-LOGO-NOVA.png\",\"width\":813,\"height\":813,\"caption\":\"Cacau News\"},\"image\":{\"@id\":\"https:\/\/cacaunews.com\/#\/schema\/logo\/image\/\"},\"sameAs\":[\"https:\/\/www.instagram.com\/cacaunews.online\/\",\"https:\/\/youtube.com\/@cacaunews?si=0VXLnjl08SrWbVG9\"]},{\"@type\":\"Person\",\"@id\":\"https:\/\/cacaunews.com\/#\/schema\/person\/ea69703103e606ad347ccd64bd72ef79\",\"name\":\"Reda\u00e7\u00e3o Cacau News\",\"image\":{\"@type\":\"ImageObject\",\"inLanguage\":\"pt-BR\",\"@id\":\"https:\/\/cacaunews.com\/#\/schema\/person\/image\/\",\"url\":\"https:\/\/secure.gravatar.com\/avatar\/d79227a2a7b6cc42e8d7a8f7c284cd3a?s=96&d=mm&r=g\",\"contentUrl\":\"https:\/\/secure.gravatar.com\/avatar\/d79227a2a7b6cc42e8d7a8f7c284cd3a?s=96&d=mm&r=g\",\"caption\":\"Reda\u00e7\u00e3o Cacau News\"},\"sameAs\":[\"https:\/\/cacaunews.com\"],\"url\":\"https:\/\/cacaunews.com\/?author=1\"}]}<\/script>\n<!-- \/ Yoast SEO plugin. -->","yoast_head_json":{"title":"Semin\u00e1rio marca os 40 anos da AMURC com troca de experi\u00eancias entre prefeitos eleitos e reeleitos. - Cacau News","robots":{"index":"index","follow":"follow","max-snippet":"max-snippet:-1","max-image-preview":"max-image-preview:large","max-video-preview":"max-video-preview:-1"},"canonical":"https:\/\/cacaunews.com\/?p=5333","og_locale":"pt_BR","og_type":"article","og_title":"Semin\u00e1rio marca os 40 anos da AMURC com troca de experi\u00eancias entre prefeitos eleitos e reeleitos. - Cacau News","og_description":"O Semin\u00e1rio Gest\u00e3o e Desenvolvimento das Cidades encerrou nesta ter\u00e7a-feira, 10, no audit\u00f3rio Praia do...","og_url":"https:\/\/cacaunews.com\/?p=5333","og_site_name":"Cacau News","article_published_time":"2024-12-11T21:40:39+00:00","article_modified_time":"2024-12-11T21:39:59+00:00","og_image":[{"width":1600,"height":900,"url":"https:\/\/cacaunews.com\/wp-content\/uploads\/2024\/12\/IMG-20241211-WA0154.jpg","type":"image\/jpeg"}],"author":"Reda\u00e7\u00e3o Cacau News","twitter_card":"summary_large_image","twitter_misc":{"Escrito por":"Reda\u00e7\u00e3o Cacau News","Est. tempo de leitura":"3 minutos"},"schema":{"@context":"https:\/\/schema.org","@graph":[{"@type":"Article","@id":"https:\/\/cacaunews.com\/?p=5333#article","isPartOf":{"@id":"https:\/\/cacaunews.com\/?p=5333"},"author":{"name":"Reda\u00e7\u00e3o Cacau News","@id":"https:\/\/cacaunews.com\/#\/schema\/person\/ea69703103e606ad347ccd64bd72ef79"},"headline":"Semin\u00e1rio marca os 40 anos da AMURC com troca de experi\u00eancias entre prefeitos eleitos e reeleitos.","datePublished":"2024-12-11T21:40:39+00:00","dateModified":"2024-12-11T21:39:59+00:00","mainEntityOfPage":{"@id":"https:\/\/cacaunews.com\/?p=5333"},"wordCount":598,"commentCount":0,"publisher":{"@id":"https:\/\/cacaunews.com\/#organization"},"keywords":["40 anos","AMURC","comemorac\u00e3o","semin\u00e1rio"],"articleSection":["cidades","Internet","Jornalismo"],"inLanguage":"pt-BR","potentialAction":[{"@type":"CommentAction","name":"Comment","target":["https:\/\/cacaunews.com\/?p=5333#respond"]}]},{"@type":"WebPage","@id":"https:\/\/cacaunews.com\/?p=5333","url":"https:\/\/cacaunews.com\/?p=5333","name":"Semin\u00e1rio marca os 40 anos da AMURC com troca de experi\u00eancias entre prefeitos eleitos e reeleitos. - Cacau News","isPartOf":{"@id":"https:\/\/cacaunews.com\/#website"},"datePublished":"2024-12-11T21:40:39+00:00","dateModified":"2024-12-11T21:39:59+00:00","breadcrumb":{"@id":"https:\/\/cacaunews.com\/?p=5333#breadcrumb"},"inLanguage":"pt-BR","potentialAction":[{"@type":"ReadAction","target":["https:\/\/cacaunews.com\/?p=5333"]}]},{"@type":"BreadcrumbList","@id":"https:\/\/cacaunews.com\/?p=5333#breadcrumb","itemListElement":[{"@type":"ListItem","position":1,"name":"In\u00edcio","item":"https:\/\/cacaunews.com\/"},{"@type":"ListItem","position":2,"name":"Semin\u00e1rio marca os 40 anos da AMURC com troca de experi\u00eancias entre prefeitos eleitos e reeleitos."}]},{"@type":"WebSite","@id":"https:\/\/cacaunews.com\/#website","url":"https:\/\/cacaunews.com\/","name":"Cacau News","description":"A Informa\u00e7\u00e3o que voc\u00ea precisa!","publisher":{"@id":"https:\/\/cacaunews.com\/#organization"},"potentialAction":[{"@type":"SearchAction","target":{"@type":"EntryPoint","urlTemplate":"https:\/\/cacaunews.com\/?s={search_term_string}"},"query-input":"required name=search_term_string"}],"inLanguage":"pt-BR"},{"@type":"Organization","@id":"https:\/\/cacaunews.com\/#organization","name":"Cacau News","url":"https:\/\/cacaunews.com\/","logo":{"@type":"ImageObject","inLanguage":"pt-BR","@id":"https:\/\/cacaunews.com\/#\/schema\/logo\/image\/","url":"https:\/\/cacaunews.com\/wp-content\/uploads\/2025\/01\/cropped-LOGO-NOVA.png","contentUrl":"https:\/\/cacaunews.com\/wp-content\/uploads\/2025\/01\/cropped-LOGO-NOVA.png","width":813,"height":813,"caption":"Cacau News"},"image":{"@id":"https:\/\/cacaunews.com\/#\/schema\/logo\/image\/"},"sameAs":["https:\/\/www.instagram.com\/cacaunews.online\/","https:\/\/youtube.com\/@cacaunews?si=0VXLnjl08SrWbVG9"]},{"@type":"Person","@id":"https:\/\/cacaunews.com\/#\/schema\/person\/ea69703103e606ad347ccd64bd72ef79","name":"Reda\u00e7\u00e3o Cacau News","image":{"@type":"ImageObject","inLanguage":"pt-BR","@id":"https:\/\/cacaunews.com\/#\/schema\/person\/image\/","url":"https:\/\/secure.gravatar.com\/avatar\/d79227a2a7b6cc42e8d7a8f7c284cd3a?s=96&d=mm&r=g","contentUrl":"https:\/\/secure.gravatar.com\/avatar\/d79227a2a7b6cc42e8d7a8f7c284cd3a?s=96&d=mm&r=g","caption":"Reda\u00e7\u00e3o Cacau News"},"sameAs":["https:\/\/cacaunews.com"],"url":"https:\/\/cacaunews.com\/?author=1"}]}},"jetpack_sharing_enabled":true,"jetpack_featured_media_url":"https:\/\/cacaunews.com\/wp-content\/uploads\/2024\/12\/IMG-20241211-WA0154.jpg","_links":{"self":[{"href":"https:\/\/cacaunews.com\/index.php?rest_route=\/wp\/v2\/posts\/5333"}],"collection":[{"href":"https:\/\/cacaunews.com\/index.php?rest_route=\/wp\/v2\/posts"}],"about":[{"href":"https:\/\/cacaunews.com\/index.php?rest_route=\/wp\/v2\/types\/post"}],"author":[{"embeddable":true,"href":"https:\/\/cacaunews.com\/index.php?rest_route=\/wp\/v2\/users\/1"}],"replies":[{"embeddable":true,"href":"https:\/\/cacaunews.com\/index.php?rest_route=%2Fwp%2Fv2%2Fcomments&post=5333"}],"version-history":[{"count":1,"href":"https:\/\/cacaunews.com\/index.php?rest_route=\/wp\/v2\/posts\/5333\/revisions"}],"predecessor-version":[{"id":5334,"href":"https:\/\/cacaunews.com\/index.php?rest_route=\/wp\/v2\/posts\/5333\/revisions\/5334"}],"wp:featuredmedia":[{"embeddable":true,"href":"https:\/\/cacaunews.com\/index.php?rest_route=\/wp\/v2\/media\/5329"}],"wp:attachment":[{"href":"https:\/\/cacaunews.com\/index.php?rest_route=%2Fwp%2Fv2%2Fmedia&parent=5333"}],"wp:term":[{"taxonomy":"category","embeddable":true,"href":"https:\/\/cacaunews.com\/index.php?rest_route=%2Fwp%2Fv2%2Fcategories&post=5333"},{"taxonomy":"post_tag","embeddable":true,"href":"https:\/\/cacaunews.com\/index.php?rest_route=%2Fwp%2Fv2%2Ftags&post=5333"}],"curies":[{"name":"wp","href":"https:\/\/api.w.org\/{rel}","templated":true}]}}