{"id":534,"date":"2023-01-04T17:34:21","date_gmt":"2023-01-04T17:34:21","guid":{"rendered":"https:\/\/cacaunews.com\/?p=534"},"modified":"2023-01-04T17:38:13","modified_gmt":"2023-01-04T17:38:13","slug":"mario-alexandre-participa-de-solenidade-de-posse-do-governador-jeronimo-rodrigues","status":"publish","type":"post","link":"https:\/\/cacaunews.com\/?p=534","title":{"rendered":"Ilh\u00e9us: M\u00e1rio Alexandre participa de solenidade de posse do governador Jer\u00f4nimo Rodrigues."},"content":{"rendered":"\n<p>Acompanhado da primeira-dama e deputada estadual, Soane Galv\u00e3o, o prefeito M\u00e1rio Alexandre participou no domingo, dia 1\u00ba de janeiro, da solenidade de posse e transmiss\u00e3o do cargo ao novo governador da Bahia, Jer\u00f4nimo Rodrigues, e ao vice-governador, Geraldo J\u00fanior. O prefeito de Ilh\u00e9us esteve ao lado do governador empossado, de quem \u00e9 amigo e correligion\u00e1rio pol\u00edtico.<\/p>\n\n\n\n<p>Em seu primeiro discurso, o chefe do Executivo do Estado agradeceu o apoio recebido durante a campanha. Relembrando suas origens, o governador assegurou que buscar\u00e1 a justi\u00e7a social na Bahia. \u201cAssumo com muita consci\u00eancia e responsabilidade o meu papel nessa luta secular por justi\u00e7a social. Podem saber, darei o melhor de mim para cuidar de voc\u00eas\u201d.<\/p>\n\n\n\n<figure class=\"wp-block-image size-large\"><img fetchpriority=\"high\" decoding=\"async\" width=\"1024\" height=\"1024\" src=\"https:\/\/cacaunews.com\/wp-content\/uploads\/2023\/01\/7BCEC60DEC-DAAD-B8CC-8D5D-BDDECD28DD5B7D-1024x1024.jpg\" alt=\"\" class=\"wp-image-533\" srcset=\"https:\/\/cacaunews.com\/wp-content\/uploads\/2023\/01\/7BCEC60DEC-DAAD-B8CC-8D5D-BDDECD28DD5B7D-1024x1024.jpg 1024w, https:\/\/cacaunews.com\/wp-content\/uploads\/2023\/01\/7BCEC60DEC-DAAD-B8CC-8D5D-BDDECD28DD5B7D-300x300.jpg 300w, https:\/\/cacaunews.com\/wp-content\/uploads\/2023\/01\/7BCEC60DEC-DAAD-B8CC-8D5D-BDDECD28DD5B7D-150x150.jpg 150w, https:\/\/cacaunews.com\/wp-content\/uploads\/2023\/01\/7BCEC60DEC-DAAD-B8CC-8D5D-BDDECD28DD5B7D-768x768.jpg 768w, https:\/\/cacaunews.com\/wp-content\/uploads\/2023\/01\/7BCEC60DEC-DAAD-B8CC-8D5D-BDDECD28DD5B7D.jpg 1440w\" sizes=\"(max-width: 1024px) 100vw, 1024px\" \/><\/figure>\n\n\n\n<p>Para o prefeito, Jer\u00f4nimo tem a miss\u00e3o de dar continuidade ao trabalho iniciado pelo ex-governador e agora ministro-chefe da Casa Civil, Rui Costa.<\/p>\n\n\n\n<p>\u201cDesejo ao nosso querido governador sucesso na nova trajet\u00f3ria pol\u00edtica e reafirmo apoio ao trabalho que mudou a cara de Ilh\u00e9us, da nossa regi\u00e3o e de toda a Bahia. Jer\u00f4nimo tem a miss\u00e3o de realizar a correria dobrada. Que Deus aben\u00e7oe essa nova gest\u00e3o. Vamos manter o di\u00e1logo permanente com toda a equipe do Governo do Estado e garantir cada vez mais recursos para cuidar da nossa gente\u201d, ressaltou M\u00e1rio Alexandre.<\/p>\n\n\n\n<p>Emocionado, Jer\u00f4nimo pediu pela uni\u00e3o do pa\u00eds e afirmou que o resultado das urnas traz a mensagem de que o \u201csonho venceu o medo\u201d e disse que a Bahia deu continuidade ao governo petista por reconhecer os feitos de seus antecessores. \u201cO Governo da Bahia est\u00e1 ao lado dos gestores municipais e da popula\u00e7\u00e3o\u201d, acrescentou.<\/p>\n\n\n\n<p>No primeiro ano de mandato, o governador deve entregar duas grandes obras \u00e0 popula\u00e7\u00e3o de Ilh\u00e9us, sendo elas a Policl\u00ednica Regional de Sa\u00fade e a Escola em tempo integral no CSU. Por meio da parceria com o ente estadual, ser\u00e3o realizadas a requalifica\u00e7\u00e3o e urbaniza\u00e7\u00e3o da Zona Norte e continuidade da duplica\u00e7\u00e3o da Orla Sul, al\u00e9m de servi\u00e7os de infraestrutura em diversas localidades da cidade.<\/p>\n\n\n\n<p>Por Secom\/Ilh\u00e9us.<\/p>\n","protected":false},"excerpt":{"rendered":"<p>Acompanhado da primeira-dama e deputada estadual, Soane Galv\u00e3o, o prefeito M\u00e1rio Alexandre participou no domingo,&#8230;<\/p>\n","protected":false},"author":1,"featured_media":532,"comment_status":"open","ping_status":"open","sticky":false,"template":"","format":"standard","meta":{"footnotes":""},"categories":[18,5],"tags":[78,147,144],"yoast_head":"<!-- This site is optimized with the Yoast SEO plugin v21.7 - https:\/\/yoast.com\/wordpress\/plugins\/seo\/ -->\n<title>Ilh\u00e9us: M\u00e1rio Alexandre participa de solenidade de posse do governador Jer\u00f4nimo Rodrigues. - Cacau News<\/title>\n<meta name=\"robots\" content=\"index, follow, max-snippet:-1, max-image-preview:large, max-video-preview:-1\" \/>\n<link rel=\"canonical\" href=\"https:\/\/cacaunews.com\/?p=534\" \/>\n<meta property=\"og:locale\" content=\"pt_BR\" \/>\n<meta property=\"og:type\" content=\"article\" \/>\n<meta property=\"og:title\" content=\"Ilh\u00e9us: M\u00e1rio Alexandre participa de solenidade de posse do governador Jer\u00f4nimo Rodrigues. - Cacau News\" \/>\n<meta property=\"og:description\" content=\"Acompanhado da primeira-dama e deputada estadual, Soane Galv\u00e3o, o prefeito M\u00e1rio Alexandre participou no domingo,...\" \/>\n<meta property=\"og:url\" content=\"https:\/\/cacaunews.com\/?p=534\" \/>\n<meta property=\"og:site_name\" content=\"Cacau News\" \/>\n<meta property=\"article:published_time\" content=\"2023-01-04T17:34:21+00:00\" \/>\n<meta property=\"article:modified_time\" content=\"2023-01-04T17:38:13+00:00\" \/>\n<meta property=\"og:image\" content=\"https:\/\/cacaunews.com\/wp-content\/uploads\/2023\/01\/7BD00ACDCB-5C5E-6E1D-BD46-8BDCC5CCEB3B7D_650X450.jpg\" \/>\n\t<meta property=\"og:image:width\" content=\"650\" \/>\n\t<meta property=\"og:image:height\" content=\"450\" \/>\n\t<meta property=\"og:image:type\" content=\"image\/jpeg\" \/>\n<meta name=\"author\" content=\"Reda\u00e7\u00e3o Cacau News\" \/>\n<meta name=\"twitter:card\" content=\"summary_large_image\" \/>\n<meta name=\"twitter:label1\" content=\"Escrito por\" \/>\n\t<meta name=\"twitter:data1\" content=\"Reda\u00e7\u00e3o Cacau News\" \/>\n\t<meta name=\"twitter:label2\" content=\"Est. tempo de leitura\" \/>\n\t<meta name=\"twitter:data2\" content=\"2 minutos\" \/>\n<script type=\"application\/ld+json\" class=\"yoast-schema-graph\">{\"@context\":\"https:\/\/schema.org\",\"@graph\":[{\"@type\":\"Article\",\"@id\":\"https:\/\/cacaunews.com\/?p=534#article\",\"isPartOf\":{\"@id\":\"https:\/\/cacaunews.com\/?p=534\"},\"author\":{\"name\":\"Reda\u00e7\u00e3o Cacau News\",\"@id\":\"https:\/\/cacaunews.com\/#\/schema\/person\/ea69703103e606ad347ccd64bd72ef79\"},\"headline\":\"Ilh\u00e9us: M\u00e1rio Alexandre participa de solenidade de posse do governador Jer\u00f4nimo Rodrigues.\",\"datePublished\":\"2023-01-04T17:34:21+00:00\",\"dateModified\":\"2023-01-04T17:38:13+00:00\",\"mainEntityOfPage\":{\"@id\":\"https:\/\/cacaunews.com\/?p=534\"},\"wordCount\":380,\"commentCount\":0,\"publisher\":{\"@id\":\"https:\/\/cacaunews.com\/#organization\"},\"keywords\":[\"jeronimo\",\"mar\u00e3o\",\"posse\"],\"articleSection\":[\"cidades\",\"Politica\"],\"inLanguage\":\"pt-BR\",\"potentialAction\":[{\"@type\":\"CommentAction\",\"name\":\"Comment\",\"target\":[\"https:\/\/cacaunews.com\/?p=534#respond\"]}]},{\"@type\":\"WebPage\",\"@id\":\"https:\/\/cacaunews.com\/?p=534\",\"url\":\"https:\/\/cacaunews.com\/?p=534\",\"name\":\"Ilh\u00e9us: M\u00e1rio Alexandre participa de solenidade de posse do governador Jer\u00f4nimo Rodrigues. - Cacau News\",\"isPartOf\":{\"@id\":\"https:\/\/cacaunews.com\/#website\"},\"datePublished\":\"2023-01-04T17:34:21+00:00\",\"dateModified\":\"2023-01-04T17:38:13+00:00\",\"breadcrumb\":{\"@id\":\"https:\/\/cacaunews.com\/?p=534#breadcrumb\"},\"inLanguage\":\"pt-BR\",\"potentialAction\":[{\"@type\":\"ReadAction\",\"target\":[\"https:\/\/cacaunews.com\/?p=534\"]}]},{\"@type\":\"BreadcrumbList\",\"@id\":\"https:\/\/cacaunews.com\/?p=534#breadcrumb\",\"itemListElement\":[{\"@type\":\"ListItem\",\"position\":1,\"name\":\"In\u00edcio\",\"item\":\"https:\/\/cacaunews.com\/\"},{\"@type\":\"ListItem\",\"position\":2,\"name\":\"Ilh\u00e9us: M\u00e1rio Alexandre participa de solenidade de posse do governador Jer\u00f4nimo Rodrigues.\"}]},{\"@type\":\"WebSite\",\"@id\":\"https:\/\/cacaunews.com\/#website\",\"url\":\"https:\/\/cacaunews.com\/\",\"name\":\"Cacau News\",\"description\":\"A Informa\u00e7\u00e3o que voc\u00ea precisa!\",\"publisher\":{\"@id\":\"https:\/\/cacaunews.com\/#organization\"},\"potentialAction\":[{\"@type\":\"SearchAction\",\"target\":{\"@type\":\"EntryPoint\",\"urlTemplate\":\"https:\/\/cacaunews.com\/?s={search_term_string}\"},\"query-input\":\"required name=search_term_string\"}],\"inLanguage\":\"pt-BR\"},{\"@type\":\"Organization\",\"@id\":\"https:\/\/cacaunews.com\/#organization\",\"name\":\"Cacau News\",\"url\":\"https:\/\/cacaunews.com\/\",\"logo\":{\"@type\":\"ImageObject\",\"inLanguage\":\"pt-BR\",\"@id\":\"https:\/\/cacaunews.com\/#\/schema\/logo\/image\/\",\"url\":\"https:\/\/cacaunews.com\/wp-content\/uploads\/2025\/01\/cropped-LOGO-NOVA.png\",\"contentUrl\":\"https:\/\/cacaunews.com\/wp-content\/uploads\/2025\/01\/cropped-LOGO-NOVA.png\",\"width\":813,\"height\":813,\"caption\":\"Cacau News\"},\"image\":{\"@id\":\"https:\/\/cacaunews.com\/#\/schema\/logo\/image\/\"},\"sameAs\":[\"https:\/\/www.instagram.com\/cacaunews.online\/\",\"https:\/\/youtube.com\/@cacaunews?si=0VXLnjl08SrWbVG9\"]},{\"@type\":\"Person\",\"@id\":\"https:\/\/cacaunews.com\/#\/schema\/person\/ea69703103e606ad347ccd64bd72ef79\",\"name\":\"Reda\u00e7\u00e3o Cacau News\",\"image\":{\"@type\":\"ImageObject\",\"inLanguage\":\"pt-BR\",\"@id\":\"https:\/\/cacaunews.com\/#\/schema\/person\/image\/\",\"url\":\"https:\/\/secure.gravatar.com\/avatar\/d79227a2a7b6cc42e8d7a8f7c284cd3a?s=96&d=mm&r=g\",\"contentUrl\":\"https:\/\/secure.gravatar.com\/avatar\/d79227a2a7b6cc42e8d7a8f7c284cd3a?s=96&d=mm&r=g\",\"caption\":\"Reda\u00e7\u00e3o Cacau News\"},\"sameAs\":[\"https:\/\/cacaunews.com\"],\"url\":\"https:\/\/cacaunews.com\/?author=1\"}]}<\/script>\n<!-- \/ Yoast SEO plugin. -->","yoast_head_json":{"title":"Ilh\u00e9us: M\u00e1rio Alexandre participa de solenidade de posse do governador Jer\u00f4nimo Rodrigues. - Cacau News","robots":{"index":"index","follow":"follow","max-snippet":"max-snippet:-1","max-image-preview":"max-image-preview:large","max-video-preview":"max-video-preview:-1"},"canonical":"https:\/\/cacaunews.com\/?p=534","og_locale":"pt_BR","og_type":"article","og_title":"Ilh\u00e9us: M\u00e1rio Alexandre participa de solenidade de posse do governador Jer\u00f4nimo Rodrigues. - Cacau News","og_description":"Acompanhado da primeira-dama e deputada estadual, Soane Galv\u00e3o, o prefeito M\u00e1rio Alexandre participou no domingo,...","og_url":"https:\/\/cacaunews.com\/?p=534","og_site_name":"Cacau News","article_published_time":"2023-01-04T17:34:21+00:00","article_modified_time":"2023-01-04T17:38:13+00:00","og_image":[{"width":650,"height":450,"url":"https:\/\/cacaunews.com\/wp-content\/uploads\/2023\/01\/7BD00ACDCB-5C5E-6E1D-BD46-8BDCC5CCEB3B7D_650X450.jpg","type":"image\/jpeg"}],"author":"Reda\u00e7\u00e3o Cacau News","twitter_card":"summary_large_image","twitter_misc":{"Escrito por":"Reda\u00e7\u00e3o Cacau News","Est. tempo de leitura":"2 minutos"},"schema":{"@context":"https:\/\/schema.org","@graph":[{"@type":"Article","@id":"https:\/\/cacaunews.com\/?p=534#article","isPartOf":{"@id":"https:\/\/cacaunews.com\/?p=534"},"author":{"name":"Reda\u00e7\u00e3o Cacau News","@id":"https:\/\/cacaunews.com\/#\/schema\/person\/ea69703103e606ad347ccd64bd72ef79"},"headline":"Ilh\u00e9us: M\u00e1rio Alexandre participa de solenidade de posse do governador Jer\u00f4nimo Rodrigues.","datePublished":"2023-01-04T17:34:21+00:00","dateModified":"2023-01-04T17:38:13+00:00","mainEntityOfPage":{"@id":"https:\/\/cacaunews.com\/?p=534"},"wordCount":380,"commentCount":0,"publisher":{"@id":"https:\/\/cacaunews.com\/#organization"},"keywords":["jeronimo","mar\u00e3o","posse"],"articleSection":["cidades","Politica"],"inLanguage":"pt-BR","potentialAction":[{"@type":"CommentAction","name":"Comment","target":["https:\/\/cacaunews.com\/?p=534#respond"]}]},{"@type":"WebPage","@id":"https:\/\/cacaunews.com\/?p=534","url":"https:\/\/cacaunews.com\/?p=534","name":"Ilh\u00e9us: M\u00e1rio Alexandre participa de solenidade de posse do governador Jer\u00f4nimo Rodrigues. - Cacau News","isPartOf":{"@id":"https:\/\/cacaunews.com\/#website"},"datePublished":"2023-01-04T17:34:21+00:00","dateModified":"2023-01-04T17:38:13+00:00","breadcrumb":{"@id":"https:\/\/cacaunews.com\/?p=534#breadcrumb"},"inLanguage":"pt-BR","potentialAction":[{"@type":"ReadAction","target":["https:\/\/cacaunews.com\/?p=534"]}]},{"@type":"BreadcrumbList","@id":"https:\/\/cacaunews.com\/?p=534#breadcrumb","itemListElement":[{"@type":"ListItem","position":1,"name":"In\u00edcio","item":"https:\/\/cacaunews.com\/"},{"@type":"ListItem","position":2,"name":"Ilh\u00e9us: M\u00e1rio Alexandre participa de solenidade de posse do governador Jer\u00f4nimo Rodrigues."}]},{"@type":"WebSite","@id":"https:\/\/cacaunews.com\/#website","url":"https:\/\/cacaunews.com\/","name":"Cacau News","description":"A Informa\u00e7\u00e3o que voc\u00ea precisa!","publisher":{"@id":"https:\/\/cacaunews.com\/#organization"},"potentialAction":[{"@type":"SearchAction","target":{"@type":"EntryPoint","urlTemplate":"https:\/\/cacaunews.com\/?s={search_term_string}"},"query-input":"required name=search_term_string"}],"inLanguage":"pt-BR"},{"@type":"Organization","@id":"https:\/\/cacaunews.com\/#organization","name":"Cacau News","url":"https:\/\/cacaunews.com\/","logo":{"@type":"ImageObject","inLanguage":"pt-BR","@id":"https:\/\/cacaunews.com\/#\/schema\/logo\/image\/","url":"https:\/\/cacaunews.com\/wp-content\/uploads\/2025\/01\/cropped-LOGO-NOVA.png","contentUrl":"https:\/\/cacaunews.com\/wp-content\/uploads\/2025\/01\/cropped-LOGO-NOVA.png","width":813,"height":813,"caption":"Cacau News"},"image":{"@id":"https:\/\/cacaunews.com\/#\/schema\/logo\/image\/"},"sameAs":["https:\/\/www.instagram.com\/cacaunews.online\/","https:\/\/youtube.com\/@cacaunews?si=0VXLnjl08SrWbVG9"]},{"@type":"Person","@id":"https:\/\/cacaunews.com\/#\/schema\/person\/ea69703103e606ad347ccd64bd72ef79","name":"Reda\u00e7\u00e3o Cacau News","image":{"@type":"ImageObject","inLanguage":"pt-BR","@id":"https:\/\/cacaunews.com\/#\/schema\/person\/image\/","url":"https:\/\/secure.gravatar.com\/avatar\/d79227a2a7b6cc42e8d7a8f7c284cd3a?s=96&d=mm&r=g","contentUrl":"https:\/\/secure.gravatar.com\/avatar\/d79227a2a7b6cc42e8d7a8f7c284cd3a?s=96&d=mm&r=g","caption":"Reda\u00e7\u00e3o Cacau News"},"sameAs":["https:\/\/cacaunews.com"],"url":"https:\/\/cacaunews.com\/?author=1"}]}},"jetpack_sharing_enabled":true,"jetpack_featured_media_url":"https:\/\/cacaunews.com\/wp-content\/uploads\/2023\/01\/7BD00ACDCB-5C5E-6E1D-BD46-8BDCC5CCEB3B7D_650X450.jpg","_links":{"self":[{"href":"https:\/\/cacaunews.com\/index.php?rest_route=\/wp\/v2\/posts\/534"}],"collection":[{"href":"https:\/\/cacaunews.com\/index.php?rest_route=\/wp\/v2\/posts"}],"about":[{"href":"https:\/\/cacaunews.com\/index.php?rest_route=\/wp\/v2\/types\/post"}],"author":[{"embeddable":true,"href":"https:\/\/cacaunews.com\/index.php?rest_route=\/wp\/v2\/users\/1"}],"replies":[{"embeddable":true,"href":"https:\/\/cacaunews.com\/index.php?rest_route=%2Fwp%2Fv2%2Fcomments&post=534"}],"version-history":[{"count":3,"href":"https:\/\/cacaunews.com\/index.php?rest_route=\/wp\/v2\/posts\/534\/revisions"}],"predecessor-version":[{"id":546,"href":"https:\/\/cacaunews.com\/index.php?rest_route=\/wp\/v2\/posts\/534\/revisions\/546"}],"wp:featuredmedia":[{"embeddable":true,"href":"https:\/\/cacaunews.com\/index.php?rest_route=\/wp\/v2\/media\/532"}],"wp:attachment":[{"href":"https:\/\/cacaunews.com\/index.php?rest_route=%2Fwp%2Fv2%2Fmedia&parent=534"}],"wp:term":[{"taxonomy":"category","embeddable":true,"href":"https:\/\/cacaunews.com\/index.php?rest_route=%2Fwp%2Fv2%2Fcategories&post=534"},{"taxonomy":"post_tag","embeddable":true,"href":"https:\/\/cacaunews.com\/index.php?rest_route=%2Fwp%2Fv2%2Ftags&post=534"}],"curies":[{"name":"wp","href":"https:\/\/api.w.org\/{rel}","templated":true}]}}