{"id":5351,"date":"2024-12-12T15:10:37","date_gmt":"2024-12-12T15:10:37","guid":{"rendered":"https:\/\/cacaunews.com\/?p=5351"},"modified":"2024-12-12T15:11:54","modified_gmt":"2024-12-12T15:11:54","slug":"ilheus-valderico-junior-anuncia-novos-nomes-de-seu-secretariado","status":"publish","type":"post","link":"https:\/\/cacaunews.com\/?p=5351","title":{"rendered":"Ilh\u00e9us: Valderico J\u00fanior anuncia novos nomes de seu secretariado."},"content":{"rendered":"\n<p>Na manh\u00e3 desta quinta-feira (12), o prefeito eleito de Ilh\u00e9us, Valderico J\u00fanior (Uni\u00e3o), anunciou novos nomes que ir\u00e3o compor seu secretariado para o mandato que se inicia em janeiro de 2025. <\/p>\n\n\n\n<p>O an\u00fancio\u00a0 aconteceu em uma coletiva de imprensa realizada em um hotel no centro da cidade, foram divulgados seis nomes que assumir\u00e3o pastas estrat\u00e9gicas do munic\u00edpio. Acompanhe a seguir:<\/p>\n\n\n\n<p><br>1.Cristiano Carvalho \u2013 Secretaria Municipal de Gest\u00e3o;<br><br>2.Evani Cavalcante \u2013 Secretaria Municipal de Educa\u00e7\u00e3o;<br><br>3.Vin\u00edcius Mendon\u00e7a \u2013 Secretaria Municipal de Juventude, Esporte e Lazer;<br><br>4.Paulo Ganem \u2013 Secretaria Municipal de Desenvolvimento Econ\u00f4mico e Inova\u00e7\u00e3o;<br><br>5.Maur\u00edcio Tavares \u2013 Secretaria Municipal de Turismo;<br><br>6.Gabriel Cerqueira \u2013 Secretaria Municipal de Infraestrutura e Defesa Civil.<\/p>\n\n\n\n<p>Outros nomes j\u00e1 foram anunciados em entrevista coletiva realizada no fim de novembro <a href=\"https:\/\/cacaunews.com\/?p=5213\" target=\"_blank\" rel=\"noreferrer noopener\">Relembre aqui<\/a><\/p>\n","protected":false},"excerpt":{"rendered":"<p>Na manh\u00e3 desta quinta-feira (12), o prefeito eleito de Ilh\u00e9us, Valderico J\u00fanior (Uni\u00e3o), anunciou novos&#8230;<\/p>\n","protected":false},"author":1,"featured_media":5350,"comment_status":"open","ping_status":"open","sticky":false,"template":"","format":"standard","meta":{"footnotes":""},"categories":[18,11,5],"tags":[77,37,1627,1909],"yoast_head":"<!-- This site is optimized with the Yoast SEO plugin v21.7 - https:\/\/yoast.com\/wordpress\/plugins\/seo\/ -->\n<title>Ilh\u00e9us: Valderico J\u00fanior anuncia novos nomes de seu secretariado. - Cacau News<\/title>\n<meta name=\"robots\" content=\"index, follow, max-snippet:-1, max-image-preview:large, max-video-preview:-1\" \/>\n<link rel=\"canonical\" href=\"https:\/\/cacaunews.com\/?p=5351\" \/>\n<meta property=\"og:locale\" content=\"pt_BR\" \/>\n<meta property=\"og:type\" content=\"article\" \/>\n<meta property=\"og:title\" content=\"Ilh\u00e9us: Valderico J\u00fanior anuncia novos nomes de seu secretariado. - Cacau News\" \/>\n<meta property=\"og:description\" content=\"Na manh\u00e3 desta quinta-feira (12), o prefeito eleito de Ilh\u00e9us, Valderico J\u00fanior (Uni\u00e3o), anunciou novos...\" \/>\n<meta property=\"og:url\" content=\"https:\/\/cacaunews.com\/?p=5351\" \/>\n<meta property=\"og:site_name\" content=\"Cacau News\" \/>\n<meta property=\"article:published_time\" content=\"2024-12-12T15:10:37+00:00\" \/>\n<meta property=\"article:modified_time\" content=\"2024-12-12T15:11:54+00:00\" \/>\n<meta property=\"og:image\" content=\"https:\/\/cacaunews.com\/wp-content\/uploads\/2024\/12\/VALDERICO-JR.-APRESENTA-MAIS-NOMES-DA-EQUIPE-DO-FUTURO-SECRETARIADO-1024x569-1.jpg\" \/>\n\t<meta property=\"og:image:width\" content=\"1024\" \/>\n\t<meta property=\"og:image:height\" content=\"569\" \/>\n\t<meta property=\"og:image:type\" content=\"image\/jpeg\" \/>\n<meta name=\"author\" content=\"Reda\u00e7\u00e3o Cacau News\" \/>\n<meta name=\"twitter:card\" content=\"summary_large_image\" \/>\n<meta name=\"twitter:label1\" content=\"Escrito por\" \/>\n\t<meta name=\"twitter:data1\" content=\"Reda\u00e7\u00e3o Cacau News\" \/>\n\t<meta name=\"twitter:label2\" content=\"Est. tempo de leitura\" \/>\n\t<meta name=\"twitter:data2\" content=\"1 minuto\" \/>\n<script type=\"application\/ld+json\" class=\"yoast-schema-graph\">{\"@context\":\"https:\/\/schema.org\",\"@graph\":[{\"@type\":\"Article\",\"@id\":\"https:\/\/cacaunews.com\/?p=5351#article\",\"isPartOf\":{\"@id\":\"https:\/\/cacaunews.com\/?p=5351\"},\"author\":{\"name\":\"Reda\u00e7\u00e3o Cacau News\",\"@id\":\"https:\/\/cacaunews.com\/#\/schema\/person\/ea69703103e606ad347ccd64bd72ef79\"},\"headline\":\"Ilh\u00e9us: Valderico J\u00fanior anuncia novos nomes de seu secretariado.\",\"datePublished\":\"2024-12-12T15:10:37+00:00\",\"dateModified\":\"2024-12-12T15:11:54+00:00\",\"mainEntityOfPage\":{\"@id\":\"https:\/\/cacaunews.com\/?p=5351\"},\"wordCount\":144,\"commentCount\":0,\"publisher\":{\"@id\":\"https:\/\/cacaunews.com\/#organization\"},\"keywords\":[\"an\u00fancio\",\"ilheus\",\"secretariado\",\"Valderico Jr.\"],\"articleSection\":[\"cidades\",\"Jornalismo\",\"Politica\"],\"inLanguage\":\"pt-BR\",\"potentialAction\":[{\"@type\":\"CommentAction\",\"name\":\"Comment\",\"target\":[\"https:\/\/cacaunews.com\/?p=5351#respond\"]}]},{\"@type\":\"WebPage\",\"@id\":\"https:\/\/cacaunews.com\/?p=5351\",\"url\":\"https:\/\/cacaunews.com\/?p=5351\",\"name\":\"Ilh\u00e9us: Valderico J\u00fanior anuncia novos nomes de seu secretariado. - Cacau News\",\"isPartOf\":{\"@id\":\"https:\/\/cacaunews.com\/#website\"},\"datePublished\":\"2024-12-12T15:10:37+00:00\",\"dateModified\":\"2024-12-12T15:11:54+00:00\",\"breadcrumb\":{\"@id\":\"https:\/\/cacaunews.com\/?p=5351#breadcrumb\"},\"inLanguage\":\"pt-BR\",\"potentialAction\":[{\"@type\":\"ReadAction\",\"target\":[\"https:\/\/cacaunews.com\/?p=5351\"]}]},{\"@type\":\"BreadcrumbList\",\"@id\":\"https:\/\/cacaunews.com\/?p=5351#breadcrumb\",\"itemListElement\":[{\"@type\":\"ListItem\",\"position\":1,\"name\":\"In\u00edcio\",\"item\":\"https:\/\/cacaunews.com\/\"},{\"@type\":\"ListItem\",\"position\":2,\"name\":\"Ilh\u00e9us: Valderico J\u00fanior anuncia novos nomes de seu secretariado.\"}]},{\"@type\":\"WebSite\",\"@id\":\"https:\/\/cacaunews.com\/#website\",\"url\":\"https:\/\/cacaunews.com\/\",\"name\":\"Cacau News\",\"description\":\"A Informa\u00e7\u00e3o que voc\u00ea precisa!\",\"publisher\":{\"@id\":\"https:\/\/cacaunews.com\/#organization\"},\"potentialAction\":[{\"@type\":\"SearchAction\",\"target\":{\"@type\":\"EntryPoint\",\"urlTemplate\":\"https:\/\/cacaunews.com\/?s={search_term_string}\"},\"query-input\":\"required name=search_term_string\"}],\"inLanguage\":\"pt-BR\"},{\"@type\":\"Organization\",\"@id\":\"https:\/\/cacaunews.com\/#organization\",\"name\":\"Cacau News\",\"url\":\"https:\/\/cacaunews.com\/\",\"logo\":{\"@type\":\"ImageObject\",\"inLanguage\":\"pt-BR\",\"@id\":\"https:\/\/cacaunews.com\/#\/schema\/logo\/image\/\",\"url\":\"https:\/\/cacaunews.com\/wp-content\/uploads\/2025\/01\/cropped-LOGO-NOVA.png\",\"contentUrl\":\"https:\/\/cacaunews.com\/wp-content\/uploads\/2025\/01\/cropped-LOGO-NOVA.png\",\"width\":813,\"height\":813,\"caption\":\"Cacau News\"},\"image\":{\"@id\":\"https:\/\/cacaunews.com\/#\/schema\/logo\/image\/\"},\"sameAs\":[\"https:\/\/www.instagram.com\/cacaunews.online\/\",\"https:\/\/youtube.com\/@cacaunews?si=0VXLnjl08SrWbVG9\"]},{\"@type\":\"Person\",\"@id\":\"https:\/\/cacaunews.com\/#\/schema\/person\/ea69703103e606ad347ccd64bd72ef79\",\"name\":\"Reda\u00e7\u00e3o Cacau News\",\"image\":{\"@type\":\"ImageObject\",\"inLanguage\":\"pt-BR\",\"@id\":\"https:\/\/cacaunews.com\/#\/schema\/person\/image\/\",\"url\":\"https:\/\/secure.gravatar.com\/avatar\/d79227a2a7b6cc42e8d7a8f7c284cd3a?s=96&d=mm&r=g\",\"contentUrl\":\"https:\/\/secure.gravatar.com\/avatar\/d79227a2a7b6cc42e8d7a8f7c284cd3a?s=96&d=mm&r=g\",\"caption\":\"Reda\u00e7\u00e3o Cacau News\"},\"sameAs\":[\"https:\/\/cacaunews.com\"],\"url\":\"https:\/\/cacaunews.com\/?author=1\"}]}<\/script>\n<!-- \/ Yoast SEO plugin. -->","yoast_head_json":{"title":"Ilh\u00e9us: Valderico J\u00fanior anuncia novos nomes de seu secretariado. - Cacau News","robots":{"index":"index","follow":"follow","max-snippet":"max-snippet:-1","max-image-preview":"max-image-preview:large","max-video-preview":"max-video-preview:-1"},"canonical":"https:\/\/cacaunews.com\/?p=5351","og_locale":"pt_BR","og_type":"article","og_title":"Ilh\u00e9us: Valderico J\u00fanior anuncia novos nomes de seu secretariado. - Cacau News","og_description":"Na manh\u00e3 desta quinta-feira (12), o prefeito eleito de Ilh\u00e9us, Valderico J\u00fanior (Uni\u00e3o), anunciou novos...","og_url":"https:\/\/cacaunews.com\/?p=5351","og_site_name":"Cacau News","article_published_time":"2024-12-12T15:10:37+00:00","article_modified_time":"2024-12-12T15:11:54+00:00","og_image":[{"width":1024,"height":569,"url":"https:\/\/cacaunews.com\/wp-content\/uploads\/2024\/12\/VALDERICO-JR.-APRESENTA-MAIS-NOMES-DA-EQUIPE-DO-FUTURO-SECRETARIADO-1024x569-1.jpg","type":"image\/jpeg"}],"author":"Reda\u00e7\u00e3o Cacau News","twitter_card":"summary_large_image","twitter_misc":{"Escrito por":"Reda\u00e7\u00e3o Cacau News","Est. tempo de leitura":"1 minuto"},"schema":{"@context":"https:\/\/schema.org","@graph":[{"@type":"Article","@id":"https:\/\/cacaunews.com\/?p=5351#article","isPartOf":{"@id":"https:\/\/cacaunews.com\/?p=5351"},"author":{"name":"Reda\u00e7\u00e3o Cacau News","@id":"https:\/\/cacaunews.com\/#\/schema\/person\/ea69703103e606ad347ccd64bd72ef79"},"headline":"Ilh\u00e9us: Valderico J\u00fanior anuncia novos nomes de seu secretariado.","datePublished":"2024-12-12T15:10:37+00:00","dateModified":"2024-12-12T15:11:54+00:00","mainEntityOfPage":{"@id":"https:\/\/cacaunews.com\/?p=5351"},"wordCount":144,"commentCount":0,"publisher":{"@id":"https:\/\/cacaunews.com\/#organization"},"keywords":["an\u00fancio","ilheus","secretariado","Valderico Jr."],"articleSection":["cidades","Jornalismo","Politica"],"inLanguage":"pt-BR","potentialAction":[{"@type":"CommentAction","name":"Comment","target":["https:\/\/cacaunews.com\/?p=5351#respond"]}]},{"@type":"WebPage","@id":"https:\/\/cacaunews.com\/?p=5351","url":"https:\/\/cacaunews.com\/?p=5351","name":"Ilh\u00e9us: Valderico J\u00fanior anuncia novos nomes de seu secretariado. - Cacau News","isPartOf":{"@id":"https:\/\/cacaunews.com\/#website"},"datePublished":"2024-12-12T15:10:37+00:00","dateModified":"2024-12-12T15:11:54+00:00","breadcrumb":{"@id":"https:\/\/cacaunews.com\/?p=5351#breadcrumb"},"inLanguage":"pt-BR","potentialAction":[{"@type":"ReadAction","target":["https:\/\/cacaunews.com\/?p=5351"]}]},{"@type":"BreadcrumbList","@id":"https:\/\/cacaunews.com\/?p=5351#breadcrumb","itemListElement":[{"@type":"ListItem","position":1,"name":"In\u00edcio","item":"https:\/\/cacaunews.com\/"},{"@type":"ListItem","position":2,"name":"Ilh\u00e9us: Valderico J\u00fanior anuncia novos nomes de seu secretariado."}]},{"@type":"WebSite","@id":"https:\/\/cacaunews.com\/#website","url":"https:\/\/cacaunews.com\/","name":"Cacau News","description":"A Informa\u00e7\u00e3o que voc\u00ea precisa!","publisher":{"@id":"https:\/\/cacaunews.com\/#organization"},"potentialAction":[{"@type":"SearchAction","target":{"@type":"EntryPoint","urlTemplate":"https:\/\/cacaunews.com\/?s={search_term_string}"},"query-input":"required name=search_term_string"}],"inLanguage":"pt-BR"},{"@type":"Organization","@id":"https:\/\/cacaunews.com\/#organization","name":"Cacau News","url":"https:\/\/cacaunews.com\/","logo":{"@type":"ImageObject","inLanguage":"pt-BR","@id":"https:\/\/cacaunews.com\/#\/schema\/logo\/image\/","url":"https:\/\/cacaunews.com\/wp-content\/uploads\/2025\/01\/cropped-LOGO-NOVA.png","contentUrl":"https:\/\/cacaunews.com\/wp-content\/uploads\/2025\/01\/cropped-LOGO-NOVA.png","width":813,"height":813,"caption":"Cacau News"},"image":{"@id":"https:\/\/cacaunews.com\/#\/schema\/logo\/image\/"},"sameAs":["https:\/\/www.instagram.com\/cacaunews.online\/","https:\/\/youtube.com\/@cacaunews?si=0VXLnjl08SrWbVG9"]},{"@type":"Person","@id":"https:\/\/cacaunews.com\/#\/schema\/person\/ea69703103e606ad347ccd64bd72ef79","name":"Reda\u00e7\u00e3o Cacau News","image":{"@type":"ImageObject","inLanguage":"pt-BR","@id":"https:\/\/cacaunews.com\/#\/schema\/person\/image\/","url":"https:\/\/secure.gravatar.com\/avatar\/d79227a2a7b6cc42e8d7a8f7c284cd3a?s=96&d=mm&r=g","contentUrl":"https:\/\/secure.gravatar.com\/avatar\/d79227a2a7b6cc42e8d7a8f7c284cd3a?s=96&d=mm&r=g","caption":"Reda\u00e7\u00e3o Cacau News"},"sameAs":["https:\/\/cacaunews.com"],"url":"https:\/\/cacaunews.com\/?author=1"}]}},"jetpack_sharing_enabled":true,"jetpack_featured_media_url":"https:\/\/cacaunews.com\/wp-content\/uploads\/2024\/12\/VALDERICO-JR.-APRESENTA-MAIS-NOMES-DA-EQUIPE-DO-FUTURO-SECRETARIADO-1024x569-1.jpg","_links":{"self":[{"href":"https:\/\/cacaunews.com\/index.php?rest_route=\/wp\/v2\/posts\/5351"}],"collection":[{"href":"https:\/\/cacaunews.com\/index.php?rest_route=\/wp\/v2\/posts"}],"about":[{"href":"https:\/\/cacaunews.com\/index.php?rest_route=\/wp\/v2\/types\/post"}],"author":[{"embeddable":true,"href":"https:\/\/cacaunews.com\/index.php?rest_route=\/wp\/v2\/users\/1"}],"replies":[{"embeddable":true,"href":"https:\/\/cacaunews.com\/index.php?rest_route=%2Fwp%2Fv2%2Fcomments&post=5351"}],"version-history":[{"count":1,"href":"https:\/\/cacaunews.com\/index.php?rest_route=\/wp\/v2\/posts\/5351\/revisions"}],"predecessor-version":[{"id":5352,"href":"https:\/\/cacaunews.com\/index.php?rest_route=\/wp\/v2\/posts\/5351\/revisions\/5352"}],"wp:featuredmedia":[{"embeddable":true,"href":"https:\/\/cacaunews.com\/index.php?rest_route=\/wp\/v2\/media\/5350"}],"wp:attachment":[{"href":"https:\/\/cacaunews.com\/index.php?rest_route=%2Fwp%2Fv2%2Fmedia&parent=5351"}],"wp:term":[{"taxonomy":"category","embeddable":true,"href":"https:\/\/cacaunews.com\/index.php?rest_route=%2Fwp%2Fv2%2Fcategories&post=5351"},{"taxonomy":"post_tag","embeddable":true,"href":"https:\/\/cacaunews.com\/index.php?rest_route=%2Fwp%2Fv2%2Ftags&post=5351"}],"curies":[{"name":"wp","href":"https:\/\/api.w.org\/{rel}","templated":true}]}}