{"id":536,"date":"2023-01-05T14:27:51","date_gmt":"2023-01-05T14:27:51","guid":{"rendered":"https:\/\/cacaunews.com\/?p=536"},"modified":"2023-01-05T14:27:58","modified_gmt":"2023-01-05T14:27:58","slug":"cultura-centro-de-ilheus-tera-encontro-de-bumba-meu-boi-nesta-sexta-6-evento-celebra-dia-de-reis","status":"publish","type":"post","link":"https:\/\/cacaunews.com\/?p=536","title":{"rendered":"Cultura: Centro de Ilh\u00e9us ter\u00e1 encontro de Bumba Meu Boi nesta sexta (6); evento celebra Dia de Reis."},"content":{"rendered":"\n<p>Grupos Reisado de Vila Juerana e Bumba Meu Boi do Seu Oreco celebram na tarde da pr\u00f3xima sexta-feira, 6 de janeiro, o Dia de Reis com um grande encontro gratuito na Pra\u00e7a Pedro Mattos, em frente ao Teatro Municipal de Ilh\u00e9us, a partir das 17h30. Os tradicionais grupos culturais, que nasceram na zona rural do munic\u00edpio, apresentar\u00e3o todo enredo, cores, ladainhas e brincadeiras t\u00edpicas da Folia de Reis.<\/p>\n\n\n\n<p>\u201cEles chegam tocando, sanfona e viol\u00e3o. Os pandeiros de fita. Eles carregam sempre na m\u00e3o\u201d. Como descreve a m\u00fasica Festa de Santo Reis, de Tim Maia, o tradicional festejo cat\u00f3lico de 6 de janeiro \u00e9 uma das mais lindas e importantes manifesta\u00e7\u00f5es da cultura popular brasileira. Com organiza\u00e7\u00e3o do Comit\u00ea Gestor da Cultura \u2013 Porto Sul e da Secretaria Especial de Cultura (Secult), o evento promover\u00e1 um momento \u00fanico para o povo ilheense.<\/p>\n\n\n\n<p>De acordo com Dona Den\u00e1, uma das lideran\u00e7as do Grupo Folcl\u00f3rico Reisado de Juerana, o encontro dos bois \u00e9 um marco hist\u00f3rico para as festividades do munic\u00edpio. Geraldo Magela, titular da Secult, ressalta a import\u00e2ncia&nbsp;das festividades do Dia de Reis e o encontro do Bumbas, \u201cesse \u00e9 um movimento importante de retomada dos movimentos culturais e com certeza merece lugar de destaque no calend\u00e1rio cultural da cidade\u201d.<\/p>\n\n\n\n<p><strong>Servi\u00e7o<\/strong><\/p>\n\n\n\n<p>O qu\u00ea? Folia de Reis e Bumba Meu Boi<\/p>\n\n\n\n<p>Quem? Bumba Meu Boi de Vila Juerana e do Seu Oreco<\/p>\n\n\n\n<p>Onde: Pra\u00e7a Pedro Mattos, em frente ao Teatro Municipal<\/p>\n\n\n\n<p>Quando: 6 de janeiro (sexta-feira), a partir das 17h30<\/p>\n\n\n\n<p>Evento Gratuito<\/p>\n\n\n\n<p>por Secom\/Ilh\u00e9us.<\/p>\n","protected":false},"excerpt":{"rendered":"<p>Grupos Reisado de Vila Juerana e Bumba Meu Boi do Seu Oreco celebram na tarde&#8230;<\/p>\n","protected":false},"author":1,"featured_media":535,"comment_status":"open","ping_status":"open","sticky":false,"template":"","format":"standard","meta":{"footnotes":""},"categories":[31],"tags":[148,34,37],"yoast_head":"<!-- This site is optimized with the Yoast SEO plugin v21.7 - https:\/\/yoast.com\/wordpress\/plugins\/seo\/ -->\n<title>Cultura: Centro de Ilh\u00e9us ter\u00e1 encontro de Bumba Meu Boi nesta sexta (6); evento celebra Dia de Reis. - Cacau News<\/title>\n<meta name=\"robots\" content=\"index, follow, max-snippet:-1, max-image-preview:large, max-video-preview:-1\" \/>\n<link rel=\"canonical\" href=\"https:\/\/cacaunews.com\/?p=536\" \/>\n<meta property=\"og:locale\" content=\"pt_BR\" \/>\n<meta property=\"og:type\" content=\"article\" \/>\n<meta property=\"og:title\" content=\"Cultura: Centro de Ilh\u00e9us ter\u00e1 encontro de Bumba Meu Boi nesta sexta (6); evento celebra Dia de Reis. - Cacau News\" \/>\n<meta property=\"og:description\" content=\"Grupos Reisado de Vila Juerana e Bumba Meu Boi do Seu Oreco celebram na tarde...\" \/>\n<meta property=\"og:url\" content=\"https:\/\/cacaunews.com\/?p=536\" \/>\n<meta property=\"og:site_name\" content=\"Cacau News\" \/>\n<meta property=\"article:published_time\" content=\"2023-01-05T14:27:51+00:00\" \/>\n<meta property=\"article:modified_time\" content=\"2023-01-05T14:27:58+00:00\" \/>\n<meta property=\"og:image\" content=\"https:\/\/cacaunews.com\/wp-content\/uploads\/2023\/01\/7BCECE6DA7-D7C5-DBEC-C7EE-B0A24EBE5DDE7D.jpeg\" \/>\n\t<meta property=\"og:image:width\" content=\"1280\" \/>\n\t<meta property=\"og:image:height\" content=\"734\" \/>\n\t<meta property=\"og:image:type\" content=\"image\/jpeg\" \/>\n<meta name=\"author\" content=\"Reda\u00e7\u00e3o Cacau News\" \/>\n<meta name=\"twitter:card\" content=\"summary_large_image\" \/>\n<meta name=\"twitter:label1\" content=\"Escrito por\" \/>\n\t<meta name=\"twitter:data1\" content=\"Reda\u00e7\u00e3o Cacau News\" \/>\n\t<meta name=\"twitter:label2\" content=\"Est. tempo de leitura\" \/>\n\t<meta name=\"twitter:data2\" content=\"1 minuto\" \/>\n<script type=\"application\/ld+json\" class=\"yoast-schema-graph\">{\"@context\":\"https:\/\/schema.org\",\"@graph\":[{\"@type\":\"Article\",\"@id\":\"https:\/\/cacaunews.com\/?p=536#article\",\"isPartOf\":{\"@id\":\"https:\/\/cacaunews.com\/?p=536\"},\"author\":{\"name\":\"Reda\u00e7\u00e3o Cacau News\",\"@id\":\"https:\/\/cacaunews.com\/#\/schema\/person\/ea69703103e606ad347ccd64bd72ef79\"},\"headline\":\"Cultura: Centro de Ilh\u00e9us ter\u00e1 encontro de Bumba Meu Boi nesta sexta (6); evento celebra Dia de Reis.\",\"datePublished\":\"2023-01-05T14:27:51+00:00\",\"dateModified\":\"2023-01-05T14:27:58+00:00\",\"mainEntityOfPage\":{\"@id\":\"https:\/\/cacaunews.com\/?p=536\"},\"wordCount\":286,\"commentCount\":0,\"publisher\":{\"@id\":\"https:\/\/cacaunews.com\/#organization\"},\"keywords\":[\"bumbameuboi\",\"cultura\",\"ilheus\"],\"articleSection\":[\"Cultura\"],\"inLanguage\":\"pt-BR\",\"potentialAction\":[{\"@type\":\"CommentAction\",\"name\":\"Comment\",\"target\":[\"https:\/\/cacaunews.com\/?p=536#respond\"]}]},{\"@type\":\"WebPage\",\"@id\":\"https:\/\/cacaunews.com\/?p=536\",\"url\":\"https:\/\/cacaunews.com\/?p=536\",\"name\":\"Cultura: Centro de Ilh\u00e9us ter\u00e1 encontro de Bumba Meu Boi nesta sexta (6); evento celebra Dia de Reis. - Cacau News\",\"isPartOf\":{\"@id\":\"https:\/\/cacaunews.com\/#website\"},\"datePublished\":\"2023-01-05T14:27:51+00:00\",\"dateModified\":\"2023-01-05T14:27:58+00:00\",\"breadcrumb\":{\"@id\":\"https:\/\/cacaunews.com\/?p=536#breadcrumb\"},\"inLanguage\":\"pt-BR\",\"potentialAction\":[{\"@type\":\"ReadAction\",\"target\":[\"https:\/\/cacaunews.com\/?p=536\"]}]},{\"@type\":\"BreadcrumbList\",\"@id\":\"https:\/\/cacaunews.com\/?p=536#breadcrumb\",\"itemListElement\":[{\"@type\":\"ListItem\",\"position\":1,\"name\":\"In\u00edcio\",\"item\":\"https:\/\/cacaunews.com\/\"},{\"@type\":\"ListItem\",\"position\":2,\"name\":\"Cultura: Centro de Ilh\u00e9us ter\u00e1 encontro de Bumba Meu Boi nesta sexta (6); evento celebra Dia de Reis.\"}]},{\"@type\":\"WebSite\",\"@id\":\"https:\/\/cacaunews.com\/#website\",\"url\":\"https:\/\/cacaunews.com\/\",\"name\":\"Cacau News\",\"description\":\"A Informa\u00e7\u00e3o que voc\u00ea precisa!\",\"publisher\":{\"@id\":\"https:\/\/cacaunews.com\/#organization\"},\"potentialAction\":[{\"@type\":\"SearchAction\",\"target\":{\"@type\":\"EntryPoint\",\"urlTemplate\":\"https:\/\/cacaunews.com\/?s={search_term_string}\"},\"query-input\":\"required name=search_term_string\"}],\"inLanguage\":\"pt-BR\"},{\"@type\":\"Organization\",\"@id\":\"https:\/\/cacaunews.com\/#organization\",\"name\":\"Cacau News\",\"url\":\"https:\/\/cacaunews.com\/\",\"logo\":{\"@type\":\"ImageObject\",\"inLanguage\":\"pt-BR\",\"@id\":\"https:\/\/cacaunews.com\/#\/schema\/logo\/image\/\",\"url\":\"https:\/\/cacaunews.com\/wp-content\/uploads\/2025\/01\/cropped-LOGO-NOVA.png\",\"contentUrl\":\"https:\/\/cacaunews.com\/wp-content\/uploads\/2025\/01\/cropped-LOGO-NOVA.png\",\"width\":813,\"height\":813,\"caption\":\"Cacau News\"},\"image\":{\"@id\":\"https:\/\/cacaunews.com\/#\/schema\/logo\/image\/\"},\"sameAs\":[\"https:\/\/www.instagram.com\/cacaunews.online\/\",\"https:\/\/youtube.com\/@cacaunews?si=0VXLnjl08SrWbVG9\"]},{\"@type\":\"Person\",\"@id\":\"https:\/\/cacaunews.com\/#\/schema\/person\/ea69703103e606ad347ccd64bd72ef79\",\"name\":\"Reda\u00e7\u00e3o Cacau News\",\"image\":{\"@type\":\"ImageObject\",\"inLanguage\":\"pt-BR\",\"@id\":\"https:\/\/cacaunews.com\/#\/schema\/person\/image\/\",\"url\":\"https:\/\/secure.gravatar.com\/avatar\/d79227a2a7b6cc42e8d7a8f7c284cd3a?s=96&d=mm&r=g\",\"contentUrl\":\"https:\/\/secure.gravatar.com\/avatar\/d79227a2a7b6cc42e8d7a8f7c284cd3a?s=96&d=mm&r=g\",\"caption\":\"Reda\u00e7\u00e3o Cacau News\"},\"sameAs\":[\"https:\/\/cacaunews.com\"],\"url\":\"https:\/\/cacaunews.com\/?author=1\"}]}<\/script>\n<!-- \/ Yoast SEO plugin. -->","yoast_head_json":{"title":"Cultura: Centro de Ilh\u00e9us ter\u00e1 encontro de Bumba Meu Boi nesta sexta (6); evento celebra Dia de Reis. - Cacau News","robots":{"index":"index","follow":"follow","max-snippet":"max-snippet:-1","max-image-preview":"max-image-preview:large","max-video-preview":"max-video-preview:-1"},"canonical":"https:\/\/cacaunews.com\/?p=536","og_locale":"pt_BR","og_type":"article","og_title":"Cultura: Centro de Ilh\u00e9us ter\u00e1 encontro de Bumba Meu Boi nesta sexta (6); evento celebra Dia de Reis. - Cacau News","og_description":"Grupos Reisado de Vila Juerana e Bumba Meu Boi do Seu Oreco celebram na tarde...","og_url":"https:\/\/cacaunews.com\/?p=536","og_site_name":"Cacau News","article_published_time":"2023-01-05T14:27:51+00:00","article_modified_time":"2023-01-05T14:27:58+00:00","og_image":[{"width":1280,"height":734,"url":"https:\/\/cacaunews.com\/wp-content\/uploads\/2023\/01\/7BCECE6DA7-D7C5-DBEC-C7EE-B0A24EBE5DDE7D.jpeg","type":"image\/jpeg"}],"author":"Reda\u00e7\u00e3o Cacau News","twitter_card":"summary_large_image","twitter_misc":{"Escrito por":"Reda\u00e7\u00e3o Cacau News","Est. tempo de leitura":"1 minuto"},"schema":{"@context":"https:\/\/schema.org","@graph":[{"@type":"Article","@id":"https:\/\/cacaunews.com\/?p=536#article","isPartOf":{"@id":"https:\/\/cacaunews.com\/?p=536"},"author":{"name":"Reda\u00e7\u00e3o Cacau News","@id":"https:\/\/cacaunews.com\/#\/schema\/person\/ea69703103e606ad347ccd64bd72ef79"},"headline":"Cultura: Centro de Ilh\u00e9us ter\u00e1 encontro de Bumba Meu Boi nesta sexta (6); evento celebra Dia de Reis.","datePublished":"2023-01-05T14:27:51+00:00","dateModified":"2023-01-05T14:27:58+00:00","mainEntityOfPage":{"@id":"https:\/\/cacaunews.com\/?p=536"},"wordCount":286,"commentCount":0,"publisher":{"@id":"https:\/\/cacaunews.com\/#organization"},"keywords":["bumbameuboi","cultura","ilheus"],"articleSection":["Cultura"],"inLanguage":"pt-BR","potentialAction":[{"@type":"CommentAction","name":"Comment","target":["https:\/\/cacaunews.com\/?p=536#respond"]}]},{"@type":"WebPage","@id":"https:\/\/cacaunews.com\/?p=536","url":"https:\/\/cacaunews.com\/?p=536","name":"Cultura: Centro de Ilh\u00e9us ter\u00e1 encontro de Bumba Meu Boi nesta sexta (6); evento celebra Dia de Reis. - Cacau News","isPartOf":{"@id":"https:\/\/cacaunews.com\/#website"},"datePublished":"2023-01-05T14:27:51+00:00","dateModified":"2023-01-05T14:27:58+00:00","breadcrumb":{"@id":"https:\/\/cacaunews.com\/?p=536#breadcrumb"},"inLanguage":"pt-BR","potentialAction":[{"@type":"ReadAction","target":["https:\/\/cacaunews.com\/?p=536"]}]},{"@type":"BreadcrumbList","@id":"https:\/\/cacaunews.com\/?p=536#breadcrumb","itemListElement":[{"@type":"ListItem","position":1,"name":"In\u00edcio","item":"https:\/\/cacaunews.com\/"},{"@type":"ListItem","position":2,"name":"Cultura: Centro de Ilh\u00e9us ter\u00e1 encontro de Bumba Meu Boi nesta sexta (6); evento celebra Dia de Reis."}]},{"@type":"WebSite","@id":"https:\/\/cacaunews.com\/#website","url":"https:\/\/cacaunews.com\/","name":"Cacau News","description":"A Informa\u00e7\u00e3o que voc\u00ea precisa!","publisher":{"@id":"https:\/\/cacaunews.com\/#organization"},"potentialAction":[{"@type":"SearchAction","target":{"@type":"EntryPoint","urlTemplate":"https:\/\/cacaunews.com\/?s={search_term_string}"},"query-input":"required name=search_term_string"}],"inLanguage":"pt-BR"},{"@type":"Organization","@id":"https:\/\/cacaunews.com\/#organization","name":"Cacau News","url":"https:\/\/cacaunews.com\/","logo":{"@type":"ImageObject","inLanguage":"pt-BR","@id":"https:\/\/cacaunews.com\/#\/schema\/logo\/image\/","url":"https:\/\/cacaunews.com\/wp-content\/uploads\/2025\/01\/cropped-LOGO-NOVA.png","contentUrl":"https:\/\/cacaunews.com\/wp-content\/uploads\/2025\/01\/cropped-LOGO-NOVA.png","width":813,"height":813,"caption":"Cacau News"},"image":{"@id":"https:\/\/cacaunews.com\/#\/schema\/logo\/image\/"},"sameAs":["https:\/\/www.instagram.com\/cacaunews.online\/","https:\/\/youtube.com\/@cacaunews?si=0VXLnjl08SrWbVG9"]},{"@type":"Person","@id":"https:\/\/cacaunews.com\/#\/schema\/person\/ea69703103e606ad347ccd64bd72ef79","name":"Reda\u00e7\u00e3o Cacau News","image":{"@type":"ImageObject","inLanguage":"pt-BR","@id":"https:\/\/cacaunews.com\/#\/schema\/person\/image\/","url":"https:\/\/secure.gravatar.com\/avatar\/d79227a2a7b6cc42e8d7a8f7c284cd3a?s=96&d=mm&r=g","contentUrl":"https:\/\/secure.gravatar.com\/avatar\/d79227a2a7b6cc42e8d7a8f7c284cd3a?s=96&d=mm&r=g","caption":"Reda\u00e7\u00e3o Cacau News"},"sameAs":["https:\/\/cacaunews.com"],"url":"https:\/\/cacaunews.com\/?author=1"}]}},"jetpack_sharing_enabled":true,"jetpack_featured_media_url":"https:\/\/cacaunews.com\/wp-content\/uploads\/2023\/01\/7BCECE6DA7-D7C5-DBEC-C7EE-B0A24EBE5DDE7D.jpeg","_links":{"self":[{"href":"https:\/\/cacaunews.com\/index.php?rest_route=\/wp\/v2\/posts\/536"}],"collection":[{"href":"https:\/\/cacaunews.com\/index.php?rest_route=\/wp\/v2\/posts"}],"about":[{"href":"https:\/\/cacaunews.com\/index.php?rest_route=\/wp\/v2\/types\/post"}],"author":[{"embeddable":true,"href":"https:\/\/cacaunews.com\/index.php?rest_route=\/wp\/v2\/users\/1"}],"replies":[{"embeddable":true,"href":"https:\/\/cacaunews.com\/index.php?rest_route=%2Fwp%2Fv2%2Fcomments&post=536"}],"version-history":[{"count":1,"href":"https:\/\/cacaunews.com\/index.php?rest_route=\/wp\/v2\/posts\/536\/revisions"}],"predecessor-version":[{"id":558,"href":"https:\/\/cacaunews.com\/index.php?rest_route=\/wp\/v2\/posts\/536\/revisions\/558"}],"wp:featuredmedia":[{"embeddable":true,"href":"https:\/\/cacaunews.com\/index.php?rest_route=\/wp\/v2\/media\/535"}],"wp:attachment":[{"href":"https:\/\/cacaunews.com\/index.php?rest_route=%2Fwp%2Fv2%2Fmedia&parent=536"}],"wp:term":[{"taxonomy":"category","embeddable":true,"href":"https:\/\/cacaunews.com\/index.php?rest_route=%2Fwp%2Fv2%2Fcategories&post=536"},{"taxonomy":"post_tag","embeddable":true,"href":"https:\/\/cacaunews.com\/index.php?rest_route=%2Fwp%2Fv2%2Ftags&post=536"}],"curies":[{"name":"wp","href":"https:\/\/api.w.org\/{rel}","templated":true}]}}