{"id":5387,"date":"2024-12-20T12:45:04","date_gmt":"2024-12-20T12:45:04","guid":{"rendered":"https:\/\/cacaunews.com\/?p=5387"},"modified":"2024-12-20T12:26:25","modified_gmt":"2024-12-20T12:26:25","slug":"itamaraju-prefeito-eleito-e-alvo-de-operacao-da-pf","status":"publish","type":"post","link":"https:\/\/cacaunews.com\/?p=5387","title":{"rendered":"Itamaraju: Prefeito eleito \u00e9 alvo de opera\u00e7\u00e3o da PF."},"content":{"rendered":"\n<p>O prefeito eleito e rec\u00e9m-diplomado de Itamaraju, Jorge Almeida (PSDB), foi alvo de uma opera\u00e7\u00e3o de busca e apreens\u00e3o, deflagrada pela Pol\u00edcia Federal (PF), nesta quinta-feira (19).<br><br>A a\u00e7\u00e3o \u00e9 um desdobramento de uma investiga\u00e7\u00e3o do Minist\u00e9rio P\u00fablico Eleitoral (MPE-BA) que apura a compra de votos nas elei\u00e7\u00f5es municipais deste ano.<\/p>\n\n\n\n<p>Al\u00e9m do chefe do Executivo, tamb\u00e9m estiveram na mira da PF os secret\u00e1rios municipais de Esporte e Cultura, Gustavo Souto, de Administra\u00e7\u00e3o, Edson Oss, e de Governo, Semildes Pereira, conhecido como Bida.<br><br>O empres\u00e1rio Franck Meira Feitosa, conhecido como Franck Produ\u00e7\u00f5es, que \u00e9 filho de um vereador, tamb\u00e9m foi alvo da a\u00e7\u00e3o.<br><br>Durante o cumprimento dos mandados, foram recolhidos aparelhos de celular e computadores. Ainda n\u00e3o h\u00e1 informa\u00e7\u00f5es sobre pris\u00f5es relacionadas \u00e0 opera\u00e7\u00e3o.<\/p>\n\n\n\n<p><strong>Entenda o caso<\/strong><br><br>As investiga\u00e7\u00f5es da PF foram iniciadas den\u00fancias relacionadas a compra de votos, incluindo a distribui\u00e7\u00e3o gratuita de combust\u00edveis em um posto de gasolina da cidade, com o objetivo de angariar mais votos.<br><br>Uma empresa do munic\u00edpio, que n\u00e3o teve o nome revelado, tamb\u00e9m est\u00e1 sendo investigada como suposta financiadora da campanha do prefeito eleito.<\/p>\n","protected":false},"excerpt":{"rendered":"<p>O prefeito eleito e rec\u00e9m-diplomado de Itamaraju, Jorge Almeida (PSDB), foi alvo de uma opera\u00e7\u00e3o&#8230;<\/p>\n","protected":false},"author":1,"featured_media":5386,"comment_status":"open","ping_status":"open","sticky":false,"template":"","format":"standard","meta":{"footnotes":""},"categories":[18,11,5],"tags":[796,133,381,1927],"yoast_head":"<!-- This site is optimized with the Yoast SEO plugin v21.7 - https:\/\/yoast.com\/wordpress\/plugins\/seo\/ -->\n<title>Itamaraju: Prefeito eleito \u00e9 alvo de opera\u00e7\u00e3o da PF. - Cacau News<\/title>\n<meta name=\"robots\" content=\"index, follow, max-snippet:-1, max-image-preview:large, max-video-preview:-1\" \/>\n<link rel=\"canonical\" href=\"https:\/\/cacaunews.com\/?p=5387\" \/>\n<meta property=\"og:locale\" content=\"pt_BR\" \/>\n<meta property=\"og:type\" content=\"article\" \/>\n<meta property=\"og:title\" content=\"Itamaraju: Prefeito eleito \u00e9 alvo de opera\u00e7\u00e3o da PF. - Cacau News\" \/>\n<meta property=\"og:description\" content=\"O prefeito eleito e rec\u00e9m-diplomado de Itamaraju, Jorge Almeida (PSDB), foi alvo de uma opera\u00e7\u00e3o...\" \/>\n<meta property=\"og:url\" content=\"https:\/\/cacaunews.com\/?p=5387\" \/>\n<meta property=\"og:site_name\" content=\"Cacau News\" \/>\n<meta property=\"article:published_time\" content=\"2024-12-20T12:45:04+00:00\" \/>\n<meta property=\"article:modified_time\" content=\"2024-12-20T12:26:25+00:00\" \/>\n<meta property=\"og:image\" content=\"https:\/\/cacaunews.com\/wp-content\/uploads\/2024\/12\/Prefeito-eleito-de-Itamaraju-e-alvo-de-operacao-da0130019700202412192039-ScaleDownProportional.webp\" \/>\n\t<meta property=\"og:image:width\" content=\"500\" \/>\n\t<meta property=\"og:image:height\" content=\"281\" \/>\n\t<meta property=\"og:image:type\" content=\"image\/webp\" \/>\n<meta name=\"author\" content=\"Reda\u00e7\u00e3o Cacau News\" \/>\n<meta name=\"twitter:card\" content=\"summary_large_image\" \/>\n<meta name=\"twitter:label1\" content=\"Escrito por\" \/>\n\t<meta name=\"twitter:data1\" content=\"Reda\u00e7\u00e3o Cacau News\" \/>\n\t<meta name=\"twitter:label2\" content=\"Est. tempo de leitura\" \/>\n\t<meta name=\"twitter:data2\" content=\"1 minuto\" \/>\n<script type=\"application\/ld+json\" class=\"yoast-schema-graph\">{\"@context\":\"https:\/\/schema.org\",\"@graph\":[{\"@type\":\"Article\",\"@id\":\"https:\/\/cacaunews.com\/?p=5387#article\",\"isPartOf\":{\"@id\":\"https:\/\/cacaunews.com\/?p=5387\"},\"author\":{\"name\":\"Reda\u00e7\u00e3o Cacau News\",\"@id\":\"https:\/\/cacaunews.com\/#\/schema\/person\/ea69703103e606ad347ccd64bd72ef79\"},\"headline\":\"Itamaraju: Prefeito eleito \u00e9 alvo de opera\u00e7\u00e3o da PF.\",\"datePublished\":\"2024-12-20T12:45:04+00:00\",\"dateModified\":\"2024-12-20T12:26:25+00:00\",\"mainEntityOfPage\":{\"@id\":\"https:\/\/cacaunews.com\/?p=5387\"},\"wordCount\":214,\"commentCount\":0,\"publisher\":{\"@id\":\"https:\/\/cacaunews.com\/#organization\"},\"keywords\":[\"itamaraju\",\"opera\u00e7\u00e3o\",\"PF\",\"prefeito eleito\"],\"articleSection\":[\"cidades\",\"Jornalismo\",\"Politica\"],\"inLanguage\":\"pt-BR\",\"potentialAction\":[{\"@type\":\"CommentAction\",\"name\":\"Comment\",\"target\":[\"https:\/\/cacaunews.com\/?p=5387#respond\"]}]},{\"@type\":\"WebPage\",\"@id\":\"https:\/\/cacaunews.com\/?p=5387\",\"url\":\"https:\/\/cacaunews.com\/?p=5387\",\"name\":\"Itamaraju: Prefeito eleito \u00e9 alvo de opera\u00e7\u00e3o da PF. - Cacau News\",\"isPartOf\":{\"@id\":\"https:\/\/cacaunews.com\/#website\"},\"datePublished\":\"2024-12-20T12:45:04+00:00\",\"dateModified\":\"2024-12-20T12:26:25+00:00\",\"breadcrumb\":{\"@id\":\"https:\/\/cacaunews.com\/?p=5387#breadcrumb\"},\"inLanguage\":\"pt-BR\",\"potentialAction\":[{\"@type\":\"ReadAction\",\"target\":[\"https:\/\/cacaunews.com\/?p=5387\"]}]},{\"@type\":\"BreadcrumbList\",\"@id\":\"https:\/\/cacaunews.com\/?p=5387#breadcrumb\",\"itemListElement\":[{\"@type\":\"ListItem\",\"position\":1,\"name\":\"In\u00edcio\",\"item\":\"https:\/\/cacaunews.com\/\"},{\"@type\":\"ListItem\",\"position\":2,\"name\":\"Itamaraju: Prefeito eleito \u00e9 alvo de opera\u00e7\u00e3o da PF.\"}]},{\"@type\":\"WebSite\",\"@id\":\"https:\/\/cacaunews.com\/#website\",\"url\":\"https:\/\/cacaunews.com\/\",\"name\":\"Cacau News\",\"description\":\"A Informa\u00e7\u00e3o que voc\u00ea precisa!\",\"publisher\":{\"@id\":\"https:\/\/cacaunews.com\/#organization\"},\"potentialAction\":[{\"@type\":\"SearchAction\",\"target\":{\"@type\":\"EntryPoint\",\"urlTemplate\":\"https:\/\/cacaunews.com\/?s={search_term_string}\"},\"query-input\":\"required name=search_term_string\"}],\"inLanguage\":\"pt-BR\"},{\"@type\":\"Organization\",\"@id\":\"https:\/\/cacaunews.com\/#organization\",\"name\":\"Cacau News\",\"url\":\"https:\/\/cacaunews.com\/\",\"logo\":{\"@type\":\"ImageObject\",\"inLanguage\":\"pt-BR\",\"@id\":\"https:\/\/cacaunews.com\/#\/schema\/logo\/image\/\",\"url\":\"https:\/\/cacaunews.com\/wp-content\/uploads\/2025\/01\/cropped-LOGO-NOVA.png\",\"contentUrl\":\"https:\/\/cacaunews.com\/wp-content\/uploads\/2025\/01\/cropped-LOGO-NOVA.png\",\"width\":813,\"height\":813,\"caption\":\"Cacau News\"},\"image\":{\"@id\":\"https:\/\/cacaunews.com\/#\/schema\/logo\/image\/\"},\"sameAs\":[\"https:\/\/www.instagram.com\/cacaunews.online\/\",\"https:\/\/youtube.com\/@cacaunews?si=0VXLnjl08SrWbVG9\"]},{\"@type\":\"Person\",\"@id\":\"https:\/\/cacaunews.com\/#\/schema\/person\/ea69703103e606ad347ccd64bd72ef79\",\"name\":\"Reda\u00e7\u00e3o Cacau News\",\"image\":{\"@type\":\"ImageObject\",\"inLanguage\":\"pt-BR\",\"@id\":\"https:\/\/cacaunews.com\/#\/schema\/person\/image\/\",\"url\":\"https:\/\/secure.gravatar.com\/avatar\/d79227a2a7b6cc42e8d7a8f7c284cd3a?s=96&d=mm&r=g\",\"contentUrl\":\"https:\/\/secure.gravatar.com\/avatar\/d79227a2a7b6cc42e8d7a8f7c284cd3a?s=96&d=mm&r=g\",\"caption\":\"Reda\u00e7\u00e3o Cacau News\"},\"sameAs\":[\"https:\/\/cacaunews.com\"],\"url\":\"https:\/\/cacaunews.com\/?author=1\"}]}<\/script>\n<!-- \/ Yoast SEO plugin. -->","yoast_head_json":{"title":"Itamaraju: Prefeito eleito \u00e9 alvo de opera\u00e7\u00e3o da PF. - Cacau News","robots":{"index":"index","follow":"follow","max-snippet":"max-snippet:-1","max-image-preview":"max-image-preview:large","max-video-preview":"max-video-preview:-1"},"canonical":"https:\/\/cacaunews.com\/?p=5387","og_locale":"pt_BR","og_type":"article","og_title":"Itamaraju: Prefeito eleito \u00e9 alvo de opera\u00e7\u00e3o da PF. - Cacau News","og_description":"O prefeito eleito e rec\u00e9m-diplomado de Itamaraju, Jorge Almeida (PSDB), foi alvo de uma opera\u00e7\u00e3o...","og_url":"https:\/\/cacaunews.com\/?p=5387","og_site_name":"Cacau News","article_published_time":"2024-12-20T12:45:04+00:00","article_modified_time":"2024-12-20T12:26:25+00:00","og_image":[{"width":500,"height":281,"url":"https:\/\/cacaunews.com\/wp-content\/uploads\/2024\/12\/Prefeito-eleito-de-Itamaraju-e-alvo-de-operacao-da0130019700202412192039-ScaleDownProportional.webp","type":"image\/webp"}],"author":"Reda\u00e7\u00e3o Cacau News","twitter_card":"summary_large_image","twitter_misc":{"Escrito por":"Reda\u00e7\u00e3o Cacau News","Est. tempo de leitura":"1 minuto"},"schema":{"@context":"https:\/\/schema.org","@graph":[{"@type":"Article","@id":"https:\/\/cacaunews.com\/?p=5387#article","isPartOf":{"@id":"https:\/\/cacaunews.com\/?p=5387"},"author":{"name":"Reda\u00e7\u00e3o Cacau News","@id":"https:\/\/cacaunews.com\/#\/schema\/person\/ea69703103e606ad347ccd64bd72ef79"},"headline":"Itamaraju: Prefeito eleito \u00e9 alvo de opera\u00e7\u00e3o da PF.","datePublished":"2024-12-20T12:45:04+00:00","dateModified":"2024-12-20T12:26:25+00:00","mainEntityOfPage":{"@id":"https:\/\/cacaunews.com\/?p=5387"},"wordCount":214,"commentCount":0,"publisher":{"@id":"https:\/\/cacaunews.com\/#organization"},"keywords":["itamaraju","opera\u00e7\u00e3o","PF","prefeito eleito"],"articleSection":["cidades","Jornalismo","Politica"],"inLanguage":"pt-BR","potentialAction":[{"@type":"CommentAction","name":"Comment","target":["https:\/\/cacaunews.com\/?p=5387#respond"]}]},{"@type":"WebPage","@id":"https:\/\/cacaunews.com\/?p=5387","url":"https:\/\/cacaunews.com\/?p=5387","name":"Itamaraju: Prefeito eleito \u00e9 alvo de opera\u00e7\u00e3o da PF. - Cacau News","isPartOf":{"@id":"https:\/\/cacaunews.com\/#website"},"datePublished":"2024-12-20T12:45:04+00:00","dateModified":"2024-12-20T12:26:25+00:00","breadcrumb":{"@id":"https:\/\/cacaunews.com\/?p=5387#breadcrumb"},"inLanguage":"pt-BR","potentialAction":[{"@type":"ReadAction","target":["https:\/\/cacaunews.com\/?p=5387"]}]},{"@type":"BreadcrumbList","@id":"https:\/\/cacaunews.com\/?p=5387#breadcrumb","itemListElement":[{"@type":"ListItem","position":1,"name":"In\u00edcio","item":"https:\/\/cacaunews.com\/"},{"@type":"ListItem","position":2,"name":"Itamaraju: Prefeito eleito \u00e9 alvo de opera\u00e7\u00e3o da PF."}]},{"@type":"WebSite","@id":"https:\/\/cacaunews.com\/#website","url":"https:\/\/cacaunews.com\/","name":"Cacau News","description":"A Informa\u00e7\u00e3o que voc\u00ea precisa!","publisher":{"@id":"https:\/\/cacaunews.com\/#organization"},"potentialAction":[{"@type":"SearchAction","target":{"@type":"EntryPoint","urlTemplate":"https:\/\/cacaunews.com\/?s={search_term_string}"},"query-input":"required name=search_term_string"}],"inLanguage":"pt-BR"},{"@type":"Organization","@id":"https:\/\/cacaunews.com\/#organization","name":"Cacau News","url":"https:\/\/cacaunews.com\/","logo":{"@type":"ImageObject","inLanguage":"pt-BR","@id":"https:\/\/cacaunews.com\/#\/schema\/logo\/image\/","url":"https:\/\/cacaunews.com\/wp-content\/uploads\/2025\/01\/cropped-LOGO-NOVA.png","contentUrl":"https:\/\/cacaunews.com\/wp-content\/uploads\/2025\/01\/cropped-LOGO-NOVA.png","width":813,"height":813,"caption":"Cacau News"},"image":{"@id":"https:\/\/cacaunews.com\/#\/schema\/logo\/image\/"},"sameAs":["https:\/\/www.instagram.com\/cacaunews.online\/","https:\/\/youtube.com\/@cacaunews?si=0VXLnjl08SrWbVG9"]},{"@type":"Person","@id":"https:\/\/cacaunews.com\/#\/schema\/person\/ea69703103e606ad347ccd64bd72ef79","name":"Reda\u00e7\u00e3o Cacau News","image":{"@type":"ImageObject","inLanguage":"pt-BR","@id":"https:\/\/cacaunews.com\/#\/schema\/person\/image\/","url":"https:\/\/secure.gravatar.com\/avatar\/d79227a2a7b6cc42e8d7a8f7c284cd3a?s=96&d=mm&r=g","contentUrl":"https:\/\/secure.gravatar.com\/avatar\/d79227a2a7b6cc42e8d7a8f7c284cd3a?s=96&d=mm&r=g","caption":"Reda\u00e7\u00e3o Cacau News"},"sameAs":["https:\/\/cacaunews.com"],"url":"https:\/\/cacaunews.com\/?author=1"}]}},"jetpack_sharing_enabled":true,"jetpack_featured_media_url":"https:\/\/cacaunews.com\/wp-content\/uploads\/2024\/12\/Prefeito-eleito-de-Itamaraju-e-alvo-de-operacao-da0130019700202412192039-ScaleDownProportional.webp","_links":{"self":[{"href":"https:\/\/cacaunews.com\/index.php?rest_route=\/wp\/v2\/posts\/5387"}],"collection":[{"href":"https:\/\/cacaunews.com\/index.php?rest_route=\/wp\/v2\/posts"}],"about":[{"href":"https:\/\/cacaunews.com\/index.php?rest_route=\/wp\/v2\/types\/post"}],"author":[{"embeddable":true,"href":"https:\/\/cacaunews.com\/index.php?rest_route=\/wp\/v2\/users\/1"}],"replies":[{"embeddable":true,"href":"https:\/\/cacaunews.com\/index.php?rest_route=%2Fwp%2Fv2%2Fcomments&post=5387"}],"version-history":[{"count":1,"href":"https:\/\/cacaunews.com\/index.php?rest_route=\/wp\/v2\/posts\/5387\/revisions"}],"predecessor-version":[{"id":5388,"href":"https:\/\/cacaunews.com\/index.php?rest_route=\/wp\/v2\/posts\/5387\/revisions\/5388"}],"wp:featuredmedia":[{"embeddable":true,"href":"https:\/\/cacaunews.com\/index.php?rest_route=\/wp\/v2\/media\/5386"}],"wp:attachment":[{"href":"https:\/\/cacaunews.com\/index.php?rest_route=%2Fwp%2Fv2%2Fmedia&parent=5387"}],"wp:term":[{"taxonomy":"category","embeddable":true,"href":"https:\/\/cacaunews.com\/index.php?rest_route=%2Fwp%2Fv2%2Fcategories&post=5387"},{"taxonomy":"post_tag","embeddable":true,"href":"https:\/\/cacaunews.com\/index.php?rest_route=%2Fwp%2Fv2%2Ftags&post=5387"}],"curies":[{"name":"wp","href":"https:\/\/api.w.org\/{rel}","templated":true}]}}