{"id":5436,"date":"2025-01-01T20:05:00","date_gmt":"2025-01-01T20:05:00","guid":{"rendered":"https:\/\/cacaunews.com\/?p=5436"},"modified":"2025-01-01T20:23:11","modified_gmt":"2025-01-01T20:23:11","slug":"itabuna-eleita-e-empossada-nova-mesa-diretora-da-camara-de-itabuna","status":"publish","type":"post","link":"https:\/\/cacaunews.com\/?p=5436","title":{"rendered":"Itabuna: Eleita e empossada nova mesa diretora da C\u00e2mara de Vereadores."},"content":{"rendered":"\n<p>Em Sess\u00e3o Ordin\u00e1ria ocorrida neste primeiro dia do ano de 2025, a C\u00e2mara Municipal de Vereadores de Itabuna elegeu e empossou a mesa diretora que ir\u00e1 administrar os trabalhos da Casa durante o bi\u00eanio 2025-2026.<\/p>\n\n\n\n<p>A vota\u00e7\u00e3o resultou em um total de 19 votos a favor da chapa 01, a \u00fanica inscrita sendo que 2 votos foram anulados por rasuras.<\/p>\n\n\n\n<p>A atual mesa \u00e9 composta pelos seguintes vereadores: Manoel Porf\u00edrio (PT), presidente; Tales Silva (Republicanos), 1\u00b0 vice presidente; Bruno Bileco (PSB), 2\u00b0vice presidente; Robson Rigaud (DC), 3\u00b0 vice presidente; Ricardo Xavier (Cidadania), 1\u00b0 secret\u00e1rio; Bab\u00e1 Cearense (PP), 2\u00b0 secret\u00e1rio; kai\u00e1 da Sa\u00fade (PP), 3\u00b0 secret\u00e1rio; Z\u00f3i (Avante), 4\u00b0 secret\u00e1rio; Eldon Orea (Avante), primeiro suplente e Jos\u00e9 Carlos da Sa\u00fade (Solidariedade), 2\u00b0 suplente da mesa.<\/p>\n\n\n\n<p>O Cacau News deseja a nova mesa sucesso na condu\u00e7\u00e3o dos trabalhos legislativos de Itabuna.<\/p>\n","protected":false},"excerpt":{"rendered":"<p>Em Sess\u00e3o Ordin\u00e1ria ocorrida neste primeiro dia do ano de 2025, a C\u00e2mara Municipal de&#8230;<\/p>\n","protected":false},"author":1,"featured_media":5435,"comment_status":"open","ping_status":"open","sticky":false,"template":"","format":"standard","meta":{"footnotes":""},"categories":[18,11,5],"tags":[56,27,252,144],"yoast_head":"<!-- This site is optimized with the Yoast SEO plugin v21.7 - https:\/\/yoast.com\/wordpress\/plugins\/seo\/ -->\n<title>Itabuna: Eleita e empossada nova mesa diretora da C\u00e2mara de Vereadores. - Cacau News<\/title>\n<meta name=\"robots\" content=\"index, follow, max-snippet:-1, max-image-preview:large, max-video-preview:-1\" \/>\n<link rel=\"canonical\" href=\"https:\/\/cacaunews.com\/?p=5436\" \/>\n<meta property=\"og:locale\" content=\"pt_BR\" \/>\n<meta property=\"og:type\" content=\"article\" \/>\n<meta property=\"og:title\" content=\"Itabuna: Eleita e empossada nova mesa diretora da C\u00e2mara de Vereadores. - Cacau News\" \/>\n<meta property=\"og:description\" content=\"Em Sess\u00e3o Ordin\u00e1ria ocorrida neste primeiro dia do ano de 2025, a C\u00e2mara Municipal de...\" \/>\n<meta property=\"og:url\" content=\"https:\/\/cacaunews.com\/?p=5436\" \/>\n<meta property=\"og:site_name\" content=\"Cacau News\" \/>\n<meta property=\"article:published_time\" content=\"2025-01-01T20:05:00+00:00\" \/>\n<meta property=\"article:modified_time\" content=\"2025-01-01T20:23:11+00:00\" \/>\n<meta property=\"og:image\" content=\"https:\/\/cacaunews.com\/wp-content\/uploads\/2025\/01\/IMG_20250101_164820.jpg\" \/>\n\t<meta property=\"og:image:width\" content=\"1080\" \/>\n\t<meta property=\"og:image:height\" content=\"599\" \/>\n\t<meta property=\"og:image:type\" content=\"image\/jpeg\" \/>\n<meta name=\"author\" content=\"Reda\u00e7\u00e3o Cacau News\" \/>\n<meta name=\"twitter:card\" content=\"summary_large_image\" \/>\n<meta name=\"twitter:label1\" content=\"Escrito por\" \/>\n\t<meta name=\"twitter:data1\" content=\"Reda\u00e7\u00e3o Cacau News\" \/>\n\t<meta name=\"twitter:label2\" content=\"Est. tempo de leitura\" \/>\n\t<meta name=\"twitter:data2\" content=\"1 minuto\" \/>\n<script type=\"application\/ld+json\" class=\"yoast-schema-graph\">{\"@context\":\"https:\/\/schema.org\",\"@graph\":[{\"@type\":\"Article\",\"@id\":\"https:\/\/cacaunews.com\/?p=5436#article\",\"isPartOf\":{\"@id\":\"https:\/\/cacaunews.com\/?p=5436\"},\"author\":{\"name\":\"Reda\u00e7\u00e3o Cacau News\",\"@id\":\"https:\/\/cacaunews.com\/#\/schema\/person\/ea69703103e606ad347ccd64bd72ef79\"},\"headline\":\"Itabuna: Eleita e empossada nova mesa diretora da C\u00e2mara de Vereadores.\",\"datePublished\":\"2025-01-01T20:05:00+00:00\",\"dateModified\":\"2025-01-01T20:23:11+00:00\",\"mainEntityOfPage\":{\"@id\":\"https:\/\/cacaunews.com\/?p=5436\"},\"wordCount\":153,\"commentCount\":0,\"publisher\":{\"@id\":\"https:\/\/cacaunews.com\/#organization\"},\"keywords\":[\"c\u00e2mara\",\"itabuna\",\"mesa diretora\",\"posse\"],\"articleSection\":[\"cidades\",\"Jornalismo\",\"Politica\"],\"inLanguage\":\"pt-BR\",\"potentialAction\":[{\"@type\":\"CommentAction\",\"name\":\"Comment\",\"target\":[\"https:\/\/cacaunews.com\/?p=5436#respond\"]}]},{\"@type\":\"WebPage\",\"@id\":\"https:\/\/cacaunews.com\/?p=5436\",\"url\":\"https:\/\/cacaunews.com\/?p=5436\",\"name\":\"Itabuna: Eleita e empossada nova mesa diretora da C\u00e2mara de Vereadores. - Cacau News\",\"isPartOf\":{\"@id\":\"https:\/\/cacaunews.com\/#website\"},\"datePublished\":\"2025-01-01T20:05:00+00:00\",\"dateModified\":\"2025-01-01T20:23:11+00:00\",\"breadcrumb\":{\"@id\":\"https:\/\/cacaunews.com\/?p=5436#breadcrumb\"},\"inLanguage\":\"pt-BR\",\"potentialAction\":[{\"@type\":\"ReadAction\",\"target\":[\"https:\/\/cacaunews.com\/?p=5436\"]}]},{\"@type\":\"BreadcrumbList\",\"@id\":\"https:\/\/cacaunews.com\/?p=5436#breadcrumb\",\"itemListElement\":[{\"@type\":\"ListItem\",\"position\":1,\"name\":\"In\u00edcio\",\"item\":\"https:\/\/cacaunews.com\/\"},{\"@type\":\"ListItem\",\"position\":2,\"name\":\"Itabuna: Eleita e empossada nova mesa diretora da C\u00e2mara de Vereadores.\"}]},{\"@type\":\"WebSite\",\"@id\":\"https:\/\/cacaunews.com\/#website\",\"url\":\"https:\/\/cacaunews.com\/\",\"name\":\"Cacau News\",\"description\":\"A Informa\u00e7\u00e3o que voc\u00ea precisa!\",\"publisher\":{\"@id\":\"https:\/\/cacaunews.com\/#organization\"},\"potentialAction\":[{\"@type\":\"SearchAction\",\"target\":{\"@type\":\"EntryPoint\",\"urlTemplate\":\"https:\/\/cacaunews.com\/?s={search_term_string}\"},\"query-input\":\"required name=search_term_string\"}],\"inLanguage\":\"pt-BR\"},{\"@type\":\"Organization\",\"@id\":\"https:\/\/cacaunews.com\/#organization\",\"name\":\"Cacau News\",\"url\":\"https:\/\/cacaunews.com\/\",\"logo\":{\"@type\":\"ImageObject\",\"inLanguage\":\"pt-BR\",\"@id\":\"https:\/\/cacaunews.com\/#\/schema\/logo\/image\/\",\"url\":\"https:\/\/cacaunews.com\/wp-content\/uploads\/2025\/01\/cropped-LOGO-NOVA.png\",\"contentUrl\":\"https:\/\/cacaunews.com\/wp-content\/uploads\/2025\/01\/cropped-LOGO-NOVA.png\",\"width\":813,\"height\":813,\"caption\":\"Cacau News\"},\"image\":{\"@id\":\"https:\/\/cacaunews.com\/#\/schema\/logo\/image\/\"},\"sameAs\":[\"https:\/\/www.instagram.com\/cacaunews.online\/\",\"https:\/\/youtube.com\/@cacaunews?si=0VXLnjl08SrWbVG9\"]},{\"@type\":\"Person\",\"@id\":\"https:\/\/cacaunews.com\/#\/schema\/person\/ea69703103e606ad347ccd64bd72ef79\",\"name\":\"Reda\u00e7\u00e3o Cacau News\",\"image\":{\"@type\":\"ImageObject\",\"inLanguage\":\"pt-BR\",\"@id\":\"https:\/\/cacaunews.com\/#\/schema\/person\/image\/\",\"url\":\"https:\/\/secure.gravatar.com\/avatar\/d79227a2a7b6cc42e8d7a8f7c284cd3a?s=96&d=mm&r=g\",\"contentUrl\":\"https:\/\/secure.gravatar.com\/avatar\/d79227a2a7b6cc42e8d7a8f7c284cd3a?s=96&d=mm&r=g\",\"caption\":\"Reda\u00e7\u00e3o Cacau News\"},\"sameAs\":[\"https:\/\/cacaunews.com\"],\"url\":\"https:\/\/cacaunews.com\/?author=1\"}]}<\/script>\n<!-- \/ Yoast SEO plugin. -->","yoast_head_json":{"title":"Itabuna: Eleita e empossada nova mesa diretora da C\u00e2mara de Vereadores. - Cacau News","robots":{"index":"index","follow":"follow","max-snippet":"max-snippet:-1","max-image-preview":"max-image-preview:large","max-video-preview":"max-video-preview:-1"},"canonical":"https:\/\/cacaunews.com\/?p=5436","og_locale":"pt_BR","og_type":"article","og_title":"Itabuna: Eleita e empossada nova mesa diretora da C\u00e2mara de Vereadores. - Cacau News","og_description":"Em Sess\u00e3o Ordin\u00e1ria ocorrida neste primeiro dia do ano de 2025, a C\u00e2mara Municipal de...","og_url":"https:\/\/cacaunews.com\/?p=5436","og_site_name":"Cacau News","article_published_time":"2025-01-01T20:05:00+00:00","article_modified_time":"2025-01-01T20:23:11+00:00","og_image":[{"width":1080,"height":599,"url":"https:\/\/cacaunews.com\/wp-content\/uploads\/2025\/01\/IMG_20250101_164820.jpg","type":"image\/jpeg"}],"author":"Reda\u00e7\u00e3o Cacau News","twitter_card":"summary_large_image","twitter_misc":{"Escrito por":"Reda\u00e7\u00e3o Cacau News","Est. tempo de leitura":"1 minuto"},"schema":{"@context":"https:\/\/schema.org","@graph":[{"@type":"Article","@id":"https:\/\/cacaunews.com\/?p=5436#article","isPartOf":{"@id":"https:\/\/cacaunews.com\/?p=5436"},"author":{"name":"Reda\u00e7\u00e3o Cacau News","@id":"https:\/\/cacaunews.com\/#\/schema\/person\/ea69703103e606ad347ccd64bd72ef79"},"headline":"Itabuna: Eleita e empossada nova mesa diretora da C\u00e2mara de Vereadores.","datePublished":"2025-01-01T20:05:00+00:00","dateModified":"2025-01-01T20:23:11+00:00","mainEntityOfPage":{"@id":"https:\/\/cacaunews.com\/?p=5436"},"wordCount":153,"commentCount":0,"publisher":{"@id":"https:\/\/cacaunews.com\/#organization"},"keywords":["c\u00e2mara","itabuna","mesa diretora","posse"],"articleSection":["cidades","Jornalismo","Politica"],"inLanguage":"pt-BR","potentialAction":[{"@type":"CommentAction","name":"Comment","target":["https:\/\/cacaunews.com\/?p=5436#respond"]}]},{"@type":"WebPage","@id":"https:\/\/cacaunews.com\/?p=5436","url":"https:\/\/cacaunews.com\/?p=5436","name":"Itabuna: Eleita e empossada nova mesa diretora da C\u00e2mara de Vereadores. - Cacau News","isPartOf":{"@id":"https:\/\/cacaunews.com\/#website"},"datePublished":"2025-01-01T20:05:00+00:00","dateModified":"2025-01-01T20:23:11+00:00","breadcrumb":{"@id":"https:\/\/cacaunews.com\/?p=5436#breadcrumb"},"inLanguage":"pt-BR","potentialAction":[{"@type":"ReadAction","target":["https:\/\/cacaunews.com\/?p=5436"]}]},{"@type":"BreadcrumbList","@id":"https:\/\/cacaunews.com\/?p=5436#breadcrumb","itemListElement":[{"@type":"ListItem","position":1,"name":"In\u00edcio","item":"https:\/\/cacaunews.com\/"},{"@type":"ListItem","position":2,"name":"Itabuna: Eleita e empossada nova mesa diretora da C\u00e2mara de Vereadores."}]},{"@type":"WebSite","@id":"https:\/\/cacaunews.com\/#website","url":"https:\/\/cacaunews.com\/","name":"Cacau News","description":"A Informa\u00e7\u00e3o que voc\u00ea precisa!","publisher":{"@id":"https:\/\/cacaunews.com\/#organization"},"potentialAction":[{"@type":"SearchAction","target":{"@type":"EntryPoint","urlTemplate":"https:\/\/cacaunews.com\/?s={search_term_string}"},"query-input":"required name=search_term_string"}],"inLanguage":"pt-BR"},{"@type":"Organization","@id":"https:\/\/cacaunews.com\/#organization","name":"Cacau News","url":"https:\/\/cacaunews.com\/","logo":{"@type":"ImageObject","inLanguage":"pt-BR","@id":"https:\/\/cacaunews.com\/#\/schema\/logo\/image\/","url":"https:\/\/cacaunews.com\/wp-content\/uploads\/2025\/01\/cropped-LOGO-NOVA.png","contentUrl":"https:\/\/cacaunews.com\/wp-content\/uploads\/2025\/01\/cropped-LOGO-NOVA.png","width":813,"height":813,"caption":"Cacau News"},"image":{"@id":"https:\/\/cacaunews.com\/#\/schema\/logo\/image\/"},"sameAs":["https:\/\/www.instagram.com\/cacaunews.online\/","https:\/\/youtube.com\/@cacaunews?si=0VXLnjl08SrWbVG9"]},{"@type":"Person","@id":"https:\/\/cacaunews.com\/#\/schema\/person\/ea69703103e606ad347ccd64bd72ef79","name":"Reda\u00e7\u00e3o Cacau News","image":{"@type":"ImageObject","inLanguage":"pt-BR","@id":"https:\/\/cacaunews.com\/#\/schema\/person\/image\/","url":"https:\/\/secure.gravatar.com\/avatar\/d79227a2a7b6cc42e8d7a8f7c284cd3a?s=96&d=mm&r=g","contentUrl":"https:\/\/secure.gravatar.com\/avatar\/d79227a2a7b6cc42e8d7a8f7c284cd3a?s=96&d=mm&r=g","caption":"Reda\u00e7\u00e3o Cacau News"},"sameAs":["https:\/\/cacaunews.com"],"url":"https:\/\/cacaunews.com\/?author=1"}]}},"jetpack_sharing_enabled":true,"jetpack_featured_media_url":"https:\/\/cacaunews.com\/wp-content\/uploads\/2025\/01\/IMG_20250101_164820.jpg","_links":{"self":[{"href":"https:\/\/cacaunews.com\/index.php?rest_route=\/wp\/v2\/posts\/5436"}],"collection":[{"href":"https:\/\/cacaunews.com\/index.php?rest_route=\/wp\/v2\/posts"}],"about":[{"href":"https:\/\/cacaunews.com\/index.php?rest_route=\/wp\/v2\/types\/post"}],"author":[{"embeddable":true,"href":"https:\/\/cacaunews.com\/index.php?rest_route=\/wp\/v2\/users\/1"}],"replies":[{"embeddable":true,"href":"https:\/\/cacaunews.com\/index.php?rest_route=%2Fwp%2Fv2%2Fcomments&post=5436"}],"version-history":[{"count":3,"href":"https:\/\/cacaunews.com\/index.php?rest_route=\/wp\/v2\/posts\/5436\/revisions"}],"predecessor-version":[{"id":5439,"href":"https:\/\/cacaunews.com\/index.php?rest_route=\/wp\/v2\/posts\/5436\/revisions\/5439"}],"wp:featuredmedia":[{"embeddable":true,"href":"https:\/\/cacaunews.com\/index.php?rest_route=\/wp\/v2\/media\/5435"}],"wp:attachment":[{"href":"https:\/\/cacaunews.com\/index.php?rest_route=%2Fwp%2Fv2%2Fmedia&parent=5436"}],"wp:term":[{"taxonomy":"category","embeddable":true,"href":"https:\/\/cacaunews.com\/index.php?rest_route=%2Fwp%2Fv2%2Fcategories&post=5436"},{"taxonomy":"post_tag","embeddable":true,"href":"https:\/\/cacaunews.com\/index.php?rest_route=%2Fwp%2Fv2%2Ftags&post=5436"}],"curies":[{"name":"wp","href":"https:\/\/api.w.org\/{rel}","templated":true}]}}