{"id":5447,"date":"2025-01-01T22:30:49","date_gmt":"2025-01-01T22:30:49","guid":{"rendered":"https:\/\/cacaunews.com\/?p=5447"},"modified":"2025-01-03T15:21:35","modified_gmt":"2025-01-03T15:21:35","slug":"ilheus-valderico-junior-e-empossado-prefeito-e-prega-unidade-para-avanco-da-cidade","status":"publish","type":"post","link":"https:\/\/cacaunews.com\/?p=5447","title":{"rendered":"Ilh\u00e9us: Valderico J\u00fanior \u00e9 empossado prefeito e prega unidade para avan\u00e7o da cidade."},"content":{"rendered":"\n<p>Foi empossado&nbsp;como prefeito de Ilh\u00e9us, nesta quarta feira (1\u00b0), em cerim\u00f4nia realizada no Centro de Conven\u00e7\u00f5es, o empres\u00e1rio Valderico Junior. Eleito com 41.567 votos, o jovem gestor de 37 anos refor\u00e7ou o desejo de renova\u00e7\u00e3o pol\u00edtica no munic\u00edpio e o sentimento de esperan\u00e7a por uma cidade melhor para todos.<\/p>\n\n\n\n<p>Ap\u00f3s a posse dos novos vereadores e elei\u00e7\u00e3o da Mesa Diretora da Casa Legislativa, o edil C\u00e9sar Porto&nbsp; (PP), eleito presidente iniciou o protocolo de posse do prefeito Valderico J\u00fanior e da vice prefeita Wanessa Gedeon.<\/p>\n\n\n\n<figure class=\"wp-block-image size-large\"><img fetchpriority=\"high\" decoding=\"async\" width=\"1024\" height=\"682\" src=\"https:\/\/cacaunews.com\/wp-content\/uploads\/2025\/01\/img-20250101-wa01152767811590781390194.jpg\" alt=\"\" class=\"wp-image-5445\" srcset=\"https:\/\/cacaunews.com\/wp-content\/uploads\/2025\/01\/img-20250101-wa01152767811590781390194.jpg 1024w, https:\/\/cacaunews.com\/wp-content\/uploads\/2025\/01\/img-20250101-wa01152767811590781390194-300x200.jpg 300w, https:\/\/cacaunews.com\/wp-content\/uploads\/2025\/01\/img-20250101-wa01152767811590781390194-768x512.jpg 768w\" sizes=\"(max-width: 1024px) 100vw, 1024px\" \/><\/figure>\n\n\n\n<p>Devidamente empossado, o prefeito, em seu discurso&nbsp; agradeceu aos familiares, \u00e0 equipe e toda popula\u00e7\u00e3o, pediu unidade entre os poderes, e destacou que os desafios ser\u00e3o muitos, mas que contar\u00e1 com uma equipe capacitada e comprometida a n\u00e3o poupar esfor\u00e7os para colocar Ilh\u00e9us de volta ao caminho do crescimento.<\/p>\n\n\n\n<figure class=\"wp-block-image size-large\"><img decoding=\"async\" width=\"750\" height=\"430\" src=\"https:\/\/cacaunews.com\/wp-content\/uploads\/2025\/01\/img-20250101-wa01176035151978519340039.jpg\" alt=\"\" class=\"wp-image-5446\" srcset=\"https:\/\/cacaunews.com\/wp-content\/uploads\/2025\/01\/img-20250101-wa01176035151978519340039.jpg 750w, https:\/\/cacaunews.com\/wp-content\/uploads\/2025\/01\/img-20250101-wa01176035151978519340039-300x172.jpg 300w\" sizes=\"(max-width: 750px) 100vw, 750px\" \/><\/figure>\n\n\n\n<p> &#8220;A palavra aqui deve ser unidade. Se dermos as m\u00e3os, executivo, legislativo e judici\u00e1rio, quem ganha \u00e9 Ilh\u00e9us. Nosso lema ser\u00e1 sempre o di\u00e1logo para beneficiar a popula\u00e7\u00e3o. Sabemos que no come\u00e7o ser\u00e1 muito dif\u00edcil e sofreremos muitas cr\u00edticas. Por\u00e9m, o momento da renova\u00e7\u00e3o j\u00e1 chegou. \u00c9 preciso recome\u00e7ar, recuperar, para depois avan\u00e7ar. Conto com o apoio de cada um de voc\u00eas para fazermos de Ilh\u00e9us um lugar ainda melhor para se viver\u201d disse o novo gestor.<\/p>\n","protected":false},"excerpt":{"rendered":"<p>Foi empossado&nbsp;como prefeito de Ilh\u00e9us, nesta quarta feira (1\u00b0), em cerim\u00f4nia realizada no Centro de&#8230;<\/p>\n","protected":false},"author":1,"featured_media":5444,"comment_status":"open","ping_status":"open","sticky":false,"template":"","format":"standard","meta":{"footnotes":""},"categories":[18,11,5],"tags":[37,144,564,1862],"yoast_head":"<!-- This site is optimized with the Yoast SEO plugin v21.7 - https:\/\/yoast.com\/wordpress\/plugins\/seo\/ -->\n<title>Ilh\u00e9us: Valderico J\u00fanior \u00e9 empossado prefeito e prega unidade para avan\u00e7o da cidade. - Cacau News<\/title>\n<meta name=\"robots\" content=\"index, follow, max-snippet:-1, max-image-preview:large, max-video-preview:-1\" \/>\n<link rel=\"canonical\" href=\"https:\/\/cacaunews.com\/?p=5447\" \/>\n<meta property=\"og:locale\" content=\"pt_BR\" \/>\n<meta property=\"og:type\" content=\"article\" \/>\n<meta property=\"og:title\" content=\"Ilh\u00e9us: Valderico J\u00fanior \u00e9 empossado prefeito e prega unidade para avan\u00e7o da cidade. - Cacau News\" \/>\n<meta property=\"og:description\" content=\"Foi empossado&nbsp;como prefeito de Ilh\u00e9us, nesta quarta feira (1\u00b0), em cerim\u00f4nia realizada no Centro de...\" \/>\n<meta property=\"og:url\" content=\"https:\/\/cacaunews.com\/?p=5447\" \/>\n<meta property=\"og:site_name\" content=\"Cacau News\" \/>\n<meta property=\"article:published_time\" content=\"2025-01-01T22:30:49+00:00\" \/>\n<meta property=\"article:modified_time\" content=\"2025-01-03T15:21:35+00:00\" \/>\n<meta property=\"og:image\" content=\"https:\/\/cacaunews.com\/wp-content\/uploads\/2025\/01\/IMG-20250101-WA0116.jpg\" \/>\n\t<meta property=\"og:image:width\" content=\"1024\" \/>\n\t<meta property=\"og:image:height\" content=\"682\" \/>\n\t<meta property=\"og:image:type\" content=\"image\/jpeg\" \/>\n<meta name=\"author\" content=\"Reda\u00e7\u00e3o Cacau News\" \/>\n<meta name=\"twitter:card\" content=\"summary_large_image\" \/>\n<meta name=\"twitter:label1\" content=\"Escrito por\" \/>\n\t<meta name=\"twitter:data1\" content=\"Reda\u00e7\u00e3o Cacau News\" \/>\n\t<meta name=\"twitter:label2\" content=\"Est. tempo de leitura\" \/>\n\t<meta name=\"twitter:data2\" content=\"1 minuto\" \/>\n<script type=\"application\/ld+json\" class=\"yoast-schema-graph\">{\"@context\":\"https:\/\/schema.org\",\"@graph\":[{\"@type\":\"Article\",\"@id\":\"https:\/\/cacaunews.com\/?p=5447#article\",\"isPartOf\":{\"@id\":\"https:\/\/cacaunews.com\/?p=5447\"},\"author\":{\"name\":\"Reda\u00e7\u00e3o Cacau News\",\"@id\":\"https:\/\/cacaunews.com\/#\/schema\/person\/ea69703103e606ad347ccd64bd72ef79\"},\"headline\":\"Ilh\u00e9us: Valderico J\u00fanior \u00e9 empossado prefeito e prega unidade para avan\u00e7o da cidade.\",\"datePublished\":\"2025-01-01T22:30:49+00:00\",\"dateModified\":\"2025-01-03T15:21:35+00:00\",\"mainEntityOfPage\":{\"@id\":\"https:\/\/cacaunews.com\/?p=5447\"},\"wordCount\":256,\"commentCount\":0,\"publisher\":{\"@id\":\"https:\/\/cacaunews.com\/#organization\"},\"keywords\":[\"ilheus\",\"posse\",\"prefeito\",\"valderico junior\"],\"articleSection\":[\"cidades\",\"Jornalismo\",\"Politica\"],\"inLanguage\":\"pt-BR\",\"potentialAction\":[{\"@type\":\"CommentAction\",\"name\":\"Comment\",\"target\":[\"https:\/\/cacaunews.com\/?p=5447#respond\"]}]},{\"@type\":\"WebPage\",\"@id\":\"https:\/\/cacaunews.com\/?p=5447\",\"url\":\"https:\/\/cacaunews.com\/?p=5447\",\"name\":\"Ilh\u00e9us: Valderico J\u00fanior \u00e9 empossado prefeito e prega unidade para avan\u00e7o da cidade. - Cacau News\",\"isPartOf\":{\"@id\":\"https:\/\/cacaunews.com\/#website\"},\"datePublished\":\"2025-01-01T22:30:49+00:00\",\"dateModified\":\"2025-01-03T15:21:35+00:00\",\"breadcrumb\":{\"@id\":\"https:\/\/cacaunews.com\/?p=5447#breadcrumb\"},\"inLanguage\":\"pt-BR\",\"potentialAction\":[{\"@type\":\"ReadAction\",\"target\":[\"https:\/\/cacaunews.com\/?p=5447\"]}]},{\"@type\":\"BreadcrumbList\",\"@id\":\"https:\/\/cacaunews.com\/?p=5447#breadcrumb\",\"itemListElement\":[{\"@type\":\"ListItem\",\"position\":1,\"name\":\"In\u00edcio\",\"item\":\"https:\/\/cacaunews.com\/\"},{\"@type\":\"ListItem\",\"position\":2,\"name\":\"Ilh\u00e9us: Valderico J\u00fanior \u00e9 empossado prefeito e prega unidade para avan\u00e7o da cidade.\"}]},{\"@type\":\"WebSite\",\"@id\":\"https:\/\/cacaunews.com\/#website\",\"url\":\"https:\/\/cacaunews.com\/\",\"name\":\"Cacau News\",\"description\":\"A Informa\u00e7\u00e3o que voc\u00ea precisa!\",\"publisher\":{\"@id\":\"https:\/\/cacaunews.com\/#organization\"},\"potentialAction\":[{\"@type\":\"SearchAction\",\"target\":{\"@type\":\"EntryPoint\",\"urlTemplate\":\"https:\/\/cacaunews.com\/?s={search_term_string}\"},\"query-input\":\"required name=search_term_string\"}],\"inLanguage\":\"pt-BR\"},{\"@type\":\"Organization\",\"@id\":\"https:\/\/cacaunews.com\/#organization\",\"name\":\"Cacau News\",\"url\":\"https:\/\/cacaunews.com\/\",\"logo\":{\"@type\":\"ImageObject\",\"inLanguage\":\"pt-BR\",\"@id\":\"https:\/\/cacaunews.com\/#\/schema\/logo\/image\/\",\"url\":\"https:\/\/cacaunews.com\/wp-content\/uploads\/2025\/01\/cropped-LOGO-NOVA.png\",\"contentUrl\":\"https:\/\/cacaunews.com\/wp-content\/uploads\/2025\/01\/cropped-LOGO-NOVA.png\",\"width\":813,\"height\":813,\"caption\":\"Cacau News\"},\"image\":{\"@id\":\"https:\/\/cacaunews.com\/#\/schema\/logo\/image\/\"},\"sameAs\":[\"https:\/\/www.instagram.com\/cacaunews.online\/\",\"https:\/\/youtube.com\/@cacaunews?si=0VXLnjl08SrWbVG9\"]},{\"@type\":\"Person\",\"@id\":\"https:\/\/cacaunews.com\/#\/schema\/person\/ea69703103e606ad347ccd64bd72ef79\",\"name\":\"Reda\u00e7\u00e3o Cacau News\",\"image\":{\"@type\":\"ImageObject\",\"inLanguage\":\"pt-BR\",\"@id\":\"https:\/\/cacaunews.com\/#\/schema\/person\/image\/\",\"url\":\"https:\/\/secure.gravatar.com\/avatar\/d79227a2a7b6cc42e8d7a8f7c284cd3a?s=96&d=mm&r=g\",\"contentUrl\":\"https:\/\/secure.gravatar.com\/avatar\/d79227a2a7b6cc42e8d7a8f7c284cd3a?s=96&d=mm&r=g\",\"caption\":\"Reda\u00e7\u00e3o Cacau News\"},\"sameAs\":[\"https:\/\/cacaunews.com\"],\"url\":\"https:\/\/cacaunews.com\/?author=1\"}]}<\/script>\n<!-- \/ Yoast SEO plugin. -->","yoast_head_json":{"title":"Ilh\u00e9us: Valderico J\u00fanior \u00e9 empossado prefeito e prega unidade para avan\u00e7o da cidade. - Cacau News","robots":{"index":"index","follow":"follow","max-snippet":"max-snippet:-1","max-image-preview":"max-image-preview:large","max-video-preview":"max-video-preview:-1"},"canonical":"https:\/\/cacaunews.com\/?p=5447","og_locale":"pt_BR","og_type":"article","og_title":"Ilh\u00e9us: Valderico J\u00fanior \u00e9 empossado prefeito e prega unidade para avan\u00e7o da cidade. - Cacau News","og_description":"Foi empossado&nbsp;como prefeito de Ilh\u00e9us, nesta quarta feira (1\u00b0), em cerim\u00f4nia realizada no Centro de...","og_url":"https:\/\/cacaunews.com\/?p=5447","og_site_name":"Cacau News","article_published_time":"2025-01-01T22:30:49+00:00","article_modified_time":"2025-01-03T15:21:35+00:00","og_image":[{"width":1024,"height":682,"url":"https:\/\/cacaunews.com\/wp-content\/uploads\/2025\/01\/IMG-20250101-WA0116.jpg","type":"image\/jpeg"}],"author":"Reda\u00e7\u00e3o Cacau News","twitter_card":"summary_large_image","twitter_misc":{"Escrito por":"Reda\u00e7\u00e3o Cacau News","Est. tempo de leitura":"1 minuto"},"schema":{"@context":"https:\/\/schema.org","@graph":[{"@type":"Article","@id":"https:\/\/cacaunews.com\/?p=5447#article","isPartOf":{"@id":"https:\/\/cacaunews.com\/?p=5447"},"author":{"name":"Reda\u00e7\u00e3o Cacau News","@id":"https:\/\/cacaunews.com\/#\/schema\/person\/ea69703103e606ad347ccd64bd72ef79"},"headline":"Ilh\u00e9us: Valderico J\u00fanior \u00e9 empossado prefeito e prega unidade para avan\u00e7o da cidade.","datePublished":"2025-01-01T22:30:49+00:00","dateModified":"2025-01-03T15:21:35+00:00","mainEntityOfPage":{"@id":"https:\/\/cacaunews.com\/?p=5447"},"wordCount":256,"commentCount":0,"publisher":{"@id":"https:\/\/cacaunews.com\/#organization"},"keywords":["ilheus","posse","prefeito","valderico junior"],"articleSection":["cidades","Jornalismo","Politica"],"inLanguage":"pt-BR","potentialAction":[{"@type":"CommentAction","name":"Comment","target":["https:\/\/cacaunews.com\/?p=5447#respond"]}]},{"@type":"WebPage","@id":"https:\/\/cacaunews.com\/?p=5447","url":"https:\/\/cacaunews.com\/?p=5447","name":"Ilh\u00e9us: Valderico J\u00fanior \u00e9 empossado prefeito e prega unidade para avan\u00e7o da cidade. - Cacau News","isPartOf":{"@id":"https:\/\/cacaunews.com\/#website"},"datePublished":"2025-01-01T22:30:49+00:00","dateModified":"2025-01-03T15:21:35+00:00","breadcrumb":{"@id":"https:\/\/cacaunews.com\/?p=5447#breadcrumb"},"inLanguage":"pt-BR","potentialAction":[{"@type":"ReadAction","target":["https:\/\/cacaunews.com\/?p=5447"]}]},{"@type":"BreadcrumbList","@id":"https:\/\/cacaunews.com\/?p=5447#breadcrumb","itemListElement":[{"@type":"ListItem","position":1,"name":"In\u00edcio","item":"https:\/\/cacaunews.com\/"},{"@type":"ListItem","position":2,"name":"Ilh\u00e9us: Valderico J\u00fanior \u00e9 empossado prefeito e prega unidade para avan\u00e7o da cidade."}]},{"@type":"WebSite","@id":"https:\/\/cacaunews.com\/#website","url":"https:\/\/cacaunews.com\/","name":"Cacau News","description":"A Informa\u00e7\u00e3o que voc\u00ea precisa!","publisher":{"@id":"https:\/\/cacaunews.com\/#organization"},"potentialAction":[{"@type":"SearchAction","target":{"@type":"EntryPoint","urlTemplate":"https:\/\/cacaunews.com\/?s={search_term_string}"},"query-input":"required name=search_term_string"}],"inLanguage":"pt-BR"},{"@type":"Organization","@id":"https:\/\/cacaunews.com\/#organization","name":"Cacau News","url":"https:\/\/cacaunews.com\/","logo":{"@type":"ImageObject","inLanguage":"pt-BR","@id":"https:\/\/cacaunews.com\/#\/schema\/logo\/image\/","url":"https:\/\/cacaunews.com\/wp-content\/uploads\/2025\/01\/cropped-LOGO-NOVA.png","contentUrl":"https:\/\/cacaunews.com\/wp-content\/uploads\/2025\/01\/cropped-LOGO-NOVA.png","width":813,"height":813,"caption":"Cacau News"},"image":{"@id":"https:\/\/cacaunews.com\/#\/schema\/logo\/image\/"},"sameAs":["https:\/\/www.instagram.com\/cacaunews.online\/","https:\/\/youtube.com\/@cacaunews?si=0VXLnjl08SrWbVG9"]},{"@type":"Person","@id":"https:\/\/cacaunews.com\/#\/schema\/person\/ea69703103e606ad347ccd64bd72ef79","name":"Reda\u00e7\u00e3o Cacau News","image":{"@type":"ImageObject","inLanguage":"pt-BR","@id":"https:\/\/cacaunews.com\/#\/schema\/person\/image\/","url":"https:\/\/secure.gravatar.com\/avatar\/d79227a2a7b6cc42e8d7a8f7c284cd3a?s=96&d=mm&r=g","contentUrl":"https:\/\/secure.gravatar.com\/avatar\/d79227a2a7b6cc42e8d7a8f7c284cd3a?s=96&d=mm&r=g","caption":"Reda\u00e7\u00e3o Cacau News"},"sameAs":["https:\/\/cacaunews.com"],"url":"https:\/\/cacaunews.com\/?author=1"}]}},"jetpack_sharing_enabled":true,"jetpack_featured_media_url":"https:\/\/cacaunews.com\/wp-content\/uploads\/2025\/01\/IMG-20250101-WA0116.jpg","_links":{"self":[{"href":"https:\/\/cacaunews.com\/index.php?rest_route=\/wp\/v2\/posts\/5447"}],"collection":[{"href":"https:\/\/cacaunews.com\/index.php?rest_route=\/wp\/v2\/posts"}],"about":[{"href":"https:\/\/cacaunews.com\/index.php?rest_route=\/wp\/v2\/types\/post"}],"author":[{"embeddable":true,"href":"https:\/\/cacaunews.com\/index.php?rest_route=\/wp\/v2\/users\/1"}],"replies":[{"embeddable":true,"href":"https:\/\/cacaunews.com\/index.php?rest_route=%2Fwp%2Fv2%2Fcomments&post=5447"}],"version-history":[{"count":2,"href":"https:\/\/cacaunews.com\/index.php?rest_route=\/wp\/v2\/posts\/5447\/revisions"}],"predecessor-version":[{"id":5455,"href":"https:\/\/cacaunews.com\/index.php?rest_route=\/wp\/v2\/posts\/5447\/revisions\/5455"}],"wp:featuredmedia":[{"embeddable":true,"href":"https:\/\/cacaunews.com\/index.php?rest_route=\/wp\/v2\/media\/5444"}],"wp:attachment":[{"href":"https:\/\/cacaunews.com\/index.php?rest_route=%2Fwp%2Fv2%2Fmedia&parent=5447"}],"wp:term":[{"taxonomy":"category","embeddable":true,"href":"https:\/\/cacaunews.com\/index.php?rest_route=%2Fwp%2Fv2%2Fcategories&post=5447"},{"taxonomy":"post_tag","embeddable":true,"href":"https:\/\/cacaunews.com\/index.php?rest_route=%2Fwp%2Fv2%2Ftags&post=5447"}],"curies":[{"name":"wp","href":"https:\/\/api.w.org\/{rel}","templated":true}]}}