{"id":5459,"date":"2025-01-03T15:25:18","date_gmt":"2025-01-03T15:25:18","guid":{"rendered":"https:\/\/cacaunews.com\/?p=5459"},"modified":"2025-01-03T15:29:36","modified_gmt":"2025-01-03T15:29:36","slug":"itacare-prefeitura-convoca-servidores-efetivos-para-atualizacao-cadastral-obrigatoria","status":"publish","type":"post","link":"https:\/\/cacaunews.com\/?p=5459","title":{"rendered":"Itacar\u00e9: Prefeitura convoca servidores efetivos para atualiza\u00e7\u00e3o cadastral obrigat\u00f3ria."},"content":{"rendered":"\n<p>A Prefeitura de Itacar\u00e9, atrav\u00e9s da Secretaria Municipal de Administra\u00e7\u00e3o, convoca todos os servidores efetivos do munic\u00edpio para a atualiza\u00e7\u00e3o obrigat\u00f3ria de dados cadastrais. A medida visa aprimorar a gest\u00e3o de recursos humanos e garantir maior transpar\u00eancia, controle e efici\u00eancia nos processos administrativos da administra\u00e7\u00e3o p\u00fablica.<br><br>A atualiza\u00e7\u00e3o dos dados ser\u00e1 realizada de 06 a 10 de janeiro (pr\u00f3xima semana). Os servidores devem comparecer pessoalmente \u00e0 Secretaria de Administra\u00e7\u00e3o, localizada no pr\u00e9dio anexo sede, na Rua 31 de Mar\u00e7o, n\u00ba 57, das 09h00 \u00e0s 14h00. A documenta\u00e7\u00e3o necess\u00e1ria para o recadastramento inclui Carteira de Trabalho, RG, CPF, CNH (para servidores que dirigem ve\u00edculos oficiais), t\u00edtulo de eleitor, comprovante de resid\u00eancia, certid\u00e3o de casamento (se casado), PIS\/PASEP, comprovante de escolaridade, e outros documentos conforme descrito no Edital n\u00ba 001\/2025 que foi publicado no Di\u00e1rio Oficial.<br><br>Importante ressaltar que ser\u00e1 de responsabilidade do servidor garantir que toda a documenta\u00e7\u00e3o esteja completa e correta, pois a falta de documentos poder\u00e1 impedir a atualiza\u00e7\u00e3o dos dados. A obrigatoriedade do recadastramento se estende tamb\u00e9m aos servidores em gozo de f\u00e9rias, licen\u00e7a-pr\u00eamio ou cedidos a outros \u00f3rg\u00e3os.<br><br>A n\u00e3o realiza\u00e7\u00e3o da atualiza\u00e7\u00e3o no prazo estipulado acarretar\u00e1 a suspens\u00e3o dos vencimentos do servidor, sem preju\u00edzo de outras medidas administrativas, conforme estabelecido no edital.<\/p>\n","protected":false},"excerpt":{"rendered":"<p>A Prefeitura de Itacar\u00e9, atrav\u00e9s da Secretaria Municipal de Administra\u00e7\u00e3o, convoca todos os servidores efetivos&#8230;<\/p>\n","protected":false},"author":1,"featured_media":5458,"comment_status":"open","ping_status":"open","sticky":false,"template":"","format":"standard","meta":{"footnotes":""},"categories":[18,11],"tags":[1953,410,99,666],"yoast_head":"<!-- This site is optimized with the Yoast SEO plugin v21.7 - https:\/\/yoast.com\/wordpress\/plugins\/seo\/ -->\n<title>Itacar\u00e9: Prefeitura convoca servidores efetivos para atualiza\u00e7\u00e3o cadastral obrigat\u00f3ria. - Cacau News<\/title>\n<meta name=\"robots\" content=\"index, follow, max-snippet:-1, max-image-preview:large, max-video-preview:-1\" \/>\n<link rel=\"canonical\" href=\"https:\/\/cacaunews.com\/?p=5459\" \/>\n<meta property=\"og:locale\" content=\"pt_BR\" \/>\n<meta property=\"og:type\" content=\"article\" \/>\n<meta property=\"og:title\" content=\"Itacar\u00e9: Prefeitura convoca servidores efetivos para atualiza\u00e7\u00e3o cadastral obrigat\u00f3ria. - Cacau News\" \/>\n<meta property=\"og:description\" content=\"A Prefeitura de Itacar\u00e9, atrav\u00e9s da Secretaria Municipal de Administra\u00e7\u00e3o, convoca todos os servidores efetivos...\" \/>\n<meta property=\"og:url\" content=\"https:\/\/cacaunews.com\/?p=5459\" \/>\n<meta property=\"og:site_name\" content=\"Cacau News\" \/>\n<meta property=\"article:published_time\" content=\"2025-01-03T15:25:18+00:00\" \/>\n<meta property=\"article:modified_time\" content=\"2025-01-03T15:29:36+00:00\" \/>\n<meta property=\"og:image\" content=\"https:\/\/cacaunews.com\/wp-content\/uploads\/2025\/01\/images-2025-01-03T123042.288.jpeg\" \/>\n\t<meta property=\"og:image:width\" content=\"700\" \/>\n\t<meta property=\"og:image:height\" content=\"420\" \/>\n\t<meta property=\"og:image:type\" content=\"image\/jpeg\" \/>\n<meta name=\"author\" content=\"Reda\u00e7\u00e3o Cacau News\" \/>\n<meta name=\"twitter:card\" content=\"summary_large_image\" \/>\n<meta name=\"twitter:label1\" content=\"Escrito por\" \/>\n\t<meta name=\"twitter:data1\" content=\"Reda\u00e7\u00e3o Cacau News\" \/>\n\t<meta name=\"twitter:label2\" content=\"Est. tempo de leitura\" \/>\n\t<meta name=\"twitter:data2\" content=\"1 minuto\" \/>\n<script type=\"application\/ld+json\" class=\"yoast-schema-graph\">{\"@context\":\"https:\/\/schema.org\",\"@graph\":[{\"@type\":\"Article\",\"@id\":\"https:\/\/cacaunews.com\/?p=5459#article\",\"isPartOf\":{\"@id\":\"https:\/\/cacaunews.com\/?p=5459\"},\"author\":{\"name\":\"Reda\u00e7\u00e3o Cacau News\",\"@id\":\"https:\/\/cacaunews.com\/#\/schema\/person\/ea69703103e606ad347ccd64bd72ef79\"},\"headline\":\"Itacar\u00e9: Prefeitura convoca servidores efetivos para atualiza\u00e7\u00e3o cadastral obrigat\u00f3ria.\",\"datePublished\":\"2025-01-03T15:25:18+00:00\",\"dateModified\":\"2025-01-03T15:29:36+00:00\",\"mainEntityOfPage\":{\"@id\":\"https:\/\/cacaunews.com\/?p=5459\"},\"wordCount\":246,\"commentCount\":0,\"publisher\":{\"@id\":\"https:\/\/cacaunews.com\/#organization\"},\"keywords\":[\"atualiza\u00e7\u00e3o cadastral\",\"convoca\u00e7\u00e3o\",\"itacar\u00e9\",\"servidores\"],\"articleSection\":[\"cidades\",\"Jornalismo\"],\"inLanguage\":\"pt-BR\",\"potentialAction\":[{\"@type\":\"CommentAction\",\"name\":\"Comment\",\"target\":[\"https:\/\/cacaunews.com\/?p=5459#respond\"]}]},{\"@type\":\"WebPage\",\"@id\":\"https:\/\/cacaunews.com\/?p=5459\",\"url\":\"https:\/\/cacaunews.com\/?p=5459\",\"name\":\"Itacar\u00e9: Prefeitura convoca servidores efetivos para atualiza\u00e7\u00e3o cadastral obrigat\u00f3ria. - Cacau News\",\"isPartOf\":{\"@id\":\"https:\/\/cacaunews.com\/#website\"},\"datePublished\":\"2025-01-03T15:25:18+00:00\",\"dateModified\":\"2025-01-03T15:29:36+00:00\",\"breadcrumb\":{\"@id\":\"https:\/\/cacaunews.com\/?p=5459#breadcrumb\"},\"inLanguage\":\"pt-BR\",\"potentialAction\":[{\"@type\":\"ReadAction\",\"target\":[\"https:\/\/cacaunews.com\/?p=5459\"]}]},{\"@type\":\"BreadcrumbList\",\"@id\":\"https:\/\/cacaunews.com\/?p=5459#breadcrumb\",\"itemListElement\":[{\"@type\":\"ListItem\",\"position\":1,\"name\":\"In\u00edcio\",\"item\":\"https:\/\/cacaunews.com\/\"},{\"@type\":\"ListItem\",\"position\":2,\"name\":\"Itacar\u00e9: Prefeitura convoca servidores efetivos para atualiza\u00e7\u00e3o cadastral obrigat\u00f3ria.\"}]},{\"@type\":\"WebSite\",\"@id\":\"https:\/\/cacaunews.com\/#website\",\"url\":\"https:\/\/cacaunews.com\/\",\"name\":\"Cacau News\",\"description\":\"A Informa\u00e7\u00e3o que voc\u00ea precisa!\",\"publisher\":{\"@id\":\"https:\/\/cacaunews.com\/#organization\"},\"potentialAction\":[{\"@type\":\"SearchAction\",\"target\":{\"@type\":\"EntryPoint\",\"urlTemplate\":\"https:\/\/cacaunews.com\/?s={search_term_string}\"},\"query-input\":\"required name=search_term_string\"}],\"inLanguage\":\"pt-BR\"},{\"@type\":\"Organization\",\"@id\":\"https:\/\/cacaunews.com\/#organization\",\"name\":\"Cacau News\",\"url\":\"https:\/\/cacaunews.com\/\",\"logo\":{\"@type\":\"ImageObject\",\"inLanguage\":\"pt-BR\",\"@id\":\"https:\/\/cacaunews.com\/#\/schema\/logo\/image\/\",\"url\":\"https:\/\/cacaunews.com\/wp-content\/uploads\/2025\/01\/cropped-LOGO-NOVA.png\",\"contentUrl\":\"https:\/\/cacaunews.com\/wp-content\/uploads\/2025\/01\/cropped-LOGO-NOVA.png\",\"width\":813,\"height\":813,\"caption\":\"Cacau News\"},\"image\":{\"@id\":\"https:\/\/cacaunews.com\/#\/schema\/logo\/image\/\"},\"sameAs\":[\"https:\/\/www.instagram.com\/cacaunews.online\/\",\"https:\/\/youtube.com\/@cacaunews?si=0VXLnjl08SrWbVG9\"]},{\"@type\":\"Person\",\"@id\":\"https:\/\/cacaunews.com\/#\/schema\/person\/ea69703103e606ad347ccd64bd72ef79\",\"name\":\"Reda\u00e7\u00e3o Cacau News\",\"image\":{\"@type\":\"ImageObject\",\"inLanguage\":\"pt-BR\",\"@id\":\"https:\/\/cacaunews.com\/#\/schema\/person\/image\/\",\"url\":\"https:\/\/secure.gravatar.com\/avatar\/d79227a2a7b6cc42e8d7a8f7c284cd3a?s=96&d=mm&r=g\",\"contentUrl\":\"https:\/\/secure.gravatar.com\/avatar\/d79227a2a7b6cc42e8d7a8f7c284cd3a?s=96&d=mm&r=g\",\"caption\":\"Reda\u00e7\u00e3o Cacau News\"},\"sameAs\":[\"https:\/\/cacaunews.com\"],\"url\":\"https:\/\/cacaunews.com\/?author=1\"}]}<\/script>\n<!-- \/ Yoast SEO plugin. -->","yoast_head_json":{"title":"Itacar\u00e9: Prefeitura convoca servidores efetivos para atualiza\u00e7\u00e3o cadastral obrigat\u00f3ria. - Cacau News","robots":{"index":"index","follow":"follow","max-snippet":"max-snippet:-1","max-image-preview":"max-image-preview:large","max-video-preview":"max-video-preview:-1"},"canonical":"https:\/\/cacaunews.com\/?p=5459","og_locale":"pt_BR","og_type":"article","og_title":"Itacar\u00e9: Prefeitura convoca servidores efetivos para atualiza\u00e7\u00e3o cadastral obrigat\u00f3ria. - Cacau News","og_description":"A Prefeitura de Itacar\u00e9, atrav\u00e9s da Secretaria Municipal de Administra\u00e7\u00e3o, convoca todos os servidores efetivos...","og_url":"https:\/\/cacaunews.com\/?p=5459","og_site_name":"Cacau News","article_published_time":"2025-01-03T15:25:18+00:00","article_modified_time":"2025-01-03T15:29:36+00:00","og_image":[{"width":700,"height":420,"url":"https:\/\/cacaunews.com\/wp-content\/uploads\/2025\/01\/images-2025-01-03T123042.288.jpeg","type":"image\/jpeg"}],"author":"Reda\u00e7\u00e3o Cacau News","twitter_card":"summary_large_image","twitter_misc":{"Escrito por":"Reda\u00e7\u00e3o Cacau News","Est. tempo de leitura":"1 minuto"},"schema":{"@context":"https:\/\/schema.org","@graph":[{"@type":"Article","@id":"https:\/\/cacaunews.com\/?p=5459#article","isPartOf":{"@id":"https:\/\/cacaunews.com\/?p=5459"},"author":{"name":"Reda\u00e7\u00e3o Cacau News","@id":"https:\/\/cacaunews.com\/#\/schema\/person\/ea69703103e606ad347ccd64bd72ef79"},"headline":"Itacar\u00e9: Prefeitura convoca servidores efetivos para atualiza\u00e7\u00e3o cadastral obrigat\u00f3ria.","datePublished":"2025-01-03T15:25:18+00:00","dateModified":"2025-01-03T15:29:36+00:00","mainEntityOfPage":{"@id":"https:\/\/cacaunews.com\/?p=5459"},"wordCount":246,"commentCount":0,"publisher":{"@id":"https:\/\/cacaunews.com\/#organization"},"keywords":["atualiza\u00e7\u00e3o cadastral","convoca\u00e7\u00e3o","itacar\u00e9","servidores"],"articleSection":["cidades","Jornalismo"],"inLanguage":"pt-BR","potentialAction":[{"@type":"CommentAction","name":"Comment","target":["https:\/\/cacaunews.com\/?p=5459#respond"]}]},{"@type":"WebPage","@id":"https:\/\/cacaunews.com\/?p=5459","url":"https:\/\/cacaunews.com\/?p=5459","name":"Itacar\u00e9: Prefeitura convoca servidores efetivos para atualiza\u00e7\u00e3o cadastral obrigat\u00f3ria. - Cacau News","isPartOf":{"@id":"https:\/\/cacaunews.com\/#website"},"datePublished":"2025-01-03T15:25:18+00:00","dateModified":"2025-01-03T15:29:36+00:00","breadcrumb":{"@id":"https:\/\/cacaunews.com\/?p=5459#breadcrumb"},"inLanguage":"pt-BR","potentialAction":[{"@type":"ReadAction","target":["https:\/\/cacaunews.com\/?p=5459"]}]},{"@type":"BreadcrumbList","@id":"https:\/\/cacaunews.com\/?p=5459#breadcrumb","itemListElement":[{"@type":"ListItem","position":1,"name":"In\u00edcio","item":"https:\/\/cacaunews.com\/"},{"@type":"ListItem","position":2,"name":"Itacar\u00e9: Prefeitura convoca servidores efetivos para atualiza\u00e7\u00e3o cadastral obrigat\u00f3ria."}]},{"@type":"WebSite","@id":"https:\/\/cacaunews.com\/#website","url":"https:\/\/cacaunews.com\/","name":"Cacau News","description":"A Informa\u00e7\u00e3o que voc\u00ea precisa!","publisher":{"@id":"https:\/\/cacaunews.com\/#organization"},"potentialAction":[{"@type":"SearchAction","target":{"@type":"EntryPoint","urlTemplate":"https:\/\/cacaunews.com\/?s={search_term_string}"},"query-input":"required name=search_term_string"}],"inLanguage":"pt-BR"},{"@type":"Organization","@id":"https:\/\/cacaunews.com\/#organization","name":"Cacau News","url":"https:\/\/cacaunews.com\/","logo":{"@type":"ImageObject","inLanguage":"pt-BR","@id":"https:\/\/cacaunews.com\/#\/schema\/logo\/image\/","url":"https:\/\/cacaunews.com\/wp-content\/uploads\/2025\/01\/cropped-LOGO-NOVA.png","contentUrl":"https:\/\/cacaunews.com\/wp-content\/uploads\/2025\/01\/cropped-LOGO-NOVA.png","width":813,"height":813,"caption":"Cacau News"},"image":{"@id":"https:\/\/cacaunews.com\/#\/schema\/logo\/image\/"},"sameAs":["https:\/\/www.instagram.com\/cacaunews.online\/","https:\/\/youtube.com\/@cacaunews?si=0VXLnjl08SrWbVG9"]},{"@type":"Person","@id":"https:\/\/cacaunews.com\/#\/schema\/person\/ea69703103e606ad347ccd64bd72ef79","name":"Reda\u00e7\u00e3o Cacau News","image":{"@type":"ImageObject","inLanguage":"pt-BR","@id":"https:\/\/cacaunews.com\/#\/schema\/person\/image\/","url":"https:\/\/secure.gravatar.com\/avatar\/d79227a2a7b6cc42e8d7a8f7c284cd3a?s=96&d=mm&r=g","contentUrl":"https:\/\/secure.gravatar.com\/avatar\/d79227a2a7b6cc42e8d7a8f7c284cd3a?s=96&d=mm&r=g","caption":"Reda\u00e7\u00e3o Cacau News"},"sameAs":["https:\/\/cacaunews.com"],"url":"https:\/\/cacaunews.com\/?author=1"}]}},"jetpack_sharing_enabled":true,"jetpack_featured_media_url":"https:\/\/cacaunews.com\/wp-content\/uploads\/2025\/01\/images-2025-01-03T123042.288.jpeg","_links":{"self":[{"href":"https:\/\/cacaunews.com\/index.php?rest_route=\/wp\/v2\/posts\/5459"}],"collection":[{"href":"https:\/\/cacaunews.com\/index.php?rest_route=\/wp\/v2\/posts"}],"about":[{"href":"https:\/\/cacaunews.com\/index.php?rest_route=\/wp\/v2\/types\/post"}],"author":[{"embeddable":true,"href":"https:\/\/cacaunews.com\/index.php?rest_route=\/wp\/v2\/users\/1"}],"replies":[{"embeddable":true,"href":"https:\/\/cacaunews.com\/index.php?rest_route=%2Fwp%2Fv2%2Fcomments&post=5459"}],"version-history":[{"count":1,"href":"https:\/\/cacaunews.com\/index.php?rest_route=\/wp\/v2\/posts\/5459\/revisions"}],"predecessor-version":[{"id":5460,"href":"https:\/\/cacaunews.com\/index.php?rest_route=\/wp\/v2\/posts\/5459\/revisions\/5460"}],"wp:featuredmedia":[{"embeddable":true,"href":"https:\/\/cacaunews.com\/index.php?rest_route=\/wp\/v2\/media\/5458"}],"wp:attachment":[{"href":"https:\/\/cacaunews.com\/index.php?rest_route=%2Fwp%2Fv2%2Fmedia&parent=5459"}],"wp:term":[{"taxonomy":"category","embeddable":true,"href":"https:\/\/cacaunews.com\/index.php?rest_route=%2Fwp%2Fv2%2Fcategories&post=5459"},{"taxonomy":"post_tag","embeddable":true,"href":"https:\/\/cacaunews.com\/index.php?rest_route=%2Fwp%2Fv2%2Ftags&post=5459"}],"curies":[{"name":"wp","href":"https:\/\/api.w.org\/{rel}","templated":true}]}}