{"id":5480,"date":"2025-01-07T13:07:36","date_gmt":"2025-01-07T13:07:36","guid":{"rendered":"https:\/\/cacaunews.com\/?p=5480"},"modified":"2025-01-07T13:07:36","modified_gmt":"2025-01-07T13:07:36","slug":"governo-do-estado-convoca-mais-642-novos-profissionais-para-a-educacao","status":"publish","type":"post","link":"https:\/\/cacaunews.com\/?p=5480","title":{"rendered":"Governo do Estado convoca mais 642 novos profissionais para a Educa\u00e7\u00e3o."},"content":{"rendered":"\n<p>As secretarias estaduais de Administra\u00e7\u00e3o (Saeb) e da Educa\u00e7\u00e3o (SEC) publicaram, na edi\u00e7\u00e3o desta ter\u00e7a (7), do Di\u00e1rio Oficial da Bahia, a convoca\u00e7\u00e3o de 642 novos profissionais habilitados no concurso p\u00fablico para a rede de ensino baiana. A nova convoca\u00e7\u00e3o traz os nomes de 471 professores e 171 coordenadores pedag\u00f3gicos, e faz parte de um conjunto de a\u00e7\u00f5es que visa fortalecer a educa\u00e7\u00e3o p\u00fablica estadual, promovendo a valoriza\u00e7\u00e3o do magist\u00e9rio e a melhoria da qualidade de ensino.<br><br>Os candidatos aprovados para o interior do estado dever\u00e3o comparecer nas sedes dos N\u00facleos Territoriais de Educa\u00e7\u00e3o (NTE), para apresentar a documenta\u00e7\u00e3o e os exames m\u00e9dicos, no per\u00edodo de 09\/01\/2025 \u00e0 22\/01\/2025, no hor\u00e1rio das 8h30min \u00e0s 11h00min e das 14h00min \u00e0s 17h00min. J\u00e1 os candidatos aprovados no N\u00facleo Territorial de Educa\u00e7\u00e3o de Salvador (NTE 26) dever\u00e3o comparecer, no mesmo per\u00edodo e hor\u00e1rio, \u00e0 Secretaria da Educa\u00e7\u00e3o do Estado da Bahia, situada na 5\u00aa Avenida do Centro Administrativo da Bahia (CAB), n\u00ba 550, 1\u00ba andar, sala 117, em Salvador.<br><br>Essa \u00e9 a quarta convoca\u00e7\u00e3o do concurso p\u00fablico regido pelo Edital de Abertura Saeb 03\/2022, publicado em 01\/08\/2022, que ofertou, inicialmente, 1.806 vagas para provimento de professor e 289 vagas para o cargo de coordenador pedag\u00f3gico, al\u00e9m de 18 vagas para coordenador pedag\u00f3gico ind\u00edgena.<br><br>Em maio de 2023, foram convocados 1.379 professores, 184 coordenadores pedag\u00f3gicos e 16 coordenadores pedag\u00f3gicos ind\u00edgenas. Em dezembro do mesmo ano, mais 625 candidatos foram convocados.<br><br>Outros 1679 profissionais foram convocados em setembro de 2024, sendo 1.101 candidatos para o cargo de professor, 562 para coordenador pedag\u00f3gico e 16 candidatos para atuarem como coordenadores pedag\u00f3gicos ind\u00edgenas.<br><br>Uma nova portaria conjunta Saeb\/SEC N\u00ba 008 de 26 de mar\u00e7o de 2024, prorrogou, por um ano, contado a partir de 29\/04\/2024, o prazo de validade do concurso, permitindo a nova convoca\u00e7\u00e3o.<\/p>\n","protected":false},"excerpt":{"rendered":"<p>As secretarias estaduais de Administra\u00e7\u00e3o (Saeb) e da Educa\u00e7\u00e3o (SEC) publicaram, na edi\u00e7\u00e3o desta ter\u00e7a&#8230;<\/p>\n","protected":false},"author":1,"featured_media":5479,"comment_status":"open","ping_status":"open","sticky":false,"template":"","format":"standard","meta":{"footnotes":""},"categories":[4,11],"tags":[39,410,33,1962],"yoast_head":"<!-- This site is optimized with the Yoast SEO plugin v21.7 - https:\/\/yoast.com\/wordpress\/plugins\/seo\/ -->\n<title>Governo do Estado convoca mais 642 novos profissionais para a Educa\u00e7\u00e3o. - Cacau News<\/title>\n<meta name=\"robots\" content=\"index, follow, max-snippet:-1, max-image-preview:large, max-video-preview:-1\" \/>\n<link rel=\"canonical\" href=\"https:\/\/cacaunews.com\/?p=5480\" \/>\n<meta property=\"og:locale\" content=\"pt_BR\" \/>\n<meta property=\"og:type\" content=\"article\" \/>\n<meta property=\"og:title\" content=\"Governo do Estado convoca mais 642 novos profissionais para a Educa\u00e7\u00e3o. - Cacau News\" \/>\n<meta property=\"og:description\" content=\"As secretarias estaduais de Administra\u00e7\u00e3o (Saeb) e da Educa\u00e7\u00e3o (SEC) publicaram, na edi\u00e7\u00e3o desta ter\u00e7a...\" \/>\n<meta property=\"og:url\" content=\"https:\/\/cacaunews.com\/?p=5480\" \/>\n<meta property=\"og:site_name\" content=\"Cacau News\" \/>\n<meta property=\"article:published_time\" content=\"2025-01-07T13:07:36+00:00\" \/>\n<meta name=\"author\" content=\"Reda\u00e7\u00e3o Cacau News\" \/>\n<meta name=\"twitter:card\" content=\"summary_large_image\" \/>\n<meta name=\"twitter:label1\" content=\"Escrito por\" \/>\n\t<meta name=\"twitter:data1\" content=\"Reda\u00e7\u00e3o Cacau News\" \/>\n\t<meta name=\"twitter:label2\" content=\"Est. tempo de leitura\" \/>\n\t<meta name=\"twitter:data2\" content=\"2 minutos\" \/>\n<script type=\"application\/ld+json\" class=\"yoast-schema-graph\">{\"@context\":\"https:\/\/schema.org\",\"@graph\":[{\"@type\":\"Article\",\"@id\":\"https:\/\/cacaunews.com\/?p=5480#article\",\"isPartOf\":{\"@id\":\"https:\/\/cacaunews.com\/?p=5480\"},\"author\":{\"name\":\"Reda\u00e7\u00e3o Cacau News\",\"@id\":\"https:\/\/cacaunews.com\/#\/schema\/person\/ea69703103e606ad347ccd64bd72ef79\"},\"headline\":\"Governo do Estado convoca mais 642 novos profissionais para a Educa\u00e7\u00e3o.\",\"datePublished\":\"2025-01-07T13:07:36+00:00\",\"dateModified\":\"2025-01-07T13:07:36+00:00\",\"mainEntityOfPage\":{\"@id\":\"https:\/\/cacaunews.com\/?p=5480\"},\"wordCount\":322,\"commentCount\":0,\"publisher\":{\"@id\":\"https:\/\/cacaunews.com\/#organization\"},\"keywords\":[\"bahia\",\"convoca\u00e7\u00e3o\",\"educa\u00e7\u00e3o\",\"profissionais\"],\"articleSection\":[\"Internet\",\"Jornalismo\"],\"inLanguage\":\"pt-BR\",\"potentialAction\":[{\"@type\":\"CommentAction\",\"name\":\"Comment\",\"target\":[\"https:\/\/cacaunews.com\/?p=5480#respond\"]}]},{\"@type\":\"WebPage\",\"@id\":\"https:\/\/cacaunews.com\/?p=5480\",\"url\":\"https:\/\/cacaunews.com\/?p=5480\",\"name\":\"Governo do Estado convoca mais 642 novos profissionais para a Educa\u00e7\u00e3o. - Cacau News\",\"isPartOf\":{\"@id\":\"https:\/\/cacaunews.com\/#website\"},\"datePublished\":\"2025-01-07T13:07:36+00:00\",\"dateModified\":\"2025-01-07T13:07:36+00:00\",\"breadcrumb\":{\"@id\":\"https:\/\/cacaunews.com\/?p=5480#breadcrumb\"},\"inLanguage\":\"pt-BR\",\"potentialAction\":[{\"@type\":\"ReadAction\",\"target\":[\"https:\/\/cacaunews.com\/?p=5480\"]}]},{\"@type\":\"BreadcrumbList\",\"@id\":\"https:\/\/cacaunews.com\/?p=5480#breadcrumb\",\"itemListElement\":[{\"@type\":\"ListItem\",\"position\":1,\"name\":\"In\u00edcio\",\"item\":\"https:\/\/cacaunews.com\/\"},{\"@type\":\"ListItem\",\"position\":2,\"name\":\"Governo do Estado convoca mais 642 novos profissionais para a Educa\u00e7\u00e3o.\"}]},{\"@type\":\"WebSite\",\"@id\":\"https:\/\/cacaunews.com\/#website\",\"url\":\"https:\/\/cacaunews.com\/\",\"name\":\"Cacau News\",\"description\":\"A Informa\u00e7\u00e3o que voc\u00ea precisa!\",\"publisher\":{\"@id\":\"https:\/\/cacaunews.com\/#organization\"},\"potentialAction\":[{\"@type\":\"SearchAction\",\"target\":{\"@type\":\"EntryPoint\",\"urlTemplate\":\"https:\/\/cacaunews.com\/?s={search_term_string}\"},\"query-input\":\"required name=search_term_string\"}],\"inLanguage\":\"pt-BR\"},{\"@type\":\"Organization\",\"@id\":\"https:\/\/cacaunews.com\/#organization\",\"name\":\"Cacau News\",\"url\":\"https:\/\/cacaunews.com\/\",\"logo\":{\"@type\":\"ImageObject\",\"inLanguage\":\"pt-BR\",\"@id\":\"https:\/\/cacaunews.com\/#\/schema\/logo\/image\/\",\"url\":\"https:\/\/cacaunews.com\/wp-content\/uploads\/2025\/01\/cropped-LOGO-NOVA.png\",\"contentUrl\":\"https:\/\/cacaunews.com\/wp-content\/uploads\/2025\/01\/cropped-LOGO-NOVA.png\",\"width\":813,\"height\":813,\"caption\":\"Cacau News\"},\"image\":{\"@id\":\"https:\/\/cacaunews.com\/#\/schema\/logo\/image\/\"},\"sameAs\":[\"https:\/\/www.instagram.com\/cacaunews.online\/\",\"https:\/\/youtube.com\/@cacaunews?si=0VXLnjl08SrWbVG9\"]},{\"@type\":\"Person\",\"@id\":\"https:\/\/cacaunews.com\/#\/schema\/person\/ea69703103e606ad347ccd64bd72ef79\",\"name\":\"Reda\u00e7\u00e3o Cacau News\",\"image\":{\"@type\":\"ImageObject\",\"inLanguage\":\"pt-BR\",\"@id\":\"https:\/\/cacaunews.com\/#\/schema\/person\/image\/\",\"url\":\"https:\/\/secure.gravatar.com\/avatar\/d79227a2a7b6cc42e8d7a8f7c284cd3a?s=96&d=mm&r=g\",\"contentUrl\":\"https:\/\/secure.gravatar.com\/avatar\/d79227a2a7b6cc42e8d7a8f7c284cd3a?s=96&d=mm&r=g\",\"caption\":\"Reda\u00e7\u00e3o Cacau News\"},\"sameAs\":[\"https:\/\/cacaunews.com\"],\"url\":\"https:\/\/cacaunews.com\/?author=1\"}]}<\/script>\n<!-- \/ Yoast SEO plugin. -->","yoast_head_json":{"title":"Governo do Estado convoca mais 642 novos profissionais para a Educa\u00e7\u00e3o. - Cacau News","robots":{"index":"index","follow":"follow","max-snippet":"max-snippet:-1","max-image-preview":"max-image-preview:large","max-video-preview":"max-video-preview:-1"},"canonical":"https:\/\/cacaunews.com\/?p=5480","og_locale":"pt_BR","og_type":"article","og_title":"Governo do Estado convoca mais 642 novos profissionais para a Educa\u00e7\u00e3o. - Cacau News","og_description":"As secretarias estaduais de Administra\u00e7\u00e3o (Saeb) e da Educa\u00e7\u00e3o (SEC) publicaram, na edi\u00e7\u00e3o desta ter\u00e7a...","og_url":"https:\/\/cacaunews.com\/?p=5480","og_site_name":"Cacau News","article_published_time":"2025-01-07T13:07:36+00:00","author":"Reda\u00e7\u00e3o Cacau News","twitter_card":"summary_large_image","twitter_misc":{"Escrito por":"Reda\u00e7\u00e3o Cacau News","Est. tempo de leitura":"2 minutos"},"schema":{"@context":"https:\/\/schema.org","@graph":[{"@type":"Article","@id":"https:\/\/cacaunews.com\/?p=5480#article","isPartOf":{"@id":"https:\/\/cacaunews.com\/?p=5480"},"author":{"name":"Reda\u00e7\u00e3o Cacau News","@id":"https:\/\/cacaunews.com\/#\/schema\/person\/ea69703103e606ad347ccd64bd72ef79"},"headline":"Governo do Estado convoca mais 642 novos profissionais para a Educa\u00e7\u00e3o.","datePublished":"2025-01-07T13:07:36+00:00","dateModified":"2025-01-07T13:07:36+00:00","mainEntityOfPage":{"@id":"https:\/\/cacaunews.com\/?p=5480"},"wordCount":322,"commentCount":0,"publisher":{"@id":"https:\/\/cacaunews.com\/#organization"},"keywords":["bahia","convoca\u00e7\u00e3o","educa\u00e7\u00e3o","profissionais"],"articleSection":["Internet","Jornalismo"],"inLanguage":"pt-BR","potentialAction":[{"@type":"CommentAction","name":"Comment","target":["https:\/\/cacaunews.com\/?p=5480#respond"]}]},{"@type":"WebPage","@id":"https:\/\/cacaunews.com\/?p=5480","url":"https:\/\/cacaunews.com\/?p=5480","name":"Governo do Estado convoca mais 642 novos profissionais para a Educa\u00e7\u00e3o. - Cacau News","isPartOf":{"@id":"https:\/\/cacaunews.com\/#website"},"datePublished":"2025-01-07T13:07:36+00:00","dateModified":"2025-01-07T13:07:36+00:00","breadcrumb":{"@id":"https:\/\/cacaunews.com\/?p=5480#breadcrumb"},"inLanguage":"pt-BR","potentialAction":[{"@type":"ReadAction","target":["https:\/\/cacaunews.com\/?p=5480"]}]},{"@type":"BreadcrumbList","@id":"https:\/\/cacaunews.com\/?p=5480#breadcrumb","itemListElement":[{"@type":"ListItem","position":1,"name":"In\u00edcio","item":"https:\/\/cacaunews.com\/"},{"@type":"ListItem","position":2,"name":"Governo do Estado convoca mais 642 novos profissionais para a Educa\u00e7\u00e3o."}]},{"@type":"WebSite","@id":"https:\/\/cacaunews.com\/#website","url":"https:\/\/cacaunews.com\/","name":"Cacau News","description":"A Informa\u00e7\u00e3o que voc\u00ea precisa!","publisher":{"@id":"https:\/\/cacaunews.com\/#organization"},"potentialAction":[{"@type":"SearchAction","target":{"@type":"EntryPoint","urlTemplate":"https:\/\/cacaunews.com\/?s={search_term_string}"},"query-input":"required name=search_term_string"}],"inLanguage":"pt-BR"},{"@type":"Organization","@id":"https:\/\/cacaunews.com\/#organization","name":"Cacau News","url":"https:\/\/cacaunews.com\/","logo":{"@type":"ImageObject","inLanguage":"pt-BR","@id":"https:\/\/cacaunews.com\/#\/schema\/logo\/image\/","url":"https:\/\/cacaunews.com\/wp-content\/uploads\/2025\/01\/cropped-LOGO-NOVA.png","contentUrl":"https:\/\/cacaunews.com\/wp-content\/uploads\/2025\/01\/cropped-LOGO-NOVA.png","width":813,"height":813,"caption":"Cacau News"},"image":{"@id":"https:\/\/cacaunews.com\/#\/schema\/logo\/image\/"},"sameAs":["https:\/\/www.instagram.com\/cacaunews.online\/","https:\/\/youtube.com\/@cacaunews?si=0VXLnjl08SrWbVG9"]},{"@type":"Person","@id":"https:\/\/cacaunews.com\/#\/schema\/person\/ea69703103e606ad347ccd64bd72ef79","name":"Reda\u00e7\u00e3o Cacau News","image":{"@type":"ImageObject","inLanguage":"pt-BR","@id":"https:\/\/cacaunews.com\/#\/schema\/person\/image\/","url":"https:\/\/secure.gravatar.com\/avatar\/d79227a2a7b6cc42e8d7a8f7c284cd3a?s=96&d=mm&r=g","contentUrl":"https:\/\/secure.gravatar.com\/avatar\/d79227a2a7b6cc42e8d7a8f7c284cd3a?s=96&d=mm&r=g","caption":"Reda\u00e7\u00e3o Cacau News"},"sameAs":["https:\/\/cacaunews.com"],"url":"https:\/\/cacaunews.com\/?author=1"}]}},"jetpack_sharing_enabled":true,"jetpack_featured_media_url":"https:\/\/cacaunews.com\/wp-content\/uploads\/2025\/01\/IMG-20250107-WA0033.jpg","_links":{"self":[{"href":"https:\/\/cacaunews.com\/index.php?rest_route=\/wp\/v2\/posts\/5480"}],"collection":[{"href":"https:\/\/cacaunews.com\/index.php?rest_route=\/wp\/v2\/posts"}],"about":[{"href":"https:\/\/cacaunews.com\/index.php?rest_route=\/wp\/v2\/types\/post"}],"author":[{"embeddable":true,"href":"https:\/\/cacaunews.com\/index.php?rest_route=\/wp\/v2\/users\/1"}],"replies":[{"embeddable":true,"href":"https:\/\/cacaunews.com\/index.php?rest_route=%2Fwp%2Fv2%2Fcomments&post=5480"}],"version-history":[{"count":0,"href":"https:\/\/cacaunews.com\/index.php?rest_route=\/wp\/v2\/posts\/5480\/revisions"}],"wp:featuredmedia":[{"embeddable":true,"href":"https:\/\/cacaunews.com\/index.php?rest_route=\/wp\/v2\/media\/5479"}],"wp:attachment":[{"href":"https:\/\/cacaunews.com\/index.php?rest_route=%2Fwp%2Fv2%2Fmedia&parent=5480"}],"wp:term":[{"taxonomy":"category","embeddable":true,"href":"https:\/\/cacaunews.com\/index.php?rest_route=%2Fwp%2Fv2%2Fcategories&post=5480"},{"taxonomy":"post_tag","embeddable":true,"href":"https:\/\/cacaunews.com\/index.php?rest_route=%2Fwp%2Fv2%2Ftags&post=5480"}],"curies":[{"name":"wp","href":"https:\/\/api.w.org\/{rel}","templated":true}]}}