{"id":5523,"date":"2025-01-13T18:30:01","date_gmt":"2025-01-13T18:30:01","guid":{"rendered":"https:\/\/cacaunews.com\/?p=5523"},"modified":"2025-01-13T18:53:19","modified_gmt":"2025-01-13T18:53:19","slug":"matricula-2025-na-rede-estadual-vagas-sao-garantidas-com-um-clique","status":"publish","type":"post","link":"https:\/\/cacaunews.com\/?p=5523","title":{"rendered":"Matr\u00edcula 2025 na rede estadual: vagas s\u00e3o garantidas com um clique."},"content":{"rendered":"\n<p>Nesta segunda-feira (13), a Secretaria da Educa\u00e7\u00e3o da Bahia (SEC) abre o per\u00edodo de matr\u00edculas para o ano letivo de 2025. O processo, que vai at\u00e9 21 de janeiro, \u00e9 totalmente on-line, garantindo praticidade e acessibilidade para os estudantes e respons\u00e1veis. Com o cadastro pr\u00e9vio j\u00e1 realizado, basta acessar o site ou o aplicativo <a href=\"http:\/\/ba.gov.br\" target=\"_blank\" rel=\"noreferrer noopener\">ba.gov.br<\/a> e solicitar a matr\u00edcula para a unidade escolar com disponibilidade de vaga para a s\u00e9rie e o turno desejados, seguindo o cronograma escalonado que organiza as inscri\u00e7\u00f5es por perfis espec\u00edficos.<\/p>\n\n\n\n<p>O primeiro dia \u00e9 exclusivo para Pessoas com Defici\u00eancia (PcD), assegurando prioridade \u00e0s vagas em escolas preparadas para oferecer Atendimento Educacional Especializado. Estudantes com defici\u00eancias f\u00edsicas e intelectuais ou Transtornos do Espectro Autista (TEA) poder\u00e3o iniciar o processo de forma simplificada. Ap\u00f3s a solicita\u00e7\u00e3o on-line, \u00e9 necess\u00e1rio comparecer \u00e0 escola, em at\u00e9 cinco dias \u00fateis, com os documentos obrigat\u00f3rios, como RG, CPF, Hist\u00f3rico Escolar e comprovante de resid\u00eancia.<\/p>\n\n\n\n<p>O cronograma segue com outras datas importantes: 14 de janeiro ser\u00e1 destinado para a transfer\u00eancias entre escolas da rede estadual; em 15 e 16, dever\u00e3o ser realizadas as solicita\u00e7\u00f5es de vagas para os alunos que conclu\u00edram o 5\u00ba ano do Ensino Fundamental em escola municipal e v\u00e3o se matricular no 6\u00ba ano em escola estadual ou conclu\u00edram o 9\u00ba ano do Ensino Fundamental em escola da rede municipal em 2024 e buscam vaga no 1\u00ba ano do Ensino M\u00e9dio; o dia 17 ser\u00e1 para matr\u00edculas no Ensino Fundamental; e 20 e 2, para todas as ofertas do Ensino M\u00e9dio. A SEC refor\u00e7a que respeitar os prazos \u00e9 fundamental para garantir a vaga na unidade e no turno desejados, al\u00e9m do acesso a programas sociais da rede.<\/p>\n\n\n\n<p><em><strong>Calend\u00e1rio Escolar 2025<\/strong><\/em><em> &#8211;<\/em> Al\u00e9m da matr\u00edcula, a SEC j\u00e1 divulgou o Calend\u00e1rio Escolar 2025 para estudantes e professores organizarem seu ano letivo, que traz 200 dias de aprendizado. As aulas come\u00e7am em 10 de fevereiro e v\u00e3o at\u00e9 19 de dezembro, com datas fixadas para os recessos: Carnaval, de 27 de fevereiro a 5 de mar\u00e7o, e S\u00e3o Jo\u00e3o, de 19 de junho a 2 de julho. A primeira unidade termina em 16 de maio; a segunda, em 29 de agosto, e a \u00faltima se estende at\u00e9 12 de dezembro.<\/p>\n\n\n\n<p><em><strong>Confira o cronograma completo da matr\u00edcula 2025:<\/strong><\/em><\/p>\n\n\n\n<p>-13 de janeiro: matr\u00edcula para Pessoa com Defici\u00eancia &#8211; PcD<\/p>\n\n\n\n<p>-14 de janeiro: transfer\u00eancia de estudantes da rede estadual<\/p>\n\n\n\n<p>-15 e 16 de janeiro: matr\u00edcula de concluintes do 5\u00ba ou 9\u00ba ano do Ensino Fundamental em escola municipal para o 6\u00ba ano do Ensino Fundamental ou 1\u00ba ano do Ensino M\u00e9dio em escola estadual<\/p>\n\n\n\n<p>-17 de janeiro: matr\u00edcula para estudantes de todas as rede de ensino em todas as ofertas do Ensino Fundamental20 e 21 de janeiro: matr\u00edcula para estudantes de todas as redes em todas as ofertas do Ensino M\u00e9dio<\/p>\n\n\n\n<p>&#8211; 20 e 21 de janeiro: matr\u00edcula para estudantes de todas as redes em todas as ofertas do Ensino M\u00e9dio<\/p>\n\n\n\n<ul class=\"wp-block-list\">\n<li><\/li>\n<\/ul>\n\n\n\n<p><\/p>\n","protected":false},"excerpt":{"rendered":"<p>Nesta segunda-feira (13), a Secretaria da Educa\u00e7\u00e3o da Bahia (SEC) abre o per\u00edodo de matr\u00edculas&#8230;<\/p>\n","protected":false},"author":1,"featured_media":5522,"comment_status":"open","ping_status":"open","sticky":false,"template":"","format":"standard","meta":{"footnotes":""},"categories":[4,11],"tags":[39,33,419,1951],"yoast_head":"<!-- This site is optimized with the Yoast SEO plugin v21.7 - https:\/\/yoast.com\/wordpress\/plugins\/seo\/ -->\n<title>Matr\u00edcula 2025 na rede estadual: vagas s\u00e3o garantidas com um clique. - Cacau News<\/title>\n<meta name=\"robots\" content=\"index, follow, max-snippet:-1, max-image-preview:large, max-video-preview:-1\" \/>\n<link rel=\"canonical\" href=\"https:\/\/cacaunews.com\/?p=5523\" \/>\n<meta property=\"og:locale\" content=\"pt_BR\" \/>\n<meta property=\"og:type\" content=\"article\" \/>\n<meta property=\"og:title\" content=\"Matr\u00edcula 2025 na rede estadual: vagas s\u00e3o garantidas com um clique. - Cacau News\" \/>\n<meta property=\"og:description\" content=\"Nesta segunda-feira (13), a Secretaria da Educa\u00e7\u00e3o da Bahia (SEC) abre o per\u00edodo de matr\u00edculas...\" \/>\n<meta property=\"og:url\" content=\"https:\/\/cacaunews.com\/?p=5523\" \/>\n<meta property=\"og:site_name\" content=\"Cacau News\" \/>\n<meta property=\"article:published_time\" content=\"2025-01-13T18:30:01+00:00\" \/>\n<meta property=\"article:modified_time\" content=\"2025-01-13T18:53:19+00:00\" \/>\n<meta property=\"og:image\" content=\"https:\/\/cacaunews.com\/wp-content\/uploads\/2025\/01\/IMG-20250113-WA0165.jpg\" \/>\n\t<meta property=\"og:image:width\" content=\"1592\" \/>\n\t<meta property=\"og:image:height\" content=\"1061\" \/>\n\t<meta property=\"og:image:type\" content=\"image\/jpeg\" \/>\n<meta name=\"author\" content=\"Reda\u00e7\u00e3o Cacau News\" \/>\n<meta name=\"twitter:card\" content=\"summary_large_image\" \/>\n<meta name=\"twitter:label1\" content=\"Escrito por\" \/>\n\t<meta name=\"twitter:data1\" content=\"Reda\u00e7\u00e3o Cacau News\" \/>\n\t<meta name=\"twitter:label2\" content=\"Est. tempo de leitura\" \/>\n\t<meta name=\"twitter:data2\" content=\"3 minutos\" \/>\n<script type=\"application\/ld+json\" class=\"yoast-schema-graph\">{\"@context\":\"https:\/\/schema.org\",\"@graph\":[{\"@type\":\"Article\",\"@id\":\"https:\/\/cacaunews.com\/?p=5523#article\",\"isPartOf\":{\"@id\":\"https:\/\/cacaunews.com\/?p=5523\"},\"author\":{\"name\":\"Reda\u00e7\u00e3o Cacau News\",\"@id\":\"https:\/\/cacaunews.com\/#\/schema\/person\/ea69703103e606ad347ccd64bd72ef79\"},\"headline\":\"Matr\u00edcula 2025 na rede estadual: vagas s\u00e3o garantidas com um clique.\",\"datePublished\":\"2025-01-13T18:30:01+00:00\",\"dateModified\":\"2025-01-13T18:53:19+00:00\",\"mainEntityOfPage\":{\"@id\":\"https:\/\/cacaunews.com\/?p=5523\"},\"wordCount\":512,\"commentCount\":0,\"publisher\":{\"@id\":\"https:\/\/cacaunews.com\/#organization\"},\"keywords\":[\"bahia\",\"educa\u00e7\u00e3o\",\"estado\",\"matr\u00edcula\"],\"articleSection\":[\"Internet\",\"Jornalismo\"],\"inLanguage\":\"pt-BR\",\"potentialAction\":[{\"@type\":\"CommentAction\",\"name\":\"Comment\",\"target\":[\"https:\/\/cacaunews.com\/?p=5523#respond\"]}]},{\"@type\":\"WebPage\",\"@id\":\"https:\/\/cacaunews.com\/?p=5523\",\"url\":\"https:\/\/cacaunews.com\/?p=5523\",\"name\":\"Matr\u00edcula 2025 na rede estadual: vagas s\u00e3o garantidas com um clique. - Cacau News\",\"isPartOf\":{\"@id\":\"https:\/\/cacaunews.com\/#website\"},\"datePublished\":\"2025-01-13T18:30:01+00:00\",\"dateModified\":\"2025-01-13T18:53:19+00:00\",\"breadcrumb\":{\"@id\":\"https:\/\/cacaunews.com\/?p=5523#breadcrumb\"},\"inLanguage\":\"pt-BR\",\"potentialAction\":[{\"@type\":\"ReadAction\",\"target\":[\"https:\/\/cacaunews.com\/?p=5523\"]}]},{\"@type\":\"BreadcrumbList\",\"@id\":\"https:\/\/cacaunews.com\/?p=5523#breadcrumb\",\"itemListElement\":[{\"@type\":\"ListItem\",\"position\":1,\"name\":\"In\u00edcio\",\"item\":\"https:\/\/cacaunews.com\/\"},{\"@type\":\"ListItem\",\"position\":2,\"name\":\"Matr\u00edcula 2025 na rede estadual: vagas s\u00e3o garantidas com um clique.\"}]},{\"@type\":\"WebSite\",\"@id\":\"https:\/\/cacaunews.com\/#website\",\"url\":\"https:\/\/cacaunews.com\/\",\"name\":\"Cacau News\",\"description\":\"A Informa\u00e7\u00e3o que voc\u00ea precisa!\",\"publisher\":{\"@id\":\"https:\/\/cacaunews.com\/#organization\"},\"potentialAction\":[{\"@type\":\"SearchAction\",\"target\":{\"@type\":\"EntryPoint\",\"urlTemplate\":\"https:\/\/cacaunews.com\/?s={search_term_string}\"},\"query-input\":\"required name=search_term_string\"}],\"inLanguage\":\"pt-BR\"},{\"@type\":\"Organization\",\"@id\":\"https:\/\/cacaunews.com\/#organization\",\"name\":\"Cacau News\",\"url\":\"https:\/\/cacaunews.com\/\",\"logo\":{\"@type\":\"ImageObject\",\"inLanguage\":\"pt-BR\",\"@id\":\"https:\/\/cacaunews.com\/#\/schema\/logo\/image\/\",\"url\":\"https:\/\/cacaunews.com\/wp-content\/uploads\/2025\/01\/cropped-LOGO-NOVA.png\",\"contentUrl\":\"https:\/\/cacaunews.com\/wp-content\/uploads\/2025\/01\/cropped-LOGO-NOVA.png\",\"width\":813,\"height\":813,\"caption\":\"Cacau News\"},\"image\":{\"@id\":\"https:\/\/cacaunews.com\/#\/schema\/logo\/image\/\"},\"sameAs\":[\"https:\/\/www.instagram.com\/cacaunews.online\/\",\"https:\/\/youtube.com\/@cacaunews?si=0VXLnjl08SrWbVG9\"]},{\"@type\":\"Person\",\"@id\":\"https:\/\/cacaunews.com\/#\/schema\/person\/ea69703103e606ad347ccd64bd72ef79\",\"name\":\"Reda\u00e7\u00e3o Cacau News\",\"image\":{\"@type\":\"ImageObject\",\"inLanguage\":\"pt-BR\",\"@id\":\"https:\/\/cacaunews.com\/#\/schema\/person\/image\/\",\"url\":\"https:\/\/secure.gravatar.com\/avatar\/d79227a2a7b6cc42e8d7a8f7c284cd3a?s=96&d=mm&r=g\",\"contentUrl\":\"https:\/\/secure.gravatar.com\/avatar\/d79227a2a7b6cc42e8d7a8f7c284cd3a?s=96&d=mm&r=g\",\"caption\":\"Reda\u00e7\u00e3o Cacau News\"},\"sameAs\":[\"https:\/\/cacaunews.com\"],\"url\":\"https:\/\/cacaunews.com\/?author=1\"}]}<\/script>\n<!-- \/ Yoast SEO plugin. -->","yoast_head_json":{"title":"Matr\u00edcula 2025 na rede estadual: vagas s\u00e3o garantidas com um clique. - Cacau News","robots":{"index":"index","follow":"follow","max-snippet":"max-snippet:-1","max-image-preview":"max-image-preview:large","max-video-preview":"max-video-preview:-1"},"canonical":"https:\/\/cacaunews.com\/?p=5523","og_locale":"pt_BR","og_type":"article","og_title":"Matr\u00edcula 2025 na rede estadual: vagas s\u00e3o garantidas com um clique. - Cacau News","og_description":"Nesta segunda-feira (13), a Secretaria da Educa\u00e7\u00e3o da Bahia (SEC) abre o per\u00edodo de matr\u00edculas...","og_url":"https:\/\/cacaunews.com\/?p=5523","og_site_name":"Cacau News","article_published_time":"2025-01-13T18:30:01+00:00","article_modified_time":"2025-01-13T18:53:19+00:00","og_image":[{"width":1592,"height":1061,"url":"https:\/\/cacaunews.com\/wp-content\/uploads\/2025\/01\/IMG-20250113-WA0165.jpg","type":"image\/jpeg"}],"author":"Reda\u00e7\u00e3o Cacau News","twitter_card":"summary_large_image","twitter_misc":{"Escrito por":"Reda\u00e7\u00e3o Cacau News","Est. tempo de leitura":"3 minutos"},"schema":{"@context":"https:\/\/schema.org","@graph":[{"@type":"Article","@id":"https:\/\/cacaunews.com\/?p=5523#article","isPartOf":{"@id":"https:\/\/cacaunews.com\/?p=5523"},"author":{"name":"Reda\u00e7\u00e3o Cacau News","@id":"https:\/\/cacaunews.com\/#\/schema\/person\/ea69703103e606ad347ccd64bd72ef79"},"headline":"Matr\u00edcula 2025 na rede estadual: vagas s\u00e3o garantidas com um clique.","datePublished":"2025-01-13T18:30:01+00:00","dateModified":"2025-01-13T18:53:19+00:00","mainEntityOfPage":{"@id":"https:\/\/cacaunews.com\/?p=5523"},"wordCount":512,"commentCount":0,"publisher":{"@id":"https:\/\/cacaunews.com\/#organization"},"keywords":["bahia","educa\u00e7\u00e3o","estado","matr\u00edcula"],"articleSection":["Internet","Jornalismo"],"inLanguage":"pt-BR","potentialAction":[{"@type":"CommentAction","name":"Comment","target":["https:\/\/cacaunews.com\/?p=5523#respond"]}]},{"@type":"WebPage","@id":"https:\/\/cacaunews.com\/?p=5523","url":"https:\/\/cacaunews.com\/?p=5523","name":"Matr\u00edcula 2025 na rede estadual: vagas s\u00e3o garantidas com um clique. - Cacau News","isPartOf":{"@id":"https:\/\/cacaunews.com\/#website"},"datePublished":"2025-01-13T18:30:01+00:00","dateModified":"2025-01-13T18:53:19+00:00","breadcrumb":{"@id":"https:\/\/cacaunews.com\/?p=5523#breadcrumb"},"inLanguage":"pt-BR","potentialAction":[{"@type":"ReadAction","target":["https:\/\/cacaunews.com\/?p=5523"]}]},{"@type":"BreadcrumbList","@id":"https:\/\/cacaunews.com\/?p=5523#breadcrumb","itemListElement":[{"@type":"ListItem","position":1,"name":"In\u00edcio","item":"https:\/\/cacaunews.com\/"},{"@type":"ListItem","position":2,"name":"Matr\u00edcula 2025 na rede estadual: vagas s\u00e3o garantidas com um clique."}]},{"@type":"WebSite","@id":"https:\/\/cacaunews.com\/#website","url":"https:\/\/cacaunews.com\/","name":"Cacau News","description":"A Informa\u00e7\u00e3o que voc\u00ea precisa!","publisher":{"@id":"https:\/\/cacaunews.com\/#organization"},"potentialAction":[{"@type":"SearchAction","target":{"@type":"EntryPoint","urlTemplate":"https:\/\/cacaunews.com\/?s={search_term_string}"},"query-input":"required name=search_term_string"}],"inLanguage":"pt-BR"},{"@type":"Organization","@id":"https:\/\/cacaunews.com\/#organization","name":"Cacau News","url":"https:\/\/cacaunews.com\/","logo":{"@type":"ImageObject","inLanguage":"pt-BR","@id":"https:\/\/cacaunews.com\/#\/schema\/logo\/image\/","url":"https:\/\/cacaunews.com\/wp-content\/uploads\/2025\/01\/cropped-LOGO-NOVA.png","contentUrl":"https:\/\/cacaunews.com\/wp-content\/uploads\/2025\/01\/cropped-LOGO-NOVA.png","width":813,"height":813,"caption":"Cacau News"},"image":{"@id":"https:\/\/cacaunews.com\/#\/schema\/logo\/image\/"},"sameAs":["https:\/\/www.instagram.com\/cacaunews.online\/","https:\/\/youtube.com\/@cacaunews?si=0VXLnjl08SrWbVG9"]},{"@type":"Person","@id":"https:\/\/cacaunews.com\/#\/schema\/person\/ea69703103e606ad347ccd64bd72ef79","name":"Reda\u00e7\u00e3o Cacau News","image":{"@type":"ImageObject","inLanguage":"pt-BR","@id":"https:\/\/cacaunews.com\/#\/schema\/person\/image\/","url":"https:\/\/secure.gravatar.com\/avatar\/d79227a2a7b6cc42e8d7a8f7c284cd3a?s=96&d=mm&r=g","contentUrl":"https:\/\/secure.gravatar.com\/avatar\/d79227a2a7b6cc42e8d7a8f7c284cd3a?s=96&d=mm&r=g","caption":"Reda\u00e7\u00e3o Cacau News"},"sameAs":["https:\/\/cacaunews.com"],"url":"https:\/\/cacaunews.com\/?author=1"}]}},"jetpack_sharing_enabled":true,"jetpack_featured_media_url":"https:\/\/cacaunews.com\/wp-content\/uploads\/2025\/01\/IMG-20250113-WA0165.jpg","_links":{"self":[{"href":"https:\/\/cacaunews.com\/index.php?rest_route=\/wp\/v2\/posts\/5523"}],"collection":[{"href":"https:\/\/cacaunews.com\/index.php?rest_route=\/wp\/v2\/posts"}],"about":[{"href":"https:\/\/cacaunews.com\/index.php?rest_route=\/wp\/v2\/types\/post"}],"author":[{"embeddable":true,"href":"https:\/\/cacaunews.com\/index.php?rest_route=\/wp\/v2\/users\/1"}],"replies":[{"embeddable":true,"href":"https:\/\/cacaunews.com\/index.php?rest_route=%2Fwp%2Fv2%2Fcomments&post=5523"}],"version-history":[{"count":1,"href":"https:\/\/cacaunews.com\/index.php?rest_route=\/wp\/v2\/posts\/5523\/revisions"}],"predecessor-version":[{"id":5524,"href":"https:\/\/cacaunews.com\/index.php?rest_route=\/wp\/v2\/posts\/5523\/revisions\/5524"}],"wp:featuredmedia":[{"embeddable":true,"href":"https:\/\/cacaunews.com\/index.php?rest_route=\/wp\/v2\/media\/5522"}],"wp:attachment":[{"href":"https:\/\/cacaunews.com\/index.php?rest_route=%2Fwp%2Fv2%2Fmedia&parent=5523"}],"wp:term":[{"taxonomy":"category","embeddable":true,"href":"https:\/\/cacaunews.com\/index.php?rest_route=%2Fwp%2Fv2%2Fcategories&post=5523"},{"taxonomy":"post_tag","embeddable":true,"href":"https:\/\/cacaunews.com\/index.php?rest_route=%2Fwp%2Fv2%2Ftags&post=5523"}],"curies":[{"name":"wp","href":"https:\/\/api.w.org\/{rel}","templated":true}]}}