{"id":5541,"date":"2025-01-13T23:00:35","date_gmt":"2025-01-13T23:00:35","guid":{"rendered":"https:\/\/cacaunews.com\/?p=5541"},"modified":"2025-01-13T23:00:35","modified_gmt":"2025-01-13T23:00:35","slug":"itajuipe-prefeitura-decreta-estado-de-emergencia-devido-as-chuvas-intensas","status":"publish","type":"post","link":"https:\/\/cacaunews.com\/?p=5541","title":{"rendered":"Itaju\u00edpe: Prefeitura decreta Estado de Emerg\u00eancia devido \u00e0s chuvas intensas."},"content":{"rendered":"\n<p>A Prefeitura de Itaju\u00edpe declarou, nesta segunda-feira, 13, por meio de Decreto 148\/2025, situa\u00e7\u00e3o de emerg\u00eancia no munic\u00edpio em decorr\u00eancia das fortes chuvas que v\u00eam atingindo a regi\u00e3o. As chuvas intensas provocaram alagamentos, inunda\u00e7\u00f5es e deslizamentos, comprometendo im\u00f3veis e a seguran\u00e7a da popula\u00e7\u00e3o.<br><br>Uma das medidas tomadas pelo prefeito L\u00e9o da Capoeira foi o cancelamento da tradicional Festa de S\u00e3o Sebasti\u00e3o, que seria realizada entre os dias 17, 18 e 19 de janeiro. Com a situa\u00e7\u00e3o de emerg\u00eancia, fica determinada a mobiliza\u00e7\u00e3o de \u00f3rg\u00e3os municipais para atuar na resposta e reabilita\u00e7\u00e3o das \u00e1reas afetadas. Al\u00e9m disso, ser\u00e3o realizadas campanhas de arrecada\u00e7\u00e3o de recursos e convoca\u00e7\u00e3o de volunt\u00e1rios para refor\u00e7ar os esfor\u00e7os de aux\u00edlio \u00e0 comunidade.<br><br>O decreto tamb\u00e9m reafirma o compromisso da Prefeitura de Itaju\u00edpe em restaurar a normalidade e proteger a comunidade, garantindo a seguran\u00e7a e assist\u00eancia \u00e0s fam\u00edlias afetadas.<br><br>A gest\u00e3o municipal segue monitorando a situa\u00e7\u00e3o e pede o apoio e a colabora\u00e7\u00e3o de todos para superar este momento desafiador.<\/p>\n","protected":false},"excerpt":{"rendered":"<p>A Prefeitura de Itaju\u00edpe declarou, nesta segunda-feira, 13, por meio de Decreto 148\/2025, situa\u00e7\u00e3o de&#8230;<\/p>\n","protected":false},"author":1,"featured_media":5540,"comment_status":"open","ping_status":"open","sticky":false,"template":"","format":"standard","meta":{"footnotes":""},"categories":[18,4,11],"tags":[533,706,1977,1227],"yoast_head":"<!-- This site is optimized with the Yoast SEO plugin v21.7 - https:\/\/yoast.com\/wordpress\/plugins\/seo\/ -->\n<title>Itaju\u00edpe: Prefeitura decreta Estado de Emerg\u00eancia devido \u00e0s chuvas intensas. - Cacau News<\/title>\n<meta name=\"robots\" content=\"index, follow, max-snippet:-1, max-image-preview:large, max-video-preview:-1\" \/>\n<link rel=\"canonical\" href=\"https:\/\/cacaunews.com\/?p=5541\" \/>\n<meta property=\"og:locale\" content=\"pt_BR\" \/>\n<meta property=\"og:type\" content=\"article\" \/>\n<meta property=\"og:title\" content=\"Itaju\u00edpe: Prefeitura decreta Estado de Emerg\u00eancia devido \u00e0s chuvas intensas. - Cacau News\" \/>\n<meta property=\"og:description\" content=\"A Prefeitura de Itaju\u00edpe declarou, nesta segunda-feira, 13, por meio de Decreto 148\/2025, situa\u00e7\u00e3o de...\" \/>\n<meta property=\"og:url\" content=\"https:\/\/cacaunews.com\/?p=5541\" \/>\n<meta property=\"og:site_name\" content=\"Cacau News\" \/>\n<meta property=\"article:published_time\" content=\"2025-01-13T23:00:35+00:00\" \/>\n<meta name=\"author\" content=\"Reda\u00e7\u00e3o Cacau News\" \/>\n<meta name=\"twitter:card\" content=\"summary_large_image\" \/>\n<meta name=\"twitter:label1\" content=\"Escrito por\" \/>\n\t<meta name=\"twitter:data1\" content=\"Reda\u00e7\u00e3o Cacau News\" \/>\n\t<meta name=\"twitter:label2\" content=\"Est. tempo de leitura\" \/>\n\t<meta name=\"twitter:data2\" content=\"1 minuto\" \/>\n<script type=\"application\/ld+json\" class=\"yoast-schema-graph\">{\"@context\":\"https:\/\/schema.org\",\"@graph\":[{\"@type\":\"Article\",\"@id\":\"https:\/\/cacaunews.com\/?p=5541#article\",\"isPartOf\":{\"@id\":\"https:\/\/cacaunews.com\/?p=5541\"},\"author\":{\"name\":\"Reda\u00e7\u00e3o Cacau News\",\"@id\":\"https:\/\/cacaunews.com\/#\/schema\/person\/ea69703103e606ad347ccd64bd72ef79\"},\"headline\":\"Itaju\u00edpe: Prefeitura decreta Estado de Emerg\u00eancia devido \u00e0s chuvas intensas.\",\"datePublished\":\"2025-01-13T23:00:35+00:00\",\"dateModified\":\"2025-01-13T23:00:35+00:00\",\"mainEntityOfPage\":{\"@id\":\"https:\/\/cacaunews.com\/?p=5541\"},\"wordCount\":203,\"commentCount\":0,\"publisher\":{\"@id\":\"https:\/\/cacaunews.com\/#organization\"},\"keywords\":[\"chuvas\",\"decreto\",\"estado de emerg\u00eancia\",\"itaju\u00edpe\"],\"articleSection\":[\"cidades\",\"Internet\",\"Jornalismo\"],\"inLanguage\":\"pt-BR\",\"potentialAction\":[{\"@type\":\"CommentAction\",\"name\":\"Comment\",\"target\":[\"https:\/\/cacaunews.com\/?p=5541#respond\"]}]},{\"@type\":\"WebPage\",\"@id\":\"https:\/\/cacaunews.com\/?p=5541\",\"url\":\"https:\/\/cacaunews.com\/?p=5541\",\"name\":\"Itaju\u00edpe: Prefeitura decreta Estado de Emerg\u00eancia devido \u00e0s chuvas intensas. - Cacau News\",\"isPartOf\":{\"@id\":\"https:\/\/cacaunews.com\/#website\"},\"datePublished\":\"2025-01-13T23:00:35+00:00\",\"dateModified\":\"2025-01-13T23:00:35+00:00\",\"breadcrumb\":{\"@id\":\"https:\/\/cacaunews.com\/?p=5541#breadcrumb\"},\"inLanguage\":\"pt-BR\",\"potentialAction\":[{\"@type\":\"ReadAction\",\"target\":[\"https:\/\/cacaunews.com\/?p=5541\"]}]},{\"@type\":\"BreadcrumbList\",\"@id\":\"https:\/\/cacaunews.com\/?p=5541#breadcrumb\",\"itemListElement\":[{\"@type\":\"ListItem\",\"position\":1,\"name\":\"In\u00edcio\",\"item\":\"https:\/\/cacaunews.com\/\"},{\"@type\":\"ListItem\",\"position\":2,\"name\":\"Itaju\u00edpe: Prefeitura decreta Estado de Emerg\u00eancia devido \u00e0s chuvas intensas.\"}]},{\"@type\":\"WebSite\",\"@id\":\"https:\/\/cacaunews.com\/#website\",\"url\":\"https:\/\/cacaunews.com\/\",\"name\":\"Cacau News\",\"description\":\"A Informa\u00e7\u00e3o que voc\u00ea precisa!\",\"publisher\":{\"@id\":\"https:\/\/cacaunews.com\/#organization\"},\"potentialAction\":[{\"@type\":\"SearchAction\",\"target\":{\"@type\":\"EntryPoint\",\"urlTemplate\":\"https:\/\/cacaunews.com\/?s={search_term_string}\"},\"query-input\":\"required name=search_term_string\"}],\"inLanguage\":\"pt-BR\"},{\"@type\":\"Organization\",\"@id\":\"https:\/\/cacaunews.com\/#organization\",\"name\":\"Cacau News\",\"url\":\"https:\/\/cacaunews.com\/\",\"logo\":{\"@type\":\"ImageObject\",\"inLanguage\":\"pt-BR\",\"@id\":\"https:\/\/cacaunews.com\/#\/schema\/logo\/image\/\",\"url\":\"https:\/\/cacaunews.com\/wp-content\/uploads\/2025\/01\/cropped-LOGO-NOVA.png\",\"contentUrl\":\"https:\/\/cacaunews.com\/wp-content\/uploads\/2025\/01\/cropped-LOGO-NOVA.png\",\"width\":813,\"height\":813,\"caption\":\"Cacau News\"},\"image\":{\"@id\":\"https:\/\/cacaunews.com\/#\/schema\/logo\/image\/\"},\"sameAs\":[\"https:\/\/www.instagram.com\/cacaunews.online\/\",\"https:\/\/youtube.com\/@cacaunews?si=0VXLnjl08SrWbVG9\"]},{\"@type\":\"Person\",\"@id\":\"https:\/\/cacaunews.com\/#\/schema\/person\/ea69703103e606ad347ccd64bd72ef79\",\"name\":\"Reda\u00e7\u00e3o Cacau News\",\"image\":{\"@type\":\"ImageObject\",\"inLanguage\":\"pt-BR\",\"@id\":\"https:\/\/cacaunews.com\/#\/schema\/person\/image\/\",\"url\":\"https:\/\/secure.gravatar.com\/avatar\/d79227a2a7b6cc42e8d7a8f7c284cd3a?s=96&d=mm&r=g\",\"contentUrl\":\"https:\/\/secure.gravatar.com\/avatar\/d79227a2a7b6cc42e8d7a8f7c284cd3a?s=96&d=mm&r=g\",\"caption\":\"Reda\u00e7\u00e3o Cacau News\"},\"sameAs\":[\"https:\/\/cacaunews.com\"],\"url\":\"https:\/\/cacaunews.com\/?author=1\"}]}<\/script>\n<!-- \/ Yoast SEO plugin. -->","yoast_head_json":{"title":"Itaju\u00edpe: Prefeitura decreta Estado de Emerg\u00eancia devido \u00e0s chuvas intensas. - Cacau News","robots":{"index":"index","follow":"follow","max-snippet":"max-snippet:-1","max-image-preview":"max-image-preview:large","max-video-preview":"max-video-preview:-1"},"canonical":"https:\/\/cacaunews.com\/?p=5541","og_locale":"pt_BR","og_type":"article","og_title":"Itaju\u00edpe: Prefeitura decreta Estado de Emerg\u00eancia devido \u00e0s chuvas intensas. - Cacau News","og_description":"A Prefeitura de Itaju\u00edpe declarou, nesta segunda-feira, 13, por meio de Decreto 148\/2025, situa\u00e7\u00e3o de...","og_url":"https:\/\/cacaunews.com\/?p=5541","og_site_name":"Cacau News","article_published_time":"2025-01-13T23:00:35+00:00","author":"Reda\u00e7\u00e3o Cacau News","twitter_card":"summary_large_image","twitter_misc":{"Escrito por":"Reda\u00e7\u00e3o Cacau News","Est. tempo de leitura":"1 minuto"},"schema":{"@context":"https:\/\/schema.org","@graph":[{"@type":"Article","@id":"https:\/\/cacaunews.com\/?p=5541#article","isPartOf":{"@id":"https:\/\/cacaunews.com\/?p=5541"},"author":{"name":"Reda\u00e7\u00e3o Cacau News","@id":"https:\/\/cacaunews.com\/#\/schema\/person\/ea69703103e606ad347ccd64bd72ef79"},"headline":"Itaju\u00edpe: Prefeitura decreta Estado de Emerg\u00eancia devido \u00e0s chuvas intensas.","datePublished":"2025-01-13T23:00:35+00:00","dateModified":"2025-01-13T23:00:35+00:00","mainEntityOfPage":{"@id":"https:\/\/cacaunews.com\/?p=5541"},"wordCount":203,"commentCount":0,"publisher":{"@id":"https:\/\/cacaunews.com\/#organization"},"keywords":["chuvas","decreto","estado de emerg\u00eancia","itaju\u00edpe"],"articleSection":["cidades","Internet","Jornalismo"],"inLanguage":"pt-BR","potentialAction":[{"@type":"CommentAction","name":"Comment","target":["https:\/\/cacaunews.com\/?p=5541#respond"]}]},{"@type":"WebPage","@id":"https:\/\/cacaunews.com\/?p=5541","url":"https:\/\/cacaunews.com\/?p=5541","name":"Itaju\u00edpe: Prefeitura decreta Estado de Emerg\u00eancia devido \u00e0s chuvas intensas. - Cacau News","isPartOf":{"@id":"https:\/\/cacaunews.com\/#website"},"datePublished":"2025-01-13T23:00:35+00:00","dateModified":"2025-01-13T23:00:35+00:00","breadcrumb":{"@id":"https:\/\/cacaunews.com\/?p=5541#breadcrumb"},"inLanguage":"pt-BR","potentialAction":[{"@type":"ReadAction","target":["https:\/\/cacaunews.com\/?p=5541"]}]},{"@type":"BreadcrumbList","@id":"https:\/\/cacaunews.com\/?p=5541#breadcrumb","itemListElement":[{"@type":"ListItem","position":1,"name":"In\u00edcio","item":"https:\/\/cacaunews.com\/"},{"@type":"ListItem","position":2,"name":"Itaju\u00edpe: Prefeitura decreta Estado de Emerg\u00eancia devido \u00e0s chuvas intensas."}]},{"@type":"WebSite","@id":"https:\/\/cacaunews.com\/#website","url":"https:\/\/cacaunews.com\/","name":"Cacau News","description":"A Informa\u00e7\u00e3o que voc\u00ea precisa!","publisher":{"@id":"https:\/\/cacaunews.com\/#organization"},"potentialAction":[{"@type":"SearchAction","target":{"@type":"EntryPoint","urlTemplate":"https:\/\/cacaunews.com\/?s={search_term_string}"},"query-input":"required name=search_term_string"}],"inLanguage":"pt-BR"},{"@type":"Organization","@id":"https:\/\/cacaunews.com\/#organization","name":"Cacau News","url":"https:\/\/cacaunews.com\/","logo":{"@type":"ImageObject","inLanguage":"pt-BR","@id":"https:\/\/cacaunews.com\/#\/schema\/logo\/image\/","url":"https:\/\/cacaunews.com\/wp-content\/uploads\/2025\/01\/cropped-LOGO-NOVA.png","contentUrl":"https:\/\/cacaunews.com\/wp-content\/uploads\/2025\/01\/cropped-LOGO-NOVA.png","width":813,"height":813,"caption":"Cacau News"},"image":{"@id":"https:\/\/cacaunews.com\/#\/schema\/logo\/image\/"},"sameAs":["https:\/\/www.instagram.com\/cacaunews.online\/","https:\/\/youtube.com\/@cacaunews?si=0VXLnjl08SrWbVG9"]},{"@type":"Person","@id":"https:\/\/cacaunews.com\/#\/schema\/person\/ea69703103e606ad347ccd64bd72ef79","name":"Reda\u00e7\u00e3o Cacau News","image":{"@type":"ImageObject","inLanguage":"pt-BR","@id":"https:\/\/cacaunews.com\/#\/schema\/person\/image\/","url":"https:\/\/secure.gravatar.com\/avatar\/d79227a2a7b6cc42e8d7a8f7c284cd3a?s=96&d=mm&r=g","contentUrl":"https:\/\/secure.gravatar.com\/avatar\/d79227a2a7b6cc42e8d7a8f7c284cd3a?s=96&d=mm&r=g","caption":"Reda\u00e7\u00e3o Cacau News"},"sameAs":["https:\/\/cacaunews.com"],"url":"https:\/\/cacaunews.com\/?author=1"}]}},"jetpack_sharing_enabled":true,"jetpack_featured_media_url":"https:\/\/cacaunews.com\/wp-content\/uploads\/2025\/01\/IMG_20250115_011143.jpg","_links":{"self":[{"href":"https:\/\/cacaunews.com\/index.php?rest_route=\/wp\/v2\/posts\/5541"}],"collection":[{"href":"https:\/\/cacaunews.com\/index.php?rest_route=\/wp\/v2\/posts"}],"about":[{"href":"https:\/\/cacaunews.com\/index.php?rest_route=\/wp\/v2\/types\/post"}],"author":[{"embeddable":true,"href":"https:\/\/cacaunews.com\/index.php?rest_route=\/wp\/v2\/users\/1"}],"replies":[{"embeddable":true,"href":"https:\/\/cacaunews.com\/index.php?rest_route=%2Fwp%2Fv2%2Fcomments&post=5541"}],"version-history":[{"count":0,"href":"https:\/\/cacaunews.com\/index.php?rest_route=\/wp\/v2\/posts\/5541\/revisions"}],"wp:featuredmedia":[{"embeddable":true,"href":"https:\/\/cacaunews.com\/index.php?rest_route=\/wp\/v2\/media\/5540"}],"wp:attachment":[{"href":"https:\/\/cacaunews.com\/index.php?rest_route=%2Fwp%2Fv2%2Fmedia&parent=5541"}],"wp:term":[{"taxonomy":"category","embeddable":true,"href":"https:\/\/cacaunews.com\/index.php?rest_route=%2Fwp%2Fv2%2Fcategories&post=5541"},{"taxonomy":"post_tag","embeddable":true,"href":"https:\/\/cacaunews.com\/index.php?rest_route=%2Fwp%2Fv2%2Ftags&post=5541"}],"curies":[{"name":"wp","href":"https:\/\/api.w.org\/{rel}","templated":true}]}}