{"id":5652,"date":"2025-01-22T11:17:47","date_gmt":"2025-01-22T11:17:47","guid":{"rendered":"https:\/\/cacaunews.com\/?p=5652"},"modified":"2025-01-22T11:17:47","modified_gmt":"2025-01-22T11:17:47","slug":"oab-e-aci-de-itabuna-dialogam-com-a-sociedade-civil-sobre-o-destino-do-porto-sul-na-regiao","status":"publish","type":"post","link":"https:\/\/cacaunews.com\/?p=5652","title":{"rendered":"OAB e ACI de Itabuna dialogam com a sociedade civil sobre o destino do Porto Sul na regi\u00e3o."},"content":{"rendered":"\n<p>A Ordem dos Advogados da Bahia \u2013 Seccional de Itabuna, em conjunto com a Associa\u00e7\u00e3o Comercial e Empresarial de Itabuna promoveram um encontro nesta ter\u00e7a-feira, 21, para uma discuss\u00e3o aprofundada acerca da paralisa\u00e7\u00e3o das obras do Porto Sul, no trecho de Ilh\u00e9us, que gerou questionamentos sobre a poss\u00edvel venda da Bahia Minera\u00e7\u00e3o (BAMIN) noticiado pela imprensa e os reflexos socioecon\u00f4micos para a regi\u00e3o diante da possibilidade de n\u00e3o conclus\u00e3o dessas obras.<br \/><br \/>De acordo com informa\u00e7\u00f5es do site CNN Brasil, estimulada pelo Governo Federal, a Vale est\u00e1 em tratativas finais para a compra da Bahia Minera\u00e7\u00e3o &#8211; Bamin, incluindo seus tr\u00eas grandes projetos na Bahia: uma jazida de min\u00e9rio de ferro em Caetit\u00e9, a concess\u00e3o do trecho 1 da Ferrovia de Integra\u00e7\u00e3o Oeste-Leste (Fiol) e o Porto Sul em Ilh\u00e9us.<\/p>\n\n\n\n<figure class=\"wp-block-image size-large\"><img fetchpriority=\"high\" decoding=\"async\" width=\"1024\" height=\"768\" src=\"https:\/\/cacaunews.com\/wp-content\/uploads\/2025\/01\/img-20250122-wa00124600073996798646000-1024x768.jpg\" alt=\"\" class=\"wp-image-5630\" srcset=\"https:\/\/cacaunews.com\/wp-content\/uploads\/2025\/01\/img-20250122-wa00124600073996798646000-1024x768.jpg 1024w, https:\/\/cacaunews.com\/wp-content\/uploads\/2025\/01\/img-20250122-wa00124600073996798646000-300x225.jpg 300w, https:\/\/cacaunews.com\/wp-content\/uploads\/2025\/01\/img-20250122-wa00124600073996798646000-768x576.jpg 768w, https:\/\/cacaunews.com\/wp-content\/uploads\/2025\/01\/img-20250122-wa00124600073996798646000-1536x1152.jpg 1536w, https:\/\/cacaunews.com\/wp-content\/uploads\/2025\/01\/img-20250122-wa00124600073996798646000.jpg 2000w\" sizes=\"(max-width: 1024px) 100vw, 1024px\" \/><\/figure>\n\n\n\n<p><br \/><br \/>Com a proposta de compra da Bamin, os empres\u00e1rios e lideran\u00e7as das entidades de classes temem pela n\u00e3o continuidade do projeto, tendo em vista a possibilidade de desativa\u00e7\u00e3o desse investimento no Sul da Bahia, com uma mudan\u00e7a de foco da empresa compradora para outra regi\u00e3o do pa\u00eds. Segundo o presidente da ACI, Valdino Cunha, o equipamento representa um investimento na ordem de 6 bilh\u00f5es para a regi\u00e3o, que traria outras movimenta\u00e7\u00f5es, como hot\u00e9is, shoppings, empresas, dentre outros.<br \/><br \/>As informa\u00e7\u00f5es t\u00e9cnicas e econ\u00f4micas do Complexo Intermodal do Porto Sul foram compartilhadas pelo Administrador de Empresas e especialista no ramo de minera\u00e7\u00e3o, Herder Mendon\u00e7a e o coordenador nacional do Movimento Invas\u00e3o Zero, Luiz Uaquim, que estar\u00e3o promovendo um f\u00f3rum, em breve, com representantes de toda a sociedade para reivindicar junto ao Governo do Estado, o cronograma das obras e o compromisso diante do investimento que foi feito na regi\u00e3o.<\/p>\n\n\n\n<figure class=\"wp-block-image size-large\"><img decoding=\"async\" width=\"1024\" height=\"768\" src=\"https:\/\/cacaunews.com\/wp-content\/uploads\/2025\/01\/img-20250122-wa00143874565969854386471-1024x768.jpg\" alt=\"\" class=\"wp-image-5642\" srcset=\"https:\/\/cacaunews.com\/wp-content\/uploads\/2025\/01\/img-20250122-wa00143874565969854386471-1024x768.jpg 1024w, https:\/\/cacaunews.com\/wp-content\/uploads\/2025\/01\/img-20250122-wa00143874565969854386471-300x225.jpg 300w, https:\/\/cacaunews.com\/wp-content\/uploads\/2025\/01\/img-20250122-wa00143874565969854386471-768x576.jpg 768w, https:\/\/cacaunews.com\/wp-content\/uploads\/2025\/01\/img-20250122-wa00143874565969854386471-1536x1152.jpg 1536w, https:\/\/cacaunews.com\/wp-content\/uploads\/2025\/01\/img-20250122-wa00143874565969854386471.jpg 2000w\" sizes=\"(max-width: 1024px) 100vw, 1024px\" \/><\/figure>\n\n\n\n<p><br \/><br \/>Os pr\u00f3ximos passos, de acordo com o presidente da ACI, Valdino Cunha ser\u00e3o para sensibilizar outras institui\u00e7\u00f5es, organiza\u00e7\u00f5es da sociedade civil para ter mais acesso \u00e0s informa\u00e7\u00f5es, saber o est\u00e1gio que se encontra essa proposta de compra em rela\u00e7\u00e3o ao complexo da Bamin, \u201ce com isso, reunir informa\u00e7\u00f5es para saber se a gente ainda consegue dar passo para reverter essa situa\u00e7\u00e3o ou se j\u00e1 \u00e9 uma situa\u00e7\u00e3o concretizada\u201d.<br \/><br \/>O presidente da OAB Itabuna, Thiago Cruz avaliou o encontro como uma grande oportunidade para conhecer as informa\u00e7\u00f5es a respeito do Porto Sul, e destacou a necessidade de mobilizar outras entidades e os representantes pol\u00edticos para dialogar sobre esse assunto, \u201cque \u00e9 importante e precisa da uni\u00e3o de todos\u201d.<br \/><br \/>O encontro reuniu lideran\u00e7as empresariais, representantes da OAB Itabuna, do Governo Municipal e da Imprensa.<\/p>\n","protected":false},"excerpt":{"rendered":"<p>A Ordem dos Advogados da Bahia \u2013 Seccional de Itabuna, em conjunto com a Associa\u00e7\u00e3o&#8230;<\/p>\n","protected":false},"author":1,"featured_media":5651,"comment_status":"open","ping_status":"open","sticky":false,"template":"","format":"standard","meta":{"footnotes":""},"categories":[18,11],"tags":[713,1061,27,1578,2001,2000],"yoast_head":"<!-- This site is optimized with the Yoast SEO plugin v21.7 - https:\/\/yoast.com\/wordpress\/plugins\/seo\/ -->\n<title>OAB e ACI de Itabuna dialogam com a sociedade civil sobre o destino do Porto Sul na regi\u00e3o. - Cacau News<\/title>\n<meta name=\"robots\" content=\"index, follow, max-snippet:-1, max-image-preview:large, max-video-preview:-1\" \/>\n<link rel=\"canonical\" href=\"https:\/\/cacaunews.com\/?p=5652\" \/>\n<meta property=\"og:locale\" content=\"pt_BR\" \/>\n<meta property=\"og:type\" content=\"article\" \/>\n<meta property=\"og:title\" content=\"OAB e ACI de Itabuna dialogam com a sociedade civil sobre o destino do Porto Sul na regi\u00e3o. - Cacau News\" \/>\n<meta property=\"og:description\" content=\"A Ordem dos Advogados da Bahia \u2013 Seccional de Itabuna, em conjunto com a Associa\u00e7\u00e3o...\" \/>\n<meta property=\"og:url\" content=\"https:\/\/cacaunews.com\/?p=5652\" \/>\n<meta property=\"og:site_name\" content=\"Cacau News\" \/>\n<meta property=\"article:published_time\" content=\"2025-01-22T11:17:47+00:00\" \/>\n<meta property=\"og:image\" content=\"https:\/\/cacaunews.com\/wp-content\/uploads\/2025\/01\/img-20250122-wa00124600073996798646000-1024x768.jpg\" \/>\n<meta name=\"author\" content=\"Reda\u00e7\u00e3o Cacau News\" \/>\n<meta name=\"twitter:card\" content=\"summary_large_image\" \/>\n<meta name=\"twitter:label1\" content=\"Escrito por\" \/>\n\t<meta name=\"twitter:data1\" content=\"Reda\u00e7\u00e3o Cacau News\" \/>\n\t<meta name=\"twitter:label2\" content=\"Est. tempo de leitura\" \/>\n\t<meta name=\"twitter:data2\" content=\"2 minutos\" \/>\n<script type=\"application\/ld+json\" class=\"yoast-schema-graph\">{\"@context\":\"https:\/\/schema.org\",\"@graph\":[{\"@type\":\"Article\",\"@id\":\"https:\/\/cacaunews.com\/?p=5652#article\",\"isPartOf\":{\"@id\":\"https:\/\/cacaunews.com\/?p=5652\"},\"author\":{\"name\":\"Reda\u00e7\u00e3o Cacau News\",\"@id\":\"https:\/\/cacaunews.com\/#\/schema\/person\/ea69703103e606ad347ccd64bd72ef79\"},\"headline\":\"OAB e ACI de Itabuna dialogam com a sociedade civil sobre o destino do Porto Sul na regi\u00e3o.\",\"datePublished\":\"2025-01-22T11:17:47+00:00\",\"dateModified\":\"2025-01-22T11:17:47+00:00\",\"mainEntityOfPage\":{\"@id\":\"https:\/\/cacaunews.com\/?p=5652\"},\"wordCount\":473,\"commentCount\":0,\"publisher\":{\"@id\":\"https:\/\/cacaunews.com\/#organization\"},\"keywords\":[\"aci\",\"BAMIN\",\"itabuna\",\"OAB\",\"porto sul\",\"Vale\"],\"articleSection\":[\"cidades\",\"Jornalismo\"],\"inLanguage\":\"pt-BR\",\"potentialAction\":[{\"@type\":\"CommentAction\",\"name\":\"Comment\",\"target\":[\"https:\/\/cacaunews.com\/?p=5652#respond\"]}]},{\"@type\":\"WebPage\",\"@id\":\"https:\/\/cacaunews.com\/?p=5652\",\"url\":\"https:\/\/cacaunews.com\/?p=5652\",\"name\":\"OAB e ACI de Itabuna dialogam com a sociedade civil sobre o destino do Porto Sul na regi\u00e3o. - Cacau News\",\"isPartOf\":{\"@id\":\"https:\/\/cacaunews.com\/#website\"},\"datePublished\":\"2025-01-22T11:17:47+00:00\",\"dateModified\":\"2025-01-22T11:17:47+00:00\",\"breadcrumb\":{\"@id\":\"https:\/\/cacaunews.com\/?p=5652#breadcrumb\"},\"inLanguage\":\"pt-BR\",\"potentialAction\":[{\"@type\":\"ReadAction\",\"target\":[\"https:\/\/cacaunews.com\/?p=5652\"]}]},{\"@type\":\"BreadcrumbList\",\"@id\":\"https:\/\/cacaunews.com\/?p=5652#breadcrumb\",\"itemListElement\":[{\"@type\":\"ListItem\",\"position\":1,\"name\":\"In\u00edcio\",\"item\":\"https:\/\/cacaunews.com\/\"},{\"@type\":\"ListItem\",\"position\":2,\"name\":\"OAB e ACI de Itabuna dialogam com a sociedade civil sobre o destino do Porto Sul na regi\u00e3o.\"}]},{\"@type\":\"WebSite\",\"@id\":\"https:\/\/cacaunews.com\/#website\",\"url\":\"https:\/\/cacaunews.com\/\",\"name\":\"Cacau News\",\"description\":\"A Informa\u00e7\u00e3o que voc\u00ea precisa!\",\"publisher\":{\"@id\":\"https:\/\/cacaunews.com\/#organization\"},\"potentialAction\":[{\"@type\":\"SearchAction\",\"target\":{\"@type\":\"EntryPoint\",\"urlTemplate\":\"https:\/\/cacaunews.com\/?s={search_term_string}\"},\"query-input\":\"required name=search_term_string\"}],\"inLanguage\":\"pt-BR\"},{\"@type\":\"Organization\",\"@id\":\"https:\/\/cacaunews.com\/#organization\",\"name\":\"Cacau News\",\"url\":\"https:\/\/cacaunews.com\/\",\"logo\":{\"@type\":\"ImageObject\",\"inLanguage\":\"pt-BR\",\"@id\":\"https:\/\/cacaunews.com\/#\/schema\/logo\/image\/\",\"url\":\"https:\/\/cacaunews.com\/wp-content\/uploads\/2025\/01\/cropped-LOGO-NOVA.png\",\"contentUrl\":\"https:\/\/cacaunews.com\/wp-content\/uploads\/2025\/01\/cropped-LOGO-NOVA.png\",\"width\":813,\"height\":813,\"caption\":\"Cacau News\"},\"image\":{\"@id\":\"https:\/\/cacaunews.com\/#\/schema\/logo\/image\/\"},\"sameAs\":[\"https:\/\/www.instagram.com\/cacaunews.online\/\",\"https:\/\/youtube.com\/@cacaunews?si=0VXLnjl08SrWbVG9\"]},{\"@type\":\"Person\",\"@id\":\"https:\/\/cacaunews.com\/#\/schema\/person\/ea69703103e606ad347ccd64bd72ef79\",\"name\":\"Reda\u00e7\u00e3o Cacau News\",\"image\":{\"@type\":\"ImageObject\",\"inLanguage\":\"pt-BR\",\"@id\":\"https:\/\/cacaunews.com\/#\/schema\/person\/image\/\",\"url\":\"https:\/\/secure.gravatar.com\/avatar\/d79227a2a7b6cc42e8d7a8f7c284cd3a?s=96&d=mm&r=g\",\"contentUrl\":\"https:\/\/secure.gravatar.com\/avatar\/d79227a2a7b6cc42e8d7a8f7c284cd3a?s=96&d=mm&r=g\",\"caption\":\"Reda\u00e7\u00e3o Cacau News\"},\"sameAs\":[\"https:\/\/cacaunews.com\"],\"url\":\"https:\/\/cacaunews.com\/?author=1\"}]}<\/script>\n<!-- \/ Yoast SEO plugin. -->","yoast_head_json":{"title":"OAB e ACI de Itabuna dialogam com a sociedade civil sobre o destino do Porto Sul na regi\u00e3o. - Cacau News","robots":{"index":"index","follow":"follow","max-snippet":"max-snippet:-1","max-image-preview":"max-image-preview:large","max-video-preview":"max-video-preview:-1"},"canonical":"https:\/\/cacaunews.com\/?p=5652","og_locale":"pt_BR","og_type":"article","og_title":"OAB e ACI de Itabuna dialogam com a sociedade civil sobre o destino do Porto Sul na regi\u00e3o. - Cacau News","og_description":"A Ordem dos Advogados da Bahia \u2013 Seccional de Itabuna, em conjunto com a Associa\u00e7\u00e3o...","og_url":"https:\/\/cacaunews.com\/?p=5652","og_site_name":"Cacau News","article_published_time":"2025-01-22T11:17:47+00:00","og_image":[{"url":"https:\/\/cacaunews.com\/wp-content\/uploads\/2025\/01\/img-20250122-wa00124600073996798646000-1024x768.jpg"}],"author":"Reda\u00e7\u00e3o Cacau News","twitter_card":"summary_large_image","twitter_misc":{"Escrito por":"Reda\u00e7\u00e3o Cacau News","Est. tempo de leitura":"2 minutos"},"schema":{"@context":"https:\/\/schema.org","@graph":[{"@type":"Article","@id":"https:\/\/cacaunews.com\/?p=5652#article","isPartOf":{"@id":"https:\/\/cacaunews.com\/?p=5652"},"author":{"name":"Reda\u00e7\u00e3o Cacau News","@id":"https:\/\/cacaunews.com\/#\/schema\/person\/ea69703103e606ad347ccd64bd72ef79"},"headline":"OAB e ACI de Itabuna dialogam com a sociedade civil sobre o destino do Porto Sul na regi\u00e3o.","datePublished":"2025-01-22T11:17:47+00:00","dateModified":"2025-01-22T11:17:47+00:00","mainEntityOfPage":{"@id":"https:\/\/cacaunews.com\/?p=5652"},"wordCount":473,"commentCount":0,"publisher":{"@id":"https:\/\/cacaunews.com\/#organization"},"keywords":["aci","BAMIN","itabuna","OAB","porto sul","Vale"],"articleSection":["cidades","Jornalismo"],"inLanguage":"pt-BR","potentialAction":[{"@type":"CommentAction","name":"Comment","target":["https:\/\/cacaunews.com\/?p=5652#respond"]}]},{"@type":"WebPage","@id":"https:\/\/cacaunews.com\/?p=5652","url":"https:\/\/cacaunews.com\/?p=5652","name":"OAB e ACI de Itabuna dialogam com a sociedade civil sobre o destino do Porto Sul na regi\u00e3o. - Cacau News","isPartOf":{"@id":"https:\/\/cacaunews.com\/#website"},"datePublished":"2025-01-22T11:17:47+00:00","dateModified":"2025-01-22T11:17:47+00:00","breadcrumb":{"@id":"https:\/\/cacaunews.com\/?p=5652#breadcrumb"},"inLanguage":"pt-BR","potentialAction":[{"@type":"ReadAction","target":["https:\/\/cacaunews.com\/?p=5652"]}]},{"@type":"BreadcrumbList","@id":"https:\/\/cacaunews.com\/?p=5652#breadcrumb","itemListElement":[{"@type":"ListItem","position":1,"name":"In\u00edcio","item":"https:\/\/cacaunews.com\/"},{"@type":"ListItem","position":2,"name":"OAB e ACI de Itabuna dialogam com a sociedade civil sobre o destino do Porto Sul na regi\u00e3o."}]},{"@type":"WebSite","@id":"https:\/\/cacaunews.com\/#website","url":"https:\/\/cacaunews.com\/","name":"Cacau News","description":"A Informa\u00e7\u00e3o que voc\u00ea precisa!","publisher":{"@id":"https:\/\/cacaunews.com\/#organization"},"potentialAction":[{"@type":"SearchAction","target":{"@type":"EntryPoint","urlTemplate":"https:\/\/cacaunews.com\/?s={search_term_string}"},"query-input":"required name=search_term_string"}],"inLanguage":"pt-BR"},{"@type":"Organization","@id":"https:\/\/cacaunews.com\/#organization","name":"Cacau News","url":"https:\/\/cacaunews.com\/","logo":{"@type":"ImageObject","inLanguage":"pt-BR","@id":"https:\/\/cacaunews.com\/#\/schema\/logo\/image\/","url":"https:\/\/cacaunews.com\/wp-content\/uploads\/2025\/01\/cropped-LOGO-NOVA.png","contentUrl":"https:\/\/cacaunews.com\/wp-content\/uploads\/2025\/01\/cropped-LOGO-NOVA.png","width":813,"height":813,"caption":"Cacau News"},"image":{"@id":"https:\/\/cacaunews.com\/#\/schema\/logo\/image\/"},"sameAs":["https:\/\/www.instagram.com\/cacaunews.online\/","https:\/\/youtube.com\/@cacaunews?si=0VXLnjl08SrWbVG9"]},{"@type":"Person","@id":"https:\/\/cacaunews.com\/#\/schema\/person\/ea69703103e606ad347ccd64bd72ef79","name":"Reda\u00e7\u00e3o Cacau News","image":{"@type":"ImageObject","inLanguage":"pt-BR","@id":"https:\/\/cacaunews.com\/#\/schema\/person\/image\/","url":"https:\/\/secure.gravatar.com\/avatar\/d79227a2a7b6cc42e8d7a8f7c284cd3a?s=96&d=mm&r=g","contentUrl":"https:\/\/secure.gravatar.com\/avatar\/d79227a2a7b6cc42e8d7a8f7c284cd3a?s=96&d=mm&r=g","caption":"Reda\u00e7\u00e3o Cacau News"},"sameAs":["https:\/\/cacaunews.com"],"url":"https:\/\/cacaunews.com\/?author=1"}]}},"jetpack_sharing_enabled":true,"jetpack_featured_media_url":"https:\/\/cacaunews.com\/wp-content\/uploads\/2025\/01\/IMG_20250122_102036.jpg","_links":{"self":[{"href":"https:\/\/cacaunews.com\/index.php?rest_route=\/wp\/v2\/posts\/5652"}],"collection":[{"href":"https:\/\/cacaunews.com\/index.php?rest_route=\/wp\/v2\/posts"}],"about":[{"href":"https:\/\/cacaunews.com\/index.php?rest_route=\/wp\/v2\/types\/post"}],"author":[{"embeddable":true,"href":"https:\/\/cacaunews.com\/index.php?rest_route=\/wp\/v2\/users\/1"}],"replies":[{"embeddable":true,"href":"https:\/\/cacaunews.com\/index.php?rest_route=%2Fwp%2Fv2%2Fcomments&post=5652"}],"version-history":[{"count":0,"href":"https:\/\/cacaunews.com\/index.php?rest_route=\/wp\/v2\/posts\/5652\/revisions"}],"wp:featuredmedia":[{"embeddable":true,"href":"https:\/\/cacaunews.com\/index.php?rest_route=\/wp\/v2\/media\/5651"}],"wp:attachment":[{"href":"https:\/\/cacaunews.com\/index.php?rest_route=%2Fwp%2Fv2%2Fmedia&parent=5652"}],"wp:term":[{"taxonomy":"category","embeddable":true,"href":"https:\/\/cacaunews.com\/index.php?rest_route=%2Fwp%2Fv2%2Fcategories&post=5652"},{"taxonomy":"post_tag","embeddable":true,"href":"https:\/\/cacaunews.com\/index.php?rest_route=%2Fwp%2Fv2%2Ftags&post=5652"}],"curies":[{"name":"wp","href":"https:\/\/api.w.org\/{rel}","templated":true}]}}