{"id":5654,"date":"2025-01-23T13:20:10","date_gmt":"2025-01-23T13:20:10","guid":{"rendered":"https:\/\/cacaunews.com\/?p=5654"},"modified":"2025-01-23T13:24:46","modified_gmt":"2025-01-23T13:24:46","slug":"ilheus-vereadora-propoe-proibicao-de-fogos-com-estampidos-e-divide-opinioes","status":"publish","type":"post","link":"https:\/\/cacaunews.com\/?p=5654","title":{"rendered":"Ilh\u00e9us: Vereadora prop\u00f5e proibi\u00e7\u00e3o de fogos com estampidos e divide opini\u00f5es."},"content":{"rendered":"\n<p>A proposta da vereadora R\u00fabia Carvalho de proibir fogos de artif\u00edcio com estampido em Ilh\u00e9us gerou um debate acalorado entre os moradores da cidade. De um lado, defensores da medida aplaudem a iniciativa, apontando os benef\u00edcios para grupos como idosos, pessoas autistas e animais, frequentemente afetados pelo ru\u00eddo. Por outro, cr\u00edticos argumentam que a proibi\u00e7\u00e3o pode impactar tradi\u00e7\u00f5es culturais e econ\u00f4micas, especialmente festas religiosas e eventos tur\u00edsticos.<br><br>R\u00fabia Carvalho, que \u00e9 vice-presidente da C\u00e2mara de Vereadores, destacou no programa Falando Direito da R\u00e1dio Bahiana AM 1310 que a medida busca promover um ambiente mais inclusivo e respeitoso. Segundo ela, o projeto est\u00e1 sendo detalhadamente elaborado com base em legisla\u00e7\u00f5es similares adotadas por outros munic\u00edpios. &#8220;\u00c9 um avan\u00e7o em termos de sensibilidade social. Podemos celebrar com alegria sem prejudicar a sa\u00fade e o bem-estar de ningu\u00e9m&#8221;, afirmou.<br><br>Entretanto, comerciantes do setor de fogos e alguns organizadores de eventos j\u00e1 manifestaram preocupa\u00e7\u00e3o com os impactos da medida. Para eles, os fogos tradicionais fazem parte da identidade cultural e substitu\u00ed-los por op\u00e7\u00f5es silenciosas pode descaracterizar celebra\u00e7\u00f5es populares.<br><br>A vereadora garantiu que o projeto ser\u00e1 amplamente discutido com a sociedade antes de ser levado \u00e0 vota\u00e7\u00e3o. O apoio do presidente da C\u00e2mara, C\u00e9sar Porto, foi considerado um passo importante para a tramita\u00e7\u00e3o da proposta, mas a pol\u00eamica promete intensificar o debate entre tradi\u00e7\u00e3o e inova\u00e7\u00e3o na cidade.<\/p>\n\n\n\n<p>Com Informa\u00e7\u00f5es Ilh\u00e9us 24h.<\/p>\n","protected":false},"excerpt":{"rendered":"<p>A proposta da vereadora R\u00fabia Carvalho de proibir fogos de artif\u00edcio com estampido em Ilh\u00e9us&#8230;<\/p>\n","protected":false},"author":1,"featured_media":5653,"comment_status":"open","ping_status":"open","sticky":false,"template":"","format":"standard","meta":{"footnotes":""},"categories":[18,11,5],"tags":[2002,37,2003,299],"yoast_head":"<!-- This site is optimized with the Yoast SEO plugin v21.7 - https:\/\/yoast.com\/wordpress\/plugins\/seo\/ -->\n<title>Ilh\u00e9us: Vereadora prop\u00f5e proibi\u00e7\u00e3o de fogos com estampidos e divide opini\u00f5es. - Cacau News<\/title>\n<meta name=\"robots\" content=\"index, follow, max-snippet:-1, max-image-preview:large, max-video-preview:-1\" \/>\n<link rel=\"canonical\" href=\"https:\/\/cacaunews.com\/?p=5654\" \/>\n<meta property=\"og:locale\" content=\"pt_BR\" \/>\n<meta property=\"og:type\" content=\"article\" \/>\n<meta property=\"og:title\" content=\"Ilh\u00e9us: Vereadora prop\u00f5e proibi\u00e7\u00e3o de fogos com estampidos e divide opini\u00f5es. - Cacau News\" \/>\n<meta property=\"og:description\" content=\"A proposta da vereadora R\u00fabia Carvalho de proibir fogos de artif\u00edcio com estampido em Ilh\u00e9us...\" \/>\n<meta property=\"og:url\" content=\"https:\/\/cacaunews.com\/?p=5654\" \/>\n<meta property=\"og:site_name\" content=\"Cacau News\" \/>\n<meta property=\"article:published_time\" content=\"2025-01-23T13:20:10+00:00\" \/>\n<meta property=\"article:modified_time\" content=\"2025-01-23T13:24:46+00:00\" \/>\n<meta property=\"og:image\" content=\"https:\/\/cacaunews.com\/wp-content\/uploads\/2025\/01\/IMG_20250122_112617.jpg\" \/>\n\t<meta property=\"og:image:width\" content=\"1080\" \/>\n\t<meta property=\"og:image:height\" content=\"790\" \/>\n\t<meta property=\"og:image:type\" content=\"image\/jpeg\" \/>\n<meta name=\"author\" content=\"Reda\u00e7\u00e3o Cacau News\" \/>\n<meta name=\"twitter:card\" content=\"summary_large_image\" \/>\n<meta name=\"twitter:label1\" content=\"Escrito por\" \/>\n\t<meta name=\"twitter:data1\" content=\"Reda\u00e7\u00e3o Cacau News\" \/>\n\t<meta name=\"twitter:label2\" content=\"Est. tempo de leitura\" \/>\n\t<meta name=\"twitter:data2\" content=\"1 minuto\" \/>\n<script type=\"application\/ld+json\" class=\"yoast-schema-graph\">{\"@context\":\"https:\/\/schema.org\",\"@graph\":[{\"@type\":\"Article\",\"@id\":\"https:\/\/cacaunews.com\/?p=5654#article\",\"isPartOf\":{\"@id\":\"https:\/\/cacaunews.com\/?p=5654\"},\"author\":{\"name\":\"Reda\u00e7\u00e3o Cacau News\",\"@id\":\"https:\/\/cacaunews.com\/#\/schema\/person\/ea69703103e606ad347ccd64bd72ef79\"},\"headline\":\"Ilh\u00e9us: Vereadora prop\u00f5e proibi\u00e7\u00e3o de fogos com estampidos e divide opini\u00f5es.\",\"datePublished\":\"2025-01-23T13:20:10+00:00\",\"dateModified\":\"2025-01-23T13:24:46+00:00\",\"mainEntityOfPage\":{\"@id\":\"https:\/\/cacaunews.com\/?p=5654\"},\"wordCount\":269,\"commentCount\":0,\"publisher\":{\"@id\":\"https:\/\/cacaunews.com\/#organization\"},\"keywords\":[\"fogos de artif\u00edcio\",\"ilheus\",\"opini\u00f5es\",\"proibi\u00e7\u00e3o\"],\"articleSection\":[\"cidades\",\"Jornalismo\",\"Politica\"],\"inLanguage\":\"pt-BR\",\"potentialAction\":[{\"@type\":\"CommentAction\",\"name\":\"Comment\",\"target\":[\"https:\/\/cacaunews.com\/?p=5654#respond\"]}]},{\"@type\":\"WebPage\",\"@id\":\"https:\/\/cacaunews.com\/?p=5654\",\"url\":\"https:\/\/cacaunews.com\/?p=5654\",\"name\":\"Ilh\u00e9us: Vereadora prop\u00f5e proibi\u00e7\u00e3o de fogos com estampidos e divide opini\u00f5es. - Cacau News\",\"isPartOf\":{\"@id\":\"https:\/\/cacaunews.com\/#website\"},\"datePublished\":\"2025-01-23T13:20:10+00:00\",\"dateModified\":\"2025-01-23T13:24:46+00:00\",\"breadcrumb\":{\"@id\":\"https:\/\/cacaunews.com\/?p=5654#breadcrumb\"},\"inLanguage\":\"pt-BR\",\"potentialAction\":[{\"@type\":\"ReadAction\",\"target\":[\"https:\/\/cacaunews.com\/?p=5654\"]}]},{\"@type\":\"BreadcrumbList\",\"@id\":\"https:\/\/cacaunews.com\/?p=5654#breadcrumb\",\"itemListElement\":[{\"@type\":\"ListItem\",\"position\":1,\"name\":\"In\u00edcio\",\"item\":\"https:\/\/cacaunews.com\/\"},{\"@type\":\"ListItem\",\"position\":2,\"name\":\"Ilh\u00e9us: Vereadora prop\u00f5e proibi\u00e7\u00e3o de fogos com estampidos e divide opini\u00f5es.\"}]},{\"@type\":\"WebSite\",\"@id\":\"https:\/\/cacaunews.com\/#website\",\"url\":\"https:\/\/cacaunews.com\/\",\"name\":\"Cacau News\",\"description\":\"A Informa\u00e7\u00e3o que voc\u00ea precisa!\",\"publisher\":{\"@id\":\"https:\/\/cacaunews.com\/#organization\"},\"potentialAction\":[{\"@type\":\"SearchAction\",\"target\":{\"@type\":\"EntryPoint\",\"urlTemplate\":\"https:\/\/cacaunews.com\/?s={search_term_string}\"},\"query-input\":\"required name=search_term_string\"}],\"inLanguage\":\"pt-BR\"},{\"@type\":\"Organization\",\"@id\":\"https:\/\/cacaunews.com\/#organization\",\"name\":\"Cacau News\",\"url\":\"https:\/\/cacaunews.com\/\",\"logo\":{\"@type\":\"ImageObject\",\"inLanguage\":\"pt-BR\",\"@id\":\"https:\/\/cacaunews.com\/#\/schema\/logo\/image\/\",\"url\":\"https:\/\/cacaunews.com\/wp-content\/uploads\/2025\/01\/cropped-LOGO-NOVA.png\",\"contentUrl\":\"https:\/\/cacaunews.com\/wp-content\/uploads\/2025\/01\/cropped-LOGO-NOVA.png\",\"width\":813,\"height\":813,\"caption\":\"Cacau News\"},\"image\":{\"@id\":\"https:\/\/cacaunews.com\/#\/schema\/logo\/image\/\"},\"sameAs\":[\"https:\/\/www.instagram.com\/cacaunews.online\/\",\"https:\/\/youtube.com\/@cacaunews?si=0VXLnjl08SrWbVG9\"]},{\"@type\":\"Person\",\"@id\":\"https:\/\/cacaunews.com\/#\/schema\/person\/ea69703103e606ad347ccd64bd72ef79\",\"name\":\"Reda\u00e7\u00e3o Cacau News\",\"image\":{\"@type\":\"ImageObject\",\"inLanguage\":\"pt-BR\",\"@id\":\"https:\/\/cacaunews.com\/#\/schema\/person\/image\/\",\"url\":\"https:\/\/secure.gravatar.com\/avatar\/d79227a2a7b6cc42e8d7a8f7c284cd3a?s=96&d=mm&r=g\",\"contentUrl\":\"https:\/\/secure.gravatar.com\/avatar\/d79227a2a7b6cc42e8d7a8f7c284cd3a?s=96&d=mm&r=g\",\"caption\":\"Reda\u00e7\u00e3o Cacau News\"},\"sameAs\":[\"https:\/\/cacaunews.com\"],\"url\":\"https:\/\/cacaunews.com\/?author=1\"}]}<\/script>\n<!-- \/ Yoast SEO plugin. -->","yoast_head_json":{"title":"Ilh\u00e9us: Vereadora prop\u00f5e proibi\u00e7\u00e3o de fogos com estampidos e divide opini\u00f5es. - Cacau News","robots":{"index":"index","follow":"follow","max-snippet":"max-snippet:-1","max-image-preview":"max-image-preview:large","max-video-preview":"max-video-preview:-1"},"canonical":"https:\/\/cacaunews.com\/?p=5654","og_locale":"pt_BR","og_type":"article","og_title":"Ilh\u00e9us: Vereadora prop\u00f5e proibi\u00e7\u00e3o de fogos com estampidos e divide opini\u00f5es. - Cacau News","og_description":"A proposta da vereadora R\u00fabia Carvalho de proibir fogos de artif\u00edcio com estampido em Ilh\u00e9us...","og_url":"https:\/\/cacaunews.com\/?p=5654","og_site_name":"Cacau News","article_published_time":"2025-01-23T13:20:10+00:00","article_modified_time":"2025-01-23T13:24:46+00:00","og_image":[{"width":1080,"height":790,"url":"https:\/\/cacaunews.com\/wp-content\/uploads\/2025\/01\/IMG_20250122_112617.jpg","type":"image\/jpeg"}],"author":"Reda\u00e7\u00e3o Cacau News","twitter_card":"summary_large_image","twitter_misc":{"Escrito por":"Reda\u00e7\u00e3o Cacau News","Est. tempo de leitura":"1 minuto"},"schema":{"@context":"https:\/\/schema.org","@graph":[{"@type":"Article","@id":"https:\/\/cacaunews.com\/?p=5654#article","isPartOf":{"@id":"https:\/\/cacaunews.com\/?p=5654"},"author":{"name":"Reda\u00e7\u00e3o Cacau News","@id":"https:\/\/cacaunews.com\/#\/schema\/person\/ea69703103e606ad347ccd64bd72ef79"},"headline":"Ilh\u00e9us: Vereadora prop\u00f5e proibi\u00e7\u00e3o de fogos com estampidos e divide opini\u00f5es.","datePublished":"2025-01-23T13:20:10+00:00","dateModified":"2025-01-23T13:24:46+00:00","mainEntityOfPage":{"@id":"https:\/\/cacaunews.com\/?p=5654"},"wordCount":269,"commentCount":0,"publisher":{"@id":"https:\/\/cacaunews.com\/#organization"},"keywords":["fogos de artif\u00edcio","ilheus","opini\u00f5es","proibi\u00e7\u00e3o"],"articleSection":["cidades","Jornalismo","Politica"],"inLanguage":"pt-BR","potentialAction":[{"@type":"CommentAction","name":"Comment","target":["https:\/\/cacaunews.com\/?p=5654#respond"]}]},{"@type":"WebPage","@id":"https:\/\/cacaunews.com\/?p=5654","url":"https:\/\/cacaunews.com\/?p=5654","name":"Ilh\u00e9us: Vereadora prop\u00f5e proibi\u00e7\u00e3o de fogos com estampidos e divide opini\u00f5es. - Cacau News","isPartOf":{"@id":"https:\/\/cacaunews.com\/#website"},"datePublished":"2025-01-23T13:20:10+00:00","dateModified":"2025-01-23T13:24:46+00:00","breadcrumb":{"@id":"https:\/\/cacaunews.com\/?p=5654#breadcrumb"},"inLanguage":"pt-BR","potentialAction":[{"@type":"ReadAction","target":["https:\/\/cacaunews.com\/?p=5654"]}]},{"@type":"BreadcrumbList","@id":"https:\/\/cacaunews.com\/?p=5654#breadcrumb","itemListElement":[{"@type":"ListItem","position":1,"name":"In\u00edcio","item":"https:\/\/cacaunews.com\/"},{"@type":"ListItem","position":2,"name":"Ilh\u00e9us: Vereadora prop\u00f5e proibi\u00e7\u00e3o de fogos com estampidos e divide opini\u00f5es."}]},{"@type":"WebSite","@id":"https:\/\/cacaunews.com\/#website","url":"https:\/\/cacaunews.com\/","name":"Cacau News","description":"A Informa\u00e7\u00e3o que voc\u00ea precisa!","publisher":{"@id":"https:\/\/cacaunews.com\/#organization"},"potentialAction":[{"@type":"SearchAction","target":{"@type":"EntryPoint","urlTemplate":"https:\/\/cacaunews.com\/?s={search_term_string}"},"query-input":"required name=search_term_string"}],"inLanguage":"pt-BR"},{"@type":"Organization","@id":"https:\/\/cacaunews.com\/#organization","name":"Cacau News","url":"https:\/\/cacaunews.com\/","logo":{"@type":"ImageObject","inLanguage":"pt-BR","@id":"https:\/\/cacaunews.com\/#\/schema\/logo\/image\/","url":"https:\/\/cacaunews.com\/wp-content\/uploads\/2025\/01\/cropped-LOGO-NOVA.png","contentUrl":"https:\/\/cacaunews.com\/wp-content\/uploads\/2025\/01\/cropped-LOGO-NOVA.png","width":813,"height":813,"caption":"Cacau News"},"image":{"@id":"https:\/\/cacaunews.com\/#\/schema\/logo\/image\/"},"sameAs":["https:\/\/www.instagram.com\/cacaunews.online\/","https:\/\/youtube.com\/@cacaunews?si=0VXLnjl08SrWbVG9"]},{"@type":"Person","@id":"https:\/\/cacaunews.com\/#\/schema\/person\/ea69703103e606ad347ccd64bd72ef79","name":"Reda\u00e7\u00e3o Cacau News","image":{"@type":"ImageObject","inLanguage":"pt-BR","@id":"https:\/\/cacaunews.com\/#\/schema\/person\/image\/","url":"https:\/\/secure.gravatar.com\/avatar\/d79227a2a7b6cc42e8d7a8f7c284cd3a?s=96&d=mm&r=g","contentUrl":"https:\/\/secure.gravatar.com\/avatar\/d79227a2a7b6cc42e8d7a8f7c284cd3a?s=96&d=mm&r=g","caption":"Reda\u00e7\u00e3o Cacau News"},"sameAs":["https:\/\/cacaunews.com"],"url":"https:\/\/cacaunews.com\/?author=1"}]}},"jetpack_sharing_enabled":true,"jetpack_featured_media_url":"https:\/\/cacaunews.com\/wp-content\/uploads\/2025\/01\/IMG_20250122_112617.jpg","_links":{"self":[{"href":"https:\/\/cacaunews.com\/index.php?rest_route=\/wp\/v2\/posts\/5654"}],"collection":[{"href":"https:\/\/cacaunews.com\/index.php?rest_route=\/wp\/v2\/posts"}],"about":[{"href":"https:\/\/cacaunews.com\/index.php?rest_route=\/wp\/v2\/types\/post"}],"author":[{"embeddable":true,"href":"https:\/\/cacaunews.com\/index.php?rest_route=\/wp\/v2\/users\/1"}],"replies":[{"embeddable":true,"href":"https:\/\/cacaunews.com\/index.php?rest_route=%2Fwp%2Fv2%2Fcomments&post=5654"}],"version-history":[{"count":2,"href":"https:\/\/cacaunews.com\/index.php?rest_route=\/wp\/v2\/posts\/5654\/revisions"}],"predecessor-version":[{"id":5656,"href":"https:\/\/cacaunews.com\/index.php?rest_route=\/wp\/v2\/posts\/5654\/revisions\/5656"}],"wp:featuredmedia":[{"embeddable":true,"href":"https:\/\/cacaunews.com\/index.php?rest_route=\/wp\/v2\/media\/5653"}],"wp:attachment":[{"href":"https:\/\/cacaunews.com\/index.php?rest_route=%2Fwp%2Fv2%2Fmedia&parent=5654"}],"wp:term":[{"taxonomy":"category","embeddable":true,"href":"https:\/\/cacaunews.com\/index.php?rest_route=%2Fwp%2Fv2%2Fcategories&post=5654"},{"taxonomy":"post_tag","embeddable":true,"href":"https:\/\/cacaunews.com\/index.php?rest_route=%2Fwp%2Fv2%2Ftags&post=5654"}],"curies":[{"name":"wp","href":"https:\/\/api.w.org\/{rel}","templated":true}]}}