{"id":5692,"date":"2025-01-27T16:17:39","date_gmt":"2025-01-27T16:17:39","guid":{"rendered":"https:\/\/cacaunews.com\/?p=5692"},"modified":"2025-01-27T16:17:39","modified_gmt":"2025-01-27T16:17:39","slug":"aeroporto-de-porto-seguro-passa-a-ter-nova-concessionaria","status":"publish","type":"post","link":"https:\/\/cacaunews.com\/?p=5692","title":{"rendered":"Aeroporto de Porto Seguro passa a ter nova concession\u00e1ria."},"content":{"rendered":"\n<p><em>Vig\u00eancia do contrato ser\u00e1 de um ano.<\/em><\/p>\n\n\n\n<p>O Aeroporto Internacional de Porto Seguro, na Costa do Descobrimento, ter\u00e1 como concession\u00e1ria a Socicam Infraestrutura e Participa\u00e7\u00f5es. A empresa foi contratada em car\u00e1ter emergencial para operar o terminal, ficando respons\u00e1vel pela gest\u00e3o, manuten\u00e7\u00e3o e explora\u00e7\u00e3o do local. <\/p>\n\n\n\n<p>O contrato, feito por dispensa de licita\u00e7\u00e3o, resultar\u00e1 em outorga mensal de R$ 450 mil pagos pela concession\u00e1ria. Segundo a Secretaria de Infraestrutura do Estado (Seinfra), a vig\u00eancia do contrato ser\u00e1 de um ano.<\/p>\n\n\n\n<p>Atualmente o aeroporto da cidade \u00e9 gerido pela Sociedade Nacional de Apoio Rodovi\u00e1rio e Tur\u00edstico Ltda (Sinart), que teve o contrato declarado ilegal pelo Tribunal de Contas do Estado (TCE) desde 2019. <\/p>\n\n\n\n<p>Al\u00e9m do aeroporto de Porto Seguro, a Socicam tamb\u00e9m \u00e9 respons\u00e1vel pelos terminais aerovi\u00e1rios de Vit\u00f3ria da Conquista, no Sudoeste; e em Ilh\u00e9us e na Ilha de Comandatuba, em Una, ambas cidades no Litoral Sul.<\/p>\n\n\n\n<p>Com Informa\u00e7\u00f5es BN.<\/p>\n","protected":false},"excerpt":{"rendered":"<p>Vig\u00eancia do contrato ser\u00e1 de um ano. O Aeroporto Internacional de Porto Seguro, na Costa&#8230;<\/p>\n","protected":false},"author":1,"featured_media":5691,"comment_status":"open","ping_status":"open","sticky":false,"template":"","format":"standard","meta":{"footnotes":""},"categories":[18,11],"tags":[738,2018,203,2019],"yoast_head":"<!-- This site is optimized with the Yoast SEO plugin v21.7 - https:\/\/yoast.com\/wordpress\/plugins\/seo\/ -->\n<title>Aeroporto de Porto Seguro passa a ter nova concession\u00e1ria. - Cacau News<\/title>\n<meta name=\"robots\" content=\"index, follow, max-snippet:-1, max-image-preview:large, max-video-preview:-1\" \/>\n<link rel=\"canonical\" href=\"https:\/\/cacaunews.com\/?p=5692\" \/>\n<meta property=\"og:locale\" content=\"pt_BR\" \/>\n<meta property=\"og:type\" content=\"article\" \/>\n<meta property=\"og:title\" content=\"Aeroporto de Porto Seguro passa a ter nova concession\u00e1ria. - Cacau News\" \/>\n<meta property=\"og:description\" content=\"Vig\u00eancia do contrato ser\u00e1 de um ano. O Aeroporto Internacional de Porto Seguro, na Costa...\" \/>\n<meta property=\"og:url\" content=\"https:\/\/cacaunews.com\/?p=5692\" \/>\n<meta property=\"og:site_name\" content=\"Cacau News\" \/>\n<meta property=\"article:published_time\" content=\"2025-01-27T16:17:39+00:00\" \/>\n<meta name=\"author\" content=\"Reda\u00e7\u00e3o Cacau News\" \/>\n<meta name=\"twitter:card\" content=\"summary_large_image\" \/>\n<meta name=\"twitter:label1\" content=\"Escrito por\" \/>\n\t<meta name=\"twitter:data1\" content=\"Reda\u00e7\u00e3o Cacau News\" \/>\n\t<meta name=\"twitter:label2\" content=\"Est. tempo de leitura\" \/>\n\t<meta name=\"twitter:data2\" content=\"1 minuto\" \/>\n<script type=\"application\/ld+json\" class=\"yoast-schema-graph\">{\"@context\":\"https:\/\/schema.org\",\"@graph\":[{\"@type\":\"Article\",\"@id\":\"https:\/\/cacaunews.com\/?p=5692#article\",\"isPartOf\":{\"@id\":\"https:\/\/cacaunews.com\/?p=5692\"},\"author\":{\"name\":\"Reda\u00e7\u00e3o Cacau News\",\"@id\":\"https:\/\/cacaunews.com\/#\/schema\/person\/ea69703103e606ad347ccd64bd72ef79\"},\"headline\":\"Aeroporto de Porto Seguro passa a ter nova concession\u00e1ria.\",\"datePublished\":\"2025-01-27T16:17:39+00:00\",\"dateModified\":\"2025-01-27T16:17:39+00:00\",\"mainEntityOfPage\":{\"@id\":\"https:\/\/cacaunews.com\/?p=5692\"},\"wordCount\":175,\"commentCount\":0,\"publisher\":{\"@id\":\"https:\/\/cacaunews.com\/#organization\"},\"keywords\":[\"aeroporto\",\"concession\u00e1ria\",\"porto seguro\",\"socicam\"],\"articleSection\":[\"cidades\",\"Jornalismo\"],\"inLanguage\":\"pt-BR\",\"potentialAction\":[{\"@type\":\"CommentAction\",\"name\":\"Comment\",\"target\":[\"https:\/\/cacaunews.com\/?p=5692#respond\"]}]},{\"@type\":\"WebPage\",\"@id\":\"https:\/\/cacaunews.com\/?p=5692\",\"url\":\"https:\/\/cacaunews.com\/?p=5692\",\"name\":\"Aeroporto de Porto Seguro passa a ter nova concession\u00e1ria. - Cacau News\",\"isPartOf\":{\"@id\":\"https:\/\/cacaunews.com\/#website\"},\"datePublished\":\"2025-01-27T16:17:39+00:00\",\"dateModified\":\"2025-01-27T16:17:39+00:00\",\"breadcrumb\":{\"@id\":\"https:\/\/cacaunews.com\/?p=5692#breadcrumb\"},\"inLanguage\":\"pt-BR\",\"potentialAction\":[{\"@type\":\"ReadAction\",\"target\":[\"https:\/\/cacaunews.com\/?p=5692\"]}]},{\"@type\":\"BreadcrumbList\",\"@id\":\"https:\/\/cacaunews.com\/?p=5692#breadcrumb\",\"itemListElement\":[{\"@type\":\"ListItem\",\"position\":1,\"name\":\"In\u00edcio\",\"item\":\"https:\/\/cacaunews.com\/\"},{\"@type\":\"ListItem\",\"position\":2,\"name\":\"Aeroporto de Porto Seguro passa a ter nova concession\u00e1ria.\"}]},{\"@type\":\"WebSite\",\"@id\":\"https:\/\/cacaunews.com\/#website\",\"url\":\"https:\/\/cacaunews.com\/\",\"name\":\"Cacau News\",\"description\":\"A Informa\u00e7\u00e3o que voc\u00ea precisa!\",\"publisher\":{\"@id\":\"https:\/\/cacaunews.com\/#organization\"},\"potentialAction\":[{\"@type\":\"SearchAction\",\"target\":{\"@type\":\"EntryPoint\",\"urlTemplate\":\"https:\/\/cacaunews.com\/?s={search_term_string}\"},\"query-input\":\"required name=search_term_string\"}],\"inLanguage\":\"pt-BR\"},{\"@type\":\"Organization\",\"@id\":\"https:\/\/cacaunews.com\/#organization\",\"name\":\"Cacau News\",\"url\":\"https:\/\/cacaunews.com\/\",\"logo\":{\"@type\":\"ImageObject\",\"inLanguage\":\"pt-BR\",\"@id\":\"https:\/\/cacaunews.com\/#\/schema\/logo\/image\/\",\"url\":\"https:\/\/cacaunews.com\/wp-content\/uploads\/2025\/01\/cropped-LOGO-NOVA.png\",\"contentUrl\":\"https:\/\/cacaunews.com\/wp-content\/uploads\/2025\/01\/cropped-LOGO-NOVA.png\",\"width\":813,\"height\":813,\"caption\":\"Cacau News\"},\"image\":{\"@id\":\"https:\/\/cacaunews.com\/#\/schema\/logo\/image\/\"},\"sameAs\":[\"https:\/\/www.instagram.com\/cacaunews.online\/\",\"https:\/\/youtube.com\/@cacaunews?si=0VXLnjl08SrWbVG9\"]},{\"@type\":\"Person\",\"@id\":\"https:\/\/cacaunews.com\/#\/schema\/person\/ea69703103e606ad347ccd64bd72ef79\",\"name\":\"Reda\u00e7\u00e3o Cacau News\",\"image\":{\"@type\":\"ImageObject\",\"inLanguage\":\"pt-BR\",\"@id\":\"https:\/\/cacaunews.com\/#\/schema\/person\/image\/\",\"url\":\"https:\/\/secure.gravatar.com\/avatar\/d79227a2a7b6cc42e8d7a8f7c284cd3a?s=96&d=mm&r=g\",\"contentUrl\":\"https:\/\/secure.gravatar.com\/avatar\/d79227a2a7b6cc42e8d7a8f7c284cd3a?s=96&d=mm&r=g\",\"caption\":\"Reda\u00e7\u00e3o Cacau News\"},\"sameAs\":[\"https:\/\/cacaunews.com\"],\"url\":\"https:\/\/cacaunews.com\/?author=1\"}]}<\/script>\n<!-- \/ Yoast SEO plugin. -->","yoast_head_json":{"title":"Aeroporto de Porto Seguro passa a ter nova concession\u00e1ria. - Cacau News","robots":{"index":"index","follow":"follow","max-snippet":"max-snippet:-1","max-image-preview":"max-image-preview:large","max-video-preview":"max-video-preview:-1"},"canonical":"https:\/\/cacaunews.com\/?p=5692","og_locale":"pt_BR","og_type":"article","og_title":"Aeroporto de Porto Seguro passa a ter nova concession\u00e1ria. - Cacau News","og_description":"Vig\u00eancia do contrato ser\u00e1 de um ano. O Aeroporto Internacional de Porto Seguro, na Costa...","og_url":"https:\/\/cacaunews.com\/?p=5692","og_site_name":"Cacau News","article_published_time":"2025-01-27T16:17:39+00:00","author":"Reda\u00e7\u00e3o Cacau News","twitter_card":"summary_large_image","twitter_misc":{"Escrito por":"Reda\u00e7\u00e3o Cacau News","Est. tempo de leitura":"1 minuto"},"schema":{"@context":"https:\/\/schema.org","@graph":[{"@type":"Article","@id":"https:\/\/cacaunews.com\/?p=5692#article","isPartOf":{"@id":"https:\/\/cacaunews.com\/?p=5692"},"author":{"name":"Reda\u00e7\u00e3o Cacau News","@id":"https:\/\/cacaunews.com\/#\/schema\/person\/ea69703103e606ad347ccd64bd72ef79"},"headline":"Aeroporto de Porto Seguro passa a ter nova concession\u00e1ria.","datePublished":"2025-01-27T16:17:39+00:00","dateModified":"2025-01-27T16:17:39+00:00","mainEntityOfPage":{"@id":"https:\/\/cacaunews.com\/?p=5692"},"wordCount":175,"commentCount":0,"publisher":{"@id":"https:\/\/cacaunews.com\/#organization"},"keywords":["aeroporto","concession\u00e1ria","porto seguro","socicam"],"articleSection":["cidades","Jornalismo"],"inLanguage":"pt-BR","potentialAction":[{"@type":"CommentAction","name":"Comment","target":["https:\/\/cacaunews.com\/?p=5692#respond"]}]},{"@type":"WebPage","@id":"https:\/\/cacaunews.com\/?p=5692","url":"https:\/\/cacaunews.com\/?p=5692","name":"Aeroporto de Porto Seguro passa a ter nova concession\u00e1ria. - Cacau News","isPartOf":{"@id":"https:\/\/cacaunews.com\/#website"},"datePublished":"2025-01-27T16:17:39+00:00","dateModified":"2025-01-27T16:17:39+00:00","breadcrumb":{"@id":"https:\/\/cacaunews.com\/?p=5692#breadcrumb"},"inLanguage":"pt-BR","potentialAction":[{"@type":"ReadAction","target":["https:\/\/cacaunews.com\/?p=5692"]}]},{"@type":"BreadcrumbList","@id":"https:\/\/cacaunews.com\/?p=5692#breadcrumb","itemListElement":[{"@type":"ListItem","position":1,"name":"In\u00edcio","item":"https:\/\/cacaunews.com\/"},{"@type":"ListItem","position":2,"name":"Aeroporto de Porto Seguro passa a ter nova concession\u00e1ria."}]},{"@type":"WebSite","@id":"https:\/\/cacaunews.com\/#website","url":"https:\/\/cacaunews.com\/","name":"Cacau News","description":"A Informa\u00e7\u00e3o que voc\u00ea precisa!","publisher":{"@id":"https:\/\/cacaunews.com\/#organization"},"potentialAction":[{"@type":"SearchAction","target":{"@type":"EntryPoint","urlTemplate":"https:\/\/cacaunews.com\/?s={search_term_string}"},"query-input":"required name=search_term_string"}],"inLanguage":"pt-BR"},{"@type":"Organization","@id":"https:\/\/cacaunews.com\/#organization","name":"Cacau News","url":"https:\/\/cacaunews.com\/","logo":{"@type":"ImageObject","inLanguage":"pt-BR","@id":"https:\/\/cacaunews.com\/#\/schema\/logo\/image\/","url":"https:\/\/cacaunews.com\/wp-content\/uploads\/2025\/01\/cropped-LOGO-NOVA.png","contentUrl":"https:\/\/cacaunews.com\/wp-content\/uploads\/2025\/01\/cropped-LOGO-NOVA.png","width":813,"height":813,"caption":"Cacau News"},"image":{"@id":"https:\/\/cacaunews.com\/#\/schema\/logo\/image\/"},"sameAs":["https:\/\/www.instagram.com\/cacaunews.online\/","https:\/\/youtube.com\/@cacaunews?si=0VXLnjl08SrWbVG9"]},{"@type":"Person","@id":"https:\/\/cacaunews.com\/#\/schema\/person\/ea69703103e606ad347ccd64bd72ef79","name":"Reda\u00e7\u00e3o Cacau News","image":{"@type":"ImageObject","inLanguage":"pt-BR","@id":"https:\/\/cacaunews.com\/#\/schema\/person\/image\/","url":"https:\/\/secure.gravatar.com\/avatar\/d79227a2a7b6cc42e8d7a8f7c284cd3a?s=96&d=mm&r=g","contentUrl":"https:\/\/secure.gravatar.com\/avatar\/d79227a2a7b6cc42e8d7a8f7c284cd3a?s=96&d=mm&r=g","caption":"Reda\u00e7\u00e3o Cacau News"},"sameAs":["https:\/\/cacaunews.com"],"url":"https:\/\/cacaunews.com\/?author=1"}]}},"jetpack_sharing_enabled":true,"jetpack_featured_media_url":"https:\/\/cacaunews.com\/wp-content\/uploads\/2025\/01\/IMAGEM_NOTICIA_9281629.jpeg","_links":{"self":[{"href":"https:\/\/cacaunews.com\/index.php?rest_route=\/wp\/v2\/posts\/5692"}],"collection":[{"href":"https:\/\/cacaunews.com\/index.php?rest_route=\/wp\/v2\/posts"}],"about":[{"href":"https:\/\/cacaunews.com\/index.php?rest_route=\/wp\/v2\/types\/post"}],"author":[{"embeddable":true,"href":"https:\/\/cacaunews.com\/index.php?rest_route=\/wp\/v2\/users\/1"}],"replies":[{"embeddable":true,"href":"https:\/\/cacaunews.com\/index.php?rest_route=%2Fwp%2Fv2%2Fcomments&post=5692"}],"version-history":[{"count":0,"href":"https:\/\/cacaunews.com\/index.php?rest_route=\/wp\/v2\/posts\/5692\/revisions"}],"wp:featuredmedia":[{"embeddable":true,"href":"https:\/\/cacaunews.com\/index.php?rest_route=\/wp\/v2\/media\/5691"}],"wp:attachment":[{"href":"https:\/\/cacaunews.com\/index.php?rest_route=%2Fwp%2Fv2%2Fmedia&parent=5692"}],"wp:term":[{"taxonomy":"category","embeddable":true,"href":"https:\/\/cacaunews.com\/index.php?rest_route=%2Fwp%2Fv2%2Fcategories&post=5692"},{"taxonomy":"post_tag","embeddable":true,"href":"https:\/\/cacaunews.com\/index.php?rest_route=%2Fwp%2Fv2%2Ftags&post=5692"}],"curies":[{"name":"wp","href":"https:\/\/api.w.org\/{rel}","templated":true}]}}