{"id":5698,"date":"2025-01-27T17:00:39","date_gmt":"2025-01-27T17:00:39","guid":{"rendered":"https:\/\/cacaunews.com\/?p=5698"},"modified":"2025-01-27T17:09:01","modified_gmt":"2025-01-27T17:09:01","slug":"janeiro-branco-cvr-costa-do-cacau-promove-dialogo-diario-de-seguranca","status":"publish","type":"post","link":"https:\/\/cacaunews.com\/?p=5698","title":{"rendered":"Janeiro Branco: CVR Costa do Cacau promove Di\u00e1logo Di\u00e1rio de Seguran\u00e7a."},"content":{"rendered":"\n<p>A CVR\u00a0 Costa do Cacau realizou o Di\u00e1logo Di\u00e1rio de Seguran\u00e7a (DDS) especial com seus colaboradores, marcando a\u00a0 campanha Janeiro Branco, que promove a conscientiza\u00e7\u00e3o sobre a import\u00e2ncia da sa\u00fade mental.<\/p>\n\n\n\n<p><br>O encontro contou com a participa\u00e7\u00e3o do t\u00e9cnico de seguran\u00e7a Gabriel Amorim, que realizou uma palestra\u00a0\u00a0 e trouxe reflex\u00f5es valiosas sobre o tema, bastante relevante nos dias atuais.<br><br>Durante o evento, Gabriel destacou a import\u00e2ncia de cuidar da sa\u00fade mental no ambiente de trabalho e no dia a dia, ressaltando como fatores como o estresse, a ansiedade e a falta de equil\u00edbrio emocional podem impactar diretamente a qualidade de vida e a produtividade. Ele tamb\u00e9m compartilhou dicas pr\u00e1ticas para o autocuidado e incentivou os colaboradores a buscarem ajuda sempre que necess\u00e1rio.<\/p>\n\n\n\n<figure class=\"wp-block-gallery has-nested-images columns-default is-cropped wp-block-gallery-1 is-layout-flex wp-block-gallery-is-layout-flex\">\n<figure class=\"wp-block-image size-large\"><img fetchpriority=\"high\" decoding=\"async\" width=\"420\" height=\"560\" data-id=\"5697\" src=\"https:\/\/cacaunews.com\/wp-content\/uploads\/2025\/01\/img-20250127-wa00726127991925477939593.jpg\" alt=\"\" class=\"wp-image-5697\" srcset=\"https:\/\/cacaunews.com\/wp-content\/uploads\/2025\/01\/img-20250127-wa00726127991925477939593.jpg 420w, https:\/\/cacaunews.com\/wp-content\/uploads\/2025\/01\/img-20250127-wa00726127991925477939593-225x300.jpg 225w\" sizes=\"(max-width: 420px) 100vw, 420px\" \/><\/figure>\n\n\n\n<figure class=\"wp-block-image size-large\"><img decoding=\"async\" width=\"430\" height=\"506\" data-id=\"5696\" src=\"https:\/\/cacaunews.com\/wp-content\/uploads\/2025\/01\/img-20250127-wa00737202876080182980812.jpg\" alt=\"\" class=\"wp-image-5696\" srcset=\"https:\/\/cacaunews.com\/wp-content\/uploads\/2025\/01\/img-20250127-wa00737202876080182980812.jpg 430w, https:\/\/cacaunews.com\/wp-content\/uploads\/2025\/01\/img-20250127-wa00737202876080182980812-255x300.jpg 255w\" sizes=\"(max-width: 430px) 100vw, 430px\" \/><\/figure>\n<\/figure>\n\n\n\n<p><br><br>De acordo com Angelica Tomassini, coordenadora do setor socioambiental, \u201ca\u00a0 a\u00e7\u00e3o reafirma o compromisso da CVR com o bem-estar dos seus funcion\u00e1rios, criando espa\u00e7os para di\u00e1logo e sensibiliza\u00e7\u00e3o sobre quest\u00f5es que v\u00e3o al\u00e9m da seguran\u00e7a f\u00edsica, mas que tamb\u00e9m abrangem o cuidado integral com os colaboradores\u201d.<br><br>\u201cEssa iniciativa refor\u00e7a que cuidar da sa\u00fade mental \u00e9 fundamental para a constru\u00e7\u00e3o de um ambiente de trabalho saud\u00e1vel, colaborativo e seguro para todos\u201d, ressaltou\u00a0 Angelica Tomassini.<br>O encontro contou com a participa\u00e7\u00e3o do t\u00e9cnico de seguran\u00e7a Gabriel Amorim, que realizou uma palestra\u00a0\u00a0 e trouxe reflex\u00f5es valiosas sobre o tema, bastante relevante nos dias atuais.<br><br>Durante o evento, Gabriel destacou a import\u00e2ncia de cuidar da sa\u00fade mental no ambiente de trabalho e no dia a dia, ressaltando como fatores como o estresse, a ansiedade e a falta de equil\u00edbrio emocional podem impactar diretamente a qualidade de vida e a produtividade. Ele tamb\u00e9m compartilhou dicas pr\u00e1ticas para o autocuidado e incentivou os colaboradores a buscarem ajuda sempre que necess\u00e1rio.<br><br>De acordo com Angelica Tomassini, coordenadora do setor socioambiental, \u201ca\u00a0 a\u00e7\u00e3o reafirma o compromisso da CVR com o bem-estar dos seus funcion\u00e1rios, criando espa\u00e7os para di\u00e1logo e sensibiliza\u00e7\u00e3o sobre quest\u00f5es que v\u00e3o al\u00e9m da seguran\u00e7a f\u00edsica, mas que tamb\u00e9m abrangem o cuidado integral com os colaboradores\u201d.<br><br>\u201cEssa iniciativa refor\u00e7a que cuidar da sa\u00fade mental \u00e9 fundamental para a constru\u00e7\u00e3o de um ambiente de trabalho saud\u00e1vel, colaborativo e seguro para todos\u201d, ressaltou\u00a0 Angelica Tomassini.<\/p>\n\n\n\n<p><\/p>\n\n\n\n<p><\/p>\n","protected":false},"excerpt":{"rendered":"<p>A CVR\u00a0 Costa do Cacau realizou o Di\u00e1logo Di\u00e1rio de Seguran\u00e7a (DDS) especial com seus&#8230;<\/p>\n","protected":false},"author":1,"featured_media":5694,"comment_status":"open","ping_status":"open","sticky":false,"template":"","format":"standard","meta":{"footnotes":""},"categories":[11,19],"tags":[1513,1896,877,2020],"yoast_head":"<!-- This site is optimized with the Yoast SEO plugin v21.7 - https:\/\/yoast.com\/wordpress\/plugins\/seo\/ -->\n<title>Janeiro Branco: CVR Costa do Cacau promove Di\u00e1logo Di\u00e1rio de Seguran\u00e7a. - Cacau News<\/title>\n<meta name=\"robots\" content=\"index, follow, max-snippet:-1, max-image-preview:large, max-video-preview:-1\" \/>\n<link rel=\"canonical\" href=\"https:\/\/cacaunews.com\/?p=5698\" \/>\n<meta property=\"og:locale\" content=\"pt_BR\" \/>\n<meta property=\"og:type\" content=\"article\" \/>\n<meta property=\"og:title\" content=\"Janeiro Branco: CVR Costa do Cacau promove Di\u00e1logo Di\u00e1rio de Seguran\u00e7a. - Cacau News\" \/>\n<meta property=\"og:description\" content=\"A CVR\u00a0 Costa do Cacau realizou o Di\u00e1logo Di\u00e1rio de Seguran\u00e7a (DDS) especial com seus...\" \/>\n<meta property=\"og:url\" content=\"https:\/\/cacaunews.com\/?p=5698\" \/>\n<meta property=\"og:site_name\" content=\"Cacau News\" \/>\n<meta property=\"article:published_time\" content=\"2025-01-27T17:00:39+00:00\" \/>\n<meta property=\"article:modified_time\" content=\"2025-01-27T17:09:01+00:00\" \/>\n<meta property=\"og:image\" content=\"https:\/\/cacaunews.com\/wp-content\/uploads\/2025\/01\/IMG-20250127-WA0071.jpg\" \/>\n\t<meta property=\"og:image:width\" content=\"1170\" \/>\n\t<meta property=\"og:image:height\" content=\"1114\" \/>\n\t<meta property=\"og:image:type\" content=\"image\/jpeg\" \/>\n<meta name=\"author\" content=\"Reda\u00e7\u00e3o Cacau News\" \/>\n<meta name=\"twitter:card\" content=\"summary_large_image\" \/>\n<meta name=\"twitter:label1\" content=\"Escrito por\" \/>\n\t<meta name=\"twitter:data1\" content=\"Reda\u00e7\u00e3o Cacau News\" \/>\n\t<meta name=\"twitter:label2\" content=\"Est. tempo de leitura\" \/>\n\t<meta name=\"twitter:data2\" content=\"2 minutos\" \/>\n<script type=\"application\/ld+json\" class=\"yoast-schema-graph\">{\"@context\":\"https:\/\/schema.org\",\"@graph\":[{\"@type\":\"Article\",\"@id\":\"https:\/\/cacaunews.com\/?p=5698#article\",\"isPartOf\":{\"@id\":\"https:\/\/cacaunews.com\/?p=5698\"},\"author\":{\"name\":\"Reda\u00e7\u00e3o Cacau News\",\"@id\":\"https:\/\/cacaunews.com\/#\/schema\/person\/ea69703103e606ad347ccd64bd72ef79\"},\"headline\":\"Janeiro Branco: CVR Costa do Cacau promove Di\u00e1logo Di\u00e1rio de Seguran\u00e7a.\",\"datePublished\":\"2025-01-27T17:00:39+00:00\",\"dateModified\":\"2025-01-27T17:09:01+00:00\",\"mainEntityOfPage\":{\"@id\":\"https:\/\/cacaunews.com\/?p=5698\"},\"wordCount\":427,\"commentCount\":0,\"publisher\":{\"@id\":\"https:\/\/cacaunews.com\/#organization\"},\"keywords\":[\"conscientiza\u00e7\u00e3o\",\"cvr\",\"dialogo\",\"janeiro branco\"],\"articleSection\":[\"Jornalismo\",\"Social\"],\"inLanguage\":\"pt-BR\",\"potentialAction\":[{\"@type\":\"CommentAction\",\"name\":\"Comment\",\"target\":[\"https:\/\/cacaunews.com\/?p=5698#respond\"]}]},{\"@type\":\"WebPage\",\"@id\":\"https:\/\/cacaunews.com\/?p=5698\",\"url\":\"https:\/\/cacaunews.com\/?p=5698\",\"name\":\"Janeiro Branco: CVR Costa do Cacau promove Di\u00e1logo Di\u00e1rio de Seguran\u00e7a. - Cacau News\",\"isPartOf\":{\"@id\":\"https:\/\/cacaunews.com\/#website\"},\"datePublished\":\"2025-01-27T17:00:39+00:00\",\"dateModified\":\"2025-01-27T17:09:01+00:00\",\"breadcrumb\":{\"@id\":\"https:\/\/cacaunews.com\/?p=5698#breadcrumb\"},\"inLanguage\":\"pt-BR\",\"potentialAction\":[{\"@type\":\"ReadAction\",\"target\":[\"https:\/\/cacaunews.com\/?p=5698\"]}]},{\"@type\":\"BreadcrumbList\",\"@id\":\"https:\/\/cacaunews.com\/?p=5698#breadcrumb\",\"itemListElement\":[{\"@type\":\"ListItem\",\"position\":1,\"name\":\"In\u00edcio\",\"item\":\"https:\/\/cacaunews.com\/\"},{\"@type\":\"ListItem\",\"position\":2,\"name\":\"Janeiro Branco: CVR Costa do Cacau promove Di\u00e1logo Di\u00e1rio de Seguran\u00e7a.\"}]},{\"@type\":\"WebSite\",\"@id\":\"https:\/\/cacaunews.com\/#website\",\"url\":\"https:\/\/cacaunews.com\/\",\"name\":\"Cacau News\",\"description\":\"A Informa\u00e7\u00e3o que voc\u00ea precisa!\",\"publisher\":{\"@id\":\"https:\/\/cacaunews.com\/#organization\"},\"potentialAction\":[{\"@type\":\"SearchAction\",\"target\":{\"@type\":\"EntryPoint\",\"urlTemplate\":\"https:\/\/cacaunews.com\/?s={search_term_string}\"},\"query-input\":\"required name=search_term_string\"}],\"inLanguage\":\"pt-BR\"},{\"@type\":\"Organization\",\"@id\":\"https:\/\/cacaunews.com\/#organization\",\"name\":\"Cacau News\",\"url\":\"https:\/\/cacaunews.com\/\",\"logo\":{\"@type\":\"ImageObject\",\"inLanguage\":\"pt-BR\",\"@id\":\"https:\/\/cacaunews.com\/#\/schema\/logo\/image\/\",\"url\":\"https:\/\/cacaunews.com\/wp-content\/uploads\/2025\/01\/cropped-LOGO-NOVA.png\",\"contentUrl\":\"https:\/\/cacaunews.com\/wp-content\/uploads\/2025\/01\/cropped-LOGO-NOVA.png\",\"width\":813,\"height\":813,\"caption\":\"Cacau News\"},\"image\":{\"@id\":\"https:\/\/cacaunews.com\/#\/schema\/logo\/image\/\"},\"sameAs\":[\"https:\/\/www.instagram.com\/cacaunews.online\/\",\"https:\/\/youtube.com\/@cacaunews?si=0VXLnjl08SrWbVG9\"]},{\"@type\":\"Person\",\"@id\":\"https:\/\/cacaunews.com\/#\/schema\/person\/ea69703103e606ad347ccd64bd72ef79\",\"name\":\"Reda\u00e7\u00e3o Cacau News\",\"image\":{\"@type\":\"ImageObject\",\"inLanguage\":\"pt-BR\",\"@id\":\"https:\/\/cacaunews.com\/#\/schema\/person\/image\/\",\"url\":\"https:\/\/secure.gravatar.com\/avatar\/d79227a2a7b6cc42e8d7a8f7c284cd3a?s=96&d=mm&r=g\",\"contentUrl\":\"https:\/\/secure.gravatar.com\/avatar\/d79227a2a7b6cc42e8d7a8f7c284cd3a?s=96&d=mm&r=g\",\"caption\":\"Reda\u00e7\u00e3o Cacau News\"},\"sameAs\":[\"https:\/\/cacaunews.com\"],\"url\":\"https:\/\/cacaunews.com\/?author=1\"}]}<\/script>\n<!-- \/ Yoast SEO plugin. -->","yoast_head_json":{"title":"Janeiro Branco: CVR Costa do Cacau promove Di\u00e1logo Di\u00e1rio de Seguran\u00e7a. - Cacau News","robots":{"index":"index","follow":"follow","max-snippet":"max-snippet:-1","max-image-preview":"max-image-preview:large","max-video-preview":"max-video-preview:-1"},"canonical":"https:\/\/cacaunews.com\/?p=5698","og_locale":"pt_BR","og_type":"article","og_title":"Janeiro Branco: CVR Costa do Cacau promove Di\u00e1logo Di\u00e1rio de Seguran\u00e7a. - Cacau News","og_description":"A CVR\u00a0 Costa do Cacau realizou o Di\u00e1logo Di\u00e1rio de Seguran\u00e7a (DDS) especial com seus...","og_url":"https:\/\/cacaunews.com\/?p=5698","og_site_name":"Cacau News","article_published_time":"2025-01-27T17:00:39+00:00","article_modified_time":"2025-01-27T17:09:01+00:00","og_image":[{"width":1170,"height":1114,"url":"https:\/\/cacaunews.com\/wp-content\/uploads\/2025\/01\/IMG-20250127-WA0071.jpg","type":"image\/jpeg"}],"author":"Reda\u00e7\u00e3o Cacau News","twitter_card":"summary_large_image","twitter_misc":{"Escrito por":"Reda\u00e7\u00e3o Cacau News","Est. tempo de leitura":"2 minutos"},"schema":{"@context":"https:\/\/schema.org","@graph":[{"@type":"Article","@id":"https:\/\/cacaunews.com\/?p=5698#article","isPartOf":{"@id":"https:\/\/cacaunews.com\/?p=5698"},"author":{"name":"Reda\u00e7\u00e3o Cacau News","@id":"https:\/\/cacaunews.com\/#\/schema\/person\/ea69703103e606ad347ccd64bd72ef79"},"headline":"Janeiro Branco: CVR Costa do Cacau promove Di\u00e1logo Di\u00e1rio de Seguran\u00e7a.","datePublished":"2025-01-27T17:00:39+00:00","dateModified":"2025-01-27T17:09:01+00:00","mainEntityOfPage":{"@id":"https:\/\/cacaunews.com\/?p=5698"},"wordCount":427,"commentCount":0,"publisher":{"@id":"https:\/\/cacaunews.com\/#organization"},"keywords":["conscientiza\u00e7\u00e3o","cvr","dialogo","janeiro branco"],"articleSection":["Jornalismo","Social"],"inLanguage":"pt-BR","potentialAction":[{"@type":"CommentAction","name":"Comment","target":["https:\/\/cacaunews.com\/?p=5698#respond"]}]},{"@type":"WebPage","@id":"https:\/\/cacaunews.com\/?p=5698","url":"https:\/\/cacaunews.com\/?p=5698","name":"Janeiro Branco: CVR Costa do Cacau promove Di\u00e1logo Di\u00e1rio de Seguran\u00e7a. - Cacau News","isPartOf":{"@id":"https:\/\/cacaunews.com\/#website"},"datePublished":"2025-01-27T17:00:39+00:00","dateModified":"2025-01-27T17:09:01+00:00","breadcrumb":{"@id":"https:\/\/cacaunews.com\/?p=5698#breadcrumb"},"inLanguage":"pt-BR","potentialAction":[{"@type":"ReadAction","target":["https:\/\/cacaunews.com\/?p=5698"]}]},{"@type":"BreadcrumbList","@id":"https:\/\/cacaunews.com\/?p=5698#breadcrumb","itemListElement":[{"@type":"ListItem","position":1,"name":"In\u00edcio","item":"https:\/\/cacaunews.com\/"},{"@type":"ListItem","position":2,"name":"Janeiro Branco: CVR Costa do Cacau promove Di\u00e1logo Di\u00e1rio de Seguran\u00e7a."}]},{"@type":"WebSite","@id":"https:\/\/cacaunews.com\/#website","url":"https:\/\/cacaunews.com\/","name":"Cacau News","description":"A Informa\u00e7\u00e3o que voc\u00ea precisa!","publisher":{"@id":"https:\/\/cacaunews.com\/#organization"},"potentialAction":[{"@type":"SearchAction","target":{"@type":"EntryPoint","urlTemplate":"https:\/\/cacaunews.com\/?s={search_term_string}"},"query-input":"required name=search_term_string"}],"inLanguage":"pt-BR"},{"@type":"Organization","@id":"https:\/\/cacaunews.com\/#organization","name":"Cacau News","url":"https:\/\/cacaunews.com\/","logo":{"@type":"ImageObject","inLanguage":"pt-BR","@id":"https:\/\/cacaunews.com\/#\/schema\/logo\/image\/","url":"https:\/\/cacaunews.com\/wp-content\/uploads\/2025\/01\/cropped-LOGO-NOVA.png","contentUrl":"https:\/\/cacaunews.com\/wp-content\/uploads\/2025\/01\/cropped-LOGO-NOVA.png","width":813,"height":813,"caption":"Cacau News"},"image":{"@id":"https:\/\/cacaunews.com\/#\/schema\/logo\/image\/"},"sameAs":["https:\/\/www.instagram.com\/cacaunews.online\/","https:\/\/youtube.com\/@cacaunews?si=0VXLnjl08SrWbVG9"]},{"@type":"Person","@id":"https:\/\/cacaunews.com\/#\/schema\/person\/ea69703103e606ad347ccd64bd72ef79","name":"Reda\u00e7\u00e3o Cacau News","image":{"@type":"ImageObject","inLanguage":"pt-BR","@id":"https:\/\/cacaunews.com\/#\/schema\/person\/image\/","url":"https:\/\/secure.gravatar.com\/avatar\/d79227a2a7b6cc42e8d7a8f7c284cd3a?s=96&d=mm&r=g","contentUrl":"https:\/\/secure.gravatar.com\/avatar\/d79227a2a7b6cc42e8d7a8f7c284cd3a?s=96&d=mm&r=g","caption":"Reda\u00e7\u00e3o Cacau News"},"sameAs":["https:\/\/cacaunews.com"],"url":"https:\/\/cacaunews.com\/?author=1"}]}},"jetpack_sharing_enabled":true,"jetpack_featured_media_url":"https:\/\/cacaunews.com\/wp-content\/uploads\/2025\/01\/IMG-20250127-WA0071.jpg","_links":{"self":[{"href":"https:\/\/cacaunews.com\/index.php?rest_route=\/wp\/v2\/posts\/5698"}],"collection":[{"href":"https:\/\/cacaunews.com\/index.php?rest_route=\/wp\/v2\/posts"}],"about":[{"href":"https:\/\/cacaunews.com\/index.php?rest_route=\/wp\/v2\/types\/post"}],"author":[{"embeddable":true,"href":"https:\/\/cacaunews.com\/index.php?rest_route=\/wp\/v2\/users\/1"}],"replies":[{"embeddable":true,"href":"https:\/\/cacaunews.com\/index.php?rest_route=%2Fwp%2Fv2%2Fcomments&post=5698"}],"version-history":[{"count":1,"href":"https:\/\/cacaunews.com\/index.php?rest_route=\/wp\/v2\/posts\/5698\/revisions"}],"predecessor-version":[{"id":5699,"href":"https:\/\/cacaunews.com\/index.php?rest_route=\/wp\/v2\/posts\/5698\/revisions\/5699"}],"wp:featuredmedia":[{"embeddable":true,"href":"https:\/\/cacaunews.com\/index.php?rest_route=\/wp\/v2\/media\/5694"}],"wp:attachment":[{"href":"https:\/\/cacaunews.com\/index.php?rest_route=%2Fwp%2Fv2%2Fmedia&parent=5698"}],"wp:term":[{"taxonomy":"category","embeddable":true,"href":"https:\/\/cacaunews.com\/index.php?rest_route=%2Fwp%2Fv2%2Fcategories&post=5698"},{"taxonomy":"post_tag","embeddable":true,"href":"https:\/\/cacaunews.com\/index.php?rest_route=%2Fwp%2Fv2%2Ftags&post=5698"}],"curies":[{"name":"wp","href":"https:\/\/api.w.org\/{rel}","templated":true}]}}