{"id":570,"date":"2023-01-08T16:34:15","date_gmt":"2023-01-08T16:34:15","guid":{"rendered":"https:\/\/cacaunews.com\/?p=570"},"modified":"2023-01-08T16:34:18","modified_gmt":"2023-01-08T16:34:18","slug":"morre-aos-68-anos-o-ex-atacante-roberto-dinamite-idolo-do-vasco-da-gama","status":"publish","type":"post","link":"https:\/\/cacaunews.com\/?p=570","title":{"rendered":"Morre aos 68 anos o ex-atacante Roberto Dinamite, \u00eddolo do Vasco da Gama."},"content":{"rendered":"\n<p>Morreu neste domingo, 08, o ex-atacante Carlos Roberto de Oliveira, o Roberto Dinamite. O ex-jogador e ex-presidente do Vasco lutava contra um c\u00e2ncer no intestino.<\/p>\n\n\n\n<p>Maior artilheiro da hist\u00f3ria do Campeonato Brasileiro e maior artilheiro do Campeonato Carioca, Dinamite estava com 68 anos. Com passagens por Vasco da Gama, Campo Grande, Portuguesa e Barcelona. Roberto estreou pelo Vasco aos 17 anos, no Maracan\u00e3, em 1971.<\/p>\n\n\n\n<p>Nascido em 13 de abril de 1964, Roberto conquistou um Brasileiro (1974) e cinco Cariocas (1977, 1982, 1987, 1988 e 1992) com a camisa do Vasco. O atacante \u00e9 o maior artilheiro do Campeonato Brasileiro, com 190 gols.<\/p>\n\n\n\n<p>Durante a d\u00e9cada de 1970, Roberto se consolidou como maior nome do Vasco e fixou o \u201ct\u00edtulo\u201d de Dinamite como sin\u00f4nimo de artilharia.<br><br>Al\u00e9m do faro de gol dentro da \u00e1rea, Roberto ficou conhecido pela precis\u00e3o nas cobran\u00e7as de falta e de p\u00eanalti. E foi batendo um que garantiu o t\u00edtulo carioca de 1977, sobre o Flamengo, em disputa de p\u00eanaltis.<\/p>\n\n\n\n<p>Em 1980, foi comprado pelo Barcelona em negocia\u00e7\u00e3o milion\u00e1ria &#8211; fabulosa para a \u00e9poca. Estreou marcando duas vezes e dando sinais de que era o in\u00edcio de uma grande jornada, mas uma troca de t\u00e9cnico fez com que a passagem pelo clube catal\u00e3o durasse apenas tr\u00eas meses e tr\u00eas gols.<br><br>De volta ao Brasil, retornou ao Vasco &#8211; apesar da tentativa do Flamengo. A reestreia foi monumental: vit\u00f3ria de 5 a 2 sobre o Corinthians no Maracan\u00e3, com todos os cinco gols marcador por Dinamite.<\/p>\n\n\n\n<p>Pela Sele\u00e7\u00e3o, Roberto jogou duas Copas do Mundo: em 1978, com destaque, e 1982, na reserva. Fez parte da gera\u00e7\u00e3o marcada pelo futebol bonito com a camisa canarinha. Foi campe\u00e3o do Bicenten\u00e1rio dos EUA, em 1976.<\/p>\n\n\n\n<p>Com informa\u00e7\u00f5es Band.<\/p>\n","protected":false},"excerpt":{"rendered":"<p>Morreu neste domingo, 08, o ex-atacante Carlos Roberto de Oliveira, o Roberto Dinamite. O ex-jogador&#8230;<\/p>\n","protected":false},"author":1,"featured_media":569,"comment_status":"open","ping_status":"open","sticky":false,"template":"","format":"standard","meta":{"footnotes":""},"categories":[14,11],"tags":[158,124,157],"yoast_head":"<!-- This site is optimized with the Yoast SEO plugin v21.7 - https:\/\/yoast.com\/wordpress\/plugins\/seo\/ -->\n<title>Morre aos 68 anos o ex-atacante Roberto Dinamite, \u00eddolo do Vasco da Gama. - Cacau News<\/title>\n<meta name=\"robots\" content=\"index, follow, max-snippet:-1, max-image-preview:large, max-video-preview:-1\" \/>\n<link rel=\"canonical\" href=\"https:\/\/cacaunews.com\/?p=570\" \/>\n<meta property=\"og:locale\" content=\"pt_BR\" \/>\n<meta property=\"og:type\" content=\"article\" \/>\n<meta property=\"og:title\" content=\"Morre aos 68 anos o ex-atacante Roberto Dinamite, \u00eddolo do Vasco da Gama. - Cacau News\" \/>\n<meta property=\"og:description\" content=\"Morreu neste domingo, 08, o ex-atacante Carlos Roberto de Oliveira, o Roberto Dinamite. O ex-jogador...\" \/>\n<meta property=\"og:url\" content=\"https:\/\/cacaunews.com\/?p=570\" \/>\n<meta property=\"og:site_name\" content=\"Cacau News\" \/>\n<meta property=\"article:published_time\" content=\"2023-01-08T16:34:15+00:00\" \/>\n<meta property=\"article:modified_time\" content=\"2023-01-08T16:34:18+00:00\" \/>\n<meta property=\"og:image\" content=\"https:\/\/cacaunews.com\/wp-content\/uploads\/2023\/01\/9e5a64ca7d18808505bb.png\" \/>\n\t<meta property=\"og:image:width\" content=\"984\" \/>\n\t<meta property=\"og:image:height\" content=\"740\" \/>\n\t<meta property=\"og:image:type\" content=\"image\/png\" \/>\n<meta name=\"author\" content=\"Reda\u00e7\u00e3o Cacau News\" \/>\n<meta name=\"twitter:card\" content=\"summary_large_image\" \/>\n<meta name=\"twitter:label1\" content=\"Escrito por\" \/>\n\t<meta name=\"twitter:data1\" content=\"Reda\u00e7\u00e3o Cacau News\" \/>\n\t<meta name=\"twitter:label2\" content=\"Est. tempo de leitura\" \/>\n\t<meta name=\"twitter:data2\" content=\"1 minuto\" \/>\n<script type=\"application\/ld+json\" class=\"yoast-schema-graph\">{\"@context\":\"https:\/\/schema.org\",\"@graph\":[{\"@type\":\"Article\",\"@id\":\"https:\/\/cacaunews.com\/?p=570#article\",\"isPartOf\":{\"@id\":\"https:\/\/cacaunews.com\/?p=570\"},\"author\":{\"name\":\"Reda\u00e7\u00e3o Cacau News\",\"@id\":\"https:\/\/cacaunews.com\/#\/schema\/person\/ea69703103e606ad347ccd64bd72ef79\"},\"headline\":\"Morre aos 68 anos o ex-atacante Roberto Dinamite, \u00eddolo do Vasco da Gama.\",\"datePublished\":\"2023-01-08T16:34:15+00:00\",\"dateModified\":\"2023-01-08T16:34:18+00:00\",\"mainEntityOfPage\":{\"@id\":\"https:\/\/cacaunews.com\/?p=570\"},\"wordCount\":302,\"commentCount\":0,\"publisher\":{\"@id\":\"https:\/\/cacaunews.com\/#organization\"},\"keywords\":[\"luto\",\"morre\",\"Roberto dinamite\"],\"articleSection\":[\"Esporte\",\"Jornalismo\"],\"inLanguage\":\"pt-BR\",\"potentialAction\":[{\"@type\":\"CommentAction\",\"name\":\"Comment\",\"target\":[\"https:\/\/cacaunews.com\/?p=570#respond\"]}]},{\"@type\":\"WebPage\",\"@id\":\"https:\/\/cacaunews.com\/?p=570\",\"url\":\"https:\/\/cacaunews.com\/?p=570\",\"name\":\"Morre aos 68 anos o ex-atacante Roberto Dinamite, \u00eddolo do Vasco da Gama. - Cacau News\",\"isPartOf\":{\"@id\":\"https:\/\/cacaunews.com\/#website\"},\"datePublished\":\"2023-01-08T16:34:15+00:00\",\"dateModified\":\"2023-01-08T16:34:18+00:00\",\"breadcrumb\":{\"@id\":\"https:\/\/cacaunews.com\/?p=570#breadcrumb\"},\"inLanguage\":\"pt-BR\",\"potentialAction\":[{\"@type\":\"ReadAction\",\"target\":[\"https:\/\/cacaunews.com\/?p=570\"]}]},{\"@type\":\"BreadcrumbList\",\"@id\":\"https:\/\/cacaunews.com\/?p=570#breadcrumb\",\"itemListElement\":[{\"@type\":\"ListItem\",\"position\":1,\"name\":\"In\u00edcio\",\"item\":\"https:\/\/cacaunews.com\/\"},{\"@type\":\"ListItem\",\"position\":2,\"name\":\"Morre aos 68 anos o ex-atacante Roberto Dinamite, \u00eddolo do Vasco da Gama.\"}]},{\"@type\":\"WebSite\",\"@id\":\"https:\/\/cacaunews.com\/#website\",\"url\":\"https:\/\/cacaunews.com\/\",\"name\":\"Cacau News\",\"description\":\"A Informa\u00e7\u00e3o que voc\u00ea precisa!\",\"publisher\":{\"@id\":\"https:\/\/cacaunews.com\/#organization\"},\"potentialAction\":[{\"@type\":\"SearchAction\",\"target\":{\"@type\":\"EntryPoint\",\"urlTemplate\":\"https:\/\/cacaunews.com\/?s={search_term_string}\"},\"query-input\":\"required name=search_term_string\"}],\"inLanguage\":\"pt-BR\"},{\"@type\":\"Organization\",\"@id\":\"https:\/\/cacaunews.com\/#organization\",\"name\":\"Cacau News\",\"url\":\"https:\/\/cacaunews.com\/\",\"logo\":{\"@type\":\"ImageObject\",\"inLanguage\":\"pt-BR\",\"@id\":\"https:\/\/cacaunews.com\/#\/schema\/logo\/image\/\",\"url\":\"https:\/\/cacaunews.com\/wp-content\/uploads\/2025\/01\/cropped-LOGO-NOVA.png\",\"contentUrl\":\"https:\/\/cacaunews.com\/wp-content\/uploads\/2025\/01\/cropped-LOGO-NOVA.png\",\"width\":813,\"height\":813,\"caption\":\"Cacau News\"},\"image\":{\"@id\":\"https:\/\/cacaunews.com\/#\/schema\/logo\/image\/\"},\"sameAs\":[\"https:\/\/www.instagram.com\/cacaunews.online\/\",\"https:\/\/youtube.com\/@cacaunews?si=0VXLnjl08SrWbVG9\"]},{\"@type\":\"Person\",\"@id\":\"https:\/\/cacaunews.com\/#\/schema\/person\/ea69703103e606ad347ccd64bd72ef79\",\"name\":\"Reda\u00e7\u00e3o Cacau News\",\"image\":{\"@type\":\"ImageObject\",\"inLanguage\":\"pt-BR\",\"@id\":\"https:\/\/cacaunews.com\/#\/schema\/person\/image\/\",\"url\":\"https:\/\/secure.gravatar.com\/avatar\/d79227a2a7b6cc42e8d7a8f7c284cd3a?s=96&d=mm&r=g\",\"contentUrl\":\"https:\/\/secure.gravatar.com\/avatar\/d79227a2a7b6cc42e8d7a8f7c284cd3a?s=96&d=mm&r=g\",\"caption\":\"Reda\u00e7\u00e3o Cacau News\"},\"sameAs\":[\"https:\/\/cacaunews.com\"],\"url\":\"https:\/\/cacaunews.com\/?author=1\"}]}<\/script>\n<!-- \/ Yoast SEO plugin. -->","yoast_head_json":{"title":"Morre aos 68 anos o ex-atacante Roberto Dinamite, \u00eddolo do Vasco da Gama. - Cacau News","robots":{"index":"index","follow":"follow","max-snippet":"max-snippet:-1","max-image-preview":"max-image-preview:large","max-video-preview":"max-video-preview:-1"},"canonical":"https:\/\/cacaunews.com\/?p=570","og_locale":"pt_BR","og_type":"article","og_title":"Morre aos 68 anos o ex-atacante Roberto Dinamite, \u00eddolo do Vasco da Gama. - Cacau News","og_description":"Morreu neste domingo, 08, o ex-atacante Carlos Roberto de Oliveira, o Roberto Dinamite. O ex-jogador...","og_url":"https:\/\/cacaunews.com\/?p=570","og_site_name":"Cacau News","article_published_time":"2023-01-08T16:34:15+00:00","article_modified_time":"2023-01-08T16:34:18+00:00","og_image":[{"width":984,"height":740,"url":"https:\/\/cacaunews.com\/wp-content\/uploads\/2023\/01\/9e5a64ca7d18808505bb.png","type":"image\/png"}],"author":"Reda\u00e7\u00e3o Cacau News","twitter_card":"summary_large_image","twitter_misc":{"Escrito por":"Reda\u00e7\u00e3o Cacau News","Est. tempo de leitura":"1 minuto"},"schema":{"@context":"https:\/\/schema.org","@graph":[{"@type":"Article","@id":"https:\/\/cacaunews.com\/?p=570#article","isPartOf":{"@id":"https:\/\/cacaunews.com\/?p=570"},"author":{"name":"Reda\u00e7\u00e3o Cacau News","@id":"https:\/\/cacaunews.com\/#\/schema\/person\/ea69703103e606ad347ccd64bd72ef79"},"headline":"Morre aos 68 anos o ex-atacante Roberto Dinamite, \u00eddolo do Vasco da Gama.","datePublished":"2023-01-08T16:34:15+00:00","dateModified":"2023-01-08T16:34:18+00:00","mainEntityOfPage":{"@id":"https:\/\/cacaunews.com\/?p=570"},"wordCount":302,"commentCount":0,"publisher":{"@id":"https:\/\/cacaunews.com\/#organization"},"keywords":["luto","morre","Roberto dinamite"],"articleSection":["Esporte","Jornalismo"],"inLanguage":"pt-BR","potentialAction":[{"@type":"CommentAction","name":"Comment","target":["https:\/\/cacaunews.com\/?p=570#respond"]}]},{"@type":"WebPage","@id":"https:\/\/cacaunews.com\/?p=570","url":"https:\/\/cacaunews.com\/?p=570","name":"Morre aos 68 anos o ex-atacante Roberto Dinamite, \u00eddolo do Vasco da Gama. - Cacau News","isPartOf":{"@id":"https:\/\/cacaunews.com\/#website"},"datePublished":"2023-01-08T16:34:15+00:00","dateModified":"2023-01-08T16:34:18+00:00","breadcrumb":{"@id":"https:\/\/cacaunews.com\/?p=570#breadcrumb"},"inLanguage":"pt-BR","potentialAction":[{"@type":"ReadAction","target":["https:\/\/cacaunews.com\/?p=570"]}]},{"@type":"BreadcrumbList","@id":"https:\/\/cacaunews.com\/?p=570#breadcrumb","itemListElement":[{"@type":"ListItem","position":1,"name":"In\u00edcio","item":"https:\/\/cacaunews.com\/"},{"@type":"ListItem","position":2,"name":"Morre aos 68 anos o ex-atacante Roberto Dinamite, \u00eddolo do Vasco da Gama."}]},{"@type":"WebSite","@id":"https:\/\/cacaunews.com\/#website","url":"https:\/\/cacaunews.com\/","name":"Cacau News","description":"A Informa\u00e7\u00e3o que voc\u00ea precisa!","publisher":{"@id":"https:\/\/cacaunews.com\/#organization"},"potentialAction":[{"@type":"SearchAction","target":{"@type":"EntryPoint","urlTemplate":"https:\/\/cacaunews.com\/?s={search_term_string}"},"query-input":"required name=search_term_string"}],"inLanguage":"pt-BR"},{"@type":"Organization","@id":"https:\/\/cacaunews.com\/#organization","name":"Cacau News","url":"https:\/\/cacaunews.com\/","logo":{"@type":"ImageObject","inLanguage":"pt-BR","@id":"https:\/\/cacaunews.com\/#\/schema\/logo\/image\/","url":"https:\/\/cacaunews.com\/wp-content\/uploads\/2025\/01\/cropped-LOGO-NOVA.png","contentUrl":"https:\/\/cacaunews.com\/wp-content\/uploads\/2025\/01\/cropped-LOGO-NOVA.png","width":813,"height":813,"caption":"Cacau News"},"image":{"@id":"https:\/\/cacaunews.com\/#\/schema\/logo\/image\/"},"sameAs":["https:\/\/www.instagram.com\/cacaunews.online\/","https:\/\/youtube.com\/@cacaunews?si=0VXLnjl08SrWbVG9"]},{"@type":"Person","@id":"https:\/\/cacaunews.com\/#\/schema\/person\/ea69703103e606ad347ccd64bd72ef79","name":"Reda\u00e7\u00e3o Cacau News","image":{"@type":"ImageObject","inLanguage":"pt-BR","@id":"https:\/\/cacaunews.com\/#\/schema\/person\/image\/","url":"https:\/\/secure.gravatar.com\/avatar\/d79227a2a7b6cc42e8d7a8f7c284cd3a?s=96&d=mm&r=g","contentUrl":"https:\/\/secure.gravatar.com\/avatar\/d79227a2a7b6cc42e8d7a8f7c284cd3a?s=96&d=mm&r=g","caption":"Reda\u00e7\u00e3o Cacau News"},"sameAs":["https:\/\/cacaunews.com"],"url":"https:\/\/cacaunews.com\/?author=1"}]}},"jetpack_sharing_enabled":true,"jetpack_featured_media_url":"https:\/\/cacaunews.com\/wp-content\/uploads\/2023\/01\/9e5a64ca7d18808505bb.png","_links":{"self":[{"href":"https:\/\/cacaunews.com\/index.php?rest_route=\/wp\/v2\/posts\/570"}],"collection":[{"href":"https:\/\/cacaunews.com\/index.php?rest_route=\/wp\/v2\/posts"}],"about":[{"href":"https:\/\/cacaunews.com\/index.php?rest_route=\/wp\/v2\/types\/post"}],"author":[{"embeddable":true,"href":"https:\/\/cacaunews.com\/index.php?rest_route=\/wp\/v2\/users\/1"}],"replies":[{"embeddable":true,"href":"https:\/\/cacaunews.com\/index.php?rest_route=%2Fwp%2Fv2%2Fcomments&post=570"}],"version-history":[{"count":1,"href":"https:\/\/cacaunews.com\/index.php?rest_route=\/wp\/v2\/posts\/570\/revisions"}],"predecessor-version":[{"id":571,"href":"https:\/\/cacaunews.com\/index.php?rest_route=\/wp\/v2\/posts\/570\/revisions\/571"}],"wp:featuredmedia":[{"embeddable":true,"href":"https:\/\/cacaunews.com\/index.php?rest_route=\/wp\/v2\/media\/569"}],"wp:attachment":[{"href":"https:\/\/cacaunews.com\/index.php?rest_route=%2Fwp%2Fv2%2Fmedia&parent=570"}],"wp:term":[{"taxonomy":"category","embeddable":true,"href":"https:\/\/cacaunews.com\/index.php?rest_route=%2Fwp%2Fv2%2Fcategories&post=570"},{"taxonomy":"post_tag","embeddable":true,"href":"https:\/\/cacaunews.com\/index.php?rest_route=%2Fwp%2Fv2%2Ftags&post=570"}],"curies":[{"name":"wp","href":"https:\/\/api.w.org\/{rel}","templated":true}]}}