{"id":5704,"date":"2025-01-28T15:49:53","date_gmt":"2025-01-28T15:49:53","guid":{"rendered":"https:\/\/cacaunews.com\/?p=5704"},"modified":"2025-01-29T21:26:15","modified_gmt":"2025-01-29T21:26:15","slug":"itabunense-luta-em-favor-dos-desabrigados-do-sul-da-bahia","status":"publish","type":"post","link":"https:\/\/cacaunews.com\/?p=5704","title":{"rendered":"Itabunense luta em favor dos desabrigados do Sul da Bahia."},"content":{"rendered":"\n<p>O ex-Assessor da Prefeitura Municipal de Itabuna, Luciano Estevam solicitou atrav\u00e9s de of\u00edcio ao Governo Federal a constru\u00e7\u00e3o de unidades habitacionais e que seja liberado apoio para as fam\u00edlias atingidas pelas fortes chuvas que ocorreram no in\u00edcio deste m\u00eas de janeiro de 2025, nas cidades de Itaju\u00edpe, Aurelino Leal e Ubat\u00e3, ele formalizou o pedido por meio do of\u00edcio n. 04\/2025, enviando ao\u00a0 Chefe da Casa Civil da Presid\u00eancia da Rep\u00fablica, o ministro Rui Costa (PT), com c\u00f3pia para \u00e0s seguintes autoridades o Governador do Estado da Bahia Jer\u00f4nimo Rodrigues (PT); Senador da Rep\u00fablica Otto Alencar (PSD\/BA); Deputado Estadual rec\u00e9m empossado e ex-Prefeito da Cidade de Itaju\u00edpe Marcone Amaral (PSD).\u00a0 Foram anexadas fotos e reportagens de diversos \u00f3rg\u00e3os da imprensa regional e estadual e mat\u00e9ria deste blog Cacau News \u201c<a href=\"https:\/\/cacaunews.com\/?p=5541\" target=\"_blank\" rel=\"noreferrer noopener\">Itaju\u00edpe: Prefeitura decreta Estado de Emerg\u00eancia devido \u00e0s chuvas intensas<\/a>\u201d, reportagem publicado no dia 13 de janeiro de 2025.<\/p>\n\n\n\n<p> O ex-assessor da Prefeitura tamb\u00e9m enviou of\u00edcio solicitando apoio para \u00e0s cidades afetadas pelas fortes chuvas para o Instituto General Motors (IGM), que est\u00e1 com inscri\u00e7\u00f5es abertas para o Fundo de Apoio ao Rio Grande do Sul (RS), que destinar\u00e1 R$ 800 mil a iniciativas de resili\u00eancia clim\u00e1tica com o objetivo de apoiar a\u00e7\u00f5es conduzidas em \u00e1reas do estado afetadas pelas enchentes de 2024 daquele estado.<br><br>Luciano Estevam destacou que sua iniciativa foi adotada com o objetivo de alertar \u00e0s autoridades da import\u00e2ncia ao suporte \u00e0s fam\u00edlias que perderam tudo, al\u00e9m das que tiveram suas casas comprometidas e n\u00e3o podem retornar \u00e0s suas moradias devido ao risco de novos acidentes. &#8221; Estou confiante de respostas positivas, para que assim possa diminuir o sofrimento da popula\u00e7\u00e3o, oferecendo a essas fam\u00edlias a chance de recome\u00e7ar&#8221; enfatizou Luciano Estevam. <\/p>\n","protected":false},"excerpt":{"rendered":"<p>O ex-Assessor da Prefeitura Municipal de Itabuna, Luciano Estevam solicitou atrav\u00e9s de of\u00edcio ao Governo&#8230;<\/p>\n","protected":false},"author":1,"featured_media":5732,"comment_status":"open","ping_status":"open","sticky":false,"template":"","format":"standard","meta":{"footnotes":""},"categories":[18,11,19],"tags":[2023,2024,967,903],"yoast_head":"<!-- This site is optimized with the Yoast SEO plugin v21.7 - https:\/\/yoast.com\/wordpress\/plugins\/seo\/ -->\n<title>Itabunense luta em favor dos desabrigados do Sul da Bahia. - Cacau News<\/title>\n<meta name=\"robots\" content=\"index, follow, max-snippet:-1, max-image-preview:large, max-video-preview:-1\" \/>\n<link rel=\"canonical\" href=\"https:\/\/cacaunews.com\/?p=5704\" \/>\n<meta property=\"og:locale\" content=\"pt_BR\" \/>\n<meta property=\"og:type\" content=\"article\" \/>\n<meta property=\"og:title\" content=\"Itabunense luta em favor dos desabrigados do Sul da Bahia. - Cacau News\" \/>\n<meta property=\"og:description\" content=\"O ex-Assessor da Prefeitura Municipal de Itabuna, Luciano Estevam solicitou atrav\u00e9s de of\u00edcio ao Governo...\" \/>\n<meta property=\"og:url\" content=\"https:\/\/cacaunews.com\/?p=5704\" \/>\n<meta property=\"og:site_name\" content=\"Cacau News\" \/>\n<meta property=\"article:published_time\" content=\"2025-01-28T15:49:53+00:00\" \/>\n<meta property=\"article:modified_time\" content=\"2025-01-29T21:26:15+00:00\" \/>\n<meta name=\"author\" content=\"Reda\u00e7\u00e3o Cacau News\" \/>\n<meta name=\"twitter:card\" content=\"summary_large_image\" \/>\n<meta name=\"twitter:label1\" content=\"Escrito por\" \/>\n\t<meta name=\"twitter:data1\" content=\"Reda\u00e7\u00e3o Cacau News\" \/>\n\t<meta name=\"twitter:label2\" content=\"Est. tempo de leitura\" \/>\n\t<meta name=\"twitter:data2\" content=\"2 minutos\" \/>\n<script type=\"application\/ld+json\" class=\"yoast-schema-graph\">{\"@context\":\"https:\/\/schema.org\",\"@graph\":[{\"@type\":\"Article\",\"@id\":\"https:\/\/cacaunews.com\/?p=5704#article\",\"isPartOf\":{\"@id\":\"https:\/\/cacaunews.com\/?p=5704\"},\"author\":{\"name\":\"Reda\u00e7\u00e3o Cacau News\",\"@id\":\"https:\/\/cacaunews.com\/#\/schema\/person\/ea69703103e606ad347ccd64bd72ef79\"},\"headline\":\"Itabunense luta em favor dos desabrigados do Sul da Bahia.\",\"datePublished\":\"2025-01-28T15:49:53+00:00\",\"dateModified\":\"2025-01-29T21:26:15+00:00\",\"mainEntityOfPage\":{\"@id\":\"https:\/\/cacaunews.com\/?p=5704\"},\"wordCount\":320,\"commentCount\":0,\"publisher\":{\"@id\":\"https:\/\/cacaunews.com\/#organization\"},\"keywords\":[\"ajuda\",\"governos\",\"itabunense\",\"solicita\u00e7\u00e3o\"],\"articleSection\":[\"cidades\",\"Jornalismo\",\"Social\"],\"inLanguage\":\"pt-BR\",\"potentialAction\":[{\"@type\":\"CommentAction\",\"name\":\"Comment\",\"target\":[\"https:\/\/cacaunews.com\/?p=5704#respond\"]}]},{\"@type\":\"WebPage\",\"@id\":\"https:\/\/cacaunews.com\/?p=5704\",\"url\":\"https:\/\/cacaunews.com\/?p=5704\",\"name\":\"Itabunense luta em favor dos desabrigados do Sul da Bahia. - Cacau News\",\"isPartOf\":{\"@id\":\"https:\/\/cacaunews.com\/#website\"},\"datePublished\":\"2025-01-28T15:49:53+00:00\",\"dateModified\":\"2025-01-29T21:26:15+00:00\",\"breadcrumb\":{\"@id\":\"https:\/\/cacaunews.com\/?p=5704#breadcrumb\"},\"inLanguage\":\"pt-BR\",\"potentialAction\":[{\"@type\":\"ReadAction\",\"target\":[\"https:\/\/cacaunews.com\/?p=5704\"]}]},{\"@type\":\"BreadcrumbList\",\"@id\":\"https:\/\/cacaunews.com\/?p=5704#breadcrumb\",\"itemListElement\":[{\"@type\":\"ListItem\",\"position\":1,\"name\":\"In\u00edcio\",\"item\":\"https:\/\/cacaunews.com\/\"},{\"@type\":\"ListItem\",\"position\":2,\"name\":\"Itabunense luta em favor dos desabrigados do Sul da Bahia.\"}]},{\"@type\":\"WebSite\",\"@id\":\"https:\/\/cacaunews.com\/#website\",\"url\":\"https:\/\/cacaunews.com\/\",\"name\":\"Cacau News\",\"description\":\"A Informa\u00e7\u00e3o que voc\u00ea precisa!\",\"publisher\":{\"@id\":\"https:\/\/cacaunews.com\/#organization\"},\"potentialAction\":[{\"@type\":\"SearchAction\",\"target\":{\"@type\":\"EntryPoint\",\"urlTemplate\":\"https:\/\/cacaunews.com\/?s={search_term_string}\"},\"query-input\":\"required name=search_term_string\"}],\"inLanguage\":\"pt-BR\"},{\"@type\":\"Organization\",\"@id\":\"https:\/\/cacaunews.com\/#organization\",\"name\":\"Cacau News\",\"url\":\"https:\/\/cacaunews.com\/\",\"logo\":{\"@type\":\"ImageObject\",\"inLanguage\":\"pt-BR\",\"@id\":\"https:\/\/cacaunews.com\/#\/schema\/logo\/image\/\",\"url\":\"https:\/\/cacaunews.com\/wp-content\/uploads\/2025\/01\/cropped-LOGO-NOVA.png\",\"contentUrl\":\"https:\/\/cacaunews.com\/wp-content\/uploads\/2025\/01\/cropped-LOGO-NOVA.png\",\"width\":813,\"height\":813,\"caption\":\"Cacau News\"},\"image\":{\"@id\":\"https:\/\/cacaunews.com\/#\/schema\/logo\/image\/\"},\"sameAs\":[\"https:\/\/www.instagram.com\/cacaunews.online\/\",\"https:\/\/youtube.com\/@cacaunews?si=0VXLnjl08SrWbVG9\"]},{\"@type\":\"Person\",\"@id\":\"https:\/\/cacaunews.com\/#\/schema\/person\/ea69703103e606ad347ccd64bd72ef79\",\"name\":\"Reda\u00e7\u00e3o Cacau News\",\"image\":{\"@type\":\"ImageObject\",\"inLanguage\":\"pt-BR\",\"@id\":\"https:\/\/cacaunews.com\/#\/schema\/person\/image\/\",\"url\":\"https:\/\/secure.gravatar.com\/avatar\/d79227a2a7b6cc42e8d7a8f7c284cd3a?s=96&d=mm&r=g\",\"contentUrl\":\"https:\/\/secure.gravatar.com\/avatar\/d79227a2a7b6cc42e8d7a8f7c284cd3a?s=96&d=mm&r=g\",\"caption\":\"Reda\u00e7\u00e3o Cacau News\"},\"sameAs\":[\"https:\/\/cacaunews.com\"],\"url\":\"https:\/\/cacaunews.com\/?author=1\"}]}<\/script>\n<!-- \/ Yoast SEO plugin. -->","yoast_head_json":{"title":"Itabunense luta em favor dos desabrigados do Sul da Bahia. - Cacau News","robots":{"index":"index","follow":"follow","max-snippet":"max-snippet:-1","max-image-preview":"max-image-preview:large","max-video-preview":"max-video-preview:-1"},"canonical":"https:\/\/cacaunews.com\/?p=5704","og_locale":"pt_BR","og_type":"article","og_title":"Itabunense luta em favor dos desabrigados do Sul da Bahia. - Cacau News","og_description":"O ex-Assessor da Prefeitura Municipal de Itabuna, Luciano Estevam solicitou atrav\u00e9s de of\u00edcio ao Governo...","og_url":"https:\/\/cacaunews.com\/?p=5704","og_site_name":"Cacau News","article_published_time":"2025-01-28T15:49:53+00:00","article_modified_time":"2025-01-29T21:26:15+00:00","author":"Reda\u00e7\u00e3o Cacau News","twitter_card":"summary_large_image","twitter_misc":{"Escrito por":"Reda\u00e7\u00e3o Cacau News","Est. tempo de leitura":"2 minutos"},"schema":{"@context":"https:\/\/schema.org","@graph":[{"@type":"Article","@id":"https:\/\/cacaunews.com\/?p=5704#article","isPartOf":{"@id":"https:\/\/cacaunews.com\/?p=5704"},"author":{"name":"Reda\u00e7\u00e3o Cacau News","@id":"https:\/\/cacaunews.com\/#\/schema\/person\/ea69703103e606ad347ccd64bd72ef79"},"headline":"Itabunense luta em favor dos desabrigados do Sul da Bahia.","datePublished":"2025-01-28T15:49:53+00:00","dateModified":"2025-01-29T21:26:15+00:00","mainEntityOfPage":{"@id":"https:\/\/cacaunews.com\/?p=5704"},"wordCount":320,"commentCount":0,"publisher":{"@id":"https:\/\/cacaunews.com\/#organization"},"keywords":["ajuda","governos","itabunense","solicita\u00e7\u00e3o"],"articleSection":["cidades","Jornalismo","Social"],"inLanguage":"pt-BR","potentialAction":[{"@type":"CommentAction","name":"Comment","target":["https:\/\/cacaunews.com\/?p=5704#respond"]}]},{"@type":"WebPage","@id":"https:\/\/cacaunews.com\/?p=5704","url":"https:\/\/cacaunews.com\/?p=5704","name":"Itabunense luta em favor dos desabrigados do Sul da Bahia. - Cacau News","isPartOf":{"@id":"https:\/\/cacaunews.com\/#website"},"datePublished":"2025-01-28T15:49:53+00:00","dateModified":"2025-01-29T21:26:15+00:00","breadcrumb":{"@id":"https:\/\/cacaunews.com\/?p=5704#breadcrumb"},"inLanguage":"pt-BR","potentialAction":[{"@type":"ReadAction","target":["https:\/\/cacaunews.com\/?p=5704"]}]},{"@type":"BreadcrumbList","@id":"https:\/\/cacaunews.com\/?p=5704#breadcrumb","itemListElement":[{"@type":"ListItem","position":1,"name":"In\u00edcio","item":"https:\/\/cacaunews.com\/"},{"@type":"ListItem","position":2,"name":"Itabunense luta em favor dos desabrigados do Sul da Bahia."}]},{"@type":"WebSite","@id":"https:\/\/cacaunews.com\/#website","url":"https:\/\/cacaunews.com\/","name":"Cacau News","description":"A Informa\u00e7\u00e3o que voc\u00ea precisa!","publisher":{"@id":"https:\/\/cacaunews.com\/#organization"},"potentialAction":[{"@type":"SearchAction","target":{"@type":"EntryPoint","urlTemplate":"https:\/\/cacaunews.com\/?s={search_term_string}"},"query-input":"required name=search_term_string"}],"inLanguage":"pt-BR"},{"@type":"Organization","@id":"https:\/\/cacaunews.com\/#organization","name":"Cacau News","url":"https:\/\/cacaunews.com\/","logo":{"@type":"ImageObject","inLanguage":"pt-BR","@id":"https:\/\/cacaunews.com\/#\/schema\/logo\/image\/","url":"https:\/\/cacaunews.com\/wp-content\/uploads\/2025\/01\/cropped-LOGO-NOVA.png","contentUrl":"https:\/\/cacaunews.com\/wp-content\/uploads\/2025\/01\/cropped-LOGO-NOVA.png","width":813,"height":813,"caption":"Cacau News"},"image":{"@id":"https:\/\/cacaunews.com\/#\/schema\/logo\/image\/"},"sameAs":["https:\/\/www.instagram.com\/cacaunews.online\/","https:\/\/youtube.com\/@cacaunews?si=0VXLnjl08SrWbVG9"]},{"@type":"Person","@id":"https:\/\/cacaunews.com\/#\/schema\/person\/ea69703103e606ad347ccd64bd72ef79","name":"Reda\u00e7\u00e3o Cacau News","image":{"@type":"ImageObject","inLanguage":"pt-BR","@id":"https:\/\/cacaunews.com\/#\/schema\/person\/image\/","url":"https:\/\/secure.gravatar.com\/avatar\/d79227a2a7b6cc42e8d7a8f7c284cd3a?s=96&d=mm&r=g","contentUrl":"https:\/\/secure.gravatar.com\/avatar\/d79227a2a7b6cc42e8d7a8f7c284cd3a?s=96&d=mm&r=g","caption":"Reda\u00e7\u00e3o Cacau News"},"sameAs":["https:\/\/cacaunews.com"],"url":"https:\/\/cacaunews.com\/?author=1"}]}},"jetpack_sharing_enabled":true,"jetpack_featured_media_url":"https:\/\/cacaunews.com\/wp-content\/uploads\/2025\/01\/Foto-Estevam-BlogCacauNews.jpg","_links":{"self":[{"href":"https:\/\/cacaunews.com\/index.php?rest_route=\/wp\/v2\/posts\/5704"}],"collection":[{"href":"https:\/\/cacaunews.com\/index.php?rest_route=\/wp\/v2\/posts"}],"about":[{"href":"https:\/\/cacaunews.com\/index.php?rest_route=\/wp\/v2\/types\/post"}],"author":[{"embeddable":true,"href":"https:\/\/cacaunews.com\/index.php?rest_route=\/wp\/v2\/users\/1"}],"replies":[{"embeddable":true,"href":"https:\/\/cacaunews.com\/index.php?rest_route=%2Fwp%2Fv2%2Fcomments&post=5704"}],"version-history":[{"count":2,"href":"https:\/\/cacaunews.com\/index.php?rest_route=\/wp\/v2\/posts\/5704\/revisions"}],"predecessor-version":[{"id":5733,"href":"https:\/\/cacaunews.com\/index.php?rest_route=\/wp\/v2\/posts\/5704\/revisions\/5733"}],"wp:featuredmedia":[{"embeddable":true,"href":"https:\/\/cacaunews.com\/index.php?rest_route=\/wp\/v2\/media\/5732"}],"wp:attachment":[{"href":"https:\/\/cacaunews.com\/index.php?rest_route=%2Fwp%2Fv2%2Fmedia&parent=5704"}],"wp:term":[{"taxonomy":"category","embeddable":true,"href":"https:\/\/cacaunews.com\/index.php?rest_route=%2Fwp%2Fv2%2Fcategories&post=5704"},{"taxonomy":"post_tag","embeddable":true,"href":"https:\/\/cacaunews.com\/index.php?rest_route=%2Fwp%2Fv2%2Ftags&post=5704"}],"curies":[{"name":"wp","href":"https:\/\/api.w.org\/{rel}","templated":true}]}}