{"id":5747,"date":"2025-01-30T16:00:46","date_gmt":"2025-01-30T16:00:46","guid":{"rendered":"https:\/\/cacaunews.com\/?p=5747"},"modified":"2025-01-30T16:51:15","modified_gmt":"2025-01-30T16:51:15","slug":"salvador-recebe-40-novos-onibus-com-ar-condicionado-para-stco-e-brt","status":"publish","type":"post","link":"https:\/\/cacaunews.com\/?p=5747","title":{"rendered":"Salvador recebe 40 novos \u00f4nibus com ar-condicionado para STCO e BRT."},"content":{"rendered":"\n<p><em>Prefeitura de Salvador anuncia investimentos de quase R$ 800 milh\u00f5es para renova\u00e7\u00e3o da frota at\u00e9 2028<\/em>.<\/p>\n\n\n\n<p>Salvador passa a contar com mais 40 \u00f4nibus com ar-condicionado, sendo 15 para o Sistema de Transporte Coletivo por \u00d4nibus (STCO) e 25 para o BRT. A entrega dos ve\u00edculos foi feita pelo prefeito Bruno Reis e pelo secret\u00e1rio de Mobilidade, Fabrizzio Muller, nesta quinta-feira (30), durante solenidade no Jardim de Alah.<\/p>\n\n\n\n<p>As unidades destinadas para o STCO v\u00e3o atender \u00e0 regi\u00e3o de Paripe-Cocisa, no Sub\u00farbio da cidade, tendo padr\u00e3o de motoriza\u00e7\u00e3o Euro 6, que s\u00e3o menos poluentes. J\u00e1 os ve\u00edculos do BRT alimentar\u00e3o a linha B5, cujo percurso abrange a Esta\u00e7\u00e3o Rodovi\u00e1ria at\u00e9 a Lapa, que funcionar\u00e1 de forma plena. Trata-se de ve\u00edculos maiores que os convencionais, possuindo 15 metros de comprimento e tendo a capacidade de transportar mais passageiros com mais conforto e seguran\u00e7a.<\/p>\n\n\n\n<figure class=\"wp-block-image size-large\"><img fetchpriority=\"high\" decoding=\"async\" width=\"1024\" height=\"690\" src=\"https:\/\/cacaunews.com\/wp-content\/uploads\/2025\/01\/whatsapp-image-2025-01-30-at-1350897031380395547.jpeg\" alt=\"\" class=\"wp-image-5745\" srcset=\"https:\/\/cacaunews.com\/wp-content\/uploads\/2025\/01\/whatsapp-image-2025-01-30-at-1350897031380395547.jpeg 1024w, https:\/\/cacaunews.com\/wp-content\/uploads\/2025\/01\/whatsapp-image-2025-01-30-at-1350897031380395547-300x202.jpeg 300w, https:\/\/cacaunews.com\/wp-content\/uploads\/2025\/01\/whatsapp-image-2025-01-30-at-1350897031380395547-768x518.jpeg 768w\" sizes=\"(max-width: 1024px) 100vw, 1024px\" \/><figcaption class=\"wp-element-caption\">Foto: SECOM\/PMS.<\/figcaption><\/figure>\n\n\n\n<p>\u201cEsses 40 j\u00e1 v\u00e3o rodar imediatamente nesses sistemas. Infelizmente, o transporte p\u00fablico, em especial o de \u00f4nibus, sofre a maior crise da sua hist\u00f3ria, por diversas raz\u00f5es. Mas estou trabalhando, tamb\u00e9m, para a gente achar os caminhos para renovar a frota. Esse, sem sombra de d\u00favidas, \u00e9 o maior desafio que eu tenho e nunca escondi isso de ningu\u00e9m. Al\u00e9m disso, mais outros 74 \u00f4nibus chegar\u00e3o \u00e0 cidade para o sistema convencional e para o BRT at\u00e9 o final do m\u00eas de fevereiro. Com isso, a gente chegar\u00e1 a 42% da frota de \u00f4nibus em Salvador com ar-condicionado\u201d, destacou Bruno Reis.<\/p>\n\n\n\n<p>Atualmente, o Sistema de Transporte Coletivo possui cerca de 1,8 mil \u00f4nibus, enquanto o BRT passar\u00e1 a contar com 108 coletivos com as novas aquisi\u00e7\u00f5es previstas.<br \/><br \/>O prefeito anunciou que at\u00e9 mar\u00e7o a Prefeitura deve assinar financiamentos para investir ainda mais neste segmento, sendo um no valor de R$264 milh\u00f5es com o BNDES para a compra de 300 \u00f4nibus, e outro de quase R$500 milh\u00f5es com o Banco Mundial para a aquisi\u00e7\u00e3o de 90 \u00f4nibus el\u00e9tricos.<\/p>\n\n\n\n<p>\u201cOu seja, a Prefeitura vai aportar no sistema quase R$800 milh\u00f5es na compra de novos \u00f4nibus. Al\u00e9m disso, este ano, as concession\u00e1rias dever\u00e3o fazer a aquisi\u00e7\u00e3o de mais 190 \u00f4nibus para o STCO, conforme prev\u00ea a obriga\u00e7\u00e3o contratual. Meu compromisso \u00e9 que 100% da frota de \u00f4nibus de Salvador esteja renovada at\u00e9 2028\u201d, pontuou.<\/p>\n\n\n\n<p>O secret\u00e1rio Fabrizzio Muller ressaltou que a entrega refor\u00e7a o compromisso da gest\u00e3o com a renova\u00e7\u00e3o da frota. \u201cEssa \u00e9 uma entrega important\u00edssima, que demonstra claramente que a Prefeitura est\u00e1 com objetivos claros de melhorar o transporte p\u00fablico da cidade, transporte esse que vive um momento de muita dificuldade no Brasil. Isso n\u00e3o \u00e9 segredo para ningu\u00e9m. A pandemia trouxe consequ\u00eancias que agravaram o transporte, mas temos feito a nossa parte, buscando a renova\u00e7\u00e3o da frota\u201d, disse o secret\u00e1rio de Mobilidade, Fabrizzio Muller.<\/p>\n\n\n\n<p>Por: J\u00falio Barboza.<\/p>\n\n\n\n<p><strong>Fotos: Valter Pontes\/ Secom Prefeitura Municipal de Salvador<\/strong>.<\/p>\n","protected":false},"excerpt":{"rendered":"<p>Prefeitura de Salvador anuncia investimentos de quase R$ 800 milh\u00f5es para renova\u00e7\u00e3o da frota at\u00e9&#8230;<\/p>\n","protected":false},"author":1,"featured_media":5746,"comment_status":"open","ping_status":"open","sticky":false,"template":"","format":"standard","meta":{"footnotes":""},"categories":[18,11],"tags":[2034,401,2035,266],"yoast_head":"<!-- This site is optimized with the Yoast SEO plugin v21.7 - https:\/\/yoast.com\/wordpress\/plugins\/seo\/ -->\n<title>Salvador recebe 40 novos \u00f4nibus com ar-condicionado para STCO e BRT. - Cacau News<\/title>\n<meta name=\"robots\" content=\"index, follow, max-snippet:-1, max-image-preview:large, max-video-preview:-1\" \/>\n<link rel=\"canonical\" href=\"https:\/\/cacaunews.com\/?p=5747\" \/>\n<meta property=\"og:locale\" content=\"pt_BR\" \/>\n<meta property=\"og:type\" content=\"article\" \/>\n<meta property=\"og:title\" content=\"Salvador recebe 40 novos \u00f4nibus com ar-condicionado para STCO e BRT. - Cacau News\" \/>\n<meta property=\"og:description\" content=\"Prefeitura de Salvador anuncia investimentos de quase R$ 800 milh\u00f5es para renova\u00e7\u00e3o da frota at\u00e9...\" \/>\n<meta property=\"og:url\" content=\"https:\/\/cacaunews.com\/?p=5747\" \/>\n<meta property=\"og:site_name\" content=\"Cacau News\" \/>\n<meta property=\"article:published_time\" content=\"2025-01-30T16:00:46+00:00\" \/>\n<meta property=\"article:modified_time\" content=\"2025-01-30T16:51:15+00:00\" \/>\n<meta property=\"og:image\" content=\"https:\/\/cacaunews.com\/wp-content\/uploads\/2025\/01\/WhatsApp-Image-2025-01-30-at-13.05.04-3.jpeg\" \/>\n\t<meta property=\"og:image:width\" content=\"1280\" \/>\n\t<meta property=\"og:image:height\" content=\"853\" \/>\n\t<meta property=\"og:image:type\" content=\"image\/jpeg\" \/>\n<meta name=\"author\" content=\"Reda\u00e7\u00e3o Cacau News\" \/>\n<meta name=\"twitter:card\" content=\"summary_large_image\" \/>\n<meta name=\"twitter:label1\" content=\"Escrito por\" \/>\n\t<meta name=\"twitter:data1\" content=\"Reda\u00e7\u00e3o Cacau News\" \/>\n\t<meta name=\"twitter:label2\" content=\"Est. tempo de leitura\" \/>\n\t<meta name=\"twitter:data2\" content=\"2 minutos\" \/>\n<script type=\"application\/ld+json\" class=\"yoast-schema-graph\">{\"@context\":\"https:\/\/schema.org\",\"@graph\":[{\"@type\":\"Article\",\"@id\":\"https:\/\/cacaunews.com\/?p=5747#article\",\"isPartOf\":{\"@id\":\"https:\/\/cacaunews.com\/?p=5747\"},\"author\":{\"name\":\"Reda\u00e7\u00e3o Cacau News\",\"@id\":\"https:\/\/cacaunews.com\/#\/schema\/person\/ea69703103e606ad347ccd64bd72ef79\"},\"headline\":\"Salvador recebe 40 novos \u00f4nibus com ar-condicionado para STCO e BRT.\",\"datePublished\":\"2025-01-30T16:00:46+00:00\",\"dateModified\":\"2025-01-30T16:51:15+00:00\",\"mainEntityOfPage\":{\"@id\":\"https:\/\/cacaunews.com\/?p=5747\"},\"wordCount\":506,\"commentCount\":0,\"publisher\":{\"@id\":\"https:\/\/cacaunews.com\/#organization\"},\"keywords\":[\"BRT\",\"mobilidade\",\"novos \u00f4nibus\",\"Salvador\"],\"articleSection\":[\"cidades\",\"Jornalismo\"],\"inLanguage\":\"pt-BR\",\"potentialAction\":[{\"@type\":\"CommentAction\",\"name\":\"Comment\",\"target\":[\"https:\/\/cacaunews.com\/?p=5747#respond\"]}]},{\"@type\":\"WebPage\",\"@id\":\"https:\/\/cacaunews.com\/?p=5747\",\"url\":\"https:\/\/cacaunews.com\/?p=5747\",\"name\":\"Salvador recebe 40 novos \u00f4nibus com ar-condicionado para STCO e BRT. - Cacau News\",\"isPartOf\":{\"@id\":\"https:\/\/cacaunews.com\/#website\"},\"datePublished\":\"2025-01-30T16:00:46+00:00\",\"dateModified\":\"2025-01-30T16:51:15+00:00\",\"breadcrumb\":{\"@id\":\"https:\/\/cacaunews.com\/?p=5747#breadcrumb\"},\"inLanguage\":\"pt-BR\",\"potentialAction\":[{\"@type\":\"ReadAction\",\"target\":[\"https:\/\/cacaunews.com\/?p=5747\"]}]},{\"@type\":\"BreadcrumbList\",\"@id\":\"https:\/\/cacaunews.com\/?p=5747#breadcrumb\",\"itemListElement\":[{\"@type\":\"ListItem\",\"position\":1,\"name\":\"In\u00edcio\",\"item\":\"https:\/\/cacaunews.com\/\"},{\"@type\":\"ListItem\",\"position\":2,\"name\":\"Salvador recebe 40 novos \u00f4nibus com ar-condicionado para STCO e BRT.\"}]},{\"@type\":\"WebSite\",\"@id\":\"https:\/\/cacaunews.com\/#website\",\"url\":\"https:\/\/cacaunews.com\/\",\"name\":\"Cacau News\",\"description\":\"A Informa\u00e7\u00e3o que voc\u00ea precisa!\",\"publisher\":{\"@id\":\"https:\/\/cacaunews.com\/#organization\"},\"potentialAction\":[{\"@type\":\"SearchAction\",\"target\":{\"@type\":\"EntryPoint\",\"urlTemplate\":\"https:\/\/cacaunews.com\/?s={search_term_string}\"},\"query-input\":\"required name=search_term_string\"}],\"inLanguage\":\"pt-BR\"},{\"@type\":\"Organization\",\"@id\":\"https:\/\/cacaunews.com\/#organization\",\"name\":\"Cacau News\",\"url\":\"https:\/\/cacaunews.com\/\",\"logo\":{\"@type\":\"ImageObject\",\"inLanguage\":\"pt-BR\",\"@id\":\"https:\/\/cacaunews.com\/#\/schema\/logo\/image\/\",\"url\":\"https:\/\/cacaunews.com\/wp-content\/uploads\/2025\/01\/cropped-LOGO-NOVA.png\",\"contentUrl\":\"https:\/\/cacaunews.com\/wp-content\/uploads\/2025\/01\/cropped-LOGO-NOVA.png\",\"width\":813,\"height\":813,\"caption\":\"Cacau News\"},\"image\":{\"@id\":\"https:\/\/cacaunews.com\/#\/schema\/logo\/image\/\"},\"sameAs\":[\"https:\/\/www.instagram.com\/cacaunews.online\/\",\"https:\/\/youtube.com\/@cacaunews?si=0VXLnjl08SrWbVG9\"]},{\"@type\":\"Person\",\"@id\":\"https:\/\/cacaunews.com\/#\/schema\/person\/ea69703103e606ad347ccd64bd72ef79\",\"name\":\"Reda\u00e7\u00e3o Cacau News\",\"image\":{\"@type\":\"ImageObject\",\"inLanguage\":\"pt-BR\",\"@id\":\"https:\/\/cacaunews.com\/#\/schema\/person\/image\/\",\"url\":\"https:\/\/secure.gravatar.com\/avatar\/d79227a2a7b6cc42e8d7a8f7c284cd3a?s=96&d=mm&r=g\",\"contentUrl\":\"https:\/\/secure.gravatar.com\/avatar\/d79227a2a7b6cc42e8d7a8f7c284cd3a?s=96&d=mm&r=g\",\"caption\":\"Reda\u00e7\u00e3o Cacau News\"},\"sameAs\":[\"https:\/\/cacaunews.com\"],\"url\":\"https:\/\/cacaunews.com\/?author=1\"}]}<\/script>\n<!-- \/ Yoast SEO plugin. -->","yoast_head_json":{"title":"Salvador recebe 40 novos \u00f4nibus com ar-condicionado para STCO e BRT. - Cacau News","robots":{"index":"index","follow":"follow","max-snippet":"max-snippet:-1","max-image-preview":"max-image-preview:large","max-video-preview":"max-video-preview:-1"},"canonical":"https:\/\/cacaunews.com\/?p=5747","og_locale":"pt_BR","og_type":"article","og_title":"Salvador recebe 40 novos \u00f4nibus com ar-condicionado para STCO e BRT. - Cacau News","og_description":"Prefeitura de Salvador anuncia investimentos de quase R$ 800 milh\u00f5es para renova\u00e7\u00e3o da frota at\u00e9...","og_url":"https:\/\/cacaunews.com\/?p=5747","og_site_name":"Cacau News","article_published_time":"2025-01-30T16:00:46+00:00","article_modified_time":"2025-01-30T16:51:15+00:00","og_image":[{"width":1280,"height":853,"url":"https:\/\/cacaunews.com\/wp-content\/uploads\/2025\/01\/WhatsApp-Image-2025-01-30-at-13.05.04-3.jpeg","type":"image\/jpeg"}],"author":"Reda\u00e7\u00e3o Cacau News","twitter_card":"summary_large_image","twitter_misc":{"Escrito por":"Reda\u00e7\u00e3o Cacau News","Est. tempo de leitura":"2 minutos"},"schema":{"@context":"https:\/\/schema.org","@graph":[{"@type":"Article","@id":"https:\/\/cacaunews.com\/?p=5747#article","isPartOf":{"@id":"https:\/\/cacaunews.com\/?p=5747"},"author":{"name":"Reda\u00e7\u00e3o Cacau News","@id":"https:\/\/cacaunews.com\/#\/schema\/person\/ea69703103e606ad347ccd64bd72ef79"},"headline":"Salvador recebe 40 novos \u00f4nibus com ar-condicionado para STCO e BRT.","datePublished":"2025-01-30T16:00:46+00:00","dateModified":"2025-01-30T16:51:15+00:00","mainEntityOfPage":{"@id":"https:\/\/cacaunews.com\/?p=5747"},"wordCount":506,"commentCount":0,"publisher":{"@id":"https:\/\/cacaunews.com\/#organization"},"keywords":["BRT","mobilidade","novos \u00f4nibus","Salvador"],"articleSection":["cidades","Jornalismo"],"inLanguage":"pt-BR","potentialAction":[{"@type":"CommentAction","name":"Comment","target":["https:\/\/cacaunews.com\/?p=5747#respond"]}]},{"@type":"WebPage","@id":"https:\/\/cacaunews.com\/?p=5747","url":"https:\/\/cacaunews.com\/?p=5747","name":"Salvador recebe 40 novos \u00f4nibus com ar-condicionado para STCO e BRT. - Cacau News","isPartOf":{"@id":"https:\/\/cacaunews.com\/#website"},"datePublished":"2025-01-30T16:00:46+00:00","dateModified":"2025-01-30T16:51:15+00:00","breadcrumb":{"@id":"https:\/\/cacaunews.com\/?p=5747#breadcrumb"},"inLanguage":"pt-BR","potentialAction":[{"@type":"ReadAction","target":["https:\/\/cacaunews.com\/?p=5747"]}]},{"@type":"BreadcrumbList","@id":"https:\/\/cacaunews.com\/?p=5747#breadcrumb","itemListElement":[{"@type":"ListItem","position":1,"name":"In\u00edcio","item":"https:\/\/cacaunews.com\/"},{"@type":"ListItem","position":2,"name":"Salvador recebe 40 novos \u00f4nibus com ar-condicionado para STCO e BRT."}]},{"@type":"WebSite","@id":"https:\/\/cacaunews.com\/#website","url":"https:\/\/cacaunews.com\/","name":"Cacau News","description":"A Informa\u00e7\u00e3o que voc\u00ea precisa!","publisher":{"@id":"https:\/\/cacaunews.com\/#organization"},"potentialAction":[{"@type":"SearchAction","target":{"@type":"EntryPoint","urlTemplate":"https:\/\/cacaunews.com\/?s={search_term_string}"},"query-input":"required name=search_term_string"}],"inLanguage":"pt-BR"},{"@type":"Organization","@id":"https:\/\/cacaunews.com\/#organization","name":"Cacau News","url":"https:\/\/cacaunews.com\/","logo":{"@type":"ImageObject","inLanguage":"pt-BR","@id":"https:\/\/cacaunews.com\/#\/schema\/logo\/image\/","url":"https:\/\/cacaunews.com\/wp-content\/uploads\/2025\/01\/cropped-LOGO-NOVA.png","contentUrl":"https:\/\/cacaunews.com\/wp-content\/uploads\/2025\/01\/cropped-LOGO-NOVA.png","width":813,"height":813,"caption":"Cacau News"},"image":{"@id":"https:\/\/cacaunews.com\/#\/schema\/logo\/image\/"},"sameAs":["https:\/\/www.instagram.com\/cacaunews.online\/","https:\/\/youtube.com\/@cacaunews?si=0VXLnjl08SrWbVG9"]},{"@type":"Person","@id":"https:\/\/cacaunews.com\/#\/schema\/person\/ea69703103e606ad347ccd64bd72ef79","name":"Reda\u00e7\u00e3o Cacau News","image":{"@type":"ImageObject","inLanguage":"pt-BR","@id":"https:\/\/cacaunews.com\/#\/schema\/person\/image\/","url":"https:\/\/secure.gravatar.com\/avatar\/d79227a2a7b6cc42e8d7a8f7c284cd3a?s=96&d=mm&r=g","contentUrl":"https:\/\/secure.gravatar.com\/avatar\/d79227a2a7b6cc42e8d7a8f7c284cd3a?s=96&d=mm&r=g","caption":"Reda\u00e7\u00e3o Cacau News"},"sameAs":["https:\/\/cacaunews.com"],"url":"https:\/\/cacaunews.com\/?author=1"}]}},"jetpack_sharing_enabled":true,"jetpack_featured_media_url":"https:\/\/cacaunews.com\/wp-content\/uploads\/2025\/01\/WhatsApp-Image-2025-01-30-at-13.05.04-3.jpeg","_links":{"self":[{"href":"https:\/\/cacaunews.com\/index.php?rest_route=\/wp\/v2\/posts\/5747"}],"collection":[{"href":"https:\/\/cacaunews.com\/index.php?rest_route=\/wp\/v2\/posts"}],"about":[{"href":"https:\/\/cacaunews.com\/index.php?rest_route=\/wp\/v2\/types\/post"}],"author":[{"embeddable":true,"href":"https:\/\/cacaunews.com\/index.php?rest_route=\/wp\/v2\/users\/1"}],"replies":[{"embeddable":true,"href":"https:\/\/cacaunews.com\/index.php?rest_route=%2Fwp%2Fv2%2Fcomments&post=5747"}],"version-history":[{"count":2,"href":"https:\/\/cacaunews.com\/index.php?rest_route=\/wp\/v2\/posts\/5747\/revisions"}],"predecessor-version":[{"id":5749,"href":"https:\/\/cacaunews.com\/index.php?rest_route=\/wp\/v2\/posts\/5747\/revisions\/5749"}],"wp:featuredmedia":[{"embeddable":true,"href":"https:\/\/cacaunews.com\/index.php?rest_route=\/wp\/v2\/media\/5746"}],"wp:attachment":[{"href":"https:\/\/cacaunews.com\/index.php?rest_route=%2Fwp%2Fv2%2Fmedia&parent=5747"}],"wp:term":[{"taxonomy":"category","embeddable":true,"href":"https:\/\/cacaunews.com\/index.php?rest_route=%2Fwp%2Fv2%2Fcategories&post=5747"},{"taxonomy":"post_tag","embeddable":true,"href":"https:\/\/cacaunews.com\/index.php?rest_route=%2Fwp%2Fv2%2Ftags&post=5747"}],"curies":[{"name":"wp","href":"https:\/\/api.w.org\/{rel}","templated":true}]}}