{"id":5756,"date":"2025-01-31T12:30:03","date_gmt":"2025-01-31T12:30:03","guid":{"rendered":"https:\/\/cacaunews.com\/?p=5756"},"modified":"2025-01-31T13:07:24","modified_gmt":"2025-01-31T13:07:24","slug":"reeducandos-do-conjunto-penal-de-itabuna-participam-de-roda-de-conversa-sobre-ainda-estou-aqui","status":"publish","type":"post","link":"https:\/\/cacaunews.com\/?p=5756","title":{"rendered":"Reeducandos do Conjunto Penal de Itabuna participam de Roda de Conversa sobre &#8220;Ainda Estou Aqui&#8221;."},"content":{"rendered":"\n<p>Ap\u00f3s tomar conhecimento de que a biblioteca do Conjunto Penal de Itabuna j\u00e1 conta em seu acervo com mais de 20 exemplares do livro &#8220;Ainda Estou Aqui&#8221;, o escritor e jornalista Daniel Thame n\u00e3o pensou duas vezes: chegou a hora de um bate-papo com os reeducandos sobre literatura, leituras e novos caminhos na vida.<br><br>O bate-papo com os reeducandos era uma agenda de 2024 que teve que ser adiada, mas calhou de acontecer no momento em que o filme hom\u00f4nimo, estrelado por Fernanda Torres, numa interpreta\u00e7\u00e3o magistral de Irene, a esposa de Rubens Paiva, que lhe valeu o Globo de Ouro de Melhor Atriz, est\u00e1 fazendo sucesso em todo o\u00a0 mundo.<br><br>Discutir com pessoas privadas de liberdade um livro com essa import\u00e2ncia hist\u00f3rica de um momento mais sombrios do pa\u00eds,\u00a0 poderia ser uma a\u00e7\u00e3o ousada demais, se fosse levada em conta a ideia que comumente se faz dos estabelecimentos penais como locais de segrega\u00e7\u00e3o social pura e simples.<\/p>\n\n\n\n<figure class=\"wp-block-image size-large\"><img fetchpriority=\"high\" decoding=\"async\" width=\"1024\" height=\"576\" src=\"https:\/\/cacaunews.com\/wp-content\/uploads\/2025\/01\/img-20250131-wa00574898890617390308619-1024x576.jpg\" alt=\"\" class=\"wp-image-5754\" srcset=\"https:\/\/cacaunews.com\/wp-content\/uploads\/2025\/01\/img-20250131-wa00574898890617390308619-1024x576.jpg 1024w, https:\/\/cacaunews.com\/wp-content\/uploads\/2025\/01\/img-20250131-wa00574898890617390308619-300x169.jpg 300w, https:\/\/cacaunews.com\/wp-content\/uploads\/2025\/01\/img-20250131-wa00574898890617390308619-768x432.jpg 768w, https:\/\/cacaunews.com\/wp-content\/uploads\/2025\/01\/img-20250131-wa00574898890617390308619-1536x864.jpg 1536w, https:\/\/cacaunews.com\/wp-content\/uploads\/2025\/01\/img-20250131-wa00574898890617390308619-1280x720.jpg 1280w, https:\/\/cacaunews.com\/wp-content\/uploads\/2025\/01\/img-20250131-wa00574898890617390308619.jpg 1600w\" sizes=\"(max-width: 1024px) 100vw, 1024px\" \/><\/figure>\n\n\n\n<p><br><br>Daniel Thame, autor de livros como \u201cVassoura, o Apocalipse ao G\u00eanesis da Civiliza\u00e7\u00e3o Cacaueira\u201d e \u201cJorge100AnosAmado \u2013 Tributo a um Eterno Menino Grapi\u00fana\u201d,\u00a0 se mostrou impressionado com\u00a0 n\u00edvel das discuss\u00f5es ao longo do bate-papo.<br><br>&#8220;A conversa se desenvolveu num n\u00edvel elevad\u00edssimo. As an\u00e1lises sobre liberdade f\u00edsica e liberdade mental, sobre o boicote das elites ao desenvolvimento das classes pobres por meio da negativa do acesso \u00e0 educa\u00e7\u00e3o, \u00e0 leitura e \u00e0 cultura como estrat\u00e9gia de subjuga\u00e7\u00e3o dessas classes foram, sim, surpreendentes&#8221;, afirma Daniel Thame.<br>Todos que participaram da Roda de Conversa fazem parte do programa de Remi\u00e7\u00e3o pela Leitura Asas da Imagina\u00e7\u00e3o, promovido pela Secretaria Estadual de Administra\u00e7\u00e3o Penitenci\u00e1ria e Ressocializa\u00e7\u00e3o (SEAP), e executado pela empresa Socializa, cogestora da unidade prisional. O programa estimula a leitura, por meio da redu\u00e7\u00e3o de quatro dias da pena a cada livro lido &#8211; comprovado por meio de um relat\u00f3rio, que deve ser aprovado por uma banca avaliadora e conta com a participa\u00e7\u00e3o de mais de 200 reeducandos em sala de aulas, e mais de uma centena que realizam nos pavilh\u00f5es e seus anexos.<br><br>Para al\u00e9m do benef\u00edcio da redu\u00e7\u00e3o da pena, a leitura se tornou um prazer para a maioria deles. A coordenadora do programa de Remi\u00e7\u00e3o pela Leitura, a pedagoga Rute Praxedes revelou que abatimento de quatro dias da pena s\u00f3 poss\u00edvel para a leitura de um \u00fanico livro por m\u00eas, mas muitos leem mais de tr\u00eas livros nesse per\u00edodo.<br><br><strong>PORTAS ABERTAS PARA UM NOVO MUNDO<\/strong><br><br>O escritor e jornalista grapi\u00fana afirmou que a experi\u00eancia foi transformadora. &#8220;Aprendi muito com as viv\u00eancias de cada deles um com a literatura, e eles disseram que nosso bate-papo foi enriquecedor tamb\u00e9m para eles. Consegui deixar uma mensagem de que, no futuro, quando atravessarem o port\u00e3o de sa\u00edda, que fa\u00e7am o caminho mental inverso: n\u00e3o \u00e9 a sa\u00edda da pris\u00e3o, mas a entrada na liberdade, naquela liberdade que eles j\u00e1 vivenciam por meio da leitura&#8221;, finalizou Thame.<br> <br><br>O Conjunto Penal de Itabuna adotou o livro \u201cAinda estou aqui\u201d\u00a0 no seu processo de ressocializa\u00e7\u00e3o ap\u00f3s uma decis\u00e3o do governador da Bahia, Jer\u00f4nimo Rodrigues, de inserir o livro em toda a rede p\u00fablica de educa\u00e7\u00e3o do Estado.<\/p>\n\n\n\n<p>Todos que participaram da Roda de Conversa fazem parte do programa de Remi\u00e7\u00e3o pela Leitura Asas da Imagina\u00e7\u00e3o, promovido pela Secretaria Estadual de Administra\u00e7\u00e3o Penitenci\u00e1ria e Ressocializa\u00e7\u00e3o (SEAP), e executado pela empresa Socializa, cogestora da unidade prisional. O programa estimula a leitura, por meio da redu\u00e7\u00e3o de quatro dias da pena a cada livro lido &#8211; comprovado por meio de um relat\u00f3rio, que deve ser aprovado por uma banca avaliadora e conta com a participa\u00e7\u00e3o de mais de 200 reeducandos em sala de aulas, e mais de uma centena que realizam nos pavilh\u00f5es e seus anexos.<br><br>Para al\u00e9m do benef\u00edcio da redu\u00e7\u00e3o da pena, a leitura se tornou um prazer para a maioria deles. A coordenadora do programa de Remi\u00e7\u00e3o pela Leitura, a pedagoga Rute Praxedes revelou que abatimento de quatro dias da pena s\u00f3 poss\u00edvel para a leitura de um \u00fanico livro por m\u00eas, mas muitos leem mais de tr\u00eas livros nesse per\u00edodo.<br><br><strong>PORTAS ABERTAS PARA UM NOVO MUNDO<\/strong><br><br>O escritor e jornalista grapi\u00fana afirmou que a experi\u00eancia foi transformadora. &#8220;Aprendi muito com as viv\u00eancias de cada deles um com a literatura, e eles disseram que nosso bate-papo foi enriquecedor tamb\u00e9m para eles. Consegui deixar uma mensagem de que, no futuro, quando atravessarem o port\u00e3o de sa\u00edda, que fa\u00e7am o caminho mental inverso: n\u00e3o \u00e9 a sa\u00edda da pris\u00e3o, mas a entrada na liberdade, naquela liberdade que eles j\u00e1 vivenciam por meio da leitura&#8221;, finalizou Thame.<br> <br>O Conjunto Penal de Itabuna adotou o livro \u201cAinda estou aqui\u201d\u00a0 no seu processo de ressocializa\u00e7\u00e3o ap\u00f3s uma decis\u00e3o do governador da Bahia, Jer\u00f4nimo Rodrigues, de inserir o livro em toda a rede p\u00fablica de educa\u00e7\u00e3o do Estado.<\/p>\n","protected":false},"excerpt":{"rendered":"<p>Ap\u00f3s tomar conhecimento de que a biblioteca do Conjunto Penal de Itabuna j\u00e1 conta em&#8230;<\/p>\n","protected":false},"author":1,"featured_media":5755,"comment_status":"open","ping_status":"open","sticky":false,"template":"","format":"standard","meta":{"footnotes":""},"categories":[18,11,19],"tags":[1842,27,1816,667],"yoast_head":"<!-- This site is optimized with the Yoast SEO plugin v21.7 - https:\/\/yoast.com\/wordpress\/plugins\/seo\/ -->\n<title>Reeducandos do Conjunto Penal de Itabuna participam de Roda de Conversa sobre &quot;Ainda Estou Aqui&quot;. - Cacau News<\/title>\n<meta name=\"robots\" content=\"index, follow, max-snippet:-1, max-image-preview:large, max-video-preview:-1\" \/>\n<link rel=\"canonical\" href=\"https:\/\/cacaunews.com\/?p=5756\" \/>\n<meta property=\"og:locale\" content=\"pt_BR\" \/>\n<meta property=\"og:type\" content=\"article\" \/>\n<meta property=\"og:title\" content=\"Reeducandos do Conjunto Penal de Itabuna participam de Roda de Conversa sobre &quot;Ainda Estou Aqui&quot;. - Cacau News\" \/>\n<meta property=\"og:description\" content=\"Ap\u00f3s tomar conhecimento de que a biblioteca do Conjunto Penal de Itabuna j\u00e1 conta em...\" \/>\n<meta property=\"og:url\" content=\"https:\/\/cacaunews.com\/?p=5756\" \/>\n<meta property=\"og:site_name\" content=\"Cacau News\" \/>\n<meta property=\"article:published_time\" content=\"2025-01-31T12:30:03+00:00\" \/>\n<meta property=\"article:modified_time\" content=\"2025-01-31T13:07:24+00:00\" \/>\n<meta property=\"og:image\" content=\"https:\/\/cacaunews.com\/wp-content\/uploads\/2025\/01\/IMG-20250131-WA0056.jpg\" \/>\n\t<meta property=\"og:image:width\" content=\"1600\" \/>\n\t<meta property=\"og:image:height\" content=\"900\" \/>\n\t<meta property=\"og:image:type\" content=\"image\/jpeg\" \/>\n<meta name=\"author\" content=\"Reda\u00e7\u00e3o Cacau News\" \/>\n<meta name=\"twitter:card\" content=\"summary_large_image\" \/>\n<meta name=\"twitter:label1\" content=\"Escrito por\" \/>\n\t<meta name=\"twitter:data1\" content=\"Reda\u00e7\u00e3o Cacau News\" \/>\n\t<meta name=\"twitter:label2\" content=\"Est. tempo de leitura\" \/>\n\t<meta name=\"twitter:data2\" content=\"4 minutos\" \/>\n<script type=\"application\/ld+json\" class=\"yoast-schema-graph\">{\"@context\":\"https:\/\/schema.org\",\"@graph\":[{\"@type\":\"Article\",\"@id\":\"https:\/\/cacaunews.com\/?p=5756#article\",\"isPartOf\":{\"@id\":\"https:\/\/cacaunews.com\/?p=5756\"},\"author\":{\"name\":\"Reda\u00e7\u00e3o Cacau News\",\"@id\":\"https:\/\/cacaunews.com\/#\/schema\/person\/ea69703103e606ad347ccd64bd72ef79\"},\"headline\":\"Reeducandos do Conjunto Penal de Itabuna participam de Roda de Conversa sobre &#8220;Ainda Estou Aqui&#8221;.\",\"datePublished\":\"2025-01-31T12:30:03+00:00\",\"dateModified\":\"2025-01-31T13:07:24+00:00\",\"mainEntityOfPage\":{\"@id\":\"https:\/\/cacaunews.com\/?p=5756\"},\"wordCount\":885,\"commentCount\":0,\"publisher\":{\"@id\":\"https:\/\/cacaunews.com\/#organization\"},\"keywords\":[\"conjunto penal\",\"itabuna\",\"literatura\",\"ressocializa\u00e7\u00e3o\"],\"articleSection\":[\"cidades\",\"Jornalismo\",\"Social\"],\"inLanguage\":\"pt-BR\",\"potentialAction\":[{\"@type\":\"CommentAction\",\"name\":\"Comment\",\"target\":[\"https:\/\/cacaunews.com\/?p=5756#respond\"]}]},{\"@type\":\"WebPage\",\"@id\":\"https:\/\/cacaunews.com\/?p=5756\",\"url\":\"https:\/\/cacaunews.com\/?p=5756\",\"name\":\"Reeducandos do Conjunto Penal de Itabuna participam de Roda de Conversa sobre \\\"Ainda Estou Aqui\\\". - Cacau News\",\"isPartOf\":{\"@id\":\"https:\/\/cacaunews.com\/#website\"},\"datePublished\":\"2025-01-31T12:30:03+00:00\",\"dateModified\":\"2025-01-31T13:07:24+00:00\",\"breadcrumb\":{\"@id\":\"https:\/\/cacaunews.com\/?p=5756#breadcrumb\"},\"inLanguage\":\"pt-BR\",\"potentialAction\":[{\"@type\":\"ReadAction\",\"target\":[\"https:\/\/cacaunews.com\/?p=5756\"]}]},{\"@type\":\"BreadcrumbList\",\"@id\":\"https:\/\/cacaunews.com\/?p=5756#breadcrumb\",\"itemListElement\":[{\"@type\":\"ListItem\",\"position\":1,\"name\":\"In\u00edcio\",\"item\":\"https:\/\/cacaunews.com\/\"},{\"@type\":\"ListItem\",\"position\":2,\"name\":\"Reeducandos do Conjunto Penal de Itabuna participam de Roda de Conversa sobre &#8220;Ainda Estou Aqui&#8221;.\"}]},{\"@type\":\"WebSite\",\"@id\":\"https:\/\/cacaunews.com\/#website\",\"url\":\"https:\/\/cacaunews.com\/\",\"name\":\"Cacau News\",\"description\":\"A Informa\u00e7\u00e3o que voc\u00ea precisa!\",\"publisher\":{\"@id\":\"https:\/\/cacaunews.com\/#organization\"},\"potentialAction\":[{\"@type\":\"SearchAction\",\"target\":{\"@type\":\"EntryPoint\",\"urlTemplate\":\"https:\/\/cacaunews.com\/?s={search_term_string}\"},\"query-input\":\"required name=search_term_string\"}],\"inLanguage\":\"pt-BR\"},{\"@type\":\"Organization\",\"@id\":\"https:\/\/cacaunews.com\/#organization\",\"name\":\"Cacau News\",\"url\":\"https:\/\/cacaunews.com\/\",\"logo\":{\"@type\":\"ImageObject\",\"inLanguage\":\"pt-BR\",\"@id\":\"https:\/\/cacaunews.com\/#\/schema\/logo\/image\/\",\"url\":\"https:\/\/cacaunews.com\/wp-content\/uploads\/2025\/01\/cropped-LOGO-NOVA.png\",\"contentUrl\":\"https:\/\/cacaunews.com\/wp-content\/uploads\/2025\/01\/cropped-LOGO-NOVA.png\",\"width\":813,\"height\":813,\"caption\":\"Cacau News\"},\"image\":{\"@id\":\"https:\/\/cacaunews.com\/#\/schema\/logo\/image\/\"},\"sameAs\":[\"https:\/\/www.instagram.com\/cacaunews.online\/\",\"https:\/\/youtube.com\/@cacaunews?si=0VXLnjl08SrWbVG9\"]},{\"@type\":\"Person\",\"@id\":\"https:\/\/cacaunews.com\/#\/schema\/person\/ea69703103e606ad347ccd64bd72ef79\",\"name\":\"Reda\u00e7\u00e3o Cacau News\",\"image\":{\"@type\":\"ImageObject\",\"inLanguage\":\"pt-BR\",\"@id\":\"https:\/\/cacaunews.com\/#\/schema\/person\/image\/\",\"url\":\"https:\/\/secure.gravatar.com\/avatar\/d79227a2a7b6cc42e8d7a8f7c284cd3a?s=96&d=mm&r=g\",\"contentUrl\":\"https:\/\/secure.gravatar.com\/avatar\/d79227a2a7b6cc42e8d7a8f7c284cd3a?s=96&d=mm&r=g\",\"caption\":\"Reda\u00e7\u00e3o Cacau News\"},\"sameAs\":[\"https:\/\/cacaunews.com\"],\"url\":\"https:\/\/cacaunews.com\/?author=1\"}]}<\/script>\n<!-- \/ Yoast SEO plugin. -->","yoast_head_json":{"title":"Reeducandos do Conjunto Penal de Itabuna participam de Roda de Conversa sobre \"Ainda Estou Aqui\". - Cacau News","robots":{"index":"index","follow":"follow","max-snippet":"max-snippet:-1","max-image-preview":"max-image-preview:large","max-video-preview":"max-video-preview:-1"},"canonical":"https:\/\/cacaunews.com\/?p=5756","og_locale":"pt_BR","og_type":"article","og_title":"Reeducandos do Conjunto Penal de Itabuna participam de Roda de Conversa sobre \"Ainda Estou Aqui\". - Cacau News","og_description":"Ap\u00f3s tomar conhecimento de que a biblioteca do Conjunto Penal de Itabuna j\u00e1 conta em...","og_url":"https:\/\/cacaunews.com\/?p=5756","og_site_name":"Cacau News","article_published_time":"2025-01-31T12:30:03+00:00","article_modified_time":"2025-01-31T13:07:24+00:00","og_image":[{"width":1600,"height":900,"url":"https:\/\/cacaunews.com\/wp-content\/uploads\/2025\/01\/IMG-20250131-WA0056.jpg","type":"image\/jpeg"}],"author":"Reda\u00e7\u00e3o Cacau News","twitter_card":"summary_large_image","twitter_misc":{"Escrito por":"Reda\u00e7\u00e3o Cacau News","Est. tempo de leitura":"4 minutos"},"schema":{"@context":"https:\/\/schema.org","@graph":[{"@type":"Article","@id":"https:\/\/cacaunews.com\/?p=5756#article","isPartOf":{"@id":"https:\/\/cacaunews.com\/?p=5756"},"author":{"name":"Reda\u00e7\u00e3o Cacau News","@id":"https:\/\/cacaunews.com\/#\/schema\/person\/ea69703103e606ad347ccd64bd72ef79"},"headline":"Reeducandos do Conjunto Penal de Itabuna participam de Roda de Conversa sobre &#8220;Ainda Estou Aqui&#8221;.","datePublished":"2025-01-31T12:30:03+00:00","dateModified":"2025-01-31T13:07:24+00:00","mainEntityOfPage":{"@id":"https:\/\/cacaunews.com\/?p=5756"},"wordCount":885,"commentCount":0,"publisher":{"@id":"https:\/\/cacaunews.com\/#organization"},"keywords":["conjunto penal","itabuna","literatura","ressocializa\u00e7\u00e3o"],"articleSection":["cidades","Jornalismo","Social"],"inLanguage":"pt-BR","potentialAction":[{"@type":"CommentAction","name":"Comment","target":["https:\/\/cacaunews.com\/?p=5756#respond"]}]},{"@type":"WebPage","@id":"https:\/\/cacaunews.com\/?p=5756","url":"https:\/\/cacaunews.com\/?p=5756","name":"Reeducandos do Conjunto Penal de Itabuna participam de Roda de Conversa sobre \"Ainda Estou Aqui\". - Cacau News","isPartOf":{"@id":"https:\/\/cacaunews.com\/#website"},"datePublished":"2025-01-31T12:30:03+00:00","dateModified":"2025-01-31T13:07:24+00:00","breadcrumb":{"@id":"https:\/\/cacaunews.com\/?p=5756#breadcrumb"},"inLanguage":"pt-BR","potentialAction":[{"@type":"ReadAction","target":["https:\/\/cacaunews.com\/?p=5756"]}]},{"@type":"BreadcrumbList","@id":"https:\/\/cacaunews.com\/?p=5756#breadcrumb","itemListElement":[{"@type":"ListItem","position":1,"name":"In\u00edcio","item":"https:\/\/cacaunews.com\/"},{"@type":"ListItem","position":2,"name":"Reeducandos do Conjunto Penal de Itabuna participam de Roda de Conversa sobre &#8220;Ainda Estou Aqui&#8221;."}]},{"@type":"WebSite","@id":"https:\/\/cacaunews.com\/#website","url":"https:\/\/cacaunews.com\/","name":"Cacau News","description":"A Informa\u00e7\u00e3o que voc\u00ea precisa!","publisher":{"@id":"https:\/\/cacaunews.com\/#organization"},"potentialAction":[{"@type":"SearchAction","target":{"@type":"EntryPoint","urlTemplate":"https:\/\/cacaunews.com\/?s={search_term_string}"},"query-input":"required name=search_term_string"}],"inLanguage":"pt-BR"},{"@type":"Organization","@id":"https:\/\/cacaunews.com\/#organization","name":"Cacau News","url":"https:\/\/cacaunews.com\/","logo":{"@type":"ImageObject","inLanguage":"pt-BR","@id":"https:\/\/cacaunews.com\/#\/schema\/logo\/image\/","url":"https:\/\/cacaunews.com\/wp-content\/uploads\/2025\/01\/cropped-LOGO-NOVA.png","contentUrl":"https:\/\/cacaunews.com\/wp-content\/uploads\/2025\/01\/cropped-LOGO-NOVA.png","width":813,"height":813,"caption":"Cacau News"},"image":{"@id":"https:\/\/cacaunews.com\/#\/schema\/logo\/image\/"},"sameAs":["https:\/\/www.instagram.com\/cacaunews.online\/","https:\/\/youtube.com\/@cacaunews?si=0VXLnjl08SrWbVG9"]},{"@type":"Person","@id":"https:\/\/cacaunews.com\/#\/schema\/person\/ea69703103e606ad347ccd64bd72ef79","name":"Reda\u00e7\u00e3o Cacau News","image":{"@type":"ImageObject","inLanguage":"pt-BR","@id":"https:\/\/cacaunews.com\/#\/schema\/person\/image\/","url":"https:\/\/secure.gravatar.com\/avatar\/d79227a2a7b6cc42e8d7a8f7c284cd3a?s=96&d=mm&r=g","contentUrl":"https:\/\/secure.gravatar.com\/avatar\/d79227a2a7b6cc42e8d7a8f7c284cd3a?s=96&d=mm&r=g","caption":"Reda\u00e7\u00e3o Cacau News"},"sameAs":["https:\/\/cacaunews.com"],"url":"https:\/\/cacaunews.com\/?author=1"}]}},"jetpack_sharing_enabled":true,"jetpack_featured_media_url":"https:\/\/cacaunews.com\/wp-content\/uploads\/2025\/01\/IMG-20250131-WA0056.jpg","_links":{"self":[{"href":"https:\/\/cacaunews.com\/index.php?rest_route=\/wp\/v2\/posts\/5756"}],"collection":[{"href":"https:\/\/cacaunews.com\/index.php?rest_route=\/wp\/v2\/posts"}],"about":[{"href":"https:\/\/cacaunews.com\/index.php?rest_route=\/wp\/v2\/types\/post"}],"author":[{"embeddable":true,"href":"https:\/\/cacaunews.com\/index.php?rest_route=\/wp\/v2\/users\/1"}],"replies":[{"embeddable":true,"href":"https:\/\/cacaunews.com\/index.php?rest_route=%2Fwp%2Fv2%2Fcomments&post=5756"}],"version-history":[{"count":1,"href":"https:\/\/cacaunews.com\/index.php?rest_route=\/wp\/v2\/posts\/5756\/revisions"}],"predecessor-version":[{"id":5757,"href":"https:\/\/cacaunews.com\/index.php?rest_route=\/wp\/v2\/posts\/5756\/revisions\/5757"}],"wp:featuredmedia":[{"embeddable":true,"href":"https:\/\/cacaunews.com\/index.php?rest_route=\/wp\/v2\/media\/5755"}],"wp:attachment":[{"href":"https:\/\/cacaunews.com\/index.php?rest_route=%2Fwp%2Fv2%2Fmedia&parent=5756"}],"wp:term":[{"taxonomy":"category","embeddable":true,"href":"https:\/\/cacaunews.com\/index.php?rest_route=%2Fwp%2Fv2%2Fcategories&post=5756"},{"taxonomy":"post_tag","embeddable":true,"href":"https:\/\/cacaunews.com\/index.php?rest_route=%2Fwp%2Fv2%2Ftags&post=5756"}],"curies":[{"name":"wp","href":"https:\/\/api.w.org\/{rel}","templated":true}]}}