{"id":5759,"date":"2025-02-01T13:00:22","date_gmt":"2025-02-01T13:00:22","guid":{"rendered":"https:\/\/cacaunews.com\/?p=5759"},"modified":"2025-02-01T14:08:43","modified_gmt":"2025-02-01T14:08:43","slug":"ilheus-prefeito-valderico-junior-decreta-situacao-de-emergencia-administrativa","status":"publish","type":"post","link":"https:\/\/cacaunews.com\/?p=5759","title":{"rendered":"Ilh\u00e9us: Prefeito Valderico Junior decreta situa\u00e7\u00e3o de emerg\u00eancia administrativa."},"content":{"rendered":"\n<p>Na noite desta sexta-feira (31), a Prefeitura de Ilh\u00e9us decretou situa\u00e7\u00e3o de emerg\u00eancia administrativa no munic\u00edpio. A medida foi publicada no Di\u00e1rio Oficial por meio do Decreto n\u00ba 329, assinado pelo prefeito Valderico Junior e pelo secret\u00e1rio de Gest\u00e3o, Cristiano Carvalho.<br><br>De acordo com o documento, o objetivo \u00e9 viabilizar a ado\u00e7\u00e3o de medidas urgentes para garantir o atendimento \u00e0 popula\u00e7\u00e3o e a continuidade dos servi\u00e7os p\u00fablicos. O prazo previsto \u00e9 de 90 dias, com possibilidade de prorroga\u00e7\u00e3o.<br><br>Entre os motivos para a medida, o decreto considera o estado de abandono deixado pela gest\u00e3o anterior na \u00e1rea administrativa, incluindo processos licitat\u00f3rios n\u00e3o iniciados ou n\u00e3o conclu\u00eddos, precariedade da estrutura b\u00e1sica \u2013 como pr\u00e9dios p\u00fablicos, equipamentos e servi\u00e7os de inform\u00e1tica \u2013, exist\u00eancia de contratos com ind\u00edcios de irregularidades, al\u00e9m do desabastecimento de alimentos, ferramentas, EPIs e itens de higiene e limpeza.<br><br>Durante a vig\u00eancia do decreto, ficaram autorizadas contrata\u00e7\u00f5es emergenciais para aquisi\u00e7\u00e3o de bens e servi\u00e7os essenciais \u00e0 administra\u00e7\u00e3o p\u00fablica, sempre em conformidade com os princ\u00edpios da legalidade, probidade administrativa, responsabilidade e transpar\u00eancia.<br><br>O decreto tamb\u00e9m determinou a apura\u00e7\u00e3o das causas que levaram \u00e0 situa\u00e7\u00e3o emergencial do munic\u00edpio, com o encaminhamento dos resultados aos \u00f3rg\u00e3os competentes.<br><br><a href=\"https:\/\/www.ilheus.ba.gov.br\/diario-eletronico\" target=\"_blank\" rel=\"noreferrer noopener\">Acesse aqui o Decreto n\u00ba 329\/2025.<\/a><\/p>\n","protected":false},"excerpt":{"rendered":"<p>Na noite desta sexta-feira (31), a Prefeitura de Ilh\u00e9us decretou situa\u00e7\u00e3o de emerg\u00eancia administrativa no&#8230;<\/p>\n","protected":false},"author":1,"featured_media":5758,"comment_status":"open","ping_status":"open","sticky":false,"template":"","format":"standard","meta":{"footnotes":""},"categories":[18,11],"tags":[706,1969,37,1909],"yoast_head":"<!-- This site is optimized with the Yoast SEO plugin v21.7 - https:\/\/yoast.com\/wordpress\/plugins\/seo\/ -->\n<title>Ilh\u00e9us: Prefeito Valderico Junior decreta situa\u00e7\u00e3o de emerg\u00eancia administrativa. - Cacau News<\/title>\n<meta name=\"robots\" content=\"index, follow, max-snippet:-1, max-image-preview:large, max-video-preview:-1\" \/>\n<link rel=\"canonical\" href=\"https:\/\/cacaunews.com\/?p=5759\" \/>\n<meta property=\"og:locale\" content=\"pt_BR\" \/>\n<meta property=\"og:type\" content=\"article\" \/>\n<meta property=\"og:title\" content=\"Ilh\u00e9us: Prefeito Valderico Junior decreta situa\u00e7\u00e3o de emerg\u00eancia administrativa. - Cacau News\" \/>\n<meta property=\"og:description\" content=\"Na noite desta sexta-feira (31), a Prefeitura de Ilh\u00e9us decretou situa\u00e7\u00e3o de emerg\u00eancia administrativa no...\" \/>\n<meta property=\"og:url\" content=\"https:\/\/cacaunews.com\/?p=5759\" \/>\n<meta property=\"og:site_name\" content=\"Cacau News\" \/>\n<meta property=\"article:published_time\" content=\"2025-02-01T13:00:22+00:00\" \/>\n<meta property=\"article:modified_time\" content=\"2025-02-01T14:08:43+00:00\" \/>\n<meta property=\"og:image\" content=\"https:\/\/cacaunews.com\/wp-content\/uploads\/2025\/02\/7BE64D6CB2-B0BE-BDC3-C31A-0DB8CACE7CBC7D_650X450.jpg\" \/>\n\t<meta property=\"og:image:width\" content=\"650\" \/>\n\t<meta property=\"og:image:height\" content=\"450\" \/>\n\t<meta property=\"og:image:type\" content=\"image\/jpeg\" \/>\n<meta name=\"author\" content=\"Reda\u00e7\u00e3o Cacau News\" \/>\n<meta name=\"twitter:card\" content=\"summary_large_image\" \/>\n<meta name=\"twitter:label1\" content=\"Escrito por\" \/>\n\t<meta name=\"twitter:data1\" content=\"Reda\u00e7\u00e3o Cacau News\" \/>\n\t<meta name=\"twitter:label2\" content=\"Est. tempo de leitura\" \/>\n\t<meta name=\"twitter:data2\" content=\"1 minuto\" \/>\n<script type=\"application\/ld+json\" class=\"yoast-schema-graph\">{\"@context\":\"https:\/\/schema.org\",\"@graph\":[{\"@type\":\"Article\",\"@id\":\"https:\/\/cacaunews.com\/?p=5759#article\",\"isPartOf\":{\"@id\":\"https:\/\/cacaunews.com\/?p=5759\"},\"author\":{\"name\":\"Reda\u00e7\u00e3o Cacau News\",\"@id\":\"https:\/\/cacaunews.com\/#\/schema\/person\/ea69703103e606ad347ccd64bd72ef79\"},\"headline\":\"Ilh\u00e9us: Prefeito Valderico Junior decreta situa\u00e7\u00e3o de emerg\u00eancia administrativa.\",\"datePublished\":\"2025-02-01T13:00:22+00:00\",\"dateModified\":\"2025-02-01T14:08:43+00:00\",\"mainEntityOfPage\":{\"@id\":\"https:\/\/cacaunews.com\/?p=5759\"},\"wordCount\":240,\"commentCount\":0,\"publisher\":{\"@id\":\"https:\/\/cacaunews.com\/#organization\"},\"keywords\":[\"decreto\",\"emerg\u00eancia\",\"ilheus\",\"Valderico Jr.\"],\"articleSection\":[\"cidades\",\"Jornalismo\"],\"inLanguage\":\"pt-BR\",\"potentialAction\":[{\"@type\":\"CommentAction\",\"name\":\"Comment\",\"target\":[\"https:\/\/cacaunews.com\/?p=5759#respond\"]}]},{\"@type\":\"WebPage\",\"@id\":\"https:\/\/cacaunews.com\/?p=5759\",\"url\":\"https:\/\/cacaunews.com\/?p=5759\",\"name\":\"Ilh\u00e9us: Prefeito Valderico Junior decreta situa\u00e7\u00e3o de emerg\u00eancia administrativa. - Cacau News\",\"isPartOf\":{\"@id\":\"https:\/\/cacaunews.com\/#website\"},\"datePublished\":\"2025-02-01T13:00:22+00:00\",\"dateModified\":\"2025-02-01T14:08:43+00:00\",\"breadcrumb\":{\"@id\":\"https:\/\/cacaunews.com\/?p=5759#breadcrumb\"},\"inLanguage\":\"pt-BR\",\"potentialAction\":[{\"@type\":\"ReadAction\",\"target\":[\"https:\/\/cacaunews.com\/?p=5759\"]}]},{\"@type\":\"BreadcrumbList\",\"@id\":\"https:\/\/cacaunews.com\/?p=5759#breadcrumb\",\"itemListElement\":[{\"@type\":\"ListItem\",\"position\":1,\"name\":\"In\u00edcio\",\"item\":\"https:\/\/cacaunews.com\/\"},{\"@type\":\"ListItem\",\"position\":2,\"name\":\"Ilh\u00e9us: Prefeito Valderico Junior decreta situa\u00e7\u00e3o de emerg\u00eancia administrativa.\"}]},{\"@type\":\"WebSite\",\"@id\":\"https:\/\/cacaunews.com\/#website\",\"url\":\"https:\/\/cacaunews.com\/\",\"name\":\"Cacau News\",\"description\":\"A Informa\u00e7\u00e3o que voc\u00ea precisa!\",\"publisher\":{\"@id\":\"https:\/\/cacaunews.com\/#organization\"},\"potentialAction\":[{\"@type\":\"SearchAction\",\"target\":{\"@type\":\"EntryPoint\",\"urlTemplate\":\"https:\/\/cacaunews.com\/?s={search_term_string}\"},\"query-input\":\"required name=search_term_string\"}],\"inLanguage\":\"pt-BR\"},{\"@type\":\"Organization\",\"@id\":\"https:\/\/cacaunews.com\/#organization\",\"name\":\"Cacau News\",\"url\":\"https:\/\/cacaunews.com\/\",\"logo\":{\"@type\":\"ImageObject\",\"inLanguage\":\"pt-BR\",\"@id\":\"https:\/\/cacaunews.com\/#\/schema\/logo\/image\/\",\"url\":\"https:\/\/cacaunews.com\/wp-content\/uploads\/2025\/01\/cropped-LOGO-NOVA.png\",\"contentUrl\":\"https:\/\/cacaunews.com\/wp-content\/uploads\/2025\/01\/cropped-LOGO-NOVA.png\",\"width\":813,\"height\":813,\"caption\":\"Cacau News\"},\"image\":{\"@id\":\"https:\/\/cacaunews.com\/#\/schema\/logo\/image\/\"},\"sameAs\":[\"https:\/\/www.instagram.com\/cacaunews.online\/\",\"https:\/\/youtube.com\/@cacaunews?si=0VXLnjl08SrWbVG9\"]},{\"@type\":\"Person\",\"@id\":\"https:\/\/cacaunews.com\/#\/schema\/person\/ea69703103e606ad347ccd64bd72ef79\",\"name\":\"Reda\u00e7\u00e3o Cacau News\",\"image\":{\"@type\":\"ImageObject\",\"inLanguage\":\"pt-BR\",\"@id\":\"https:\/\/cacaunews.com\/#\/schema\/person\/image\/\",\"url\":\"https:\/\/secure.gravatar.com\/avatar\/d79227a2a7b6cc42e8d7a8f7c284cd3a?s=96&d=mm&r=g\",\"contentUrl\":\"https:\/\/secure.gravatar.com\/avatar\/d79227a2a7b6cc42e8d7a8f7c284cd3a?s=96&d=mm&r=g\",\"caption\":\"Reda\u00e7\u00e3o Cacau News\"},\"sameAs\":[\"https:\/\/cacaunews.com\"],\"url\":\"https:\/\/cacaunews.com\/?author=1\"}]}<\/script>\n<!-- \/ Yoast SEO plugin. -->","yoast_head_json":{"title":"Ilh\u00e9us: Prefeito Valderico Junior decreta situa\u00e7\u00e3o de emerg\u00eancia administrativa. - Cacau News","robots":{"index":"index","follow":"follow","max-snippet":"max-snippet:-1","max-image-preview":"max-image-preview:large","max-video-preview":"max-video-preview:-1"},"canonical":"https:\/\/cacaunews.com\/?p=5759","og_locale":"pt_BR","og_type":"article","og_title":"Ilh\u00e9us: Prefeito Valderico Junior decreta situa\u00e7\u00e3o de emerg\u00eancia administrativa. - Cacau News","og_description":"Na noite desta sexta-feira (31), a Prefeitura de Ilh\u00e9us decretou situa\u00e7\u00e3o de emerg\u00eancia administrativa no...","og_url":"https:\/\/cacaunews.com\/?p=5759","og_site_name":"Cacau News","article_published_time":"2025-02-01T13:00:22+00:00","article_modified_time":"2025-02-01T14:08:43+00:00","og_image":[{"width":650,"height":450,"url":"https:\/\/cacaunews.com\/wp-content\/uploads\/2025\/02\/7BE64D6CB2-B0BE-BDC3-C31A-0DB8CACE7CBC7D_650X450.jpg","type":"image\/jpeg"}],"author":"Reda\u00e7\u00e3o Cacau News","twitter_card":"summary_large_image","twitter_misc":{"Escrito por":"Reda\u00e7\u00e3o Cacau News","Est. tempo de leitura":"1 minuto"},"schema":{"@context":"https:\/\/schema.org","@graph":[{"@type":"Article","@id":"https:\/\/cacaunews.com\/?p=5759#article","isPartOf":{"@id":"https:\/\/cacaunews.com\/?p=5759"},"author":{"name":"Reda\u00e7\u00e3o Cacau News","@id":"https:\/\/cacaunews.com\/#\/schema\/person\/ea69703103e606ad347ccd64bd72ef79"},"headline":"Ilh\u00e9us: Prefeito Valderico Junior decreta situa\u00e7\u00e3o de emerg\u00eancia administrativa.","datePublished":"2025-02-01T13:00:22+00:00","dateModified":"2025-02-01T14:08:43+00:00","mainEntityOfPage":{"@id":"https:\/\/cacaunews.com\/?p=5759"},"wordCount":240,"commentCount":0,"publisher":{"@id":"https:\/\/cacaunews.com\/#organization"},"keywords":["decreto","emerg\u00eancia","ilheus","Valderico Jr."],"articleSection":["cidades","Jornalismo"],"inLanguage":"pt-BR","potentialAction":[{"@type":"CommentAction","name":"Comment","target":["https:\/\/cacaunews.com\/?p=5759#respond"]}]},{"@type":"WebPage","@id":"https:\/\/cacaunews.com\/?p=5759","url":"https:\/\/cacaunews.com\/?p=5759","name":"Ilh\u00e9us: Prefeito Valderico Junior decreta situa\u00e7\u00e3o de emerg\u00eancia administrativa. - Cacau News","isPartOf":{"@id":"https:\/\/cacaunews.com\/#website"},"datePublished":"2025-02-01T13:00:22+00:00","dateModified":"2025-02-01T14:08:43+00:00","breadcrumb":{"@id":"https:\/\/cacaunews.com\/?p=5759#breadcrumb"},"inLanguage":"pt-BR","potentialAction":[{"@type":"ReadAction","target":["https:\/\/cacaunews.com\/?p=5759"]}]},{"@type":"BreadcrumbList","@id":"https:\/\/cacaunews.com\/?p=5759#breadcrumb","itemListElement":[{"@type":"ListItem","position":1,"name":"In\u00edcio","item":"https:\/\/cacaunews.com\/"},{"@type":"ListItem","position":2,"name":"Ilh\u00e9us: Prefeito Valderico Junior decreta situa\u00e7\u00e3o de emerg\u00eancia administrativa."}]},{"@type":"WebSite","@id":"https:\/\/cacaunews.com\/#website","url":"https:\/\/cacaunews.com\/","name":"Cacau News","description":"A Informa\u00e7\u00e3o que voc\u00ea precisa!","publisher":{"@id":"https:\/\/cacaunews.com\/#organization"},"potentialAction":[{"@type":"SearchAction","target":{"@type":"EntryPoint","urlTemplate":"https:\/\/cacaunews.com\/?s={search_term_string}"},"query-input":"required name=search_term_string"}],"inLanguage":"pt-BR"},{"@type":"Organization","@id":"https:\/\/cacaunews.com\/#organization","name":"Cacau News","url":"https:\/\/cacaunews.com\/","logo":{"@type":"ImageObject","inLanguage":"pt-BR","@id":"https:\/\/cacaunews.com\/#\/schema\/logo\/image\/","url":"https:\/\/cacaunews.com\/wp-content\/uploads\/2025\/01\/cropped-LOGO-NOVA.png","contentUrl":"https:\/\/cacaunews.com\/wp-content\/uploads\/2025\/01\/cropped-LOGO-NOVA.png","width":813,"height":813,"caption":"Cacau News"},"image":{"@id":"https:\/\/cacaunews.com\/#\/schema\/logo\/image\/"},"sameAs":["https:\/\/www.instagram.com\/cacaunews.online\/","https:\/\/youtube.com\/@cacaunews?si=0VXLnjl08SrWbVG9"]},{"@type":"Person","@id":"https:\/\/cacaunews.com\/#\/schema\/person\/ea69703103e606ad347ccd64bd72ef79","name":"Reda\u00e7\u00e3o Cacau News","image":{"@type":"ImageObject","inLanguage":"pt-BR","@id":"https:\/\/cacaunews.com\/#\/schema\/person\/image\/","url":"https:\/\/secure.gravatar.com\/avatar\/d79227a2a7b6cc42e8d7a8f7c284cd3a?s=96&d=mm&r=g","contentUrl":"https:\/\/secure.gravatar.com\/avatar\/d79227a2a7b6cc42e8d7a8f7c284cd3a?s=96&d=mm&r=g","caption":"Reda\u00e7\u00e3o Cacau News"},"sameAs":["https:\/\/cacaunews.com"],"url":"https:\/\/cacaunews.com\/?author=1"}]}},"jetpack_sharing_enabled":true,"jetpack_featured_media_url":"https:\/\/cacaunews.com\/wp-content\/uploads\/2025\/02\/7BE64D6CB2-B0BE-BDC3-C31A-0DB8CACE7CBC7D_650X450.jpg","_links":{"self":[{"href":"https:\/\/cacaunews.com\/index.php?rest_route=\/wp\/v2\/posts\/5759"}],"collection":[{"href":"https:\/\/cacaunews.com\/index.php?rest_route=\/wp\/v2\/posts"}],"about":[{"href":"https:\/\/cacaunews.com\/index.php?rest_route=\/wp\/v2\/types\/post"}],"author":[{"embeddable":true,"href":"https:\/\/cacaunews.com\/index.php?rest_route=\/wp\/v2\/users\/1"}],"replies":[{"embeddable":true,"href":"https:\/\/cacaunews.com\/index.php?rest_route=%2Fwp%2Fv2%2Fcomments&post=5759"}],"version-history":[{"count":1,"href":"https:\/\/cacaunews.com\/index.php?rest_route=\/wp\/v2\/posts\/5759\/revisions"}],"predecessor-version":[{"id":5760,"href":"https:\/\/cacaunews.com\/index.php?rest_route=\/wp\/v2\/posts\/5759\/revisions\/5760"}],"wp:featuredmedia":[{"embeddable":true,"href":"https:\/\/cacaunews.com\/index.php?rest_route=\/wp\/v2\/media\/5758"}],"wp:attachment":[{"href":"https:\/\/cacaunews.com\/index.php?rest_route=%2Fwp%2Fv2%2Fmedia&parent=5759"}],"wp:term":[{"taxonomy":"category","embeddable":true,"href":"https:\/\/cacaunews.com\/index.php?rest_route=%2Fwp%2Fv2%2Fcategories&post=5759"},{"taxonomy":"post_tag","embeddable":true,"href":"https:\/\/cacaunews.com\/index.php?rest_route=%2Fwp%2Fv2%2Ftags&post=5759"}],"curies":[{"name":"wp","href":"https:\/\/api.w.org\/{rel}","templated":true}]}}