{"id":576,"date":"2023-01-09T13:32:07","date_gmt":"2023-01-09T13:32:07","guid":{"rendered":"https:\/\/cacaunews.com\/?p=576"},"modified":"2023-01-09T13:32:13","modified_gmt":"2023-01-09T13:32:13","slug":"df-com-afastamento-de-ibaneis-vice-celina-leao-assumira-o-governo","status":"publish","type":"post","link":"https:\/\/cacaunews.com\/?p=576","title":{"rendered":"DF: Com afastamento de Ibaneis, vice Celina Le\u00e3o assumir\u00e1 o governo."},"content":{"rendered":"\n<p>Ap\u00f3s decis\u00e3o do ministro do Supremo Tribunal Federal (STF), Alexandre Moraes,  em afastar o governador do Distrito Federal Ibaneis Rocha (MDB) por 90 dias, a vice Celina Le\u00e3o (PP) vai ocupar a fun\u00e7\u00e3o de chefe do Executivo local.<\/p>\n\n\n\n<p>A progressista assumiria&nbsp;<a href=\"https:\/\/blogs.correiobraziliense.com.br\/cbpoder\/ibaneis-vai-tirar-ferias-e-celina-assumira-gdf-por-15-dias\/\">a cadeira a partir de 16 de janeiro<\/a>, em virtude da viagem de Ibaneis aos Estados Unidos.&nbsp;<a href=\"https:\/\/www.correiobraziliense.com.br\/cidades-df\/2023\/01\/5064726-ibaneis-vai-adiar-ferias-nos-estados-unidos-apos-atos-terroristas-em-brasilia.html\">O chefe do Executivo local, no entanto, decidiu cancelar as f\u00e9rias em fam\u00edlia, programadas desde outubro, ap\u00f3s os atos terroristas na Pra\u00e7a dos Tr\u00eas Poderes<\/a>. Horas depois, Moraes&nbsp;comunicou o afastamento do cargo por tr\u00eas meses.&nbsp;<\/p>\n\n\n\n<p>A decis\u00e3o do ministro foi protocolada na madrugada desta segunda-feira (9\/1), e inclui Ibaneis Rocha e o ex-secret\u00e1rio de Seguran\u00e7a P\u00fablica Anderson Torres no inqu\u00e9rito que investiga os atos antidemocr\u00e1ticos na Pra\u00e7a dos Tr\u00eas Poderes. No documento de 18 p\u00e1ginas, Moraes considera que&nbsp;o governador do DF&nbsp;teve uma conduta \u201cdolosamente omissiva\u201d, \u201cque n\u00e3o s\u00f3 deu declara\u00e7\u00f5es p\u00fablicas defendendo uma falsa \u2018livre manifesta\u00e7\u00e3o pol\u00edtica em Bras\u00edlia\u2019 \u2014 mesmo sabedor por todas as redes que ataques \u00e0s Institui\u00e7\u00f5es e seus membros seriam realizados\u201d, escreveu Moraes.<\/p>\n\n\n\n<p>Na decis\u00e3o, o magistrado destaca que&nbsp;Rocha&nbsp;ignorou todos os apelos das autoridades para a realiza\u00e7\u00e3o de um plano de seguran\u00e7a semelhante aos realizados nos \u00faltimos dois anos no dia 7 de Setembro. \u201cAbsolutamente nada justifica a exist\u00eancia de acampamentos cheios de terroristas, patrocinados por diversos financiadores e com a complac\u00eancia de autoridades civis e militares em total subvers\u00e3o ao necess\u00e1rio respeito \u00e0 Constitui\u00e7\u00e3o Federal\u201d, disse o ministro. \u201cAbsolutamente nada justifica a omiss\u00e3o e coniv\u00eancia do Secret\u00e1rio de Seguran\u00e7a P\u00fablica e do Governador do Distrito Federal com criminosos que, previamente, anunciaram que praticariam atos violentos contra os Poderes constitu\u00eddos\u201d, concluiu.<\/p>\n\n\n\n<p>Ao assumir o comando da capital do pa\u00eds, Celina Le\u00e3o, que \u00e9 apoiadora da fam\u00edlia Bolsonaro e consolidou seu nome como advers\u00e1ria ferrenha da gest\u00e3o do petista Agnelo Queiroz, governador do DF entre 2011 e 2014, ter\u00e1 que se sentar com Lula no encontro agendado com os chefes dos Executivo estaduais, agendada para \u00e0s 18h desta segunda-feira (9\/1).<\/p>\n\n\n\n<p>Com informa\u00e7\u00f5es Correio Braziliense.<\/p>\n","protected":false},"excerpt":{"rendered":"<p>Ap\u00f3s decis\u00e3o do ministro do Supremo Tribunal Federal (STF), Alexandre Moraes, em afastar o governador&#8230;<\/p>\n","protected":false},"author":1,"featured_media":575,"comment_status":"open","ping_status":"open","sticky":false,"template":"","format":"standard","meta":{"footnotes":""},"categories":[18,11,5],"tags":[164,161,162,163],"yoast_head":"<!-- This site is optimized with the Yoast SEO plugin v21.7 - https:\/\/yoast.com\/wordpress\/plugins\/seo\/ -->\n<title>DF: Com afastamento de Ibaneis, vice Celina Le\u00e3o assumir\u00e1 o governo. - Cacau News<\/title>\n<meta name=\"robots\" content=\"index, follow, max-snippet:-1, max-image-preview:large, max-video-preview:-1\" \/>\n<link rel=\"canonical\" href=\"https:\/\/cacaunews.com\/?p=576\" \/>\n<meta property=\"og:locale\" content=\"pt_BR\" \/>\n<meta property=\"og:type\" content=\"article\" \/>\n<meta property=\"og:title\" content=\"DF: Com afastamento de Ibaneis, vice Celina Le\u00e3o assumir\u00e1 o governo. - Cacau News\" \/>\n<meta property=\"og:description\" content=\"Ap\u00f3s decis\u00e3o do ministro do Supremo Tribunal Federal (STF), Alexandre Moraes, em afastar o governador...\" \/>\n<meta property=\"og:url\" content=\"https:\/\/cacaunews.com\/?p=576\" \/>\n<meta property=\"og:site_name\" content=\"Cacau News\" \/>\n<meta property=\"article:published_time\" content=\"2023-01-09T13:32:07+00:00\" \/>\n<meta property=\"article:modified_time\" content=\"2023-01-09T13:32:13+00:00\" \/>\n<meta property=\"og:image\" content=\"https:\/\/cacaunews.com\/wp-content\/uploads\/2023\/01\/celina_eixo.jpg\" \/>\n\t<meta property=\"og:image:width\" content=\"1200\" \/>\n\t<meta property=\"og:image:height\" content=\"650\" \/>\n\t<meta property=\"og:image:type\" content=\"image\/jpeg\" \/>\n<meta name=\"author\" content=\"Reda\u00e7\u00e3o Cacau News\" \/>\n<meta name=\"twitter:card\" content=\"summary_large_image\" \/>\n<meta name=\"twitter:label1\" content=\"Escrito por\" \/>\n\t<meta name=\"twitter:data1\" content=\"Reda\u00e7\u00e3o Cacau News\" \/>\n\t<meta name=\"twitter:label2\" content=\"Est. tempo de leitura\" \/>\n\t<meta name=\"twitter:data2\" content=\"2 minutos\" \/>\n<script type=\"application\/ld+json\" class=\"yoast-schema-graph\">{\"@context\":\"https:\/\/schema.org\",\"@graph\":[{\"@type\":\"Article\",\"@id\":\"https:\/\/cacaunews.com\/?p=576#article\",\"isPartOf\":{\"@id\":\"https:\/\/cacaunews.com\/?p=576\"},\"author\":{\"name\":\"Reda\u00e7\u00e3o Cacau News\",\"@id\":\"https:\/\/cacaunews.com\/#\/schema\/person\/ea69703103e606ad347ccd64bd72ef79\"},\"headline\":\"DF: Com afastamento de Ibaneis, vice Celina Le\u00e3o assumir\u00e1 o governo.\",\"datePublished\":\"2023-01-09T13:32:07+00:00\",\"dateModified\":\"2023-01-09T13:32:13+00:00\",\"mainEntityOfPage\":{\"@id\":\"https:\/\/cacaunews.com\/?p=576\"},\"wordCount\":395,\"commentCount\":0,\"publisher\":{\"@id\":\"https:\/\/cacaunews.com\/#organization\"},\"keywords\":[\"Celina\",\"df\",\"governadora\",\"substitui\u00e7\u00e3o\"],\"articleSection\":[\"cidades\",\"Jornalismo\",\"Politica\"],\"inLanguage\":\"pt-BR\",\"potentialAction\":[{\"@type\":\"CommentAction\",\"name\":\"Comment\",\"target\":[\"https:\/\/cacaunews.com\/?p=576#respond\"]}]},{\"@type\":\"WebPage\",\"@id\":\"https:\/\/cacaunews.com\/?p=576\",\"url\":\"https:\/\/cacaunews.com\/?p=576\",\"name\":\"DF: Com afastamento de Ibaneis, vice Celina Le\u00e3o assumir\u00e1 o governo. - Cacau News\",\"isPartOf\":{\"@id\":\"https:\/\/cacaunews.com\/#website\"},\"datePublished\":\"2023-01-09T13:32:07+00:00\",\"dateModified\":\"2023-01-09T13:32:13+00:00\",\"breadcrumb\":{\"@id\":\"https:\/\/cacaunews.com\/?p=576#breadcrumb\"},\"inLanguage\":\"pt-BR\",\"potentialAction\":[{\"@type\":\"ReadAction\",\"target\":[\"https:\/\/cacaunews.com\/?p=576\"]}]},{\"@type\":\"BreadcrumbList\",\"@id\":\"https:\/\/cacaunews.com\/?p=576#breadcrumb\",\"itemListElement\":[{\"@type\":\"ListItem\",\"position\":1,\"name\":\"In\u00edcio\",\"item\":\"https:\/\/cacaunews.com\/\"},{\"@type\":\"ListItem\",\"position\":2,\"name\":\"DF: Com afastamento de Ibaneis, vice Celina Le\u00e3o assumir\u00e1 o governo.\"}]},{\"@type\":\"WebSite\",\"@id\":\"https:\/\/cacaunews.com\/#website\",\"url\":\"https:\/\/cacaunews.com\/\",\"name\":\"Cacau News\",\"description\":\"A Informa\u00e7\u00e3o que voc\u00ea precisa!\",\"publisher\":{\"@id\":\"https:\/\/cacaunews.com\/#organization\"},\"potentialAction\":[{\"@type\":\"SearchAction\",\"target\":{\"@type\":\"EntryPoint\",\"urlTemplate\":\"https:\/\/cacaunews.com\/?s={search_term_string}\"},\"query-input\":\"required name=search_term_string\"}],\"inLanguage\":\"pt-BR\"},{\"@type\":\"Organization\",\"@id\":\"https:\/\/cacaunews.com\/#organization\",\"name\":\"Cacau News\",\"url\":\"https:\/\/cacaunews.com\/\",\"logo\":{\"@type\":\"ImageObject\",\"inLanguage\":\"pt-BR\",\"@id\":\"https:\/\/cacaunews.com\/#\/schema\/logo\/image\/\",\"url\":\"https:\/\/cacaunews.com\/wp-content\/uploads\/2025\/01\/cropped-LOGO-NOVA.png\",\"contentUrl\":\"https:\/\/cacaunews.com\/wp-content\/uploads\/2025\/01\/cropped-LOGO-NOVA.png\",\"width\":813,\"height\":813,\"caption\":\"Cacau News\"},\"image\":{\"@id\":\"https:\/\/cacaunews.com\/#\/schema\/logo\/image\/\"},\"sameAs\":[\"https:\/\/www.instagram.com\/cacaunews.online\/\",\"https:\/\/youtube.com\/@cacaunews?si=0VXLnjl08SrWbVG9\"]},{\"@type\":\"Person\",\"@id\":\"https:\/\/cacaunews.com\/#\/schema\/person\/ea69703103e606ad347ccd64bd72ef79\",\"name\":\"Reda\u00e7\u00e3o Cacau News\",\"image\":{\"@type\":\"ImageObject\",\"inLanguage\":\"pt-BR\",\"@id\":\"https:\/\/cacaunews.com\/#\/schema\/person\/image\/\",\"url\":\"https:\/\/secure.gravatar.com\/avatar\/d79227a2a7b6cc42e8d7a8f7c284cd3a?s=96&d=mm&r=g\",\"contentUrl\":\"https:\/\/secure.gravatar.com\/avatar\/d79227a2a7b6cc42e8d7a8f7c284cd3a?s=96&d=mm&r=g\",\"caption\":\"Reda\u00e7\u00e3o Cacau News\"},\"sameAs\":[\"https:\/\/cacaunews.com\"],\"url\":\"https:\/\/cacaunews.com\/?author=1\"}]}<\/script>\n<!-- \/ Yoast SEO plugin. -->","yoast_head_json":{"title":"DF: Com afastamento de Ibaneis, vice Celina Le\u00e3o assumir\u00e1 o governo. - Cacau News","robots":{"index":"index","follow":"follow","max-snippet":"max-snippet:-1","max-image-preview":"max-image-preview:large","max-video-preview":"max-video-preview:-1"},"canonical":"https:\/\/cacaunews.com\/?p=576","og_locale":"pt_BR","og_type":"article","og_title":"DF: Com afastamento de Ibaneis, vice Celina Le\u00e3o assumir\u00e1 o governo. - Cacau News","og_description":"Ap\u00f3s decis\u00e3o do ministro do Supremo Tribunal Federal (STF), Alexandre Moraes, em afastar o governador...","og_url":"https:\/\/cacaunews.com\/?p=576","og_site_name":"Cacau News","article_published_time":"2023-01-09T13:32:07+00:00","article_modified_time":"2023-01-09T13:32:13+00:00","og_image":[{"width":1200,"height":650,"url":"https:\/\/cacaunews.com\/wp-content\/uploads\/2023\/01\/celina_eixo.jpg","type":"image\/jpeg"}],"author":"Reda\u00e7\u00e3o Cacau News","twitter_card":"summary_large_image","twitter_misc":{"Escrito por":"Reda\u00e7\u00e3o Cacau News","Est. tempo de leitura":"2 minutos"},"schema":{"@context":"https:\/\/schema.org","@graph":[{"@type":"Article","@id":"https:\/\/cacaunews.com\/?p=576#article","isPartOf":{"@id":"https:\/\/cacaunews.com\/?p=576"},"author":{"name":"Reda\u00e7\u00e3o Cacau News","@id":"https:\/\/cacaunews.com\/#\/schema\/person\/ea69703103e606ad347ccd64bd72ef79"},"headline":"DF: Com afastamento de Ibaneis, vice Celina Le\u00e3o assumir\u00e1 o governo.","datePublished":"2023-01-09T13:32:07+00:00","dateModified":"2023-01-09T13:32:13+00:00","mainEntityOfPage":{"@id":"https:\/\/cacaunews.com\/?p=576"},"wordCount":395,"commentCount":0,"publisher":{"@id":"https:\/\/cacaunews.com\/#organization"},"keywords":["Celina","df","governadora","substitui\u00e7\u00e3o"],"articleSection":["cidades","Jornalismo","Politica"],"inLanguage":"pt-BR","potentialAction":[{"@type":"CommentAction","name":"Comment","target":["https:\/\/cacaunews.com\/?p=576#respond"]}]},{"@type":"WebPage","@id":"https:\/\/cacaunews.com\/?p=576","url":"https:\/\/cacaunews.com\/?p=576","name":"DF: Com afastamento de Ibaneis, vice Celina Le\u00e3o assumir\u00e1 o governo. - Cacau News","isPartOf":{"@id":"https:\/\/cacaunews.com\/#website"},"datePublished":"2023-01-09T13:32:07+00:00","dateModified":"2023-01-09T13:32:13+00:00","breadcrumb":{"@id":"https:\/\/cacaunews.com\/?p=576#breadcrumb"},"inLanguage":"pt-BR","potentialAction":[{"@type":"ReadAction","target":["https:\/\/cacaunews.com\/?p=576"]}]},{"@type":"BreadcrumbList","@id":"https:\/\/cacaunews.com\/?p=576#breadcrumb","itemListElement":[{"@type":"ListItem","position":1,"name":"In\u00edcio","item":"https:\/\/cacaunews.com\/"},{"@type":"ListItem","position":2,"name":"DF: Com afastamento de Ibaneis, vice Celina Le\u00e3o assumir\u00e1 o governo."}]},{"@type":"WebSite","@id":"https:\/\/cacaunews.com\/#website","url":"https:\/\/cacaunews.com\/","name":"Cacau News","description":"A Informa\u00e7\u00e3o que voc\u00ea precisa!","publisher":{"@id":"https:\/\/cacaunews.com\/#organization"},"potentialAction":[{"@type":"SearchAction","target":{"@type":"EntryPoint","urlTemplate":"https:\/\/cacaunews.com\/?s={search_term_string}"},"query-input":"required name=search_term_string"}],"inLanguage":"pt-BR"},{"@type":"Organization","@id":"https:\/\/cacaunews.com\/#organization","name":"Cacau News","url":"https:\/\/cacaunews.com\/","logo":{"@type":"ImageObject","inLanguage":"pt-BR","@id":"https:\/\/cacaunews.com\/#\/schema\/logo\/image\/","url":"https:\/\/cacaunews.com\/wp-content\/uploads\/2025\/01\/cropped-LOGO-NOVA.png","contentUrl":"https:\/\/cacaunews.com\/wp-content\/uploads\/2025\/01\/cropped-LOGO-NOVA.png","width":813,"height":813,"caption":"Cacau News"},"image":{"@id":"https:\/\/cacaunews.com\/#\/schema\/logo\/image\/"},"sameAs":["https:\/\/www.instagram.com\/cacaunews.online\/","https:\/\/youtube.com\/@cacaunews?si=0VXLnjl08SrWbVG9"]},{"@type":"Person","@id":"https:\/\/cacaunews.com\/#\/schema\/person\/ea69703103e606ad347ccd64bd72ef79","name":"Reda\u00e7\u00e3o Cacau News","image":{"@type":"ImageObject","inLanguage":"pt-BR","@id":"https:\/\/cacaunews.com\/#\/schema\/person\/image\/","url":"https:\/\/secure.gravatar.com\/avatar\/d79227a2a7b6cc42e8d7a8f7c284cd3a?s=96&d=mm&r=g","contentUrl":"https:\/\/secure.gravatar.com\/avatar\/d79227a2a7b6cc42e8d7a8f7c284cd3a?s=96&d=mm&r=g","caption":"Reda\u00e7\u00e3o Cacau News"},"sameAs":["https:\/\/cacaunews.com"],"url":"https:\/\/cacaunews.com\/?author=1"}]}},"jetpack_sharing_enabled":true,"jetpack_featured_media_url":"https:\/\/cacaunews.com\/wp-content\/uploads\/2023\/01\/celina_eixo.jpg","_links":{"self":[{"href":"https:\/\/cacaunews.com\/index.php?rest_route=\/wp\/v2\/posts\/576"}],"collection":[{"href":"https:\/\/cacaunews.com\/index.php?rest_route=\/wp\/v2\/posts"}],"about":[{"href":"https:\/\/cacaunews.com\/index.php?rest_route=\/wp\/v2\/types\/post"}],"author":[{"embeddable":true,"href":"https:\/\/cacaunews.com\/index.php?rest_route=\/wp\/v2\/users\/1"}],"replies":[{"embeddable":true,"href":"https:\/\/cacaunews.com\/index.php?rest_route=%2Fwp%2Fv2%2Fcomments&post=576"}],"version-history":[{"count":1,"href":"https:\/\/cacaunews.com\/index.php?rest_route=\/wp\/v2\/posts\/576\/revisions"}],"predecessor-version":[{"id":577,"href":"https:\/\/cacaunews.com\/index.php?rest_route=\/wp\/v2\/posts\/576\/revisions\/577"}],"wp:featuredmedia":[{"embeddable":true,"href":"https:\/\/cacaunews.com\/index.php?rest_route=\/wp\/v2\/media\/575"}],"wp:attachment":[{"href":"https:\/\/cacaunews.com\/index.php?rest_route=%2Fwp%2Fv2%2Fmedia&parent=576"}],"wp:term":[{"taxonomy":"category","embeddable":true,"href":"https:\/\/cacaunews.com\/index.php?rest_route=%2Fwp%2Fv2%2Fcategories&post=576"},{"taxonomy":"post_tag","embeddable":true,"href":"https:\/\/cacaunews.com\/index.php?rest_route=%2Fwp%2Fv2%2Ftags&post=576"}],"curies":[{"name":"wp","href":"https:\/\/api.w.org\/{rel}","templated":true}]}}