{"id":5778,"date":"2025-02-03T10:00:00","date_gmt":"2025-02-03T10:00:00","guid":{"rendered":"https:\/\/cacaunews.com\/?p=5778"},"modified":"2025-02-03T10:00:00","modified_gmt":"2025-02-03T10:00:00","slug":"itabuna-prefeitura-anuncia-ajustes-em-linhas-de-onibus-a-partir-desta-segunda-feira-03","status":"publish","type":"post","link":"https:\/\/cacaunews.com\/?p=5778","title":{"rendered":"Itabuna: Prefeitura anuncia ajustes em linhas de \u00f4nibus a partir desta segunda-feira (03)."},"content":{"rendered":"\n<p><em>Mudan\u00e7as incluem novos hor\u00e1rios e aumento da frota em circula\u00e7\u00e3o<\/em>.<\/p>\n\n\n\n<p>A Prefeitura de Itabuna (BA), por meio da Secretaria Municipal de Transportes e Tr\u00e2nsito (SETTRAN), anunciou que far\u00e1 ajustes pontuais em algumas linhas de \u00f4nibus do transporte p\u00fablico a partir da pr\u00f3xima segunda-feira, 3 de fevereiro de 2025. As mudan\u00e7as, que incluem altera\u00e7\u00f5es nos hor\u00e1rios e aumento da frota em circula\u00e7\u00e3o, visam melhorar a efici\u00eancia do sistema e evitar atrasos para os usu\u00e1rios, especialmente com o fim do per\u00edodo de f\u00e9rias escolares.<\/p>\n\n\n\n<p>O secret\u00e1rio municipal de Transportes e Tr\u00e2nsito, Fernando Benigno Silva Brand\u00e3o, destacou que as altera\u00e7\u00f5es foram planejadas ap\u00f3s seis meses de estudos sobre mobilidade urbana. &#8220;Por determina\u00e7\u00e3o do prefeito Augusto Castro (PSD), os agentes de fiscaliza\u00e7\u00e3o foram \u00e0s ruas para identificar problemas em todas as linhas e itiner\u00e1rios. Com base nesses dados, definimos uma nova programa\u00e7\u00e3o que atenda melhor \u00e0s necessidades da popula\u00e7\u00e3o&#8221;, explicou Brand\u00e3o.<br><br>Segundo o diretor de Transportes da SETTRAN, Whellington Santana, os usu\u00e1rios poder\u00e3o observar pequenas altera\u00e7\u00f5es nos hor\u00e1rios, como adiantamentos ou atrasos de at\u00e9 cinco minutos. &#8220;Esses ajustes foram necess\u00e1rios para otimizar o fluxo dos \u00f4nibus e garantir que os passageiros n\u00e3o percam suas viagens&#8221;, afirmou Santana.<br><br>Para facilitar a consulta dos novos hor\u00e1rios, a concession\u00e1ria Atl\u00e2ntico Transportes j\u00e1 disponibilizou as atualiza\u00e7\u00f5es no aplicativo SigaAtl\u00e2ntico, que pode ser baixado nas lojas de aplicativos Android e iOS. O aplicativo permite que os usu\u00e1rios visualizem as linhas, os c\u00f3digos de identifica\u00e7\u00e3o dos itiner\u00e1rios e at\u00e9 mesmo adicionem rotas favoritas. Al\u00e9m disso, \u00e9 poss\u00edvel selecionar o local desejado e visualizar o mapa da cidade.<br><br>&#8220;Com o aplicativo atualizado, a partir de segunda-feira, as pessoas n\u00e3o perder\u00e3o seus hor\u00e1rios para a escola ou o trabalho&#8221;, refor\u00e7ou o titular da SETTRAN.<br><br>Atualmente, Itabuna conta com 39 linhas de \u00f4nibus em opera\u00e7\u00e3o, sendo 35 urbanas e quatro rurais, que cobrem toda a cidade. A prefeitura refor\u00e7ou que a amplia\u00e7\u00e3o da frota em circula\u00e7\u00e3o ajudar\u00e1 a reduzir atrasos e a garantir um servi\u00e7o mais eficiente.<\/p>\n\n\n\n<p>A SETTRAN alerta os usu\u00e1rios para que realizem a consulta dos novos hor\u00e1rios no aplicativo SigaAtl\u00e2ntico j\u00e1 neste final de semana. &#8220;Para o sucesso da nova opera\u00e7\u00e3o, \u00e9 fundamental que os passageiros se familiarizem com as mudan\u00e7as e planejem seus deslocamentos com anteced\u00eancia\u201d, concluiu Whellington Santana.<\/p>\n\n\n\n<p>Com Informa\u00e7\u00f5es Di\u00e1rio do Transporte.<\/p>\n","protected":false},"excerpt":{"rendered":"<p>Mudan\u00e7as incluem novos hor\u00e1rios e aumento da frota em circula\u00e7\u00e3o. A Prefeitura de Itabuna (BA),&#8230;<\/p>\n","protected":false},"author":1,"featured_media":5777,"comment_status":"open","ping_status":"open","sticky":false,"template":"","format":"standard","meta":{"footnotes":""},"categories":[18,11],"tags":[2042,27,769,411],"yoast_head":"<!-- This site is optimized with the Yoast SEO plugin v21.7 - https:\/\/yoast.com\/wordpress\/plugins\/seo\/ -->\n<title>Itabuna: Prefeitura anuncia ajustes em linhas de \u00f4nibus a partir desta segunda-feira (03). - Cacau News<\/title>\n<meta name=\"robots\" content=\"index, follow, max-snippet:-1, max-image-preview:large, max-video-preview:-1\" \/>\n<link rel=\"canonical\" href=\"https:\/\/cacaunews.com\/?p=5778\" \/>\n<meta property=\"og:locale\" content=\"pt_BR\" \/>\n<meta property=\"og:type\" content=\"article\" \/>\n<meta property=\"og:title\" content=\"Itabuna: Prefeitura anuncia ajustes em linhas de \u00f4nibus a partir desta segunda-feira (03). - Cacau News\" \/>\n<meta property=\"og:description\" content=\"Mudan\u00e7as incluem novos hor\u00e1rios e aumento da frota em circula\u00e7\u00e3o. A Prefeitura de Itabuna (BA),...\" \/>\n<meta property=\"og:url\" content=\"https:\/\/cacaunews.com\/?p=5778\" \/>\n<meta property=\"og:site_name\" content=\"Cacau News\" \/>\n<meta property=\"article:published_time\" content=\"2025-02-03T10:00:00+00:00\" \/>\n<meta property=\"og:image\" content=\"https:\/\/cacaunews.com\/wp-content\/uploads\/2025\/02\/IMG_20250203_023531.jpg\" \/>\n\t<meta property=\"og:image:width\" content=\"1008\" \/>\n\t<meta property=\"og:image:height\" content=\"668\" \/>\n\t<meta property=\"og:image:type\" content=\"image\/jpeg\" \/>\n<meta name=\"author\" content=\"Reda\u00e7\u00e3o Cacau News\" \/>\n<meta name=\"twitter:card\" content=\"summary_large_image\" \/>\n<meta name=\"twitter:label1\" content=\"Escrito por\" \/>\n\t<meta name=\"twitter:data1\" content=\"Reda\u00e7\u00e3o Cacau News\" \/>\n\t<meta name=\"twitter:label2\" content=\"Est. tempo de leitura\" \/>\n\t<meta name=\"twitter:data2\" content=\"2 minutos\" \/>\n<script type=\"application\/ld+json\" class=\"yoast-schema-graph\">{\"@context\":\"https:\/\/schema.org\",\"@graph\":[{\"@type\":\"Article\",\"@id\":\"https:\/\/cacaunews.com\/?p=5778#article\",\"isPartOf\":{\"@id\":\"https:\/\/cacaunews.com\/?p=5778\"},\"author\":{\"name\":\"Reda\u00e7\u00e3o Cacau News\",\"@id\":\"https:\/\/cacaunews.com\/#\/schema\/person\/ea69703103e606ad347ccd64bd72ef79\"},\"headline\":\"Itabuna: Prefeitura anuncia ajustes em linhas de \u00f4nibus a partir desta segunda-feira (03).\",\"datePublished\":\"2025-02-03T10:00:00+00:00\",\"dateModified\":\"2025-02-03T10:00:00+00:00\",\"mainEntityOfPage\":{\"@id\":\"https:\/\/cacaunews.com\/?p=5778\"},\"wordCount\":440,\"commentCount\":0,\"publisher\":{\"@id\":\"https:\/\/cacaunews.com\/#organization\"},\"keywords\":[\"ajustes\",\"itabuna\",\"\u00f4nibus\",\"transporte\"],\"articleSection\":[\"cidades\",\"Jornalismo\"],\"inLanguage\":\"pt-BR\",\"potentialAction\":[{\"@type\":\"CommentAction\",\"name\":\"Comment\",\"target\":[\"https:\/\/cacaunews.com\/?p=5778#respond\"]}]},{\"@type\":\"WebPage\",\"@id\":\"https:\/\/cacaunews.com\/?p=5778\",\"url\":\"https:\/\/cacaunews.com\/?p=5778\",\"name\":\"Itabuna: Prefeitura anuncia ajustes em linhas de \u00f4nibus a partir desta segunda-feira (03). - Cacau News\",\"isPartOf\":{\"@id\":\"https:\/\/cacaunews.com\/#website\"},\"datePublished\":\"2025-02-03T10:00:00+00:00\",\"dateModified\":\"2025-02-03T10:00:00+00:00\",\"breadcrumb\":{\"@id\":\"https:\/\/cacaunews.com\/?p=5778#breadcrumb\"},\"inLanguage\":\"pt-BR\",\"potentialAction\":[{\"@type\":\"ReadAction\",\"target\":[\"https:\/\/cacaunews.com\/?p=5778\"]}]},{\"@type\":\"BreadcrumbList\",\"@id\":\"https:\/\/cacaunews.com\/?p=5778#breadcrumb\",\"itemListElement\":[{\"@type\":\"ListItem\",\"position\":1,\"name\":\"In\u00edcio\",\"item\":\"https:\/\/cacaunews.com\/\"},{\"@type\":\"ListItem\",\"position\":2,\"name\":\"Itabuna: Prefeitura anuncia ajustes em linhas de \u00f4nibus a partir desta segunda-feira (03).\"}]},{\"@type\":\"WebSite\",\"@id\":\"https:\/\/cacaunews.com\/#website\",\"url\":\"https:\/\/cacaunews.com\/\",\"name\":\"Cacau News\",\"description\":\"A Informa\u00e7\u00e3o que voc\u00ea precisa!\",\"publisher\":{\"@id\":\"https:\/\/cacaunews.com\/#organization\"},\"potentialAction\":[{\"@type\":\"SearchAction\",\"target\":{\"@type\":\"EntryPoint\",\"urlTemplate\":\"https:\/\/cacaunews.com\/?s={search_term_string}\"},\"query-input\":\"required name=search_term_string\"}],\"inLanguage\":\"pt-BR\"},{\"@type\":\"Organization\",\"@id\":\"https:\/\/cacaunews.com\/#organization\",\"name\":\"Cacau News\",\"url\":\"https:\/\/cacaunews.com\/\",\"logo\":{\"@type\":\"ImageObject\",\"inLanguage\":\"pt-BR\",\"@id\":\"https:\/\/cacaunews.com\/#\/schema\/logo\/image\/\",\"url\":\"https:\/\/cacaunews.com\/wp-content\/uploads\/2025\/01\/cropped-LOGO-NOVA.png\",\"contentUrl\":\"https:\/\/cacaunews.com\/wp-content\/uploads\/2025\/01\/cropped-LOGO-NOVA.png\",\"width\":813,\"height\":813,\"caption\":\"Cacau News\"},\"image\":{\"@id\":\"https:\/\/cacaunews.com\/#\/schema\/logo\/image\/\"},\"sameAs\":[\"https:\/\/www.instagram.com\/cacaunews.online\/\",\"https:\/\/youtube.com\/@cacaunews?si=0VXLnjl08SrWbVG9\"]},{\"@type\":\"Person\",\"@id\":\"https:\/\/cacaunews.com\/#\/schema\/person\/ea69703103e606ad347ccd64bd72ef79\",\"name\":\"Reda\u00e7\u00e3o Cacau News\",\"image\":{\"@type\":\"ImageObject\",\"inLanguage\":\"pt-BR\",\"@id\":\"https:\/\/cacaunews.com\/#\/schema\/person\/image\/\",\"url\":\"https:\/\/secure.gravatar.com\/avatar\/d79227a2a7b6cc42e8d7a8f7c284cd3a?s=96&d=mm&r=g\",\"contentUrl\":\"https:\/\/secure.gravatar.com\/avatar\/d79227a2a7b6cc42e8d7a8f7c284cd3a?s=96&d=mm&r=g\",\"caption\":\"Reda\u00e7\u00e3o Cacau News\"},\"sameAs\":[\"https:\/\/cacaunews.com\"],\"url\":\"https:\/\/cacaunews.com\/?author=1\"}]}<\/script>\n<!-- \/ Yoast SEO plugin. -->","yoast_head_json":{"title":"Itabuna: Prefeitura anuncia ajustes em linhas de \u00f4nibus a partir desta segunda-feira (03). - Cacau News","robots":{"index":"index","follow":"follow","max-snippet":"max-snippet:-1","max-image-preview":"max-image-preview:large","max-video-preview":"max-video-preview:-1"},"canonical":"https:\/\/cacaunews.com\/?p=5778","og_locale":"pt_BR","og_type":"article","og_title":"Itabuna: Prefeitura anuncia ajustes em linhas de \u00f4nibus a partir desta segunda-feira (03). - Cacau News","og_description":"Mudan\u00e7as incluem novos hor\u00e1rios e aumento da frota em circula\u00e7\u00e3o. A Prefeitura de Itabuna (BA),...","og_url":"https:\/\/cacaunews.com\/?p=5778","og_site_name":"Cacau News","article_published_time":"2025-02-03T10:00:00+00:00","og_image":[{"width":1008,"height":668,"url":"https:\/\/cacaunews.com\/wp-content\/uploads\/2025\/02\/IMG_20250203_023531.jpg","type":"image\/jpeg"}],"author":"Reda\u00e7\u00e3o Cacau News","twitter_card":"summary_large_image","twitter_misc":{"Escrito por":"Reda\u00e7\u00e3o Cacau News","Est. tempo de leitura":"2 minutos"},"schema":{"@context":"https:\/\/schema.org","@graph":[{"@type":"Article","@id":"https:\/\/cacaunews.com\/?p=5778#article","isPartOf":{"@id":"https:\/\/cacaunews.com\/?p=5778"},"author":{"name":"Reda\u00e7\u00e3o Cacau News","@id":"https:\/\/cacaunews.com\/#\/schema\/person\/ea69703103e606ad347ccd64bd72ef79"},"headline":"Itabuna: Prefeitura anuncia ajustes em linhas de \u00f4nibus a partir desta segunda-feira (03).","datePublished":"2025-02-03T10:00:00+00:00","dateModified":"2025-02-03T10:00:00+00:00","mainEntityOfPage":{"@id":"https:\/\/cacaunews.com\/?p=5778"},"wordCount":440,"commentCount":0,"publisher":{"@id":"https:\/\/cacaunews.com\/#organization"},"keywords":["ajustes","itabuna","\u00f4nibus","transporte"],"articleSection":["cidades","Jornalismo"],"inLanguage":"pt-BR","potentialAction":[{"@type":"CommentAction","name":"Comment","target":["https:\/\/cacaunews.com\/?p=5778#respond"]}]},{"@type":"WebPage","@id":"https:\/\/cacaunews.com\/?p=5778","url":"https:\/\/cacaunews.com\/?p=5778","name":"Itabuna: Prefeitura anuncia ajustes em linhas de \u00f4nibus a partir desta segunda-feira (03). - Cacau News","isPartOf":{"@id":"https:\/\/cacaunews.com\/#website"},"datePublished":"2025-02-03T10:00:00+00:00","dateModified":"2025-02-03T10:00:00+00:00","breadcrumb":{"@id":"https:\/\/cacaunews.com\/?p=5778#breadcrumb"},"inLanguage":"pt-BR","potentialAction":[{"@type":"ReadAction","target":["https:\/\/cacaunews.com\/?p=5778"]}]},{"@type":"BreadcrumbList","@id":"https:\/\/cacaunews.com\/?p=5778#breadcrumb","itemListElement":[{"@type":"ListItem","position":1,"name":"In\u00edcio","item":"https:\/\/cacaunews.com\/"},{"@type":"ListItem","position":2,"name":"Itabuna: Prefeitura anuncia ajustes em linhas de \u00f4nibus a partir desta segunda-feira (03)."}]},{"@type":"WebSite","@id":"https:\/\/cacaunews.com\/#website","url":"https:\/\/cacaunews.com\/","name":"Cacau News","description":"A Informa\u00e7\u00e3o que voc\u00ea precisa!","publisher":{"@id":"https:\/\/cacaunews.com\/#organization"},"potentialAction":[{"@type":"SearchAction","target":{"@type":"EntryPoint","urlTemplate":"https:\/\/cacaunews.com\/?s={search_term_string}"},"query-input":"required name=search_term_string"}],"inLanguage":"pt-BR"},{"@type":"Organization","@id":"https:\/\/cacaunews.com\/#organization","name":"Cacau News","url":"https:\/\/cacaunews.com\/","logo":{"@type":"ImageObject","inLanguage":"pt-BR","@id":"https:\/\/cacaunews.com\/#\/schema\/logo\/image\/","url":"https:\/\/cacaunews.com\/wp-content\/uploads\/2025\/01\/cropped-LOGO-NOVA.png","contentUrl":"https:\/\/cacaunews.com\/wp-content\/uploads\/2025\/01\/cropped-LOGO-NOVA.png","width":813,"height":813,"caption":"Cacau News"},"image":{"@id":"https:\/\/cacaunews.com\/#\/schema\/logo\/image\/"},"sameAs":["https:\/\/www.instagram.com\/cacaunews.online\/","https:\/\/youtube.com\/@cacaunews?si=0VXLnjl08SrWbVG9"]},{"@type":"Person","@id":"https:\/\/cacaunews.com\/#\/schema\/person\/ea69703103e606ad347ccd64bd72ef79","name":"Reda\u00e7\u00e3o Cacau News","image":{"@type":"ImageObject","inLanguage":"pt-BR","@id":"https:\/\/cacaunews.com\/#\/schema\/person\/image\/","url":"https:\/\/secure.gravatar.com\/avatar\/d79227a2a7b6cc42e8d7a8f7c284cd3a?s=96&d=mm&r=g","contentUrl":"https:\/\/secure.gravatar.com\/avatar\/d79227a2a7b6cc42e8d7a8f7c284cd3a?s=96&d=mm&r=g","caption":"Reda\u00e7\u00e3o Cacau News"},"sameAs":["https:\/\/cacaunews.com"],"url":"https:\/\/cacaunews.com\/?author=1"}]}},"jetpack_sharing_enabled":true,"jetpack_featured_media_url":"https:\/\/cacaunews.com\/wp-content\/uploads\/2025\/02\/IMG_20250203_023531.jpg","_links":{"self":[{"href":"https:\/\/cacaunews.com\/index.php?rest_route=\/wp\/v2\/posts\/5778"}],"collection":[{"href":"https:\/\/cacaunews.com\/index.php?rest_route=\/wp\/v2\/posts"}],"about":[{"href":"https:\/\/cacaunews.com\/index.php?rest_route=\/wp\/v2\/types\/post"}],"author":[{"embeddable":true,"href":"https:\/\/cacaunews.com\/index.php?rest_route=\/wp\/v2\/users\/1"}],"replies":[{"embeddable":true,"href":"https:\/\/cacaunews.com\/index.php?rest_route=%2Fwp%2Fv2%2Fcomments&post=5778"}],"version-history":[{"count":0,"href":"https:\/\/cacaunews.com\/index.php?rest_route=\/wp\/v2\/posts\/5778\/revisions"}],"wp:featuredmedia":[{"embeddable":true,"href":"https:\/\/cacaunews.com\/index.php?rest_route=\/wp\/v2\/media\/5777"}],"wp:attachment":[{"href":"https:\/\/cacaunews.com\/index.php?rest_route=%2Fwp%2Fv2%2Fmedia&parent=5778"}],"wp:term":[{"taxonomy":"category","embeddable":true,"href":"https:\/\/cacaunews.com\/index.php?rest_route=%2Fwp%2Fv2%2Fcategories&post=5778"},{"taxonomy":"post_tag","embeddable":true,"href":"https:\/\/cacaunews.com\/index.php?rest_route=%2Fwp%2Fv2%2Ftags&post=5778"}],"curies":[{"name":"wp","href":"https:\/\/api.w.org\/{rel}","templated":true}]}}