{"id":5782,"date":"2025-02-03T09:30:06","date_gmt":"2025-02-03T09:30:06","guid":{"rendered":"https:\/\/cacaunews.com\/?p=5782"},"modified":"2025-02-03T09:30:06","modified_gmt":"2025-02-03T09:30:06","slug":"motociclista-ilheense-morre-em-acidente-na-br-324-em-salvador","status":"publish","type":"post","link":"https:\/\/cacaunews.com\/?p=5782","title":{"rendered":"Motociclista Ilheense morre em acidente na BR 324, em Salvador."},"content":{"rendered":"\n<p>Um acidente de tr\u00e2nsito terminou com a morte de um motociclista, na madrugada deste domingo (2), na BR-324, em Salvador. O suspeito de ocasionar a colis\u00e3o, que dirigia um carro, apresentava sinais de embriaguez e foi preso.<br><br>Agentes da Pol\u00edcia Rodovi\u00e1ria Federal (PRF) foram acionados para a ocorr\u00eancia e j\u00e1 encontraram o motociclista morto. Ele tinha 66 anos, era natural de Ilh\u00e9us e servidor p\u00fablico municipal. Seu nome n\u00e3o foi divulgado.<\/p>\n\n\n\n<p>O motorista do carro, por sua vez, apresentava sinais claros de embriaguez, como fala desconexa, odor et\u00edlico, olhos vermelhos e falta de equil\u00edbrio. O teste do baf\u00f4metro detectou a presen\u00e7a de \u00e1lcool em seu organismo. Seu n\u00edvel de embriaguez era t\u00e3o alto que sequer conseguiu soprar o aparelho.<\/p>\n\n\n\n<p>De acordo com informa\u00e7\u00f5es do g1, testemunhas relataram que o ve\u00edculo trafegava na contram\u00e3o de dire\u00e7\u00e3o e na faixa de maior velocidade, quando colidiu de frente com a motocicleta e a v\u00edtima foi arremessada ao solo.<br><br>Os policias lavraram um Termo de Constata\u00e7\u00e3o de Embriaguez, documento onde se detalha o conjunto de sinais de ingest\u00e3o de \u00e1lcool constatados no ato da abordagem.<br><br>O suspeito foi preso e encaminhado \u00e0 Central de Flagrantes de Salvador. Ele foi autuado pelos crimes de homic\u00eddio, falta de habilita\u00e7\u00e3o para conduzir ve\u00edculo automotor e conduzir ve\u00edculo com capacidade psicomotora alterada.<\/p>\n\n\n\n<p>O caso ser\u00e1 investigado pela 10\u00aa Delegacia Territorial de Pau da Lima.<\/p>\n\n\n\n<p>Com Informa\u00e7\u00f5es G1.<\/p>\n\n\n\n<p><\/p>\n\n\n\n<p><\/p>\n","protected":false},"excerpt":{"rendered":"<p>Um acidente de tr\u00e2nsito terminou com a morte de um motociclista, na madrugada deste domingo&#8230;<\/p>\n","protected":false},"author":1,"featured_media":5781,"comment_status":"open","ping_status":"open","sticky":false,"template":"","format":"standard","meta":{"footnotes":""},"categories":[18,11],"tags":[72,2044,37,2043,266],"yoast_head":"<!-- This site is optimized with the Yoast SEO plugin v21.7 - https:\/\/yoast.com\/wordpress\/plugins\/seo\/ -->\n<title>Motociclista Ilheense morre em acidente na BR 324, em Salvador. - Cacau News<\/title>\n<meta name=\"robots\" content=\"index, follow, max-snippet:-1, max-image-preview:large, max-video-preview:-1\" \/>\n<link rel=\"canonical\" href=\"https:\/\/cacaunews.com\/?p=5782\" \/>\n<meta property=\"og:locale\" content=\"pt_BR\" \/>\n<meta property=\"og:type\" content=\"article\" \/>\n<meta property=\"og:title\" content=\"Motociclista Ilheense morre em acidente na BR 324, em Salvador. - Cacau News\" \/>\n<meta property=\"og:description\" content=\"Um acidente de tr\u00e2nsito terminou com a morte de um motociclista, na madrugada deste domingo...\" \/>\n<meta property=\"og:url\" content=\"https:\/\/cacaunews.com\/?p=5782\" \/>\n<meta property=\"og:site_name\" content=\"Cacau News\" \/>\n<meta property=\"article:published_time\" content=\"2025-02-03T09:30:06+00:00\" \/>\n<meta property=\"og:image\" content=\"https:\/\/cacaunews.com\/wp-content\/uploads\/2025\/02\/acidente_br324prf_widelg.jpg\" \/>\n\t<meta property=\"og:image:width\" content=\"800\" \/>\n\t<meta property=\"og:image:height\" content=\"450\" \/>\n\t<meta property=\"og:image:type\" content=\"image\/jpeg\" \/>\n<meta name=\"author\" content=\"Reda\u00e7\u00e3o Cacau News\" \/>\n<meta name=\"twitter:card\" content=\"summary_large_image\" \/>\n<meta name=\"twitter:label1\" content=\"Escrito por\" \/>\n\t<meta name=\"twitter:data1\" content=\"Reda\u00e7\u00e3o Cacau News\" \/>\n\t<meta name=\"twitter:label2\" content=\"Est. tempo de leitura\" \/>\n\t<meta name=\"twitter:data2\" content=\"1 minuto\" \/>\n<script type=\"application\/ld+json\" class=\"yoast-schema-graph\">{\"@context\":\"https:\/\/schema.org\",\"@graph\":[{\"@type\":\"Article\",\"@id\":\"https:\/\/cacaunews.com\/?p=5782#article\",\"isPartOf\":{\"@id\":\"https:\/\/cacaunews.com\/?p=5782\"},\"author\":{\"name\":\"Reda\u00e7\u00e3o Cacau News\",\"@id\":\"https:\/\/cacaunews.com\/#\/schema\/person\/ea69703103e606ad347ccd64bd72ef79\"},\"headline\":\"Motociclista Ilheense morre em acidente na BR 324, em Salvador.\",\"datePublished\":\"2025-02-03T09:30:06+00:00\",\"dateModified\":\"2025-02-03T09:30:06+00:00\",\"mainEntityOfPage\":{\"@id\":\"https:\/\/cacaunews.com\/?p=5782\"},\"wordCount\":260,\"commentCount\":0,\"publisher\":{\"@id\":\"https:\/\/cacaunews.com\/#organization\"},\"keywords\":[\"acidente\",\"BR 324\",\"ilheus\",\"motociclista\",\"Salvador\"],\"articleSection\":[\"cidades\",\"Jornalismo\"],\"inLanguage\":\"pt-BR\",\"potentialAction\":[{\"@type\":\"CommentAction\",\"name\":\"Comment\",\"target\":[\"https:\/\/cacaunews.com\/?p=5782#respond\"]}]},{\"@type\":\"WebPage\",\"@id\":\"https:\/\/cacaunews.com\/?p=5782\",\"url\":\"https:\/\/cacaunews.com\/?p=5782\",\"name\":\"Motociclista Ilheense morre em acidente na BR 324, em Salvador. - Cacau News\",\"isPartOf\":{\"@id\":\"https:\/\/cacaunews.com\/#website\"},\"datePublished\":\"2025-02-03T09:30:06+00:00\",\"dateModified\":\"2025-02-03T09:30:06+00:00\",\"breadcrumb\":{\"@id\":\"https:\/\/cacaunews.com\/?p=5782#breadcrumb\"},\"inLanguage\":\"pt-BR\",\"potentialAction\":[{\"@type\":\"ReadAction\",\"target\":[\"https:\/\/cacaunews.com\/?p=5782\"]}]},{\"@type\":\"BreadcrumbList\",\"@id\":\"https:\/\/cacaunews.com\/?p=5782#breadcrumb\",\"itemListElement\":[{\"@type\":\"ListItem\",\"position\":1,\"name\":\"In\u00edcio\",\"item\":\"https:\/\/cacaunews.com\/\"},{\"@type\":\"ListItem\",\"position\":2,\"name\":\"Motociclista Ilheense morre em acidente na BR 324, em Salvador.\"}]},{\"@type\":\"WebSite\",\"@id\":\"https:\/\/cacaunews.com\/#website\",\"url\":\"https:\/\/cacaunews.com\/\",\"name\":\"Cacau News\",\"description\":\"A Informa\u00e7\u00e3o que voc\u00ea precisa!\",\"publisher\":{\"@id\":\"https:\/\/cacaunews.com\/#organization\"},\"potentialAction\":[{\"@type\":\"SearchAction\",\"target\":{\"@type\":\"EntryPoint\",\"urlTemplate\":\"https:\/\/cacaunews.com\/?s={search_term_string}\"},\"query-input\":\"required name=search_term_string\"}],\"inLanguage\":\"pt-BR\"},{\"@type\":\"Organization\",\"@id\":\"https:\/\/cacaunews.com\/#organization\",\"name\":\"Cacau News\",\"url\":\"https:\/\/cacaunews.com\/\",\"logo\":{\"@type\":\"ImageObject\",\"inLanguage\":\"pt-BR\",\"@id\":\"https:\/\/cacaunews.com\/#\/schema\/logo\/image\/\",\"url\":\"https:\/\/cacaunews.com\/wp-content\/uploads\/2025\/01\/cropped-LOGO-NOVA.png\",\"contentUrl\":\"https:\/\/cacaunews.com\/wp-content\/uploads\/2025\/01\/cropped-LOGO-NOVA.png\",\"width\":813,\"height\":813,\"caption\":\"Cacau News\"},\"image\":{\"@id\":\"https:\/\/cacaunews.com\/#\/schema\/logo\/image\/\"},\"sameAs\":[\"https:\/\/www.instagram.com\/cacaunews.online\/\",\"https:\/\/youtube.com\/@cacaunews?si=0VXLnjl08SrWbVG9\"]},{\"@type\":\"Person\",\"@id\":\"https:\/\/cacaunews.com\/#\/schema\/person\/ea69703103e606ad347ccd64bd72ef79\",\"name\":\"Reda\u00e7\u00e3o Cacau News\",\"image\":{\"@type\":\"ImageObject\",\"inLanguage\":\"pt-BR\",\"@id\":\"https:\/\/cacaunews.com\/#\/schema\/person\/image\/\",\"url\":\"https:\/\/secure.gravatar.com\/avatar\/d79227a2a7b6cc42e8d7a8f7c284cd3a?s=96&d=mm&r=g\",\"contentUrl\":\"https:\/\/secure.gravatar.com\/avatar\/d79227a2a7b6cc42e8d7a8f7c284cd3a?s=96&d=mm&r=g\",\"caption\":\"Reda\u00e7\u00e3o Cacau News\"},\"sameAs\":[\"https:\/\/cacaunews.com\"],\"url\":\"https:\/\/cacaunews.com\/?author=1\"}]}<\/script>\n<!-- \/ Yoast SEO plugin. -->","yoast_head_json":{"title":"Motociclista Ilheense morre em acidente na BR 324, em Salvador. - Cacau News","robots":{"index":"index","follow":"follow","max-snippet":"max-snippet:-1","max-image-preview":"max-image-preview:large","max-video-preview":"max-video-preview:-1"},"canonical":"https:\/\/cacaunews.com\/?p=5782","og_locale":"pt_BR","og_type":"article","og_title":"Motociclista Ilheense morre em acidente na BR 324, em Salvador. - Cacau News","og_description":"Um acidente de tr\u00e2nsito terminou com a morte de um motociclista, na madrugada deste domingo...","og_url":"https:\/\/cacaunews.com\/?p=5782","og_site_name":"Cacau News","article_published_time":"2025-02-03T09:30:06+00:00","og_image":[{"width":800,"height":450,"url":"https:\/\/cacaunews.com\/wp-content\/uploads\/2025\/02\/acidente_br324prf_widelg.jpg","type":"image\/jpeg"}],"author":"Reda\u00e7\u00e3o Cacau News","twitter_card":"summary_large_image","twitter_misc":{"Escrito por":"Reda\u00e7\u00e3o Cacau News","Est. tempo de leitura":"1 minuto"},"schema":{"@context":"https:\/\/schema.org","@graph":[{"@type":"Article","@id":"https:\/\/cacaunews.com\/?p=5782#article","isPartOf":{"@id":"https:\/\/cacaunews.com\/?p=5782"},"author":{"name":"Reda\u00e7\u00e3o Cacau News","@id":"https:\/\/cacaunews.com\/#\/schema\/person\/ea69703103e606ad347ccd64bd72ef79"},"headline":"Motociclista Ilheense morre em acidente na BR 324, em Salvador.","datePublished":"2025-02-03T09:30:06+00:00","dateModified":"2025-02-03T09:30:06+00:00","mainEntityOfPage":{"@id":"https:\/\/cacaunews.com\/?p=5782"},"wordCount":260,"commentCount":0,"publisher":{"@id":"https:\/\/cacaunews.com\/#organization"},"keywords":["acidente","BR 324","ilheus","motociclista","Salvador"],"articleSection":["cidades","Jornalismo"],"inLanguage":"pt-BR","potentialAction":[{"@type":"CommentAction","name":"Comment","target":["https:\/\/cacaunews.com\/?p=5782#respond"]}]},{"@type":"WebPage","@id":"https:\/\/cacaunews.com\/?p=5782","url":"https:\/\/cacaunews.com\/?p=5782","name":"Motociclista Ilheense morre em acidente na BR 324, em Salvador. - Cacau News","isPartOf":{"@id":"https:\/\/cacaunews.com\/#website"},"datePublished":"2025-02-03T09:30:06+00:00","dateModified":"2025-02-03T09:30:06+00:00","breadcrumb":{"@id":"https:\/\/cacaunews.com\/?p=5782#breadcrumb"},"inLanguage":"pt-BR","potentialAction":[{"@type":"ReadAction","target":["https:\/\/cacaunews.com\/?p=5782"]}]},{"@type":"BreadcrumbList","@id":"https:\/\/cacaunews.com\/?p=5782#breadcrumb","itemListElement":[{"@type":"ListItem","position":1,"name":"In\u00edcio","item":"https:\/\/cacaunews.com\/"},{"@type":"ListItem","position":2,"name":"Motociclista Ilheense morre em acidente na BR 324, em Salvador."}]},{"@type":"WebSite","@id":"https:\/\/cacaunews.com\/#website","url":"https:\/\/cacaunews.com\/","name":"Cacau News","description":"A Informa\u00e7\u00e3o que voc\u00ea precisa!","publisher":{"@id":"https:\/\/cacaunews.com\/#organization"},"potentialAction":[{"@type":"SearchAction","target":{"@type":"EntryPoint","urlTemplate":"https:\/\/cacaunews.com\/?s={search_term_string}"},"query-input":"required name=search_term_string"}],"inLanguage":"pt-BR"},{"@type":"Organization","@id":"https:\/\/cacaunews.com\/#organization","name":"Cacau News","url":"https:\/\/cacaunews.com\/","logo":{"@type":"ImageObject","inLanguage":"pt-BR","@id":"https:\/\/cacaunews.com\/#\/schema\/logo\/image\/","url":"https:\/\/cacaunews.com\/wp-content\/uploads\/2025\/01\/cropped-LOGO-NOVA.png","contentUrl":"https:\/\/cacaunews.com\/wp-content\/uploads\/2025\/01\/cropped-LOGO-NOVA.png","width":813,"height":813,"caption":"Cacau News"},"image":{"@id":"https:\/\/cacaunews.com\/#\/schema\/logo\/image\/"},"sameAs":["https:\/\/www.instagram.com\/cacaunews.online\/","https:\/\/youtube.com\/@cacaunews?si=0VXLnjl08SrWbVG9"]},{"@type":"Person","@id":"https:\/\/cacaunews.com\/#\/schema\/person\/ea69703103e606ad347ccd64bd72ef79","name":"Reda\u00e7\u00e3o Cacau News","image":{"@type":"ImageObject","inLanguage":"pt-BR","@id":"https:\/\/cacaunews.com\/#\/schema\/person\/image\/","url":"https:\/\/secure.gravatar.com\/avatar\/d79227a2a7b6cc42e8d7a8f7c284cd3a?s=96&d=mm&r=g","contentUrl":"https:\/\/secure.gravatar.com\/avatar\/d79227a2a7b6cc42e8d7a8f7c284cd3a?s=96&d=mm&r=g","caption":"Reda\u00e7\u00e3o Cacau News"},"sameAs":["https:\/\/cacaunews.com"],"url":"https:\/\/cacaunews.com\/?author=1"}]}},"jetpack_sharing_enabled":true,"jetpack_featured_media_url":"https:\/\/cacaunews.com\/wp-content\/uploads\/2025\/02\/acidente_br324prf_widelg.jpg","_links":{"self":[{"href":"https:\/\/cacaunews.com\/index.php?rest_route=\/wp\/v2\/posts\/5782"}],"collection":[{"href":"https:\/\/cacaunews.com\/index.php?rest_route=\/wp\/v2\/posts"}],"about":[{"href":"https:\/\/cacaunews.com\/index.php?rest_route=\/wp\/v2\/types\/post"}],"author":[{"embeddable":true,"href":"https:\/\/cacaunews.com\/index.php?rest_route=\/wp\/v2\/users\/1"}],"replies":[{"embeddable":true,"href":"https:\/\/cacaunews.com\/index.php?rest_route=%2Fwp%2Fv2%2Fcomments&post=5782"}],"version-history":[{"count":0,"href":"https:\/\/cacaunews.com\/index.php?rest_route=\/wp\/v2\/posts\/5782\/revisions"}],"wp:featuredmedia":[{"embeddable":true,"href":"https:\/\/cacaunews.com\/index.php?rest_route=\/wp\/v2\/media\/5781"}],"wp:attachment":[{"href":"https:\/\/cacaunews.com\/index.php?rest_route=%2Fwp%2Fv2%2Fmedia&parent=5782"}],"wp:term":[{"taxonomy":"category","embeddable":true,"href":"https:\/\/cacaunews.com\/index.php?rest_route=%2Fwp%2Fv2%2Fcategories&post=5782"},{"taxonomy":"post_tag","embeddable":true,"href":"https:\/\/cacaunews.com\/index.php?rest_route=%2Fwp%2Fv2%2Ftags&post=5782"}],"curies":[{"name":"wp","href":"https:\/\/api.w.org\/{rel}","templated":true}]}}