{"id":5792,"date":"2025-02-03T21:45:03","date_gmt":"2025-02-03T21:45:03","guid":{"rendered":"https:\/\/cacaunews.com\/?p=5792"},"modified":"2025-02-03T21:45:03","modified_gmt":"2025-02-03T21:45:03","slug":"adolfo-menezes-e-reconduzido-a-presidencia-da-alba-pela-terceira-vez","status":"publish","type":"post","link":"https:\/\/cacaunews.com\/?p=5792","title":{"rendered":"Adolfo Menezes \u00e9 reconduzido a Presid\u00eancia da ALBA pela terceira vez."},"content":{"rendered":"\n<p>Em Sess\u00e3o Preparat\u00f3ria na tarde desta segunda-feira (03), aconteceu a elei\u00e7\u00e3o e posse da mesa diretora que comandar\u00e1 os trabalhos da Assembl\u00e9ia Legislativa da Bahia &#8211; ALBA pelo pr\u00f3ximo bi\u00eanio 2025\/2027, o deputado Adolfo Menezes (PSD) foi reconduzido pela terceira vez para o cargo de presidente da Casa de Leis Baiana.<\/p>\n\n\n\n<p>Menezes recebeu 61 votos dos 63, o deputado Hilton Coelho (PSOL) recebeu 1 voto e o deputado Mateus Ferreira (MDB) n\u00e3o participou da vota\u00e7\u00e3o. <\/p>\n\n\n\n<p>Ap\u00f3s proclamado o resultado da elei\u00e7\u00e3o Adolfo fez um discurso emocionado, e agradeceu a oportunidade de comandar a casa por mais um bi\u00eanio. <\/p>\n\n\n\n<p>A composi\u00e7\u00e3o da mesa ficou da seguinte forma:<\/p>\n\n\n\n<p>Presid\u00eancia \u2013 Adolfo Menezes (PSD)<br>1\u00aa vice-presid\u00eancia \u2013 Ivana Bastos (PSD)<br>2\u00aa vice-presid\u00eancia \u2013 Marquinho Viana (PV)<br>3\u00aa vice-presid\u00eancia \u2013 Hassan Ioussef (PP)<br>4\u00aa vice-presid\u00eancia \u2013 Laerte do Vando (Podemos)<br><br>1\u00aa secretaria \u2013 Samuel J\u00fanior (Republicanos)<br>2\u00aa secretaria \u2013 K\u00e1tia Oliveira (Uni\u00e3o)<br>3\u00aa secretaria \u2013 Vitor Azevedo (PL)<br>4\u00aa secretaria \u2013 Fabr\u00edcio Falc\u00e3o (PCdoB)<\/p>\n","protected":false},"excerpt":{"rendered":"<p>Em Sess\u00e3o Preparat\u00f3ria na tarde desta segunda-feira (03), aconteceu a elei\u00e7\u00e3o e posse da mesa&#8230;<\/p>\n","protected":false},"author":1,"featured_media":5791,"comment_status":"open","ping_status":"open","sticky":false,"template":"","format":"standard","meta":{"footnotes":""},"categories":[11,5],"tags":[2046,54,39,26,714,2047],"yoast_head":"<!-- This site is optimized with the Yoast SEO plugin v21.7 - https:\/\/yoast.com\/wordpress\/plugins\/seo\/ -->\n<title>Adolfo Menezes \u00e9 reconduzido a Presid\u00eancia da ALBA pela terceira vez. - Cacau News<\/title>\n<meta name=\"robots\" content=\"index, follow, max-snippet:-1, max-image-preview:large, max-video-preview:-1\" \/>\n<link rel=\"canonical\" href=\"https:\/\/cacaunews.com\/?p=5792\" \/>\n<meta property=\"og:locale\" content=\"pt_BR\" \/>\n<meta property=\"og:type\" content=\"article\" \/>\n<meta property=\"og:title\" content=\"Adolfo Menezes \u00e9 reconduzido a Presid\u00eancia da ALBA pela terceira vez. - Cacau News\" \/>\n<meta property=\"og:description\" content=\"Em Sess\u00e3o Preparat\u00f3ria na tarde desta segunda-feira (03), aconteceu a elei\u00e7\u00e3o e posse da mesa...\" \/>\n<meta property=\"og:url\" content=\"https:\/\/cacaunews.com\/?p=5792\" \/>\n<meta property=\"og:site_name\" content=\"Cacau News\" \/>\n<meta property=\"article:published_time\" content=\"2025-02-03T21:45:03+00:00\" \/>\n<meta name=\"author\" content=\"Reda\u00e7\u00e3o Cacau News\" \/>\n<meta name=\"twitter:card\" content=\"summary_large_image\" \/>\n<meta name=\"twitter:label1\" content=\"Escrito por\" \/>\n\t<meta name=\"twitter:data1\" content=\"Reda\u00e7\u00e3o Cacau News\" \/>\n\t<meta name=\"twitter:label2\" content=\"Est. tempo de leitura\" \/>\n\t<meta name=\"twitter:data2\" content=\"1 minuto\" \/>\n<script type=\"application\/ld+json\" class=\"yoast-schema-graph\">{\"@context\":\"https:\/\/schema.org\",\"@graph\":[{\"@type\":\"Article\",\"@id\":\"https:\/\/cacaunews.com\/?p=5792#article\",\"isPartOf\":{\"@id\":\"https:\/\/cacaunews.com\/?p=5792\"},\"author\":{\"name\":\"Reda\u00e7\u00e3o Cacau News\",\"@id\":\"https:\/\/cacaunews.com\/#\/schema\/person\/ea69703103e606ad347ccd64bd72ef79\"},\"headline\":\"Adolfo Menezes \u00e9 reconduzido a Presid\u00eancia da ALBA pela terceira vez.\",\"datePublished\":\"2025-02-03T21:45:03+00:00\",\"dateModified\":\"2025-02-03T21:45:03+00:00\",\"mainEntityOfPage\":{\"@id\":\"https:\/\/cacaunews.com\/?p=5792\"},\"wordCount\":171,\"commentCount\":0,\"publisher\":{\"@id\":\"https:\/\/cacaunews.com\/#organization\"},\"keywords\":[\"Adolfo Menezes\",\"ALBA\",\"bahia\",\"politica\",\"presid\u00eancia\",\"recondu\u00e7\u00e3o\"],\"articleSection\":[\"Jornalismo\",\"Politica\"],\"inLanguage\":\"pt-BR\",\"potentialAction\":[{\"@type\":\"CommentAction\",\"name\":\"Comment\",\"target\":[\"https:\/\/cacaunews.com\/?p=5792#respond\"]}]},{\"@type\":\"WebPage\",\"@id\":\"https:\/\/cacaunews.com\/?p=5792\",\"url\":\"https:\/\/cacaunews.com\/?p=5792\",\"name\":\"Adolfo Menezes \u00e9 reconduzido a Presid\u00eancia da ALBA pela terceira vez. - Cacau News\",\"isPartOf\":{\"@id\":\"https:\/\/cacaunews.com\/#website\"},\"datePublished\":\"2025-02-03T21:45:03+00:00\",\"dateModified\":\"2025-02-03T21:45:03+00:00\",\"breadcrumb\":{\"@id\":\"https:\/\/cacaunews.com\/?p=5792#breadcrumb\"},\"inLanguage\":\"pt-BR\",\"potentialAction\":[{\"@type\":\"ReadAction\",\"target\":[\"https:\/\/cacaunews.com\/?p=5792\"]}]},{\"@type\":\"BreadcrumbList\",\"@id\":\"https:\/\/cacaunews.com\/?p=5792#breadcrumb\",\"itemListElement\":[{\"@type\":\"ListItem\",\"position\":1,\"name\":\"In\u00edcio\",\"item\":\"https:\/\/cacaunews.com\/\"},{\"@type\":\"ListItem\",\"position\":2,\"name\":\"Adolfo Menezes \u00e9 reconduzido a Presid\u00eancia da ALBA pela terceira vez.\"}]},{\"@type\":\"WebSite\",\"@id\":\"https:\/\/cacaunews.com\/#website\",\"url\":\"https:\/\/cacaunews.com\/\",\"name\":\"Cacau News\",\"description\":\"A Informa\u00e7\u00e3o que voc\u00ea precisa!\",\"publisher\":{\"@id\":\"https:\/\/cacaunews.com\/#organization\"},\"potentialAction\":[{\"@type\":\"SearchAction\",\"target\":{\"@type\":\"EntryPoint\",\"urlTemplate\":\"https:\/\/cacaunews.com\/?s={search_term_string}\"},\"query-input\":\"required name=search_term_string\"}],\"inLanguage\":\"pt-BR\"},{\"@type\":\"Organization\",\"@id\":\"https:\/\/cacaunews.com\/#organization\",\"name\":\"Cacau News\",\"url\":\"https:\/\/cacaunews.com\/\",\"logo\":{\"@type\":\"ImageObject\",\"inLanguage\":\"pt-BR\",\"@id\":\"https:\/\/cacaunews.com\/#\/schema\/logo\/image\/\",\"url\":\"https:\/\/cacaunews.com\/wp-content\/uploads\/2025\/01\/cropped-LOGO-NOVA.png\",\"contentUrl\":\"https:\/\/cacaunews.com\/wp-content\/uploads\/2025\/01\/cropped-LOGO-NOVA.png\",\"width\":813,\"height\":813,\"caption\":\"Cacau News\"},\"image\":{\"@id\":\"https:\/\/cacaunews.com\/#\/schema\/logo\/image\/\"},\"sameAs\":[\"https:\/\/www.instagram.com\/cacaunews.online\/\",\"https:\/\/youtube.com\/@cacaunews?si=0VXLnjl08SrWbVG9\"]},{\"@type\":\"Person\",\"@id\":\"https:\/\/cacaunews.com\/#\/schema\/person\/ea69703103e606ad347ccd64bd72ef79\",\"name\":\"Reda\u00e7\u00e3o Cacau News\",\"image\":{\"@type\":\"ImageObject\",\"inLanguage\":\"pt-BR\",\"@id\":\"https:\/\/cacaunews.com\/#\/schema\/person\/image\/\",\"url\":\"https:\/\/secure.gravatar.com\/avatar\/d79227a2a7b6cc42e8d7a8f7c284cd3a?s=96&d=mm&r=g\",\"contentUrl\":\"https:\/\/secure.gravatar.com\/avatar\/d79227a2a7b6cc42e8d7a8f7c284cd3a?s=96&d=mm&r=g\",\"caption\":\"Reda\u00e7\u00e3o Cacau News\"},\"sameAs\":[\"https:\/\/cacaunews.com\"],\"url\":\"https:\/\/cacaunews.com\/?author=1\"}]}<\/script>\n<!-- \/ Yoast SEO plugin. -->","yoast_head_json":{"title":"Adolfo Menezes \u00e9 reconduzido a Presid\u00eancia da ALBA pela terceira vez. - Cacau News","robots":{"index":"index","follow":"follow","max-snippet":"max-snippet:-1","max-image-preview":"max-image-preview:large","max-video-preview":"max-video-preview:-1"},"canonical":"https:\/\/cacaunews.com\/?p=5792","og_locale":"pt_BR","og_type":"article","og_title":"Adolfo Menezes \u00e9 reconduzido a Presid\u00eancia da ALBA pela terceira vez. - Cacau News","og_description":"Em Sess\u00e3o Preparat\u00f3ria na tarde desta segunda-feira (03), aconteceu a elei\u00e7\u00e3o e posse da mesa...","og_url":"https:\/\/cacaunews.com\/?p=5792","og_site_name":"Cacau News","article_published_time":"2025-02-03T21:45:03+00:00","author":"Reda\u00e7\u00e3o Cacau News","twitter_card":"summary_large_image","twitter_misc":{"Escrito por":"Reda\u00e7\u00e3o Cacau News","Est. tempo de leitura":"1 minuto"},"schema":{"@context":"https:\/\/schema.org","@graph":[{"@type":"Article","@id":"https:\/\/cacaunews.com\/?p=5792#article","isPartOf":{"@id":"https:\/\/cacaunews.com\/?p=5792"},"author":{"name":"Reda\u00e7\u00e3o Cacau News","@id":"https:\/\/cacaunews.com\/#\/schema\/person\/ea69703103e606ad347ccd64bd72ef79"},"headline":"Adolfo Menezes \u00e9 reconduzido a Presid\u00eancia da ALBA pela terceira vez.","datePublished":"2025-02-03T21:45:03+00:00","dateModified":"2025-02-03T21:45:03+00:00","mainEntityOfPage":{"@id":"https:\/\/cacaunews.com\/?p=5792"},"wordCount":171,"commentCount":0,"publisher":{"@id":"https:\/\/cacaunews.com\/#organization"},"keywords":["Adolfo Menezes","ALBA","bahia","politica","presid\u00eancia","recondu\u00e7\u00e3o"],"articleSection":["Jornalismo","Politica"],"inLanguage":"pt-BR","potentialAction":[{"@type":"CommentAction","name":"Comment","target":["https:\/\/cacaunews.com\/?p=5792#respond"]}]},{"@type":"WebPage","@id":"https:\/\/cacaunews.com\/?p=5792","url":"https:\/\/cacaunews.com\/?p=5792","name":"Adolfo Menezes \u00e9 reconduzido a Presid\u00eancia da ALBA pela terceira vez. - Cacau News","isPartOf":{"@id":"https:\/\/cacaunews.com\/#website"},"datePublished":"2025-02-03T21:45:03+00:00","dateModified":"2025-02-03T21:45:03+00:00","breadcrumb":{"@id":"https:\/\/cacaunews.com\/?p=5792#breadcrumb"},"inLanguage":"pt-BR","potentialAction":[{"@type":"ReadAction","target":["https:\/\/cacaunews.com\/?p=5792"]}]},{"@type":"BreadcrumbList","@id":"https:\/\/cacaunews.com\/?p=5792#breadcrumb","itemListElement":[{"@type":"ListItem","position":1,"name":"In\u00edcio","item":"https:\/\/cacaunews.com\/"},{"@type":"ListItem","position":2,"name":"Adolfo Menezes \u00e9 reconduzido a Presid\u00eancia da ALBA pela terceira vez."}]},{"@type":"WebSite","@id":"https:\/\/cacaunews.com\/#website","url":"https:\/\/cacaunews.com\/","name":"Cacau News","description":"A Informa\u00e7\u00e3o que voc\u00ea precisa!","publisher":{"@id":"https:\/\/cacaunews.com\/#organization"},"potentialAction":[{"@type":"SearchAction","target":{"@type":"EntryPoint","urlTemplate":"https:\/\/cacaunews.com\/?s={search_term_string}"},"query-input":"required name=search_term_string"}],"inLanguage":"pt-BR"},{"@type":"Organization","@id":"https:\/\/cacaunews.com\/#organization","name":"Cacau News","url":"https:\/\/cacaunews.com\/","logo":{"@type":"ImageObject","inLanguage":"pt-BR","@id":"https:\/\/cacaunews.com\/#\/schema\/logo\/image\/","url":"https:\/\/cacaunews.com\/wp-content\/uploads\/2025\/01\/cropped-LOGO-NOVA.png","contentUrl":"https:\/\/cacaunews.com\/wp-content\/uploads\/2025\/01\/cropped-LOGO-NOVA.png","width":813,"height":813,"caption":"Cacau News"},"image":{"@id":"https:\/\/cacaunews.com\/#\/schema\/logo\/image\/"},"sameAs":["https:\/\/www.instagram.com\/cacaunews.online\/","https:\/\/youtube.com\/@cacaunews?si=0VXLnjl08SrWbVG9"]},{"@type":"Person","@id":"https:\/\/cacaunews.com\/#\/schema\/person\/ea69703103e606ad347ccd64bd72ef79","name":"Reda\u00e7\u00e3o Cacau News","image":{"@type":"ImageObject","inLanguage":"pt-BR","@id":"https:\/\/cacaunews.com\/#\/schema\/person\/image\/","url":"https:\/\/secure.gravatar.com\/avatar\/d79227a2a7b6cc42e8d7a8f7c284cd3a?s=96&d=mm&r=g","contentUrl":"https:\/\/secure.gravatar.com\/avatar\/d79227a2a7b6cc42e8d7a8f7c284cd3a?s=96&d=mm&r=g","caption":"Reda\u00e7\u00e3o Cacau News"},"sameAs":["https:\/\/cacaunews.com"],"url":"https:\/\/cacaunews.com\/?author=1"}]}},"jetpack_sharing_enabled":true,"jetpack_featured_media_url":"https:\/\/cacaunews.com\/wp-content\/uploads\/2025\/02\/images-2025-02-03T184536.629.jpeg","_links":{"self":[{"href":"https:\/\/cacaunews.com\/index.php?rest_route=\/wp\/v2\/posts\/5792"}],"collection":[{"href":"https:\/\/cacaunews.com\/index.php?rest_route=\/wp\/v2\/posts"}],"about":[{"href":"https:\/\/cacaunews.com\/index.php?rest_route=\/wp\/v2\/types\/post"}],"author":[{"embeddable":true,"href":"https:\/\/cacaunews.com\/index.php?rest_route=\/wp\/v2\/users\/1"}],"replies":[{"embeddable":true,"href":"https:\/\/cacaunews.com\/index.php?rest_route=%2Fwp%2Fv2%2Fcomments&post=5792"}],"version-history":[{"count":0,"href":"https:\/\/cacaunews.com\/index.php?rest_route=\/wp\/v2\/posts\/5792\/revisions"}],"wp:featuredmedia":[{"embeddable":true,"href":"https:\/\/cacaunews.com\/index.php?rest_route=\/wp\/v2\/media\/5791"}],"wp:attachment":[{"href":"https:\/\/cacaunews.com\/index.php?rest_route=%2Fwp%2Fv2%2Fmedia&parent=5792"}],"wp:term":[{"taxonomy":"category","embeddable":true,"href":"https:\/\/cacaunews.com\/index.php?rest_route=%2Fwp%2Fv2%2Fcategories&post=5792"},{"taxonomy":"post_tag","embeddable":true,"href":"https:\/\/cacaunews.com\/index.php?rest_route=%2Fwp%2Fv2%2Ftags&post=5792"}],"curies":[{"name":"wp","href":"https:\/\/api.w.org\/{rel}","templated":true}]}}