{"id":5806,"date":"2025-02-05T17:00:42","date_gmt":"2025-02-05T17:00:42","guid":{"rendered":"https:\/\/cacaunews.com\/?p=5806"},"modified":"2025-02-05T17:03:02","modified_gmt":"2025-02-05T17:03:02","slug":"itamaraju-tcu-cobra-de-ex-prefeito-prestacao-de-contas-de-recursos-para-sanar-efeitos-de-enchentes-em-2021","status":"publish","type":"post","link":"https:\/\/cacaunews.com\/?p=5806","title":{"rendered":"Itamaraju: TCU cobra de ex-prefeito presta\u00e7\u00e3o de contas de recursos para sanar efeitos de enchentes em 2021."},"content":{"rendered":"\n<p>O Tribunal de Contas da Uni\u00e3o (TCU) determinou que o ex-prefeito de Itamaraju, Marcelo Ang\u00eanica (PSDB), realize a presta\u00e7\u00e3o de contas de R$ 764.665,85 que foram\u00a0 destinados para a\u00e7\u00f5es de socorro e assist\u00eancia ap\u00f3s as enchentes que atingiram o munic\u00edpio em 2021. Segundo a Corte de Contas, n\u00e3o h\u00e1 documenta\u00e7\u00e3o que comprove a correta aplica\u00e7\u00e3o desses recursos &#8211; o prazo para envio das comprova\u00e7\u00f5es findou em 17 de julho de 2022.<br><br>Os recursos repassados em 20 de dezembro de 2021 deveriam ser usados para a\u00a0 compra de kits com produtos de higiene, limpeza, colch\u00f5es e agasalhos para as fam\u00edlias desabrigadas. De acordo com o TCU, as falhas na presta\u00e7\u00e3o de contas infringem diversos dispositivos legais previstos na Constitui\u00e7\u00e3o Federal.<\/p>\n\n\n\n<p>O ex-prefeito foi notificado para apresentar suas alega\u00e7\u00f5es ou efetuar o recolhimento do montante devido, atualizado at\u00e9 27 de janeiro de 2025. Ang\u00eanica, caso n\u00e3o atenda \u00e0s demandas do TCU, pode ser condenado ao pagamento do d\u00e9bito ou de multas e pode ficar ineleg\u00edvel para o exerc\u00edcio de cargos p\u00fablicos.<\/p>\n\n\n\n<p>Com Informa\u00e7\u00f5es BNews.<\/p>\n","protected":false},"excerpt":{"rendered":"<p>O Tribunal de Contas da Uni\u00e3o (TCU) determinou que o ex-prefeito de Itamaraju, Marcelo Ang\u00eanica&#8230;<\/p>\n","protected":false},"author":1,"featured_media":5805,"comment_status":"open","ping_status":"open","sticky":false,"template":"","format":"standard","meta":{"footnotes":""},"categories":[18,11,5],"tags":[1186,1435,796,1375],"yoast_head":"<!-- This site is optimized with the Yoast SEO plugin v21.7 - https:\/\/yoast.com\/wordpress\/plugins\/seo\/ -->\n<title>Itamaraju: TCU cobra de ex-prefeito presta\u00e7\u00e3o de contas de recursos para sanar efeitos de enchentes em 2021. - Cacau News<\/title>\n<meta name=\"robots\" content=\"index, follow, max-snippet:-1, max-image-preview:large, max-video-preview:-1\" \/>\n<link rel=\"canonical\" href=\"https:\/\/cacaunews.com\/?p=5806\" \/>\n<meta property=\"og:locale\" content=\"pt_BR\" \/>\n<meta property=\"og:type\" content=\"article\" \/>\n<meta property=\"og:title\" content=\"Itamaraju: TCU cobra de ex-prefeito presta\u00e7\u00e3o de contas de recursos para sanar efeitos de enchentes em 2021. - Cacau News\" \/>\n<meta property=\"og:description\" content=\"O Tribunal de Contas da Uni\u00e3o (TCU) determinou que o ex-prefeito de Itamaraju, Marcelo Ang\u00eanica...\" \/>\n<meta property=\"og:url\" content=\"https:\/\/cacaunews.com\/?p=5806\" \/>\n<meta property=\"og:site_name\" content=\"Cacau News\" \/>\n<meta property=\"article:published_time\" content=\"2025-02-05T17:00:42+00:00\" \/>\n<meta property=\"article:modified_time\" content=\"2025-02-05T17:03:02+00:00\" \/>\n<meta property=\"og:image\" content=\"https:\/\/cacaunews.com\/wp-content\/uploads\/2025\/02\/marcelo_angenica_-_reproducao_facebook_widemd.jpg\" \/>\n\t<meta property=\"og:image:width\" content=\"551\" \/>\n\t<meta property=\"og:image:height\" content=\"309\" \/>\n\t<meta property=\"og:image:type\" content=\"image\/jpeg\" \/>\n<meta name=\"author\" content=\"Reda\u00e7\u00e3o Cacau News\" \/>\n<meta name=\"twitter:card\" content=\"summary_large_image\" \/>\n<meta name=\"twitter:label1\" content=\"Escrito por\" \/>\n\t<meta name=\"twitter:data1\" content=\"Reda\u00e7\u00e3o Cacau News\" \/>\n\t<meta name=\"twitter:label2\" content=\"Est. tempo de leitura\" \/>\n\t<meta name=\"twitter:data2\" content=\"1 minuto\" \/>\n<script type=\"application\/ld+json\" class=\"yoast-schema-graph\">{\"@context\":\"https:\/\/schema.org\",\"@graph\":[{\"@type\":\"Article\",\"@id\":\"https:\/\/cacaunews.com\/?p=5806#article\",\"isPartOf\":{\"@id\":\"https:\/\/cacaunews.com\/?p=5806\"},\"author\":{\"name\":\"Reda\u00e7\u00e3o Cacau News\",\"@id\":\"https:\/\/cacaunews.com\/#\/schema\/person\/ea69703103e606ad347ccd64bd72ef79\"},\"headline\":\"Itamaraju: TCU cobra de ex-prefeito presta\u00e7\u00e3o de contas de recursos para sanar efeitos de enchentes em 2021.\",\"datePublished\":\"2025-02-05T17:00:42+00:00\",\"dateModified\":\"2025-02-05T17:03:02+00:00\",\"mainEntityOfPage\":{\"@id\":\"https:\/\/cacaunews.com\/?p=5806\"},\"wordCount\":204,\"commentCount\":0,\"publisher\":{\"@id\":\"https:\/\/cacaunews.com\/#organization\"},\"keywords\":[\"cobran\u00e7a\",\"ex prefeito\",\"itamaraju\",\"TCU\"],\"articleSection\":[\"cidades\",\"Jornalismo\",\"Politica\"],\"inLanguage\":\"pt-BR\",\"potentialAction\":[{\"@type\":\"CommentAction\",\"name\":\"Comment\",\"target\":[\"https:\/\/cacaunews.com\/?p=5806#respond\"]}]},{\"@type\":\"WebPage\",\"@id\":\"https:\/\/cacaunews.com\/?p=5806\",\"url\":\"https:\/\/cacaunews.com\/?p=5806\",\"name\":\"Itamaraju: TCU cobra de ex-prefeito presta\u00e7\u00e3o de contas de recursos para sanar efeitos de enchentes em 2021. - Cacau News\",\"isPartOf\":{\"@id\":\"https:\/\/cacaunews.com\/#website\"},\"datePublished\":\"2025-02-05T17:00:42+00:00\",\"dateModified\":\"2025-02-05T17:03:02+00:00\",\"breadcrumb\":{\"@id\":\"https:\/\/cacaunews.com\/?p=5806#breadcrumb\"},\"inLanguage\":\"pt-BR\",\"potentialAction\":[{\"@type\":\"ReadAction\",\"target\":[\"https:\/\/cacaunews.com\/?p=5806\"]}]},{\"@type\":\"BreadcrumbList\",\"@id\":\"https:\/\/cacaunews.com\/?p=5806#breadcrumb\",\"itemListElement\":[{\"@type\":\"ListItem\",\"position\":1,\"name\":\"In\u00edcio\",\"item\":\"https:\/\/cacaunews.com\/\"},{\"@type\":\"ListItem\",\"position\":2,\"name\":\"Itamaraju: TCU cobra de ex-prefeito presta\u00e7\u00e3o de contas de recursos para sanar efeitos de enchentes em 2021.\"}]},{\"@type\":\"WebSite\",\"@id\":\"https:\/\/cacaunews.com\/#website\",\"url\":\"https:\/\/cacaunews.com\/\",\"name\":\"Cacau News\",\"description\":\"A Informa\u00e7\u00e3o que voc\u00ea precisa!\",\"publisher\":{\"@id\":\"https:\/\/cacaunews.com\/#organization\"},\"potentialAction\":[{\"@type\":\"SearchAction\",\"target\":{\"@type\":\"EntryPoint\",\"urlTemplate\":\"https:\/\/cacaunews.com\/?s={search_term_string}\"},\"query-input\":\"required name=search_term_string\"}],\"inLanguage\":\"pt-BR\"},{\"@type\":\"Organization\",\"@id\":\"https:\/\/cacaunews.com\/#organization\",\"name\":\"Cacau News\",\"url\":\"https:\/\/cacaunews.com\/\",\"logo\":{\"@type\":\"ImageObject\",\"inLanguage\":\"pt-BR\",\"@id\":\"https:\/\/cacaunews.com\/#\/schema\/logo\/image\/\",\"url\":\"https:\/\/cacaunews.com\/wp-content\/uploads\/2025\/01\/cropped-LOGO-NOVA.png\",\"contentUrl\":\"https:\/\/cacaunews.com\/wp-content\/uploads\/2025\/01\/cropped-LOGO-NOVA.png\",\"width\":813,\"height\":813,\"caption\":\"Cacau News\"},\"image\":{\"@id\":\"https:\/\/cacaunews.com\/#\/schema\/logo\/image\/\"},\"sameAs\":[\"https:\/\/www.instagram.com\/cacaunews.online\/\",\"https:\/\/youtube.com\/@cacaunews?si=0VXLnjl08SrWbVG9\"]},{\"@type\":\"Person\",\"@id\":\"https:\/\/cacaunews.com\/#\/schema\/person\/ea69703103e606ad347ccd64bd72ef79\",\"name\":\"Reda\u00e7\u00e3o Cacau News\",\"image\":{\"@type\":\"ImageObject\",\"inLanguage\":\"pt-BR\",\"@id\":\"https:\/\/cacaunews.com\/#\/schema\/person\/image\/\",\"url\":\"https:\/\/secure.gravatar.com\/avatar\/d79227a2a7b6cc42e8d7a8f7c284cd3a?s=96&d=mm&r=g\",\"contentUrl\":\"https:\/\/secure.gravatar.com\/avatar\/d79227a2a7b6cc42e8d7a8f7c284cd3a?s=96&d=mm&r=g\",\"caption\":\"Reda\u00e7\u00e3o Cacau News\"},\"sameAs\":[\"https:\/\/cacaunews.com\"],\"url\":\"https:\/\/cacaunews.com\/?author=1\"}]}<\/script>\n<!-- \/ Yoast SEO plugin. -->","yoast_head_json":{"title":"Itamaraju: TCU cobra de ex-prefeito presta\u00e7\u00e3o de contas de recursos para sanar efeitos de enchentes em 2021. - Cacau News","robots":{"index":"index","follow":"follow","max-snippet":"max-snippet:-1","max-image-preview":"max-image-preview:large","max-video-preview":"max-video-preview:-1"},"canonical":"https:\/\/cacaunews.com\/?p=5806","og_locale":"pt_BR","og_type":"article","og_title":"Itamaraju: TCU cobra de ex-prefeito presta\u00e7\u00e3o de contas de recursos para sanar efeitos de enchentes em 2021. - Cacau News","og_description":"O Tribunal de Contas da Uni\u00e3o (TCU) determinou que o ex-prefeito de Itamaraju, Marcelo Ang\u00eanica...","og_url":"https:\/\/cacaunews.com\/?p=5806","og_site_name":"Cacau News","article_published_time":"2025-02-05T17:00:42+00:00","article_modified_time":"2025-02-05T17:03:02+00:00","og_image":[{"width":551,"height":309,"url":"https:\/\/cacaunews.com\/wp-content\/uploads\/2025\/02\/marcelo_angenica_-_reproducao_facebook_widemd.jpg","type":"image\/jpeg"}],"author":"Reda\u00e7\u00e3o Cacau News","twitter_card":"summary_large_image","twitter_misc":{"Escrito por":"Reda\u00e7\u00e3o Cacau News","Est. tempo de leitura":"1 minuto"},"schema":{"@context":"https:\/\/schema.org","@graph":[{"@type":"Article","@id":"https:\/\/cacaunews.com\/?p=5806#article","isPartOf":{"@id":"https:\/\/cacaunews.com\/?p=5806"},"author":{"name":"Reda\u00e7\u00e3o Cacau News","@id":"https:\/\/cacaunews.com\/#\/schema\/person\/ea69703103e606ad347ccd64bd72ef79"},"headline":"Itamaraju: TCU cobra de ex-prefeito presta\u00e7\u00e3o de contas de recursos para sanar efeitos de enchentes em 2021.","datePublished":"2025-02-05T17:00:42+00:00","dateModified":"2025-02-05T17:03:02+00:00","mainEntityOfPage":{"@id":"https:\/\/cacaunews.com\/?p=5806"},"wordCount":204,"commentCount":0,"publisher":{"@id":"https:\/\/cacaunews.com\/#organization"},"keywords":["cobran\u00e7a","ex prefeito","itamaraju","TCU"],"articleSection":["cidades","Jornalismo","Politica"],"inLanguage":"pt-BR","potentialAction":[{"@type":"CommentAction","name":"Comment","target":["https:\/\/cacaunews.com\/?p=5806#respond"]}]},{"@type":"WebPage","@id":"https:\/\/cacaunews.com\/?p=5806","url":"https:\/\/cacaunews.com\/?p=5806","name":"Itamaraju: TCU cobra de ex-prefeito presta\u00e7\u00e3o de contas de recursos para sanar efeitos de enchentes em 2021. - Cacau News","isPartOf":{"@id":"https:\/\/cacaunews.com\/#website"},"datePublished":"2025-02-05T17:00:42+00:00","dateModified":"2025-02-05T17:03:02+00:00","breadcrumb":{"@id":"https:\/\/cacaunews.com\/?p=5806#breadcrumb"},"inLanguage":"pt-BR","potentialAction":[{"@type":"ReadAction","target":["https:\/\/cacaunews.com\/?p=5806"]}]},{"@type":"BreadcrumbList","@id":"https:\/\/cacaunews.com\/?p=5806#breadcrumb","itemListElement":[{"@type":"ListItem","position":1,"name":"In\u00edcio","item":"https:\/\/cacaunews.com\/"},{"@type":"ListItem","position":2,"name":"Itamaraju: TCU cobra de ex-prefeito presta\u00e7\u00e3o de contas de recursos para sanar efeitos de enchentes em 2021."}]},{"@type":"WebSite","@id":"https:\/\/cacaunews.com\/#website","url":"https:\/\/cacaunews.com\/","name":"Cacau News","description":"A Informa\u00e7\u00e3o que voc\u00ea precisa!","publisher":{"@id":"https:\/\/cacaunews.com\/#organization"},"potentialAction":[{"@type":"SearchAction","target":{"@type":"EntryPoint","urlTemplate":"https:\/\/cacaunews.com\/?s={search_term_string}"},"query-input":"required name=search_term_string"}],"inLanguage":"pt-BR"},{"@type":"Organization","@id":"https:\/\/cacaunews.com\/#organization","name":"Cacau News","url":"https:\/\/cacaunews.com\/","logo":{"@type":"ImageObject","inLanguage":"pt-BR","@id":"https:\/\/cacaunews.com\/#\/schema\/logo\/image\/","url":"https:\/\/cacaunews.com\/wp-content\/uploads\/2025\/01\/cropped-LOGO-NOVA.png","contentUrl":"https:\/\/cacaunews.com\/wp-content\/uploads\/2025\/01\/cropped-LOGO-NOVA.png","width":813,"height":813,"caption":"Cacau News"},"image":{"@id":"https:\/\/cacaunews.com\/#\/schema\/logo\/image\/"},"sameAs":["https:\/\/www.instagram.com\/cacaunews.online\/","https:\/\/youtube.com\/@cacaunews?si=0VXLnjl08SrWbVG9"]},{"@type":"Person","@id":"https:\/\/cacaunews.com\/#\/schema\/person\/ea69703103e606ad347ccd64bd72ef79","name":"Reda\u00e7\u00e3o Cacau News","image":{"@type":"ImageObject","inLanguage":"pt-BR","@id":"https:\/\/cacaunews.com\/#\/schema\/person\/image\/","url":"https:\/\/secure.gravatar.com\/avatar\/d79227a2a7b6cc42e8d7a8f7c284cd3a?s=96&d=mm&r=g","contentUrl":"https:\/\/secure.gravatar.com\/avatar\/d79227a2a7b6cc42e8d7a8f7c284cd3a?s=96&d=mm&r=g","caption":"Reda\u00e7\u00e3o Cacau News"},"sameAs":["https:\/\/cacaunews.com"],"url":"https:\/\/cacaunews.com\/?author=1"}]}},"jetpack_sharing_enabled":true,"jetpack_featured_media_url":"https:\/\/cacaunews.com\/wp-content\/uploads\/2025\/02\/marcelo_angenica_-_reproducao_facebook_widemd.jpg","_links":{"self":[{"href":"https:\/\/cacaunews.com\/index.php?rest_route=\/wp\/v2\/posts\/5806"}],"collection":[{"href":"https:\/\/cacaunews.com\/index.php?rest_route=\/wp\/v2\/posts"}],"about":[{"href":"https:\/\/cacaunews.com\/index.php?rest_route=\/wp\/v2\/types\/post"}],"author":[{"embeddable":true,"href":"https:\/\/cacaunews.com\/index.php?rest_route=\/wp\/v2\/users\/1"}],"replies":[{"embeddable":true,"href":"https:\/\/cacaunews.com\/index.php?rest_route=%2Fwp%2Fv2%2Fcomments&post=5806"}],"version-history":[{"count":1,"href":"https:\/\/cacaunews.com\/index.php?rest_route=\/wp\/v2\/posts\/5806\/revisions"}],"predecessor-version":[{"id":5807,"href":"https:\/\/cacaunews.com\/index.php?rest_route=\/wp\/v2\/posts\/5806\/revisions\/5807"}],"wp:featuredmedia":[{"embeddable":true,"href":"https:\/\/cacaunews.com\/index.php?rest_route=\/wp\/v2\/media\/5805"}],"wp:attachment":[{"href":"https:\/\/cacaunews.com\/index.php?rest_route=%2Fwp%2Fv2%2Fmedia&parent=5806"}],"wp:term":[{"taxonomy":"category","embeddable":true,"href":"https:\/\/cacaunews.com\/index.php?rest_route=%2Fwp%2Fv2%2Fcategories&post=5806"},{"taxonomy":"post_tag","embeddable":true,"href":"https:\/\/cacaunews.com\/index.php?rest_route=%2Fwp%2Fv2%2Ftags&post=5806"}],"curies":[{"name":"wp","href":"https:\/\/api.w.org\/{rel}","templated":true}]}}