{"id":5816,"date":"2025-02-06T15:51:34","date_gmt":"2025-02-06T15:51:34","guid":{"rendered":"https:\/\/cacaunews.com\/?p=5816"},"modified":"2025-02-06T15:51:34","modified_gmt":"2025-02-06T15:51:34","slug":"elder-fontes-e-eleito-presidente-da-amurc","status":"publish","type":"post","link":"https:\/\/cacaunews.com\/?p=5816","title":{"rendered":"Elder Fontes \u00e9 eleito presidente da AMURC."},"content":{"rendered":"\n<p>O prefeito de Itaj\u00fa do Col\u00f4nia, Elder Fontes (PSD) foi eleito na manh\u00e3 desta quinta-feira (06) como novo Presidente da Associa\u00e7\u00e3o dos Munic\u00edpios da Regi\u00e3o Cacaueira &#8211; AMURC, <\/p>\n\n\n\n<p>Fontes \u00e9 o vig\u00e9simo presidente da entidade que tem quarenta anos de funda\u00e7\u00e3o e conta com mais de quarenta prefeituras filiadas no objetivo de fortalecimento das pautas municipalista e principalmente da regi\u00e3o do cacau.<\/p>\n\n\n\n<p>Al\u00e9m de Elder Fontes (PSD) na presid\u00eancia, foram eleitos os seguintes prefeitos: Irm\u00e3o Jairo (Avante), prefeito de Camamu, 1\u00b0 vice presidente; Orleans Mascarenhas (PSD), prefeito de Jussari, 2\u00b0 vice presidente; Augusto Castro (PSD), prefeito de Itabuna, 1\u00b0 secret\u00e1rio; Dr. Fabiano (PP), prefeito de Pira\u00ed do Norte como 2\u00b0 secret\u00e1rio.<\/p>\n\n\n\n<p>O Cacau News deseja a nova mesa diretora da AMURC muito sucesso a frente desta conceituada Institui\u00e7\u00e3o.<\/p>\n","protected":false},"excerpt":{"rendered":"<p>O prefeito de Itaj\u00fa do Col\u00f4nia, Elder Fontes (PSD) foi eleito na manh\u00e3 desta quinta-feira&#8230;<\/p>\n","protected":false},"author":1,"featured_media":5815,"comment_status":"open","ping_status":"open","sticky":false,"template":"","format":"standard","meta":{"footnotes":""},"categories":[18,11,5],"tags":[238,2026,262,2053],"yoast_head":"<!-- This site is optimized with the Yoast SEO plugin v21.7 - https:\/\/yoast.com\/wordpress\/plugins\/seo\/ -->\n<title>Elder Fontes \u00e9 eleito presidente da AMURC. - Cacau News<\/title>\n<meta name=\"robots\" content=\"index, follow, max-snippet:-1, max-image-preview:large, max-video-preview:-1\" \/>\n<link rel=\"canonical\" href=\"https:\/\/cacaunews.com\/?p=5816\" \/>\n<meta property=\"og:locale\" content=\"pt_BR\" \/>\n<meta property=\"og:type\" content=\"article\" \/>\n<meta property=\"og:title\" content=\"Elder Fontes \u00e9 eleito presidente da AMURC. - Cacau News\" \/>\n<meta property=\"og:description\" content=\"O prefeito de Itaj\u00fa do Col\u00f4nia, Elder Fontes (PSD) foi eleito na manh\u00e3 desta quinta-feira...\" \/>\n<meta property=\"og:url\" content=\"https:\/\/cacaunews.com\/?p=5816\" \/>\n<meta property=\"og:site_name\" content=\"Cacau News\" \/>\n<meta property=\"article:published_time\" content=\"2025-02-06T15:51:34+00:00\" \/>\n<meta name=\"author\" content=\"Reda\u00e7\u00e3o Cacau News\" \/>\n<meta name=\"twitter:card\" content=\"summary_large_image\" \/>\n<meta name=\"twitter:label1\" content=\"Escrito por\" \/>\n\t<meta name=\"twitter:data1\" content=\"Reda\u00e7\u00e3o Cacau News\" \/>\n\t<meta name=\"twitter:label2\" content=\"Est. tempo de leitura\" \/>\n\t<meta name=\"twitter:data2\" content=\"1 minuto\" \/>\n<script type=\"application\/ld+json\" class=\"yoast-schema-graph\">{\"@context\":\"https:\/\/schema.org\",\"@graph\":[{\"@type\":\"Article\",\"@id\":\"https:\/\/cacaunews.com\/?p=5816#article\",\"isPartOf\":{\"@id\":\"https:\/\/cacaunews.com\/?p=5816\"},\"author\":{\"name\":\"Reda\u00e7\u00e3o Cacau News\",\"@id\":\"https:\/\/cacaunews.com\/#\/schema\/person\/ea69703103e606ad347ccd64bd72ef79\"},\"headline\":\"Elder Fontes \u00e9 eleito presidente da AMURC.\",\"datePublished\":\"2025-02-06T15:51:34+00:00\",\"dateModified\":\"2025-02-06T15:51:34+00:00\",\"mainEntityOfPage\":{\"@id\":\"https:\/\/cacaunews.com\/?p=5816\"},\"wordCount\":141,\"commentCount\":0,\"publisher\":{\"@id\":\"https:\/\/cacaunews.com\/#organization\"},\"keywords\":[\"AMURC\",\"Elder Fontes\",\"elei\u00e7\u00e3o\",\"Itaj\u00fa\"],\"articleSection\":[\"cidades\",\"Jornalismo\",\"Politica\"],\"inLanguage\":\"pt-BR\",\"potentialAction\":[{\"@type\":\"CommentAction\",\"name\":\"Comment\",\"target\":[\"https:\/\/cacaunews.com\/?p=5816#respond\"]}]},{\"@type\":\"WebPage\",\"@id\":\"https:\/\/cacaunews.com\/?p=5816\",\"url\":\"https:\/\/cacaunews.com\/?p=5816\",\"name\":\"Elder Fontes \u00e9 eleito presidente da AMURC. - Cacau News\",\"isPartOf\":{\"@id\":\"https:\/\/cacaunews.com\/#website\"},\"datePublished\":\"2025-02-06T15:51:34+00:00\",\"dateModified\":\"2025-02-06T15:51:34+00:00\",\"breadcrumb\":{\"@id\":\"https:\/\/cacaunews.com\/?p=5816#breadcrumb\"},\"inLanguage\":\"pt-BR\",\"potentialAction\":[{\"@type\":\"ReadAction\",\"target\":[\"https:\/\/cacaunews.com\/?p=5816\"]}]},{\"@type\":\"BreadcrumbList\",\"@id\":\"https:\/\/cacaunews.com\/?p=5816#breadcrumb\",\"itemListElement\":[{\"@type\":\"ListItem\",\"position\":1,\"name\":\"In\u00edcio\",\"item\":\"https:\/\/cacaunews.com\/\"},{\"@type\":\"ListItem\",\"position\":2,\"name\":\"Elder Fontes \u00e9 eleito presidente da AMURC.\"}]},{\"@type\":\"WebSite\",\"@id\":\"https:\/\/cacaunews.com\/#website\",\"url\":\"https:\/\/cacaunews.com\/\",\"name\":\"Cacau News\",\"description\":\"A Informa\u00e7\u00e3o que voc\u00ea precisa!\",\"publisher\":{\"@id\":\"https:\/\/cacaunews.com\/#organization\"},\"potentialAction\":[{\"@type\":\"SearchAction\",\"target\":{\"@type\":\"EntryPoint\",\"urlTemplate\":\"https:\/\/cacaunews.com\/?s={search_term_string}\"},\"query-input\":\"required name=search_term_string\"}],\"inLanguage\":\"pt-BR\"},{\"@type\":\"Organization\",\"@id\":\"https:\/\/cacaunews.com\/#organization\",\"name\":\"Cacau News\",\"url\":\"https:\/\/cacaunews.com\/\",\"logo\":{\"@type\":\"ImageObject\",\"inLanguage\":\"pt-BR\",\"@id\":\"https:\/\/cacaunews.com\/#\/schema\/logo\/image\/\",\"url\":\"https:\/\/cacaunews.com\/wp-content\/uploads\/2025\/01\/cropped-LOGO-NOVA.png\",\"contentUrl\":\"https:\/\/cacaunews.com\/wp-content\/uploads\/2025\/01\/cropped-LOGO-NOVA.png\",\"width\":813,\"height\":813,\"caption\":\"Cacau News\"},\"image\":{\"@id\":\"https:\/\/cacaunews.com\/#\/schema\/logo\/image\/\"},\"sameAs\":[\"https:\/\/www.instagram.com\/cacaunews.online\/\",\"https:\/\/youtube.com\/@cacaunews?si=0VXLnjl08SrWbVG9\"]},{\"@type\":\"Person\",\"@id\":\"https:\/\/cacaunews.com\/#\/schema\/person\/ea69703103e606ad347ccd64bd72ef79\",\"name\":\"Reda\u00e7\u00e3o Cacau News\",\"image\":{\"@type\":\"ImageObject\",\"inLanguage\":\"pt-BR\",\"@id\":\"https:\/\/cacaunews.com\/#\/schema\/person\/image\/\",\"url\":\"https:\/\/secure.gravatar.com\/avatar\/d79227a2a7b6cc42e8d7a8f7c284cd3a?s=96&d=mm&r=g\",\"contentUrl\":\"https:\/\/secure.gravatar.com\/avatar\/d79227a2a7b6cc42e8d7a8f7c284cd3a?s=96&d=mm&r=g\",\"caption\":\"Reda\u00e7\u00e3o Cacau News\"},\"sameAs\":[\"https:\/\/cacaunews.com\"],\"url\":\"https:\/\/cacaunews.com\/?author=1\"}]}<\/script>\n<!-- \/ Yoast SEO plugin. -->","yoast_head_json":{"title":"Elder Fontes \u00e9 eleito presidente da AMURC. - Cacau News","robots":{"index":"index","follow":"follow","max-snippet":"max-snippet:-1","max-image-preview":"max-image-preview:large","max-video-preview":"max-video-preview:-1"},"canonical":"https:\/\/cacaunews.com\/?p=5816","og_locale":"pt_BR","og_type":"article","og_title":"Elder Fontes \u00e9 eleito presidente da AMURC. - Cacau News","og_description":"O prefeito de Itaj\u00fa do Col\u00f4nia, Elder Fontes (PSD) foi eleito na manh\u00e3 desta quinta-feira...","og_url":"https:\/\/cacaunews.com\/?p=5816","og_site_name":"Cacau News","article_published_time":"2025-02-06T15:51:34+00:00","author":"Reda\u00e7\u00e3o Cacau News","twitter_card":"summary_large_image","twitter_misc":{"Escrito por":"Reda\u00e7\u00e3o Cacau News","Est. tempo de leitura":"1 minuto"},"schema":{"@context":"https:\/\/schema.org","@graph":[{"@type":"Article","@id":"https:\/\/cacaunews.com\/?p=5816#article","isPartOf":{"@id":"https:\/\/cacaunews.com\/?p=5816"},"author":{"name":"Reda\u00e7\u00e3o Cacau News","@id":"https:\/\/cacaunews.com\/#\/schema\/person\/ea69703103e606ad347ccd64bd72ef79"},"headline":"Elder Fontes \u00e9 eleito presidente da AMURC.","datePublished":"2025-02-06T15:51:34+00:00","dateModified":"2025-02-06T15:51:34+00:00","mainEntityOfPage":{"@id":"https:\/\/cacaunews.com\/?p=5816"},"wordCount":141,"commentCount":0,"publisher":{"@id":"https:\/\/cacaunews.com\/#organization"},"keywords":["AMURC","Elder Fontes","elei\u00e7\u00e3o","Itaj\u00fa"],"articleSection":["cidades","Jornalismo","Politica"],"inLanguage":"pt-BR","potentialAction":[{"@type":"CommentAction","name":"Comment","target":["https:\/\/cacaunews.com\/?p=5816#respond"]}]},{"@type":"WebPage","@id":"https:\/\/cacaunews.com\/?p=5816","url":"https:\/\/cacaunews.com\/?p=5816","name":"Elder Fontes \u00e9 eleito presidente da AMURC. - Cacau News","isPartOf":{"@id":"https:\/\/cacaunews.com\/#website"},"datePublished":"2025-02-06T15:51:34+00:00","dateModified":"2025-02-06T15:51:34+00:00","breadcrumb":{"@id":"https:\/\/cacaunews.com\/?p=5816#breadcrumb"},"inLanguage":"pt-BR","potentialAction":[{"@type":"ReadAction","target":["https:\/\/cacaunews.com\/?p=5816"]}]},{"@type":"BreadcrumbList","@id":"https:\/\/cacaunews.com\/?p=5816#breadcrumb","itemListElement":[{"@type":"ListItem","position":1,"name":"In\u00edcio","item":"https:\/\/cacaunews.com\/"},{"@type":"ListItem","position":2,"name":"Elder Fontes \u00e9 eleito presidente da AMURC."}]},{"@type":"WebSite","@id":"https:\/\/cacaunews.com\/#website","url":"https:\/\/cacaunews.com\/","name":"Cacau News","description":"A Informa\u00e7\u00e3o que voc\u00ea precisa!","publisher":{"@id":"https:\/\/cacaunews.com\/#organization"},"potentialAction":[{"@type":"SearchAction","target":{"@type":"EntryPoint","urlTemplate":"https:\/\/cacaunews.com\/?s={search_term_string}"},"query-input":"required name=search_term_string"}],"inLanguage":"pt-BR"},{"@type":"Organization","@id":"https:\/\/cacaunews.com\/#organization","name":"Cacau News","url":"https:\/\/cacaunews.com\/","logo":{"@type":"ImageObject","inLanguage":"pt-BR","@id":"https:\/\/cacaunews.com\/#\/schema\/logo\/image\/","url":"https:\/\/cacaunews.com\/wp-content\/uploads\/2025\/01\/cropped-LOGO-NOVA.png","contentUrl":"https:\/\/cacaunews.com\/wp-content\/uploads\/2025\/01\/cropped-LOGO-NOVA.png","width":813,"height":813,"caption":"Cacau News"},"image":{"@id":"https:\/\/cacaunews.com\/#\/schema\/logo\/image\/"},"sameAs":["https:\/\/www.instagram.com\/cacaunews.online\/","https:\/\/youtube.com\/@cacaunews?si=0VXLnjl08SrWbVG9"]},{"@type":"Person","@id":"https:\/\/cacaunews.com\/#\/schema\/person\/ea69703103e606ad347ccd64bd72ef79","name":"Reda\u00e7\u00e3o Cacau News","image":{"@type":"ImageObject","inLanguage":"pt-BR","@id":"https:\/\/cacaunews.com\/#\/schema\/person\/image\/","url":"https:\/\/secure.gravatar.com\/avatar\/d79227a2a7b6cc42e8d7a8f7c284cd3a?s=96&d=mm&r=g","contentUrl":"https:\/\/secure.gravatar.com\/avatar\/d79227a2a7b6cc42e8d7a8f7c284cd3a?s=96&d=mm&r=g","caption":"Reda\u00e7\u00e3o Cacau News"},"sameAs":["https:\/\/cacaunews.com"],"url":"https:\/\/cacaunews.com\/?author=1"}]}},"jetpack_sharing_enabled":true,"jetpack_featured_media_url":"https:\/\/cacaunews.com\/wp-content\/uploads\/2025\/02\/images-2025-02-06T125608.093.jpeg","_links":{"self":[{"href":"https:\/\/cacaunews.com\/index.php?rest_route=\/wp\/v2\/posts\/5816"}],"collection":[{"href":"https:\/\/cacaunews.com\/index.php?rest_route=\/wp\/v2\/posts"}],"about":[{"href":"https:\/\/cacaunews.com\/index.php?rest_route=\/wp\/v2\/types\/post"}],"author":[{"embeddable":true,"href":"https:\/\/cacaunews.com\/index.php?rest_route=\/wp\/v2\/users\/1"}],"replies":[{"embeddable":true,"href":"https:\/\/cacaunews.com\/index.php?rest_route=%2Fwp%2Fv2%2Fcomments&post=5816"}],"version-history":[{"count":0,"href":"https:\/\/cacaunews.com\/index.php?rest_route=\/wp\/v2\/posts\/5816\/revisions"}],"wp:featuredmedia":[{"embeddable":true,"href":"https:\/\/cacaunews.com\/index.php?rest_route=\/wp\/v2\/media\/5815"}],"wp:attachment":[{"href":"https:\/\/cacaunews.com\/index.php?rest_route=%2Fwp%2Fv2%2Fmedia&parent=5816"}],"wp:term":[{"taxonomy":"category","embeddable":true,"href":"https:\/\/cacaunews.com\/index.php?rest_route=%2Fwp%2Fv2%2Fcategories&post=5816"},{"taxonomy":"post_tag","embeddable":true,"href":"https:\/\/cacaunews.com\/index.php?rest_route=%2Fwp%2Fv2%2Ftags&post=5816"}],"curies":[{"name":"wp","href":"https:\/\/api.w.org\/{rel}","templated":true}]}}