{"id":5829,"date":"2025-02-10T22:02:58","date_gmt":"2025-02-10T22:02:58","guid":{"rendered":"https:\/\/cacaunews.com\/?p=5829"},"modified":"2025-02-11T11:54:02","modified_gmt":"2025-02-11T11:54:02","slug":"pancadinha-solicita-delegacia-de-combate-ao-racismo-em-itabuna","status":"publish","type":"post","link":"https:\/\/cacaunews.com\/?p=5829","title":{"rendered":"Pancadinha solicita Delegacia de Combate ao Racismo em Itabuna."},"content":{"rendered":"\n<p>O deputado Pancadinha (SD) solicitou ao governador Jer\u00f4nimo Rodrigues, em indica\u00e7\u00e3o encaminhada atrav\u00e9s da Mesa Diretora da Assembleia Legislativa, a implanta\u00e7\u00e3o de uma Delegacia Especializada de Combate ao Racismo e \u00e0 Intoler\u00e2ncia Religiosa (Decrin) na cidade de Itabuna.<br><br>O parlamentar lembra, no documento, que foi inaugurada, no dia 21 de janeiro, a primeira unidade da Delegacia Especializada de Combate ao Racismo e \u00e0 Intoler\u00e2ncia Religiosa (Decrin), sediada em Salvador. \u201cEsta unidade representa um avan\u00e7o significativo na investiga\u00e7\u00e3o e repress\u00e3o de crimes de racismo, intoler\u00e2ncia religiosa, LGBTfobia e viol\u00eancias direcionadas a pessoas idosas, garantindo maior acolhimento e seguran\u00e7a \u00e0s v\u00edtimas de tais pr\u00e1ticas\u201d, afirmou, acrescentando que, com o gesto, a Bahia deu um importante passo na promo\u00e7\u00e3o dos direitos humanos.<\/p>\n\n\n\n<p>Pancadinha afirma que \u00e9 essencial que uma unidade da Decrin seja instalada no munic\u00edpio de Itabuna, considerando a import\u00e2ncia da descentraliza\u00e7\u00e3o de servi\u00e7os especializados e a necessidade de interioriza\u00e7\u00e3o das pol\u00edticas p\u00fablicas de seguran\u00e7a e direitos humanos.<br><br>Ele argumentou que, segundo dados do IBGE, a Bahia possui a maior popula\u00e7\u00e3o negra do pa\u00eds, e Itabuna, com 186.708 habitantes, segundo o Censo de 2022, reflete essa diversidade. \u201cNeste sentido, a instala\u00e7\u00e3o de uma Decrin em Itabuna \u00e9 uma medida essencial para enfrentar com efetividade os crimes de racismo e intoler\u00e2ncia religiosa no interior do estado. Como um dos principais polos econ\u00f4micos e populacionais do sul da Bahia, a cidade registra uma significativa diversidade \u00e9tnica e religiosa, o que, infelizmente, tamb\u00e9m a torna suscet\u00edvel a epis\u00f3dios de discrimina\u00e7\u00e3o e viol\u00eancia\u201d, escreveu Pancadinha, no documento.<\/p>\n\n\n\n<p>O legislador explica que a aus\u00eancia de uma estrutura especializada muitas vezes desestimula as v\u00edtimas a formalizarem den\u00fancias, seja por falta de acolhimento adequado, seja pela morosidade nas investiga\u00e7\u00f5es. \u201cCom a cria\u00e7\u00e3o dessa unidade, ser\u00e1 poss\u00edvel oferecer um atendimento humanizado e qualificado, agilizar a apura\u00e7\u00e3o dos casos, garantir a responsabiliza\u00e7\u00e3o dos agressores e, sobretudo, promover uma cultura de respeito e valoriza\u00e7\u00e3o da diversidade. Al\u00e9m do mais, a descentraliza\u00e7\u00e3o desse servi\u00e7o ampliar\u00e1 o acesso \u00e0 justi\u00e7a, encorajando mais pessoas a denunciarem crimes que, por medo ou descren\u00e7a no sistema, acabam sendo silenciados\u201d, disse.<br><br>O deputado concluiu o documento solicitando a aten\u00e7\u00e3o do governo do Estado da Bahia para a necessidade urgente da implanta\u00e7\u00e3o de uma Decrin no munic\u00edpio de Itabuna, \u201cgarantindo o direito \u00e0 seguran\u00e7a, \u00e0 justi\u00e7a e \u00e0 dignidade a todos os cidad\u00e3os\u201d.<\/p>\n","protected":false},"excerpt":{"rendered":"<p>O deputado Pancadinha (SD) solicitou ao governador Jer\u00f4nimo Rodrigues, em indica\u00e7\u00e3o encaminhada atrav\u00e9s da Mesa&#8230;<\/p>\n","protected":false},"author":1,"featured_media":5834,"comment_status":"open","ping_status":"open","sticky":false,"template":"","format":"standard","meta":{"footnotes":""},"categories":[18,11,5],"tags":[987,27,29,1629],"yoast_head":"<!-- This site is optimized with the Yoast SEO plugin v21.7 - https:\/\/yoast.com\/wordpress\/plugins\/seo\/ -->\n<title>Pancadinha solicita Delegacia de Combate ao Racismo em Itabuna. - Cacau News<\/title>\n<meta name=\"robots\" content=\"index, follow, max-snippet:-1, max-image-preview:large, max-video-preview:-1\" \/>\n<link rel=\"canonical\" href=\"https:\/\/cacaunews.com\/?p=5829\" \/>\n<meta property=\"og:locale\" content=\"pt_BR\" \/>\n<meta property=\"og:type\" content=\"article\" \/>\n<meta property=\"og:title\" content=\"Pancadinha solicita Delegacia de Combate ao Racismo em Itabuna. - Cacau News\" \/>\n<meta property=\"og:description\" content=\"O deputado Pancadinha (SD) solicitou ao governador Jer\u00f4nimo Rodrigues, em indica\u00e7\u00e3o encaminhada atrav\u00e9s da Mesa...\" \/>\n<meta property=\"og:url\" content=\"https:\/\/cacaunews.com\/?p=5829\" \/>\n<meta property=\"og:site_name\" content=\"Cacau News\" \/>\n<meta property=\"article:published_time\" content=\"2025-02-10T22:02:58+00:00\" \/>\n<meta property=\"article:modified_time\" content=\"2025-02-11T11:54:02+00:00\" \/>\n<meta name=\"author\" content=\"Reda\u00e7\u00e3o Cacau News\" \/>\n<meta name=\"twitter:card\" content=\"summary_large_image\" \/>\n<meta name=\"twitter:label1\" content=\"Escrito por\" \/>\n\t<meta name=\"twitter:data1\" content=\"Reda\u00e7\u00e3o Cacau News\" \/>\n\t<meta name=\"twitter:label2\" content=\"Est. tempo de leitura\" \/>\n\t<meta name=\"twitter:data2\" content=\"2 minutos\" \/>\n<script type=\"application\/ld+json\" class=\"yoast-schema-graph\">{\"@context\":\"https:\/\/schema.org\",\"@graph\":[{\"@type\":\"Article\",\"@id\":\"https:\/\/cacaunews.com\/?p=5829#article\",\"isPartOf\":{\"@id\":\"https:\/\/cacaunews.com\/?p=5829\"},\"author\":{\"name\":\"Reda\u00e7\u00e3o Cacau News\",\"@id\":\"https:\/\/cacaunews.com\/#\/schema\/person\/ea69703103e606ad347ccd64bd72ef79\"},\"headline\":\"Pancadinha solicita Delegacia de Combate ao Racismo em Itabuna.\",\"datePublished\":\"2025-02-10T22:02:58+00:00\",\"dateModified\":\"2025-02-11T11:54:02+00:00\",\"mainEntityOfPage\":{\"@id\":\"https:\/\/cacaunews.com\/?p=5829\"},\"wordCount\":435,\"commentCount\":0,\"publisher\":{\"@id\":\"https:\/\/cacaunews.com\/#organization\"},\"keywords\":[\"delegacia\",\"itabuna\",\"pancadinha\",\"racismo\"],\"articleSection\":[\"cidades\",\"Jornalismo\",\"Politica\"],\"inLanguage\":\"pt-BR\",\"potentialAction\":[{\"@type\":\"CommentAction\",\"name\":\"Comment\",\"target\":[\"https:\/\/cacaunews.com\/?p=5829#respond\"]}]},{\"@type\":\"WebPage\",\"@id\":\"https:\/\/cacaunews.com\/?p=5829\",\"url\":\"https:\/\/cacaunews.com\/?p=5829\",\"name\":\"Pancadinha solicita Delegacia de Combate ao Racismo em Itabuna. - Cacau News\",\"isPartOf\":{\"@id\":\"https:\/\/cacaunews.com\/#website\"},\"datePublished\":\"2025-02-10T22:02:58+00:00\",\"dateModified\":\"2025-02-11T11:54:02+00:00\",\"breadcrumb\":{\"@id\":\"https:\/\/cacaunews.com\/?p=5829#breadcrumb\"},\"inLanguage\":\"pt-BR\",\"potentialAction\":[{\"@type\":\"ReadAction\",\"target\":[\"https:\/\/cacaunews.com\/?p=5829\"]}]},{\"@type\":\"BreadcrumbList\",\"@id\":\"https:\/\/cacaunews.com\/?p=5829#breadcrumb\",\"itemListElement\":[{\"@type\":\"ListItem\",\"position\":1,\"name\":\"In\u00edcio\",\"item\":\"https:\/\/cacaunews.com\/\"},{\"@type\":\"ListItem\",\"position\":2,\"name\":\"Pancadinha solicita Delegacia de Combate ao Racismo em Itabuna.\"}]},{\"@type\":\"WebSite\",\"@id\":\"https:\/\/cacaunews.com\/#website\",\"url\":\"https:\/\/cacaunews.com\/\",\"name\":\"Cacau News\",\"description\":\"A Informa\u00e7\u00e3o que voc\u00ea precisa!\",\"publisher\":{\"@id\":\"https:\/\/cacaunews.com\/#organization\"},\"potentialAction\":[{\"@type\":\"SearchAction\",\"target\":{\"@type\":\"EntryPoint\",\"urlTemplate\":\"https:\/\/cacaunews.com\/?s={search_term_string}\"},\"query-input\":\"required name=search_term_string\"}],\"inLanguage\":\"pt-BR\"},{\"@type\":\"Organization\",\"@id\":\"https:\/\/cacaunews.com\/#organization\",\"name\":\"Cacau News\",\"url\":\"https:\/\/cacaunews.com\/\",\"logo\":{\"@type\":\"ImageObject\",\"inLanguage\":\"pt-BR\",\"@id\":\"https:\/\/cacaunews.com\/#\/schema\/logo\/image\/\",\"url\":\"https:\/\/cacaunews.com\/wp-content\/uploads\/2025\/01\/cropped-LOGO-NOVA.png\",\"contentUrl\":\"https:\/\/cacaunews.com\/wp-content\/uploads\/2025\/01\/cropped-LOGO-NOVA.png\",\"width\":813,\"height\":813,\"caption\":\"Cacau News\"},\"image\":{\"@id\":\"https:\/\/cacaunews.com\/#\/schema\/logo\/image\/\"},\"sameAs\":[\"https:\/\/www.instagram.com\/cacaunews.online\/\",\"https:\/\/youtube.com\/@cacaunews?si=0VXLnjl08SrWbVG9\"]},{\"@type\":\"Person\",\"@id\":\"https:\/\/cacaunews.com\/#\/schema\/person\/ea69703103e606ad347ccd64bd72ef79\",\"name\":\"Reda\u00e7\u00e3o Cacau News\",\"image\":{\"@type\":\"ImageObject\",\"inLanguage\":\"pt-BR\",\"@id\":\"https:\/\/cacaunews.com\/#\/schema\/person\/image\/\",\"url\":\"https:\/\/secure.gravatar.com\/avatar\/d79227a2a7b6cc42e8d7a8f7c284cd3a?s=96&d=mm&r=g\",\"contentUrl\":\"https:\/\/secure.gravatar.com\/avatar\/d79227a2a7b6cc42e8d7a8f7c284cd3a?s=96&d=mm&r=g\",\"caption\":\"Reda\u00e7\u00e3o Cacau News\"},\"sameAs\":[\"https:\/\/cacaunews.com\"],\"url\":\"https:\/\/cacaunews.com\/?author=1\"}]}<\/script>\n<!-- \/ Yoast SEO plugin. -->","yoast_head_json":{"title":"Pancadinha solicita Delegacia de Combate ao Racismo em Itabuna. - Cacau News","robots":{"index":"index","follow":"follow","max-snippet":"max-snippet:-1","max-image-preview":"max-image-preview:large","max-video-preview":"max-video-preview:-1"},"canonical":"https:\/\/cacaunews.com\/?p=5829","og_locale":"pt_BR","og_type":"article","og_title":"Pancadinha solicita Delegacia de Combate ao Racismo em Itabuna. - Cacau News","og_description":"O deputado Pancadinha (SD) solicitou ao governador Jer\u00f4nimo Rodrigues, em indica\u00e7\u00e3o encaminhada atrav\u00e9s da Mesa...","og_url":"https:\/\/cacaunews.com\/?p=5829","og_site_name":"Cacau News","article_published_time":"2025-02-10T22:02:58+00:00","article_modified_time":"2025-02-11T11:54:02+00:00","author":"Reda\u00e7\u00e3o Cacau News","twitter_card":"summary_large_image","twitter_misc":{"Escrito por":"Reda\u00e7\u00e3o Cacau News","Est. tempo de leitura":"2 minutos"},"schema":{"@context":"https:\/\/schema.org","@graph":[{"@type":"Article","@id":"https:\/\/cacaunews.com\/?p=5829#article","isPartOf":{"@id":"https:\/\/cacaunews.com\/?p=5829"},"author":{"name":"Reda\u00e7\u00e3o Cacau News","@id":"https:\/\/cacaunews.com\/#\/schema\/person\/ea69703103e606ad347ccd64bd72ef79"},"headline":"Pancadinha solicita Delegacia de Combate ao Racismo em Itabuna.","datePublished":"2025-02-10T22:02:58+00:00","dateModified":"2025-02-11T11:54:02+00:00","mainEntityOfPage":{"@id":"https:\/\/cacaunews.com\/?p=5829"},"wordCount":435,"commentCount":0,"publisher":{"@id":"https:\/\/cacaunews.com\/#organization"},"keywords":["delegacia","itabuna","pancadinha","racismo"],"articleSection":["cidades","Jornalismo","Politica"],"inLanguage":"pt-BR","potentialAction":[{"@type":"CommentAction","name":"Comment","target":["https:\/\/cacaunews.com\/?p=5829#respond"]}]},{"@type":"WebPage","@id":"https:\/\/cacaunews.com\/?p=5829","url":"https:\/\/cacaunews.com\/?p=5829","name":"Pancadinha solicita Delegacia de Combate ao Racismo em Itabuna. - Cacau News","isPartOf":{"@id":"https:\/\/cacaunews.com\/#website"},"datePublished":"2025-02-10T22:02:58+00:00","dateModified":"2025-02-11T11:54:02+00:00","breadcrumb":{"@id":"https:\/\/cacaunews.com\/?p=5829#breadcrumb"},"inLanguage":"pt-BR","potentialAction":[{"@type":"ReadAction","target":["https:\/\/cacaunews.com\/?p=5829"]}]},{"@type":"BreadcrumbList","@id":"https:\/\/cacaunews.com\/?p=5829#breadcrumb","itemListElement":[{"@type":"ListItem","position":1,"name":"In\u00edcio","item":"https:\/\/cacaunews.com\/"},{"@type":"ListItem","position":2,"name":"Pancadinha solicita Delegacia de Combate ao Racismo em Itabuna."}]},{"@type":"WebSite","@id":"https:\/\/cacaunews.com\/#website","url":"https:\/\/cacaunews.com\/","name":"Cacau News","description":"A Informa\u00e7\u00e3o que voc\u00ea precisa!","publisher":{"@id":"https:\/\/cacaunews.com\/#organization"},"potentialAction":[{"@type":"SearchAction","target":{"@type":"EntryPoint","urlTemplate":"https:\/\/cacaunews.com\/?s={search_term_string}"},"query-input":"required name=search_term_string"}],"inLanguage":"pt-BR"},{"@type":"Organization","@id":"https:\/\/cacaunews.com\/#organization","name":"Cacau News","url":"https:\/\/cacaunews.com\/","logo":{"@type":"ImageObject","inLanguage":"pt-BR","@id":"https:\/\/cacaunews.com\/#\/schema\/logo\/image\/","url":"https:\/\/cacaunews.com\/wp-content\/uploads\/2025\/01\/cropped-LOGO-NOVA.png","contentUrl":"https:\/\/cacaunews.com\/wp-content\/uploads\/2025\/01\/cropped-LOGO-NOVA.png","width":813,"height":813,"caption":"Cacau News"},"image":{"@id":"https:\/\/cacaunews.com\/#\/schema\/logo\/image\/"},"sameAs":["https:\/\/www.instagram.com\/cacaunews.online\/","https:\/\/youtube.com\/@cacaunews?si=0VXLnjl08SrWbVG9"]},{"@type":"Person","@id":"https:\/\/cacaunews.com\/#\/schema\/person\/ea69703103e606ad347ccd64bd72ef79","name":"Reda\u00e7\u00e3o Cacau News","image":{"@type":"ImageObject","inLanguage":"pt-BR","@id":"https:\/\/cacaunews.com\/#\/schema\/person\/image\/","url":"https:\/\/secure.gravatar.com\/avatar\/d79227a2a7b6cc42e8d7a8f7c284cd3a?s=96&d=mm&r=g","contentUrl":"https:\/\/secure.gravatar.com\/avatar\/d79227a2a7b6cc42e8d7a8f7c284cd3a?s=96&d=mm&r=g","caption":"Reda\u00e7\u00e3o Cacau News"},"sameAs":["https:\/\/cacaunews.com"],"url":"https:\/\/cacaunews.com\/?author=1"}]}},"jetpack_sharing_enabled":true,"jetpack_featured_media_url":"https:\/\/cacaunews.com\/wp-content\/uploads\/2025\/02\/IMG_20250211_085517.jpg","_links":{"self":[{"href":"https:\/\/cacaunews.com\/index.php?rest_route=\/wp\/v2\/posts\/5829"}],"collection":[{"href":"https:\/\/cacaunews.com\/index.php?rest_route=\/wp\/v2\/posts"}],"about":[{"href":"https:\/\/cacaunews.com\/index.php?rest_route=\/wp\/v2\/types\/post"}],"author":[{"embeddable":true,"href":"https:\/\/cacaunews.com\/index.php?rest_route=\/wp\/v2\/users\/1"}],"replies":[{"embeddable":true,"href":"https:\/\/cacaunews.com\/index.php?rest_route=%2Fwp%2Fv2%2Fcomments&post=5829"}],"version-history":[{"count":1,"href":"https:\/\/cacaunews.com\/index.php?rest_route=\/wp\/v2\/posts\/5829\/revisions"}],"predecessor-version":[{"id":5832,"href":"https:\/\/cacaunews.com\/index.php?rest_route=\/wp\/v2\/posts\/5829\/revisions\/5832"}],"wp:featuredmedia":[{"embeddable":true,"href":"https:\/\/cacaunews.com\/index.php?rest_route=\/wp\/v2\/media\/5834"}],"wp:attachment":[{"href":"https:\/\/cacaunews.com\/index.php?rest_route=%2Fwp%2Fv2%2Fmedia&parent=5829"}],"wp:term":[{"taxonomy":"category","embeddable":true,"href":"https:\/\/cacaunews.com\/index.php?rest_route=%2Fwp%2Fv2%2Fcategories&post=5829"},{"taxonomy":"post_tag","embeddable":true,"href":"https:\/\/cacaunews.com\/index.php?rest_route=%2Fwp%2Fv2%2Ftags&post=5829"}],"curies":[{"name":"wp","href":"https:\/\/api.w.org\/{rel}","templated":true}]}}