{"id":5839,"date":"2025-02-11T22:30:02","date_gmt":"2025-02-11T22:30:02","guid":{"rendered":"https:\/\/cacaunews.com\/?p=5839"},"modified":"2025-02-11T23:54:21","modified_gmt":"2025-02-11T23:54:21","slug":"ivana-bastos-toma-posse-oficialmente-como-a-1a-mulher-presidente-da-historia-da-alba","status":"publish","type":"post","link":"https:\/\/cacaunews.com\/?p=5839","title":{"rendered":"Ivana Bastos toma posse oficialmente como a 1\u00aa mulher presidente da hist\u00f3ria da ALBA."},"content":{"rendered":"\n<p>A deputada Ivana Bastos (PSD), 1\u00aa vice-presidente eleita no \u00faltimo dia 3 de fevereiro, tomou posse na presid\u00eancia da Assembleia Legislativa da Bahia (ALBA), na noite desta ter\u00e7a-feira (11).\u00a0 Ela assume o cargo em raz\u00e3o do afastamento do presidente Adolfo Menezes, determinado em car\u00e1ter liminar pelo ministro Gilmar Mendes, do Supremo Tribunal Federal (STF).<\/p>\n\n\n\n<p>A parlamentar chorou e prestou &#8220;solidariedade&#8221; ao &#8220;amigo&#8221; Adolfo Menezes, como frisou. Ela tamb\u00e9m relembrou dos pais, Fernando e Mar\u00edlia, falecidos em dezembro \u00faltimo.<\/p>\n\n\n\n<p>&#8220;Quero ressaltar que esse afastamento est\u00e1 sub judice e, portanto, vamos aguardar com tranquilidade o rito processual.\u00a0 No comando da ALBA, garanto que o nosso trabalho ser\u00e1 pautado pelo respeito \u00e0s institui\u00e7\u00f5es, \u00e0 Constitui\u00e7\u00e3o Estadual e aos interesses do povo baiano&#8221;, ressaltou, em nota.<\/p>\n\n\n\n<p>Ivana tamb\u00e9m reafirmou &#8220;compromisso com a transpar\u00eancia, o di\u00e1logo democr\u00e1tico e a continuidade dos trabalhos legislativos com serenidade e dedica\u00e7\u00e3o&#8221;: &#8220;Durante este per\u00edodo, trabalharei em parceria com os meus pares para garantir a estabilidade institucional da ALBA, assegurando que as atividades parlamentares sigam com total efici\u00eancia. A gest\u00e3o do presidente Adolfo sempre foi marcada pela excel\u00eancia, pelo compromisso com o progresso do estado e pelo respeito \u00e0s institui\u00e7\u00f5es democr\u00e1ticas, e buscarei dar continuidade a esse legado&#8221;.<br><br>A deputada afirmou que ir\u00e1 aguardar tamb\u00e9m a decis\u00e3o do Supremo Tribunal Federal (STF), que ocorrer\u00e1 entre 21 e 28 de fevereiro, nas palavras dela, &#8220;respeitando o devido processo legal e os princ\u00edpios democr\u00e1ticos que regem a nossa Constitui\u00e7\u00e3o&#8221;.<br><br>Ivana Bastos ressaltou que ir\u00e1 atuar com &#8220;independ\u00eancia&#8221; e ressaltou que faz hist\u00f3ria como a primeira mulher, em 190 anos, a presidir a ALBA.<\/p>\n\n\n\n<p>&#8220;Minha trajet\u00f3ria pol\u00edtica reflete anos de luta e dedica\u00e7\u00e3o em favor do povo baiano. Este momento representa n\u00e3o apenas uma conquista pessoal, mas um avan\u00e7o para todas as mulheres que batalham diariamente por mais espa\u00e7o e voz na pol\u00edtica&#8221;.<\/p>\n\n\n\n<p>Com Informa\u00e7\u00f5es BNews.<\/p>\n","protected":false},"excerpt":{"rendered":"<p>A deputada Ivana Bastos (PSD), 1\u00aa vice-presidente eleita no \u00faltimo dia 3 de fevereiro, tomou&#8230;<\/p>\n","protected":false},"author":1,"featured_media":5838,"comment_status":"open","ping_status":"open","sticky":false,"template":"","format":"standard","meta":{"footnotes":""},"categories":[11,5],"tags":[54,39,2058,26,95],"yoast_head":"<!-- This site is optimized with the Yoast SEO plugin v21.7 - https:\/\/yoast.com\/wordpress\/plugins\/seo\/ -->\n<title>Ivana Bastos toma posse oficialmente como a 1\u00aa mulher presidente da hist\u00f3ria da ALBA. - Cacau News<\/title>\n<meta name=\"robots\" content=\"index, follow, max-snippet:-1, max-image-preview:large, max-video-preview:-1\" \/>\n<link rel=\"canonical\" href=\"https:\/\/cacaunews.com\/?p=5839\" \/>\n<meta property=\"og:locale\" content=\"pt_BR\" \/>\n<meta property=\"og:type\" content=\"article\" \/>\n<meta property=\"og:title\" content=\"Ivana Bastos toma posse oficialmente como a 1\u00aa mulher presidente da hist\u00f3ria da ALBA. - Cacau News\" \/>\n<meta property=\"og:description\" content=\"A deputada Ivana Bastos (PSD), 1\u00aa vice-presidente eleita no \u00faltimo dia 3 de fevereiro, tomou...\" \/>\n<meta property=\"og:url\" content=\"https:\/\/cacaunews.com\/?p=5839\" \/>\n<meta property=\"og:site_name\" content=\"Cacau News\" \/>\n<meta property=\"article:published_time\" content=\"2025-02-11T22:30:02+00:00\" \/>\n<meta property=\"article:modified_time\" content=\"2025-02-11T23:54:21+00:00\" \/>\n<meta property=\"og:image\" content=\"https:\/\/cacaunews.com\/wp-content\/uploads\/2025\/02\/whatsapp_image_2025-02-11_at_18.46.22_widemd.jpeg\" \/>\n\t<meta property=\"og:image:width\" content=\"551\" \/>\n\t<meta property=\"og:image:height\" content=\"309\" \/>\n\t<meta property=\"og:image:type\" content=\"image\/jpeg\" \/>\n<meta name=\"author\" content=\"Reda\u00e7\u00e3o Cacau News\" \/>\n<meta name=\"twitter:card\" content=\"summary_large_image\" \/>\n<meta name=\"twitter:label1\" content=\"Escrito por\" \/>\n\t<meta name=\"twitter:data1\" content=\"Reda\u00e7\u00e3o Cacau News\" \/>\n\t<meta name=\"twitter:label2\" content=\"Est. tempo de leitura\" \/>\n\t<meta name=\"twitter:data2\" content=\"2 minutos\" \/>\n<script type=\"application\/ld+json\" class=\"yoast-schema-graph\">{\"@context\":\"https:\/\/schema.org\",\"@graph\":[{\"@type\":\"Article\",\"@id\":\"https:\/\/cacaunews.com\/?p=5839#article\",\"isPartOf\":{\"@id\":\"https:\/\/cacaunews.com\/?p=5839\"},\"author\":{\"name\":\"Reda\u00e7\u00e3o Cacau News\",\"@id\":\"https:\/\/cacaunews.com\/#\/schema\/person\/ea69703103e606ad347ccd64bd72ef79\"},\"headline\":\"Ivana Bastos toma posse oficialmente como a 1\u00aa mulher presidente da hist\u00f3ria da ALBA.\",\"datePublished\":\"2025-02-11T22:30:02+00:00\",\"dateModified\":\"2025-02-11T23:54:21+00:00\",\"mainEntityOfPage\":{\"@id\":\"https:\/\/cacaunews.com\/?p=5839\"},\"wordCount\":344,\"commentCount\":0,\"publisher\":{\"@id\":\"https:\/\/cacaunews.com\/#organization\"},\"keywords\":[\"ALBA\",\"bahia\",\"Ivana Bastos\",\"politica\",\"presidente\"],\"articleSection\":[\"Jornalismo\",\"Politica\"],\"inLanguage\":\"pt-BR\",\"potentialAction\":[{\"@type\":\"CommentAction\",\"name\":\"Comment\",\"target\":[\"https:\/\/cacaunews.com\/?p=5839#respond\"]}]},{\"@type\":\"WebPage\",\"@id\":\"https:\/\/cacaunews.com\/?p=5839\",\"url\":\"https:\/\/cacaunews.com\/?p=5839\",\"name\":\"Ivana Bastos toma posse oficialmente como a 1\u00aa mulher presidente da hist\u00f3ria da ALBA. - Cacau News\",\"isPartOf\":{\"@id\":\"https:\/\/cacaunews.com\/#website\"},\"datePublished\":\"2025-02-11T22:30:02+00:00\",\"dateModified\":\"2025-02-11T23:54:21+00:00\",\"breadcrumb\":{\"@id\":\"https:\/\/cacaunews.com\/?p=5839#breadcrumb\"},\"inLanguage\":\"pt-BR\",\"potentialAction\":[{\"@type\":\"ReadAction\",\"target\":[\"https:\/\/cacaunews.com\/?p=5839\"]}]},{\"@type\":\"BreadcrumbList\",\"@id\":\"https:\/\/cacaunews.com\/?p=5839#breadcrumb\",\"itemListElement\":[{\"@type\":\"ListItem\",\"position\":1,\"name\":\"In\u00edcio\",\"item\":\"https:\/\/cacaunews.com\/\"},{\"@type\":\"ListItem\",\"position\":2,\"name\":\"Ivana Bastos toma posse oficialmente como a 1\u00aa mulher presidente da hist\u00f3ria da ALBA.\"}]},{\"@type\":\"WebSite\",\"@id\":\"https:\/\/cacaunews.com\/#website\",\"url\":\"https:\/\/cacaunews.com\/\",\"name\":\"Cacau News\",\"description\":\"A Informa\u00e7\u00e3o que voc\u00ea precisa!\",\"publisher\":{\"@id\":\"https:\/\/cacaunews.com\/#organization\"},\"potentialAction\":[{\"@type\":\"SearchAction\",\"target\":{\"@type\":\"EntryPoint\",\"urlTemplate\":\"https:\/\/cacaunews.com\/?s={search_term_string}\"},\"query-input\":\"required name=search_term_string\"}],\"inLanguage\":\"pt-BR\"},{\"@type\":\"Organization\",\"@id\":\"https:\/\/cacaunews.com\/#organization\",\"name\":\"Cacau News\",\"url\":\"https:\/\/cacaunews.com\/\",\"logo\":{\"@type\":\"ImageObject\",\"inLanguage\":\"pt-BR\",\"@id\":\"https:\/\/cacaunews.com\/#\/schema\/logo\/image\/\",\"url\":\"https:\/\/cacaunews.com\/wp-content\/uploads\/2025\/01\/cropped-LOGO-NOVA.png\",\"contentUrl\":\"https:\/\/cacaunews.com\/wp-content\/uploads\/2025\/01\/cropped-LOGO-NOVA.png\",\"width\":813,\"height\":813,\"caption\":\"Cacau News\"},\"image\":{\"@id\":\"https:\/\/cacaunews.com\/#\/schema\/logo\/image\/\"},\"sameAs\":[\"https:\/\/www.instagram.com\/cacaunews.online\/\",\"https:\/\/youtube.com\/@cacaunews?si=0VXLnjl08SrWbVG9\"]},{\"@type\":\"Person\",\"@id\":\"https:\/\/cacaunews.com\/#\/schema\/person\/ea69703103e606ad347ccd64bd72ef79\",\"name\":\"Reda\u00e7\u00e3o Cacau News\",\"image\":{\"@type\":\"ImageObject\",\"inLanguage\":\"pt-BR\",\"@id\":\"https:\/\/cacaunews.com\/#\/schema\/person\/image\/\",\"url\":\"https:\/\/secure.gravatar.com\/avatar\/d79227a2a7b6cc42e8d7a8f7c284cd3a?s=96&d=mm&r=g\",\"contentUrl\":\"https:\/\/secure.gravatar.com\/avatar\/d79227a2a7b6cc42e8d7a8f7c284cd3a?s=96&d=mm&r=g\",\"caption\":\"Reda\u00e7\u00e3o Cacau News\"},\"sameAs\":[\"https:\/\/cacaunews.com\"],\"url\":\"https:\/\/cacaunews.com\/?author=1\"}]}<\/script>\n<!-- \/ Yoast SEO plugin. -->","yoast_head_json":{"title":"Ivana Bastos toma posse oficialmente como a 1\u00aa mulher presidente da hist\u00f3ria da ALBA. - Cacau News","robots":{"index":"index","follow":"follow","max-snippet":"max-snippet:-1","max-image-preview":"max-image-preview:large","max-video-preview":"max-video-preview:-1"},"canonical":"https:\/\/cacaunews.com\/?p=5839","og_locale":"pt_BR","og_type":"article","og_title":"Ivana Bastos toma posse oficialmente como a 1\u00aa mulher presidente da hist\u00f3ria da ALBA. - Cacau News","og_description":"A deputada Ivana Bastos (PSD), 1\u00aa vice-presidente eleita no \u00faltimo dia 3 de fevereiro, tomou...","og_url":"https:\/\/cacaunews.com\/?p=5839","og_site_name":"Cacau News","article_published_time":"2025-02-11T22:30:02+00:00","article_modified_time":"2025-02-11T23:54:21+00:00","og_image":[{"width":551,"height":309,"url":"https:\/\/cacaunews.com\/wp-content\/uploads\/2025\/02\/whatsapp_image_2025-02-11_at_18.46.22_widemd.jpeg","type":"image\/jpeg"}],"author":"Reda\u00e7\u00e3o Cacau News","twitter_card":"summary_large_image","twitter_misc":{"Escrito por":"Reda\u00e7\u00e3o Cacau News","Est. tempo de leitura":"2 minutos"},"schema":{"@context":"https:\/\/schema.org","@graph":[{"@type":"Article","@id":"https:\/\/cacaunews.com\/?p=5839#article","isPartOf":{"@id":"https:\/\/cacaunews.com\/?p=5839"},"author":{"name":"Reda\u00e7\u00e3o Cacau News","@id":"https:\/\/cacaunews.com\/#\/schema\/person\/ea69703103e606ad347ccd64bd72ef79"},"headline":"Ivana Bastos toma posse oficialmente como a 1\u00aa mulher presidente da hist\u00f3ria da ALBA.","datePublished":"2025-02-11T22:30:02+00:00","dateModified":"2025-02-11T23:54:21+00:00","mainEntityOfPage":{"@id":"https:\/\/cacaunews.com\/?p=5839"},"wordCount":344,"commentCount":0,"publisher":{"@id":"https:\/\/cacaunews.com\/#organization"},"keywords":["ALBA","bahia","Ivana Bastos","politica","presidente"],"articleSection":["Jornalismo","Politica"],"inLanguage":"pt-BR","potentialAction":[{"@type":"CommentAction","name":"Comment","target":["https:\/\/cacaunews.com\/?p=5839#respond"]}]},{"@type":"WebPage","@id":"https:\/\/cacaunews.com\/?p=5839","url":"https:\/\/cacaunews.com\/?p=5839","name":"Ivana Bastos toma posse oficialmente como a 1\u00aa mulher presidente da hist\u00f3ria da ALBA. - Cacau News","isPartOf":{"@id":"https:\/\/cacaunews.com\/#website"},"datePublished":"2025-02-11T22:30:02+00:00","dateModified":"2025-02-11T23:54:21+00:00","breadcrumb":{"@id":"https:\/\/cacaunews.com\/?p=5839#breadcrumb"},"inLanguage":"pt-BR","potentialAction":[{"@type":"ReadAction","target":["https:\/\/cacaunews.com\/?p=5839"]}]},{"@type":"BreadcrumbList","@id":"https:\/\/cacaunews.com\/?p=5839#breadcrumb","itemListElement":[{"@type":"ListItem","position":1,"name":"In\u00edcio","item":"https:\/\/cacaunews.com\/"},{"@type":"ListItem","position":2,"name":"Ivana Bastos toma posse oficialmente como a 1\u00aa mulher presidente da hist\u00f3ria da ALBA."}]},{"@type":"WebSite","@id":"https:\/\/cacaunews.com\/#website","url":"https:\/\/cacaunews.com\/","name":"Cacau News","description":"A Informa\u00e7\u00e3o que voc\u00ea precisa!","publisher":{"@id":"https:\/\/cacaunews.com\/#organization"},"potentialAction":[{"@type":"SearchAction","target":{"@type":"EntryPoint","urlTemplate":"https:\/\/cacaunews.com\/?s={search_term_string}"},"query-input":"required name=search_term_string"}],"inLanguage":"pt-BR"},{"@type":"Organization","@id":"https:\/\/cacaunews.com\/#organization","name":"Cacau News","url":"https:\/\/cacaunews.com\/","logo":{"@type":"ImageObject","inLanguage":"pt-BR","@id":"https:\/\/cacaunews.com\/#\/schema\/logo\/image\/","url":"https:\/\/cacaunews.com\/wp-content\/uploads\/2025\/01\/cropped-LOGO-NOVA.png","contentUrl":"https:\/\/cacaunews.com\/wp-content\/uploads\/2025\/01\/cropped-LOGO-NOVA.png","width":813,"height":813,"caption":"Cacau News"},"image":{"@id":"https:\/\/cacaunews.com\/#\/schema\/logo\/image\/"},"sameAs":["https:\/\/www.instagram.com\/cacaunews.online\/","https:\/\/youtube.com\/@cacaunews?si=0VXLnjl08SrWbVG9"]},{"@type":"Person","@id":"https:\/\/cacaunews.com\/#\/schema\/person\/ea69703103e606ad347ccd64bd72ef79","name":"Reda\u00e7\u00e3o Cacau News","image":{"@type":"ImageObject","inLanguage":"pt-BR","@id":"https:\/\/cacaunews.com\/#\/schema\/person\/image\/","url":"https:\/\/secure.gravatar.com\/avatar\/d79227a2a7b6cc42e8d7a8f7c284cd3a?s=96&d=mm&r=g","contentUrl":"https:\/\/secure.gravatar.com\/avatar\/d79227a2a7b6cc42e8d7a8f7c284cd3a?s=96&d=mm&r=g","caption":"Reda\u00e7\u00e3o Cacau News"},"sameAs":["https:\/\/cacaunews.com"],"url":"https:\/\/cacaunews.com\/?author=1"}]}},"jetpack_sharing_enabled":true,"jetpack_featured_media_url":"https:\/\/cacaunews.com\/wp-content\/uploads\/2025\/02\/whatsapp_image_2025-02-11_at_18.46.22_widemd.jpeg","_links":{"self":[{"href":"https:\/\/cacaunews.com\/index.php?rest_route=\/wp\/v2\/posts\/5839"}],"collection":[{"href":"https:\/\/cacaunews.com\/index.php?rest_route=\/wp\/v2\/posts"}],"about":[{"href":"https:\/\/cacaunews.com\/index.php?rest_route=\/wp\/v2\/types\/post"}],"author":[{"embeddable":true,"href":"https:\/\/cacaunews.com\/index.php?rest_route=\/wp\/v2\/users\/1"}],"replies":[{"embeddable":true,"href":"https:\/\/cacaunews.com\/index.php?rest_route=%2Fwp%2Fv2%2Fcomments&post=5839"}],"version-history":[{"count":1,"href":"https:\/\/cacaunews.com\/index.php?rest_route=\/wp\/v2\/posts\/5839\/revisions"}],"predecessor-version":[{"id":5840,"href":"https:\/\/cacaunews.com\/index.php?rest_route=\/wp\/v2\/posts\/5839\/revisions\/5840"}],"wp:featuredmedia":[{"embeddable":true,"href":"https:\/\/cacaunews.com\/index.php?rest_route=\/wp\/v2\/media\/5838"}],"wp:attachment":[{"href":"https:\/\/cacaunews.com\/index.php?rest_route=%2Fwp%2Fv2%2Fmedia&parent=5839"}],"wp:term":[{"taxonomy":"category","embeddable":true,"href":"https:\/\/cacaunews.com\/index.php?rest_route=%2Fwp%2Fv2%2Fcategories&post=5839"},{"taxonomy":"post_tag","embeddable":true,"href":"https:\/\/cacaunews.com\/index.php?rest_route=%2Fwp%2Fv2%2Ftags&post=5839"}],"curies":[{"name":"wp","href":"https:\/\/api.w.org\/{rel}","templated":true}]}}